{"id":129900,"date":"2025-11-21T17:25:00","date_gmt":"2025-11-21T20:25:00","guid":{"rendered":"https:\/\/www.em.com.br\/emfoco\/?p=129900"},"modified":"2025-11-20T21:49:40","modified_gmt":"2025-11-21T00:49:40","slug":"entenda-como-o-credito-facil-garante-sua-independencia-financeira","status":"publish","type":"post","link":"https:\/\/www.em.com.br\/emfoco\/2025\/11\/21\/entenda-como-o-credito-facil-garante-sua-independencia-financeira\/","title":{"rendered":"Entenda como o cr\u00e9dito f\u00e1cil garante sua independ\u00eancia financeira"},"content":{"rendered":"\n<p>O cen\u00e1rio do empreendedorismo feminino no <strong>Brasil <\/strong>traz desafios consider\u00e1veis, mas tamb\u00e9m se destaca por novas oportunidades, especialmente impulsionadas por pol\u00edticas de apoio como o <strong>Programa Nacional de Apoio \u00e0s Microempresas e Empresas de Pequeno Porte<\/strong> (PRONAMPE). Mulheres empreendedoras conquistam espa\u00e7o e inova\u00e7\u00e3o, potencializando o crescimento econ\u00f4mico do pa\u00eds e mostrando evolu\u00e7\u00e3o na representatividade.<\/p>\n\n\n\n<h2 class=\"wp-block-heading\">Quais incentivos existem hoje?<\/h2>\n\n\n\n<p>No ambiente atual, a combina\u00e7\u00e3o de pol\u00edticas p\u00fablicas e iniciativas privadas est\u00e1 ampliando a participa\u00e7\u00e3o feminina no empreendedorismo brasileiro. O surgimento de programas focados no incentivo \u00e0 cria\u00e7\u00e3o e expans\u00e3o de neg\u00f3cios liderados por mulheres tem sido fundamental.<\/p>\n\n\n<div class=\"wp-block-image\">\n<figure class=\"aligncenter size-large\"><img loading=\"lazy\" decoding=\"async\" width=\"1024\" height=\"576\" src=\"https:\/\/www.em.com.br\/emfoco\/wp-content\/uploads\/2025\/08\/Reais-dinheiro_1754978580233-1024x576.jpg\" alt=\"Dinheiro esquecido no banco pode voltar para o seu bolso em 5 minutos\" class=\"wp-image-90628\" srcset=\"https:\/\/www.em.com.br\/emfoco\/wp-content\/uploads\/2025\/08\/Reais-dinheiro_1754978580233-1024x576.jpg 1024w, https:\/\/www.em.com.br\/emfoco\/wp-content\/uploads\/2025\/08\/Reais-dinheiro_1754978580233-300x169.jpg 300w, https:\/\/www.em.com.br\/emfoco\/wp-content\/uploads\/2025\/08\/Reais-dinheiro_1754978580233-768x432.jpg 768w, https:\/\/www.em.com.br\/emfoco\/wp-content\/uploads\/2025\/08\/Reais-dinheiro_1754978580233-750x422.jpg 750w, https:\/\/www.em.com.br\/emfoco\/wp-content\/uploads\/2025\/08\/Reais-dinheiro_1754978580233-1140x641.jpg 1140w, https:\/\/www.em.com.br\/emfoco\/wp-content\/uploads\/2025\/08\/Reais-dinheiro_1754978580233.jpg 1280w\" sizes=\"auto, (max-width: 1024px) 100vw, 1024px\" \/><figcaption class=\"wp-element-caption\">Como o cr\u00e9dito f\u00e1cil pode fortalecer sua independ\u00eancia financeira com seguran\u00e7a &#8211; Cr\u00e9ditos: depositphotos.com \/ Krakenimages.com<\/figcaption><\/figure><\/div>\n\n\n<p>O <strong>PRONAMPE <\/strong>ganhou destaque por melhorar o acesso ao cr\u00e9dito e estruturar um cen\u00e1rio mais prop\u00edcio \u00e0 independ\u00eancia financeira e ao desenvolvimento sustent\u00e1vel. Para tornar esses benef\u00edcios ainda mais vis\u00edveis, confira a seguir como o programa auxilia empreendedoras.<\/p>\n\n\n\n<ul class=\"wp-block-list\">\n<li><strong>Cr\u00e9dito facilitado:<\/strong> Mais mulheres conseguem acessar recursos essenciais para iniciar ou ampliar seus neg\u00f3cios devido \u00e0 desburocratiza\u00e7\u00e3o.<\/li>\n\n\n\n<li><strong>Condi\u00e7\u00f5es diferenciadas:<\/strong> Taxas de juros mais baixas e prazos longos s\u00e3o desenhados para as diversas etapas do empreendimento feminino.<\/li>\n\n\n\n<li><strong>Capacita\u00e7\u00e3o:<\/strong> O programa fomenta treinamentos e consultorias que fortalecem as compet\u00eancias de gest\u00e3o.<\/li>\n\n\n\n<li><strong>Rede de apoio:<\/strong> Muitas iniciativas tamb\u00e9m favorecem a cria\u00e7\u00e3o de redes colaborativas para troca de experi\u00eancias e mentorias femininas.<\/li>\n<\/ul>\n\n\n\n<h2 class=\"wp-block-heading\">Como o PRONAMPE apoia as mulheres?<\/h2>\n\n\n\n<p>O <strong><a href=\"https:\/\/www.gov.br\/memp\/pt-br\/programa-acredita\/pronampe\" target=\"_blank\" rel=\"noreferrer noopener\">PRONAMPE <\/a><\/strong>foi idealizado para impulsionar o crescimento de pequenas e m\u00e9dias empresas, oferecendo microcr\u00e9dito em condi\u00e7\u00f5es vantajosas. Sua atua\u00e7\u00e3o ultrapassa a simples oferta de cr\u00e9dito, apoiando o desenvolvimento das empres\u00e1rias por meio de orienta\u00e7\u00e3o e educa\u00e7\u00e3o.<\/p>\n\n\n\n<p>Por meio da simplifica\u00e7\u00e3o do processo de solicita\u00e7\u00e3o e dos benef\u00edcios exclusivos, o programa amplia as possibilidades de investimento em infraestrutura, tecnologia e capacita\u00e7\u00e3o para mulheres \u00e0 frente de seus pr\u00f3prios neg\u00f3cios. Al\u00e9m disso, o <strong>PRONAMPE <\/strong>tem buscado parcerias com organiza\u00e7\u00f5es do terceiro setor para viabilizar eventos de networking e cursos voltados especialmente ao p\u00fablico feminino.<\/p>\n\n\n\n<h2 class=\"wp-block-heading\">Como microcr\u00e9dito muda o mercado?<\/h2>\n\n\n\n<p>As linhas de microcr\u00e9dito, como as dispon\u00edveis pelo <strong>PRONAMPE<\/strong>, transformam a realidade de muitas microempreendedoras ao viabilizarem a inclus\u00e3o financeira e a profissionaliza\u00e7\u00e3o dos neg\u00f3cios. Com o acesso facilitado a recursos, mais mulheres podem fortalecer suas ideias e expandir sua atua\u00e7\u00e3o no setor empresarial.<\/p>\n\n\n\n<p>Esse suporte contribui para o aumento da competitividade das empresas lideradas por mulheres, al\u00e9m de promover avan\u00e7os no cen\u00e1rio da igualdade de g\u00eanero e no fortalecimento da economia nacional. Em alguns casos, o microcr\u00e9dito tamb\u00e9m possibilita a digitaliza\u00e7\u00e3o dos neg\u00f3cios e a amplia\u00e7\u00e3o para novos mercados.<\/p>\n\n\n\n<p>Leia mais: <a href=\"https:\/\/www.em.com.br\/emfoco\/2025\/11\/08\/autonoma-ve-a-regra-facil-para-conseguir-o-microcredito-da-caixa-e-bb\/\" target=\"_blank\" rel=\"noreferrer noopener\">Aut\u00f4noma v\u00ea a regra f\u00e1cil para conseguir o microcr\u00e9dito da Caixa e BB<\/a><\/p>\n\n\n\n<h2 class=\"wp-block-heading\">Quais barreiras e perspectivas existem?<\/h2>\n\n\n\n<p>Apesar do progresso, persistem desafios como desigualdade de g\u00eanero e insufici\u00eancia de redes de apoio que dificultam o crescimento empresarial feminino. Ainda assim, iniciativas como o <strong>PRONAMPE <\/strong>representam avan\u00e7o relevante ao ofertar recursos, conhecimento e incentivo.<\/p>\n\n\n\n<p>Com a evolu\u00e7\u00e3o cont\u00ednua de pol\u00edticas p\u00fablicas e privadas, as previs\u00f5es apontam para um futuro promissor, baseado em maior inclus\u00e3o e impacto das mulheres nos neg\u00f3cios, promovendo, assim, equidade e prosperidade para o empreendedorismo feminino brasileiro.<\/p>\n","protected":false},"excerpt":{"rendered":"<p>O cen\u00e1rio do empreendedorismo feminino no Brasil traz desafios consider\u00e1veis, mas tamb\u00e9m se destaca por novas oportunidades, especialmente impulsionadas por pol\u00edticas de apoio como o Programa Nacional de Apoio \u00e0s Microempresas e Empresas de Pequeno Porte (PRONAMPE). Mulheres empreendedoras conquistam espa\u00e7o e inova\u00e7\u00e3o, potencializando o crescimento econ\u00f4mico do pa\u00eds e mostrando evolu\u00e7\u00e3o na representatividade. Quais [&hellip;]<\/p>\n","protected":false},"author":20,"featured_media":90629,"comment_status":"open","ping_status":"open","sticky":false,"template":"","format":"standard","meta":{"jnews-multi-image_gallery":[],"jnews_single_post":{"format":"standard"},"jnews_primary_category":[],"jnews_social_meta":[],"jnews_override_counter":[],"footnotes":""},"categories":[28,1],"tags":[862,19104,19103],"class_list":["post-129900","post","type-post","status-publish","format-standard","has-post-thumbnail","hentry","category-economia","category-noticias","tag-credito","tag-empreendedoras","tag-pronampe"],"yoast_head":"<!-- This site is optimized with the Yoast SEO plugin v23.8 - https:\/\/yoast.com\/wordpress\/plugins\/seo\/ -->\n<title>Entenda como o cr\u00e9dito f\u00e1cil garante sua independ\u00eancia financeira - Estado de Minas - Em foco<\/title>\n<meta name=\"description\" content=\"Entenda como o cr\u00e9dito f\u00e1cil garante sua independ\u00eancia financeira com orienta\u00e7\u00f5es pr\u00e1ticas para manter estabilidade e refor\u00e7ar sua vida bem.\" \/>\n<meta name=\"robots\" content=\"index, follow, max-snippet:-1, max-image-preview:large, max-video-preview:-1\" \/>\n<link rel=\"canonical\" href=\"https:\/\/www.em.com.br\/emfoco\/2025\/11\/21\/entenda-como-o-credito-facil-garante-sua-independencia-financeira\/\" \/>\n<meta property=\"og:locale\" content=\"pt_BR\" \/>\n<meta property=\"og:type\" content=\"article\" \/>\n<meta property=\"og:title\" content=\"Entenda como o cr\u00e9dito f\u00e1cil garante sua independ\u00eancia financeira - Estado de Minas - Em foco\" \/>\n<meta property=\"og:description\" content=\"Entenda como o cr\u00e9dito f\u00e1cil garante sua independ\u00eancia financeira com orienta\u00e7\u00f5es pr\u00e1ticas para manter estabilidade e refor\u00e7ar sua vida bem.\" \/>\n<meta property=\"og:url\" content=\"https:\/\/www.em.com.br\/emfoco\/2025\/11\/21\/entenda-como-o-credito-facil-garante-sua-independencia-financeira\/\" \/>\n<meta property=\"og:site_name\" content=\"Estado de Minas - Em foco\" \/>\n<meta property=\"article:published_time\" content=\"2025-11-21T20:25:00+00:00\" \/>\n<meta property=\"article:modified_time\" content=\"2025-11-21T00:49:40+00:00\" \/>\n<meta property=\"og:image\" content=\"https:\/\/www.em.com.br\/emfoco\/wp-content\/uploads\/2025\/08\/Reais-dinheiro_1754978571159.jpg\" \/>\n\t<meta property=\"og:image:width\" content=\"1280\" \/>\n\t<meta property=\"og:image:height\" content=\"720\" \/>\n\t<meta property=\"og:image:type\" content=\"image\/jpeg\" \/>\n<meta name=\"author\" content=\"Ingrid Diniz\" \/>\n<meta name=\"twitter:card\" content=\"summary_large_image\" \/>\n<meta name=\"twitter:label1\" content=\"Escrito por\" \/>\n\t<meta name=\"twitter:data1\" content=\"Ingrid Diniz\" \/>\n\t<meta name=\"twitter:label2\" content=\"Est. tempo de leitura\" \/>\n\t<meta name=\"twitter:data2\" content=\"4 minutos\" \/>\n<!-- \/ Yoast SEO plugin. -->","yoast_head_json":{"title":"Entenda como o cr\u00e9dito f\u00e1cil garante sua independ\u00eancia financeira - Estado de Minas - Em foco","description":"Entenda como o cr\u00e9dito f\u00e1cil garante sua independ\u00eancia financeira com orienta\u00e7\u00f5es pr\u00e1ticas para manter estabilidade e refor\u00e7ar sua vida bem.","robots":{"index":"index","follow":"follow","max-snippet":"max-snippet:-1","max-image-preview":"max-image-preview:large","max-video-preview":"max-video-preview:-1"},"canonical":"https:\/\/www.em.com.br\/emfoco\/2025\/11\/21\/entenda-como-o-credito-facil-garante-sua-independencia-financeira\/","og_locale":"pt_BR","og_type":"article","og_title":"Entenda como o cr\u00e9dito f\u00e1cil garante sua independ\u00eancia financeira - Estado de Minas - Em foco","og_description":"Entenda como o cr\u00e9dito f\u00e1cil garante sua independ\u00eancia financeira com orienta\u00e7\u00f5es pr\u00e1ticas para manter estabilidade e refor\u00e7ar sua vida bem.","og_url":"https:\/\/www.em.com.br\/emfoco\/2025\/11\/21\/entenda-como-o-credito-facil-garante-sua-independencia-financeira\/","og_site_name":"Estado de Minas - Em foco","article_published_time":"2025-11-21T20:25:00+00:00","article_modified_time":"2025-11-21T00:49:40+00:00","og_image":[{"width":1280,"height":720,"url":"https:\/\/www.em.com.br\/emfoco\/wp-content\/uploads\/2025\/08\/Reais-dinheiro_1754978571159.jpg","type":"image\/jpeg"}],"author":"Ingrid Diniz","twitter_card":"summary_large_image","twitter_misc":{"Escrito por":"Ingrid Diniz","Est. tempo de leitura":"4 minutos"},"schema":{"@context":"https:\/\/schema.org","@graph":[{"@type":"WebPage","@id":"https:\/\/www.em.com.br\/emfoco\/2025\/11\/21\/entenda-como-o-credito-facil-garante-sua-independencia-financeira\/","url":"https:\/\/www.em.com.br\/emfoco\/2025\/11\/21\/entenda-como-o-credito-facil-garante-sua-independencia-financeira\/","name":"Entenda como o cr\u00e9dito f\u00e1cil garante sua independ\u00eancia financeira - Estado de Minas - Em foco","isPartOf":{"@id":"https:\/\/www.em.com.br\/emfoco\/#website"},"primaryImageOfPage":{"@id":"https:\/\/www.em.com.br\/emfoco\/2025\/11\/21\/entenda-como-o-credito-facil-garante-sua-independencia-financeira\/#primaryimage"},"image":{"@id":"https:\/\/www.em.com.br\/emfoco\/2025\/11\/21\/entenda-como-o-credito-facil-garante-sua-independencia-financeira\/#primaryimage"},"thumbnailUrl":"https:\/\/www.em.com.br\/emfoco\/wp-content\/uploads\/2025\/08\/Reais-dinheiro_1754978571159.jpg","datePublished":"2025-11-21T20:25:00+00:00","dateModified":"2025-11-21T00:49:40+00:00","author":{"@id":"https:\/\/www.em.com.br\/emfoco\/#\/schema\/person\/649e610b4eb8fff87ff394e54fe17b2b"},"description":"Entenda como o cr\u00e9dito f\u00e1cil garante sua independ\u00eancia financeira com orienta\u00e7\u00f5es pr\u00e1ticas para manter estabilidade e refor\u00e7ar sua vida bem.","breadcrumb":{"@id":"https:\/\/www.em.com.br\/emfoco\/2025\/11\/21\/entenda-como-o-credito-facil-garante-sua-independencia-financeira\/#breadcrumb"},"inLanguage":"pt-BR","potentialAction":[{"@type":"ReadAction","target":["https:\/\/www.em.com.br\/emfoco\/2025\/11\/21\/entenda-como-o-credito-facil-garante-sua-independencia-financeira\/"]}]},{"@type":"ImageObject","inLanguage":"pt-BR","@id":"https:\/\/www.em.com.br\/emfoco\/2025\/11\/21\/entenda-como-o-credito-facil-garante-sua-independencia-financeira\/#primaryimage","url":"https:\/\/www.em.com.br\/emfoco\/wp-content\/uploads\/2025\/08\/Reais-dinheiro_1754978571159.jpg","contentUrl":"https:\/\/www.em.com.br\/emfoco\/wp-content\/uploads\/2025\/08\/Reais-dinheiro_1754978571159.jpg","width":1280,"height":720,"caption":"Identidade como base das mudan\u00e7as em 2026 - Cr\u00e9ditos: depositphotos.com \/ Krakenimages.com"},{"@type":"BreadcrumbList","@id":"https:\/\/www.em.com.br\/emfoco\/2025\/11\/21\/entenda-como-o-credito-facil-garante-sua-independencia-financeira\/#breadcrumb","itemListElement":[{"@type":"ListItem","position":1,"name":"In\u00edcio","item":"https:\/\/www.em.com.br\/emfoco\/"},{"@type":"ListItem","position":2,"name":"Entenda como o cr\u00e9dito f\u00e1cil garante sua independ\u00eancia financeira"}]},{"@type":"WebSite","@id":"https:\/\/www.em.com.br\/emfoco\/#website","url":"https:\/\/www.em.com.br\/emfoco\/","name":"Estado de Minas - Em foco","description":"Acompanhe as \u00faltimas not\u00edcias e fique bem informado sobre tudo o que acontece em Minas Gerais, Brasil e no mundo.","potentialAction":[{"@type":"SearchAction","target":{"@type":"EntryPoint","urlTemplate":"https:\/\/www.em.com.br\/emfoco\/?s={search_term_string}"},"query-input":{"@type":"PropertyValueSpecification","valueRequired":true,"valueName":"search_term_string"}}],"inLanguage":"pt-BR"},{"@type":"Person","@id":"https:\/\/www.em.com.br\/emfoco\/#\/schema\/person\/649e610b4eb8fff87ff394e54fe17b2b","name":"Ingrid Diniz","image":{"@type":"ImageObject","inLanguage":"pt-BR","@id":"https:\/\/www.em.com.br\/emfoco\/#\/schema\/person\/image\/","url":"https:\/\/secure.gravatar.com\/avatar\/a3baa1449ec5c39b4c42babc9d4f3951?s=96&d=mm&r=g","contentUrl":"https:\/\/secure.gravatar.com\/avatar\/a3baa1449ec5c39b4c42babc9d4f3951?s=96&d=mm&r=g","caption":"Ingrid Diniz"},"sameAs":["https:\/\/www.em.com.br\/"],"url":"https:\/\/www.em.com.br\/emfoco\/author\/ingridmyth\/"}]}},"_links":{"self":[{"href":"https:\/\/www.em.com.br\/emfoco\/wp-json\/wp\/v2\/posts\/129900","targetHints":{"allow":["GET"]}}],"collection":[{"href":"https:\/\/www.em.com.br\/emfoco\/wp-json\/wp\/v2\/posts"}],"about":[{"href":"https:\/\/www.em.com.br\/emfoco\/wp-json\/wp\/v2\/types\/post"}],"author":[{"embeddable":true,"href":"https:\/\/www.em.com.br\/emfoco\/wp-json\/wp\/v2\/users\/20"}],"replies":[{"embeddable":true,"href":"https:\/\/www.em.com.br\/emfoco\/wp-json\/wp\/v2\/comments?post=129900"}],"version-history":[{"count":2,"href":"https:\/\/www.em.com.br\/emfoco\/wp-json\/wp\/v2\/posts\/129900\/revisions"}],"predecessor-version":[{"id":130219,"href":"https:\/\/www.em.com.br\/emfoco\/wp-json\/wp\/v2\/posts\/129900\/revisions\/130219"}],"wp:featuredmedia":[{"embeddable":true,"href":"https:\/\/www.em.com.br\/emfoco\/wp-json\/wp\/v2\/media\/90629"}],"wp:attachment":[{"href":"https:\/\/www.em.com.br\/emfoco\/wp-json\/wp\/v2\/media?parent=129900"}],"wp:term":[{"taxonomy":"category","embeddable":true,"href":"https:\/\/www.em.com.br\/emfoco\/wp-json\/wp\/v2\/categories?post=129900"},{"taxonomy":"post_tag","embeddable":true,"href":"https:\/\/www.em.com.br\/emfoco\/wp-json\/wp\/v2\/tags?post=129900"}],"curies":[{"name":"wp","href":"https:\/\/api.w.org\/{rel}","templated":true}]}}