{"id":129883,"date":"2025-11-21T20:05:35","date_gmt":"2025-11-21T23:05:35","guid":{"rendered":"https:\/\/www.em.com.br\/emfoco\/?p=129883"},"modified":"2025-11-20T15:16:27","modified_gmt":"2025-11-20T18:16:27","slug":"a-solucao-natural-para-digerir-gorduras-e-acabar-com-o-inchaco-abdominal","status":"publish","type":"post","link":"https:\/\/www.em.com.br\/emfoco\/2025\/11\/21\/a-solucao-natural-para-digerir-gorduras-e-acabar-com-o-inchaco-abdominal\/","title":{"rendered":"A solu\u00e7\u00e3o natural para digerir gorduras e acabar com o incha\u00e7o abdominal"},"content":{"rendered":"\n<p>O <strong>boldo<\/strong> \u00e9 uma erva tradicionalmente utilizada para tratar problemas digestivos, sendo especialmente valorizada por seus efeitos ben\u00e9ficos ao <strong>f\u00edgado<\/strong>. Sua origem est\u00e1 no Chile, mas o uso da planta, conhecida cientificamente como <strong>Peumus boldus<\/strong>, se espalhou globalmente devido aos seus potenciais efeitos terap\u00eauticos.<\/p>\n\n\n\n<h2 class=\"wp-block-heading\">Por que o boldo \u00e9 considerado ben\u00e9fico para o f\u00edgado?<\/h2>\n\n\n\n<p>O <strong>boldo<\/strong> \u00e9 procurado por ajudar na fun\u00e7\u00e3o <strong>hep\u00e1tica<\/strong>, principalmente por possuir compostos antioxidantes que protegem as c\u00e9lulas do f\u00edgado. Seus principais componentes, como alcaloides e <strong>flavonoides<\/strong>, possibilitam a regenera\u00e7\u00e3o do tecido hep\u00e1tico e atuam na preven\u00e7\u00e3o de les\u00f5es causadas por radicais livres.<\/p>\n\n\n\n<p>Outro ponto importante \u00e9 o al\u00edvio de desconforto digestivo, como <strong>incha\u00e7o<\/strong> e n\u00e1usea, promovendo bem-estar. H\u00e1 estudos sugerindo que o uso do boldo pode ser \u00fatil na preven\u00e7\u00e3o da <strong>esteatose hep\u00e1tica<\/strong> e no apoio \u00e0 sa\u00fade digestiva em geral, sendo especialmente interessante para quem sofre com m\u00e1 digest\u00e3o.<\/p>\n\n\n<div class=\"wp-block-image\">\n<figure class=\"aligncenter size-large\"><img loading=\"lazy\" decoding=\"async\" width=\"1024\" height=\"576\" src=\"https:\/\/www.em.com.br\/emfoco\/wp-content\/uploads\/2025\/11\/boldo_1763657784459-1024x576.jpg\" alt=\"\" class=\"wp-image-129919\" srcset=\"https:\/\/www.em.com.br\/emfoco\/wp-content\/uploads\/2025\/11\/boldo_1763657784459-1024x576.jpg 1024w, https:\/\/www.em.com.br\/emfoco\/wp-content\/uploads\/2025\/11\/boldo_1763657784459-300x169.jpg 300w, https:\/\/www.em.com.br\/emfoco\/wp-content\/uploads\/2025\/11\/boldo_1763657784459-768x432.jpg 768w, https:\/\/www.em.com.br\/emfoco\/wp-content\/uploads\/2025\/11\/boldo_1763657784459-750x422.jpg 750w, https:\/\/www.em.com.br\/emfoco\/wp-content\/uploads\/2025\/11\/boldo_1763657784459-1140x641.jpg 1140w, https:\/\/www.em.com.br\/emfoco\/wp-content\/uploads\/2025\/11\/boldo_1763657784459.jpg 1280w\" sizes=\"auto, (max-width: 1024px) 100vw, 1024px\" \/><figcaption class=\"wp-element-caption\">O boldo \u00e9 procurado por ajudar na fun\u00e7\u00e3o hep\u00e1tica &#8211; Cr\u00e9ditos: depositphotos.com \/ vbacarin<\/figcaption><\/figure><\/div>\n\n\n<p>Leia tamb\u00e9m:&nbsp;<a href=\"https:\/\/www.em.com.br\/emfoco\/2025\/11\/16\/chas-que-estao-ganhando-destaque-por-ajudar-quem-tem-gordura-no-figado\/\" target=\"_blank\" rel=\"noopener\">Ch\u00e1s que est\u00e3o ganhando destaque por ajudar quem tem gordura no f\u00edgado<\/a><\/p>\n\n\n\n<h2 class=\"wp-block-heading\">Como o boldo pode melhorar a produ\u00e7\u00e3o de bile?<\/h2>\n\n\n\n<p>O <strong>boldo<\/strong> \u00e9 reconhecido por estimular a produ\u00e7\u00e3o de <strong>bile<\/strong> no f\u00edgado, facilitando a digest\u00e3o de gorduras e protegendo o \u00f3rg\u00e3o de sobrecarga. Esse est\u00edmulo tamb\u00e9m contribui para a absor\u00e7\u00e3o adequada de nutrientes essenciais durante o processo digestivo.<\/p>\n\n\n\n<p>Al\u00e9m disso, o consumo regular do <strong>ch\u00e1 de boldo<\/strong> pode colaborar em casos de indigest\u00e3o leve e sensa\u00e7\u00e3o de peso no est\u00f4mago, sendo uma alternativa natural de f\u00e1cil preparo e acesso.<\/p>\n\n\n\n<h2 class=\"wp-block-heading\">Quais s\u00e3o os compostos ativos do boldo e para que eles servem?<\/h2>\n\n\n\n<p>O <strong>boldo<\/strong> \u00e9 rico em compostos como <strong>boldina<\/strong>, flavonoides e \u00f3leos essenciais, todos ben\u00e9ficos \u00e0 sa\u00fade hep\u00e1tica. A seguir, veja alguns de seus principais componentes e os potenciais efeitos:<\/p>\n\n\n\n<ul class=\"wp-block-list\">\n<li><strong>Boldina:<\/strong> protege as c\u00e9lulas do f\u00edgado contra danos oxidativos e \u00e9 anti-inflamat\u00f3ria.<\/li>\n\n\n\n<li><strong>Flavonoides:<\/strong> ajudam a combater o estresse oxidativo, reduzindo riscos de doen\u00e7as hep\u00e1ticas.<\/li>\n\n\n\n<li><strong>\u00d3leos essenciais:<\/strong> t\u00eam efeito carminativo, aliviando desconfortos como gases e incha\u00e7o.<\/li>\n<\/ul>\n\n\n\n<h2 class=\"wp-block-heading\">Como posso inserir o boldo no dia a dia de forma segura?<\/h2>\n\n\n\n<p>A principal forma de uso \u00e9 o <strong>ch\u00e1 de boldo<\/strong>, feito a partir das folhas frescas ou secas. Tamb\u00e9m existem <strong>c\u00e1psulas<\/strong> e extratos da planta, encontrados em lojas especializadas, que s\u00e3o alternativas pr\u00e1ticas para quem busca regularidade no consumo.<\/p>\n\n\n\n<p>\u00c9 fundamental, no entanto, respeitar as doses recomendadas e evitar o uso cont\u00ednuo sem acompanhamento profissional. O consumo moderado \u00e9 suficiente para a maioria das pessoas que desejam obter os benef\u00edcios digestivos e hep\u00e1ticos do <strong>boldo<\/strong>. Abaixo voc\u00ea encontra um v\u00eddeo do<a href=\"https:\/\/www.youtube.com\/watch?v=n6cuEXIrDWU&amp;t=1s\" target=\"_blank\" rel=\"noopener\"> Dr. M\u00e1rcio Fernandes<\/a> sobre benef\u00edcios do ch\u00e1 de boldo:<\/p>\n\n\n\n<figure class=\"wp-block-embed is-type-video is-provider-youtube wp-block-embed-youtube wp-embed-aspect-16-9 wp-has-aspect-ratio\"><div class=\"wp-block-embed__wrapper\">\n<div class=\"jeg_video_container jeg_video_content\"><iframe loading=\"lazy\" title=\"5 BENEF\u00cdCIOS DO CH\u00c1 DE BOLDO\" width=\"500\" height=\"281\" src=\"https:\/\/www.youtube.com\/embed\/n6cuEXIrDWU?start=1&#038;feature=oembed\" frameborder=\"0\" allow=\"accelerometer; autoplay; clipboard-write; encrypted-media; gyroscope; picture-in-picture; web-share\" referrerpolicy=\"strict-origin-when-cross-origin\" allowfullscreen><\/iframe><\/div>\n<\/div><\/figure>\n\n\n\n<h2 class=\"wp-block-heading\">Quais cuidados s\u00e3o necess\u00e1rios ao usar boldo regularmente?<\/h2>\n\n\n\n<p>Apesar dos muitos benef\u00edcios, \u00e9 importante atentar aos poss\u00edveis efeitos adversos do consumo excessivo, como irrita\u00e7\u00e3o gastrointestinal ou sobrecarga renal. O uso em grandes quantidades pode n\u00e3o ser indicado para todos os p\u00fablicos.<\/p>\n\n\n\n<p>Al\u00e9m disso, <strong>gestantes<\/strong>, lactantes e pessoas com problemas renais ou hep\u00e1ticos cr\u00f4nicos devem consultar um <strong>profissional de sa\u00fade<\/strong> antes de incluir o boldo na rotina. O acompanhamento especializado \u00e9 sempre recomendado para garantir um uso seguro e eficaz desta planta.<\/p>\n","protected":false},"excerpt":{"rendered":"<p>O boldo \u00e9 uma erva tradicionalmente utilizada para tratar problemas digestivos, sendo especialmente valorizada por seus efeitos ben\u00e9ficos ao f\u00edgado. Sua origem est\u00e1 no Chile, mas o uso da planta, conhecida cientificamente como Peumus boldus, se espalhou globalmente devido aos seus potenciais efeitos terap\u00eauticos. Por que o boldo \u00e9 considerado ben\u00e9fico para o f\u00edgado? O [&hellip;]<\/p>\n","protected":false},"author":9,"featured_media":129918,"comment_status":"open","ping_status":"open","sticky":false,"template":"","format":"standard","meta":{"jnews-multi-image_gallery":[],"jnews_single_post":{"format":"standard"},"jnews_primary_category":[],"jnews_social_meta":[],"jnews_override_counter":[],"footnotes":""},"categories":[8691,8819,1,9053],"tags":[712,7188,9257],"class_list":["post-129883","post","type-post","status-publish","format-standard","has-post-thumbnail","hentry","category-bem-estar","category-curiosidades","category-noticias","category-saude","tag-autocuidado","tag-boldo","tag-figado"],"yoast_head":"<!-- This site is optimized with the Yoast SEO plugin v23.8 - https:\/\/yoast.com\/wordpress\/plugins\/seo\/ -->\n<title>A solu\u00e7\u00e3o natural para digerir gorduras e acabar com o incha\u00e7o abdominal - Estado de Minas - Em foco<\/title>\n<meta name=\"description\" content=\"O boldo auxilia na digest\u00e3o de gorduras e prote\u00e7\u00e3o hep\u00e1tica. Saiba como consumir a erva com seguran\u00e7a para evitar efeitos colaterais.\" \/>\n<meta name=\"robots\" content=\"index, follow, max-snippet:-1, max-image-preview:large, max-video-preview:-1\" \/>\n<link rel=\"canonical\" href=\"https:\/\/www.em.com.br\/emfoco\/2025\/11\/21\/a-solucao-natural-para-digerir-gorduras-e-acabar-com-o-inchaco-abdominal\/\" \/>\n<meta property=\"og:locale\" content=\"pt_BR\" \/>\n<meta property=\"og:type\" content=\"article\" \/>\n<meta property=\"og:title\" content=\"A solu\u00e7\u00e3o natural para digerir gorduras e acabar com o incha\u00e7o abdominal - Estado de Minas - Em foco\" \/>\n<meta property=\"og:description\" content=\"O boldo auxilia na digest\u00e3o de gorduras e prote\u00e7\u00e3o hep\u00e1tica. Saiba como consumir a erva com seguran\u00e7a para evitar efeitos colaterais.\" \/>\n<meta property=\"og:url\" content=\"https:\/\/www.em.com.br\/emfoco\/2025\/11\/21\/a-solucao-natural-para-digerir-gorduras-e-acabar-com-o-inchaco-abdominal\/\" \/>\n<meta property=\"og:site_name\" content=\"Estado de Minas - Em foco\" \/>\n<meta property=\"article:published_time\" content=\"2025-11-21T23:05:35+00:00\" \/>\n<meta property=\"article:modified_time\" content=\"2025-11-20T18:16:27+00:00\" \/>\n<meta property=\"og:image\" content=\"https:\/\/www.em.com.br\/emfoco\/wp-content\/uploads\/2025\/11\/emagrecimento_1763657734260.jpg\" \/>\n\t<meta property=\"og:image:width\" content=\"1280\" \/>\n\t<meta property=\"og:image:height\" content=\"720\" \/>\n\t<meta property=\"og:image:type\" content=\"image\/jpeg\" \/>\n<meta name=\"author\" content=\"Daniely Cardoso\" \/>\n<meta name=\"twitter:card\" content=\"summary_large_image\" \/>\n<meta name=\"twitter:label1\" content=\"Escrito por\" \/>\n\t<meta name=\"twitter:data1\" content=\"Daniely Cardoso\" \/>\n\t<meta name=\"twitter:label2\" content=\"Est. tempo de leitura\" \/>\n\t<meta name=\"twitter:data2\" content=\"4 minutos\" \/>\n<!-- \/ Yoast SEO plugin. -->","yoast_head_json":{"title":"A solu\u00e7\u00e3o natural para digerir gorduras e acabar com o incha\u00e7o abdominal - Estado de Minas - Em foco","description":"O boldo auxilia na digest\u00e3o de gorduras e prote\u00e7\u00e3o hep\u00e1tica. Saiba como consumir a erva com seguran\u00e7a para evitar efeitos colaterais.","robots":{"index":"index","follow":"follow","max-snippet":"max-snippet:-1","max-image-preview":"max-image-preview:large","max-video-preview":"max-video-preview:-1"},"canonical":"https:\/\/www.em.com.br\/emfoco\/2025\/11\/21\/a-solucao-natural-para-digerir-gorduras-e-acabar-com-o-inchaco-abdominal\/","og_locale":"pt_BR","og_type":"article","og_title":"A solu\u00e7\u00e3o natural para digerir gorduras e acabar com o incha\u00e7o abdominal - Estado de Minas - Em foco","og_description":"O boldo auxilia na digest\u00e3o de gorduras e prote\u00e7\u00e3o hep\u00e1tica. Saiba como consumir a erva com seguran\u00e7a para evitar efeitos colaterais.","og_url":"https:\/\/www.em.com.br\/emfoco\/2025\/11\/21\/a-solucao-natural-para-digerir-gorduras-e-acabar-com-o-inchaco-abdominal\/","og_site_name":"Estado de Minas - Em foco","article_published_time":"2025-11-21T23:05:35+00:00","article_modified_time":"2025-11-20T18:16:27+00:00","og_image":[{"width":1280,"height":720,"url":"https:\/\/www.em.com.br\/emfoco\/wp-content\/uploads\/2025\/11\/emagrecimento_1763657734260.jpg","type":"image\/jpeg"}],"author":"Daniely Cardoso","twitter_card":"summary_large_image","twitter_misc":{"Escrito por":"Daniely Cardoso","Est. tempo de leitura":"4 minutos"},"schema":{"@context":"https:\/\/schema.org","@graph":[{"@type":"WebPage","@id":"https:\/\/www.em.com.br\/emfoco\/2025\/11\/21\/a-solucao-natural-para-digerir-gorduras-e-acabar-com-o-inchaco-abdominal\/","url":"https:\/\/www.em.com.br\/emfoco\/2025\/11\/21\/a-solucao-natural-para-digerir-gorduras-e-acabar-com-o-inchaco-abdominal\/","name":"A solu\u00e7\u00e3o natural para digerir gorduras e acabar com o incha\u00e7o abdominal - Estado de Minas - Em foco","isPartOf":{"@id":"https:\/\/www.em.com.br\/emfoco\/#website"},"primaryImageOfPage":{"@id":"https:\/\/www.em.com.br\/emfoco\/2025\/11\/21\/a-solucao-natural-para-digerir-gorduras-e-acabar-com-o-inchaco-abdominal\/#primaryimage"},"image":{"@id":"https:\/\/www.em.com.br\/emfoco\/2025\/11\/21\/a-solucao-natural-para-digerir-gorduras-e-acabar-com-o-inchaco-abdominal\/#primaryimage"},"thumbnailUrl":"https:\/\/www.em.com.br\/emfoco\/wp-content\/uploads\/2025\/11\/emagrecimento_1763657734260.jpg","datePublished":"2025-11-21T23:05:35+00:00","dateModified":"2025-11-20T18:16:27+00:00","author":{"@id":"https:\/\/www.em.com.br\/emfoco\/#\/schema\/person\/0a8186d72f2c3a5c6276d90b41f271a0"},"description":"O boldo auxilia na digest\u00e3o de gorduras e prote\u00e7\u00e3o hep\u00e1tica. Saiba como consumir a erva com seguran\u00e7a para evitar efeitos colaterais.","breadcrumb":{"@id":"https:\/\/www.em.com.br\/emfoco\/2025\/11\/21\/a-solucao-natural-para-digerir-gorduras-e-acabar-com-o-inchaco-abdominal\/#breadcrumb"},"inLanguage":"pt-BR","potentialAction":[{"@type":"ReadAction","target":["https:\/\/www.em.com.br\/emfoco\/2025\/11\/21\/a-solucao-natural-para-digerir-gorduras-e-acabar-com-o-inchaco-abdominal\/"]}]},{"@type":"ImageObject","inLanguage":"pt-BR","@id":"https:\/\/www.em.com.br\/emfoco\/2025\/11\/21\/a-solucao-natural-para-digerir-gorduras-e-acabar-com-o-inchaco-abdominal\/#primaryimage","url":"https:\/\/www.em.com.br\/emfoco\/wp-content\/uploads\/2025\/11\/emagrecimento_1763657734260.jpg","contentUrl":"https:\/\/www.em.com.br\/emfoco\/wp-content\/uploads\/2025\/11\/emagrecimento_1763657734260.jpg","width":1280,"height":720,"caption":"Boldo \u00e9 um \u00f3timo aliado na redu\u00e7\u00e3o de gordura - Cr\u00e9ditos: depositphotos.com \/ VikaOvcharenko"},{"@type":"BreadcrumbList","@id":"https:\/\/www.em.com.br\/emfoco\/2025\/11\/21\/a-solucao-natural-para-digerir-gorduras-e-acabar-com-o-inchaco-abdominal\/#breadcrumb","itemListElement":[{"@type":"ListItem","position":1,"name":"In\u00edcio","item":"https:\/\/www.em.com.br\/emfoco\/"},{"@type":"ListItem","position":2,"name":"A solu\u00e7\u00e3o natural para digerir gorduras e acabar com o incha\u00e7o abdominal"}]},{"@type":"WebSite","@id":"https:\/\/www.em.com.br\/emfoco\/#website","url":"https:\/\/www.em.com.br\/emfoco\/","name":"Estado de Minas - Em foco","description":"Acompanhe as \u00faltimas not\u00edcias e fique bem informado sobre tudo o que acontece em Minas Gerais, Brasil e no mundo.","potentialAction":[{"@type":"SearchAction","target":{"@type":"EntryPoint","urlTemplate":"https:\/\/www.em.com.br\/emfoco\/?s={search_term_string}"},"query-input":{"@type":"PropertyValueSpecification","valueRequired":true,"valueName":"search_term_string"}}],"inLanguage":"pt-BR"},{"@type":"Person","@id":"https:\/\/www.em.com.br\/emfoco\/#\/schema\/person\/0a8186d72f2c3a5c6276d90b41f271a0","name":"Daniely Cardoso","image":{"@type":"ImageObject","inLanguage":"pt-BR","@id":"https:\/\/www.em.com.br\/emfoco\/#\/schema\/person\/image\/","url":"https:\/\/secure.gravatar.com\/avatar\/4b80ddbd124d1f071b626d52d62e5dff?s=96&d=mm&r=g","contentUrl":"https:\/\/secure.gravatar.com\/avatar\/4b80ddbd124d1f071b626d52d62e5dff?s=96&d=mm&r=g","caption":"Daniely Cardoso"},"url":"https:\/\/www.em.com.br\/emfoco\/author\/danielymyth\/"}]}},"_links":{"self":[{"href":"https:\/\/www.em.com.br\/emfoco\/wp-json\/wp\/v2\/posts\/129883","targetHints":{"allow":["GET"]}}],"collection":[{"href":"https:\/\/www.em.com.br\/emfoco\/wp-json\/wp\/v2\/posts"}],"about":[{"href":"https:\/\/www.em.com.br\/emfoco\/wp-json\/wp\/v2\/types\/post"}],"author":[{"embeddable":true,"href":"https:\/\/www.em.com.br\/emfoco\/wp-json\/wp\/v2\/users\/9"}],"replies":[{"embeddable":true,"href":"https:\/\/www.em.com.br\/emfoco\/wp-json\/wp\/v2\/comments?post=129883"}],"version-history":[{"count":3,"href":"https:\/\/www.em.com.br\/emfoco\/wp-json\/wp\/v2\/posts\/129883\/revisions"}],"predecessor-version":[{"id":129967,"href":"https:\/\/www.em.com.br\/emfoco\/wp-json\/wp\/v2\/posts\/129883\/revisions\/129967"}],"wp:featuredmedia":[{"embeddable":true,"href":"https:\/\/www.em.com.br\/emfoco\/wp-json\/wp\/v2\/media\/129918"}],"wp:attachment":[{"href":"https:\/\/www.em.com.br\/emfoco\/wp-json\/wp\/v2\/media?parent=129883"}],"wp:term":[{"taxonomy":"category","embeddable":true,"href":"https:\/\/www.em.com.br\/emfoco\/wp-json\/wp\/v2\/categories?post=129883"},{"taxonomy":"post_tag","embeddable":true,"href":"https:\/\/www.em.com.br\/emfoco\/wp-json\/wp\/v2\/tags?post=129883"}],"curies":[{"name":"wp","href":"https:\/\/api.w.org\/{rel}","templated":true}]}}