{"id":129851,"date":"2025-11-21T12:25:00","date_gmt":"2025-11-21T15:25:00","guid":{"rendered":"https:\/\/www.em.com.br\/emfoco\/?p=129851"},"modified":"2025-11-20T13:09:01","modified_gmt":"2025-11-20T16:09:01","slug":"entenda-o-calendario-do-bolsa-familia-e-garanta-seu-pagamento-em-3-passos","status":"publish","type":"post","link":"https:\/\/www.em.com.br\/emfoco\/2025\/11\/21\/entenda-o-calendario-do-bolsa-familia-e-garanta-seu-pagamento-em-3-passos\/","title":{"rendered":"Entenda o calend\u00e1rio do Bolsa Fam\u00edlia e garanta seu pagamento em 3 passos"},"content":{"rendered":"\n<p>O <strong>Bolsa Fam\u00edlia<\/strong> permanece sendo um dos principais instrumentos de apoio para milh\u00f5es de fam\u00edlias em situa\u00e7\u00e3o de vulnerabilidade no <strong>Brasil<\/strong>, com o calend\u00e1rio de pagamentos j\u00e1 definido para novembro de 2025. O <strong>MDS <\/strong>destaca que a organiza\u00e7\u00e3o dos repasses, baseada no \u00faltimo d\u00edgito do <strong>NIS <\/strong>(N\u00famero de Identifica\u00e7\u00e3o Social), garante uma distribui\u00e7\u00e3o eficiente e justa dos recursos.<\/p>\n\n\n\n<h2 class=\"wp-block-heading\">Como funciona o calend\u00e1rio do Bolsa Fam\u00edlia?<\/h2>\n\n\n<div class=\"wp-block-image\">\n<figure class=\"aligncenter size-large\"><img loading=\"lazy\" decoding=\"async\" width=\"1024\" height=\"576\" src=\"https:\/\/www.em.com.br\/emfoco\/wp-content\/uploads\/2025\/06\/PAGAMENTOS-DO-INSS-2025-2-1024x576.png\" alt=\"Novo calend\u00e1rio do INSS come\u00e7a hoje (25) com mudan\u00e7as importantes!\" class=\"wp-image-56492\" srcset=\"https:\/\/www.em.com.br\/emfoco\/wp-content\/uploads\/2025\/06\/PAGAMENTOS-DO-INSS-2025-2-1024x576.png 1024w, https:\/\/www.em.com.br\/emfoco\/wp-content\/uploads\/2025\/06\/PAGAMENTOS-DO-INSS-2025-2-300x169.png 300w, https:\/\/www.em.com.br\/emfoco\/wp-content\/uploads\/2025\/06\/PAGAMENTOS-DO-INSS-2025-2-768x432.png 768w, https:\/\/www.em.com.br\/emfoco\/wp-content\/uploads\/2025\/06\/PAGAMENTOS-DO-INSS-2025-2-750x422.png 750w, https:\/\/www.em.com.br\/emfoco\/wp-content\/uploads\/2025\/06\/PAGAMENTOS-DO-INSS-2025-2-1140x641.png 1140w, https:\/\/www.em.com.br\/emfoco\/wp-content\/uploads\/2025\/06\/PAGAMENTOS-DO-INSS-2025-2.png 1280w\" sizes=\"auto, (max-width: 1024px) 100vw, 1024px\" \/><figcaption class=\"wp-element-caption\">Calend\u00e1rio do Bolsa Fam\u00edlia explicado com passos simples para garantir o pagamento &#8211; Cr\u00e9ditos: GOV.BR\/Divulga\u00e7\u00e3o<\/figcaption><\/figure><\/div>\n\n\n<p>O calend\u00e1rio do <strong>Bolsa Fam\u00edlia<\/strong> foi criado para facilitar o acesso dos benefici\u00e1rios ao recurso e garantir que todos consigam retirar os valores de modo seguro e sem tumultos. Isso \u00e9 feito escalonando os pagamentos conforme o \u00faltimo d\u00edgito do <strong>NIS <\/strong>de cada fam\u00edlia, que determina o dia exato para saque.<\/p>\n\n\n\n<p>Essa sistem\u00e1tica busca evitar aglomera\u00e7\u00f5es nas ag\u00eancias banc\u00e1rias, contribuindo para um processo mais \u00e1gil e confort\u00e1vel para os benefici\u00e1rios. Al\u00e9m disso, o escalonamento ajuda a evitar sobrecarga no sistema banc\u00e1rio durante os dias de pagamento.<\/p>\n\n\n\n<p>Para facilitar ainda mais, o governo disponibiliza o calend\u00e1rio de pagamentos em diversos meios de comunica\u00e7\u00e3o e, recentemente, refor\u00e7ou a divulga\u00e7\u00e3o pelo aplicativo <strong><a href=\"http:\/\/www.caixa.gov.br\/caixatem\/Paginas\/default.aspx\" target=\"_blank\" rel=\"noreferrer noopener\">Caixa Tem<\/a><\/strong>, garantindo que os benefici\u00e1rios fiquem informados sobre a data exata do saque.<\/p>\n\n\n\n<h2 class=\"wp-block-heading\">Quais crit\u00e9rios e valores valem para 2025?<\/h2>\n\n\n\n<p>Para 2025, o <strong>Bolsa Fam\u00edlia<\/strong> passou por novos ajustes, visando atender melhor as necessidades das fam\u00edlias beneficiadas. Os valores variam de acordo com o perfil familiar, como a presen\u00e7a de crian\u00e7as, adolescentes e gestantes, refletindo o compromisso do governo com uma pol\u00edtica social mais justa.<\/p>\n\n\n\n<p>Com isso, os crit\u00e9rios para recebimento e os pagamentos podem envolver:<\/p>\n\n\n\n<ul class=\"wp-block-list\">\n<li>Quantidade de membros na fam\u00edlia<\/li>\n\n\n\n<li>Presen\u00e7a de crian\u00e7as (de at\u00e9 6 anos)<\/li>\n\n\n\n<li>Adolescentes e gestantes cadastrados<\/li>\n\n\n\n<li>Condi\u00e7\u00f5es de vulnerabilidade econ\u00f4mica<\/li>\n<\/ul>\n\n\n\n<p>Em 2025, est\u00e3o previstos reajustes autom\u00e1ticos de acordo com a infla\u00e7\u00e3o, ampliando o poder de compra do benef\u00edcio para assegurar que o aux\u00edlio acompanhe a alta dos pre\u00e7os e das necessidades b\u00e1sicas das fam\u00edlias.<\/p>\n\n\n\n<p>Leia mais: <a href=\"https:\/\/www.em.com.br\/emfoco\/2025\/11\/16\/saiba-como-o-bolsa-familia-te-da-os-r-150-a-mais-na-parcela\/\" target=\"_blank\" rel=\"noreferrer noopener\">Saiba como o Bolsa Fam\u00edlia te d\u00e1 os R$ 150 a mais na parcela<\/a><\/p>\n\n\n\n<h2 class=\"wp-block-heading\">O pagamento de dezembro \u00e9 antecipado?<\/h2>\n\n\n<div class=\"wp-block-image\">\n<figure class=\"aligncenter size-large\"><img loading=\"lazy\" decoding=\"async\" width=\"1024\" height=\"576\" src=\"https:\/\/www.em.com.br\/emfoco\/wp-content\/uploads\/2025\/06\/idoso-com-dinheiro-reais_1743473065115-1024x576.jpg\" alt=\"Bolsa fam\u00edlia paga meio sal\u00e1rio hoje para todos com o NIS de final 1\" class=\"wp-image-54991\" srcset=\"https:\/\/www.em.com.br\/emfoco\/wp-content\/uploads\/2025\/06\/idoso-com-dinheiro-reais_1743473065115-1024x576.jpg 1024w, https:\/\/www.em.com.br\/emfoco\/wp-content\/uploads\/2025\/06\/idoso-com-dinheiro-reais_1743473065115-300x169.jpg 300w, https:\/\/www.em.com.br\/emfoco\/wp-content\/uploads\/2025\/06\/idoso-com-dinheiro-reais_1743473065115-768x432.jpg 768w, https:\/\/www.em.com.br\/emfoco\/wp-content\/uploads\/2025\/06\/idoso-com-dinheiro-reais_1743473065115-750x422.jpg 750w, https:\/\/www.em.com.br\/emfoco\/wp-content\/uploads\/2025\/06\/idoso-com-dinheiro-reais_1743473065115-1140x641.jpg 1140w, https:\/\/www.em.com.br\/emfoco\/wp-content\/uploads\/2025\/06\/idoso-com-dinheiro-reais_1743473065115.jpg 1280w\" sizes=\"auto, (max-width: 1024px) 100vw, 1024px\" \/><figcaption class=\"wp-element-caption\">Calend\u00e1rio do Bolsa Fam\u00edlia explicado com passos simples para garantir o pagamento &#8211; Cr\u00e9ditos: depositphotos.com \/ AngelaMacario<\/figcaption><\/figure><\/div>\n\n\n<p>A antecipa\u00e7\u00e3o do repasse em dezembro \u00e9 pr\u00e1tica adotada para dar maior suporte durante as festas de final de ano. Os pagamentos se encerram at\u00e9 o dia 10 daquele m\u00eas, permitindo que as fam\u00edlias se organizem financeiramente para o <strong>Natal<\/strong>.<\/p>\n\n\n\n<p>Essa medida demonstra aten\u00e7\u00e3o especial do governo com o bem-estar dos benefici\u00e1rios, j\u00e1 que possibilita uma celebra\u00e7\u00e3o mais digna e tranquila em um per\u00edodo tradicionalmente relevante.<\/p>\n\n\n\n<p>Al\u00e9m disso, em anos anteriores, o governo ampliou canais de atendimento para d\u00favidas e refor\u00e7ou equipes nas ag\u00eancias durante esse per\u00edodo de antecipa\u00e7\u00e3o, aprimorando o suporte \u00e0s fam\u00edlias.<\/p>\n\n\n\n<p>Leia mais: <a href=\"https:\/\/www.em.com.br\/emfoco\/2025\/11\/18\/entenda-o-bloqueio-e-saiba-5-passos-para-nao-perder-o-seu-dinheiro\/\" target=\"_blank\" rel=\"noreferrer noopener\">Erro comum que suspende o Bolsa Fam\u00edlia e saiba os passos para n\u00e3o perder o seu dinheiro<\/a><\/p>\n\n\n\n<h2 class=\"wp-block-heading\">Como o Bolsa Fam\u00edlia fortalece fam\u00edlias?<\/h2>\n\n\n\n<p>O programa tem sido fundamental para garantir o sustento b\u00e1sico e perspectivas de melhoria de vida para as fam\u00edlias vulner\u00e1veis em todo o pa\u00eds. A regularidade nos pagamentos e os ajustes de valores acompanham os desafios socioecon\u00f4micos do <strong>Brasil<\/strong>.<\/p>\n\n\n\n<p>O calend\u00e1rio estruturado e o compromisso social do programa v\u00e3o al\u00e9m da simples transfer\u00eancia de renda, promovendo estabilidade, dignidade e esperan\u00e7a em cada lar alcan\u00e7ado.<\/p>\n\n\n\n<p>Iniciativas recentes tamb\u00e9m t\u00eam incentivado a busca por cursos de qualifica\u00e7\u00e3o e acesso a outros benef\u00edcios sociais, ampliando as oportunidades para as fam\u00edlias beneficiadas sa\u00edrem da situa\u00e7\u00e3o de vulnerabilidade.<\/p>\n","protected":false},"excerpt":{"rendered":"<p>O Bolsa Fam\u00edlia permanece sendo um dos principais instrumentos de apoio para milh\u00f5es de fam\u00edlias em situa\u00e7\u00e3o de vulnerabilidade no Brasil, com o calend\u00e1rio de pagamentos j\u00e1 definido para novembro de 2025. O MDS destaca que a organiza\u00e7\u00e3o dos repasses, baseada no \u00faltimo d\u00edgito do NIS (N\u00famero de Identifica\u00e7\u00e3o Social), garante uma distribui\u00e7\u00e3o eficiente e [&hellip;]<\/p>\n","protected":false},"author":20,"featured_media":67039,"comment_status":"open","ping_status":"open","sticky":false,"template":"","format":"standard","meta":{"jnews-multi-image_gallery":[],"jnews_single_post":{"format":"standard"},"jnews_primary_category":[],"jnews_social_meta":[],"jnews_override_counter":[],"footnotes":""},"categories":[28,1],"tags":[209,1114,345],"class_list":["post-129851","post","type-post","status-publish","format-standard","has-post-thumbnail","hentry","category-economia","category-noticias","tag-bolsa-familia","tag-mds","tag-nis"],"yoast_head":"<!-- This site is optimized with the Yoast SEO plugin v23.8 - https:\/\/yoast.com\/wordpress\/plugins\/seo\/ -->\n<title>Entenda o calend\u00e1rio do Bolsa Fam\u00edlia e garanta seu pagamento em 3 passos - Estado de Minas - Em foco<\/title>\n<meta name=\"description\" content=\"Entenda o calend\u00e1rio do Bolsa Fam\u00edlia e garanta seu pagamento em 3 passos simples, com organiza\u00e7\u00e3o pr\u00e1tica para receber no prazo.\" \/>\n<meta name=\"robots\" content=\"index, follow, max-snippet:-1, max-image-preview:large, max-video-preview:-1\" \/>\n<link rel=\"canonical\" href=\"https:\/\/www.em.com.br\/emfoco\/2025\/11\/21\/entenda-o-calendario-do-bolsa-familia-e-garanta-seu-pagamento-em-3-passos\/\" \/>\n<meta property=\"og:locale\" content=\"pt_BR\" \/>\n<meta property=\"og:type\" content=\"article\" \/>\n<meta property=\"og:title\" content=\"Entenda o calend\u00e1rio do Bolsa Fam\u00edlia e garanta seu pagamento em 3 passos - Estado de Minas - Em foco\" \/>\n<meta property=\"og:description\" content=\"Entenda o calend\u00e1rio do Bolsa Fam\u00edlia e garanta seu pagamento em 3 passos simples, com organiza\u00e7\u00e3o pr\u00e1tica para receber no prazo.\" \/>\n<meta property=\"og:url\" content=\"https:\/\/www.em.com.br\/emfoco\/2025\/11\/21\/entenda-o-calendario-do-bolsa-familia-e-garanta-seu-pagamento-em-3-passos\/\" \/>\n<meta property=\"og:site_name\" content=\"Estado de Minas - Em foco\" \/>\n<meta property=\"article:published_time\" content=\"2025-11-21T15:25:00+00:00\" \/>\n<meta property=\"article:modified_time\" content=\"2025-11-20T16:09:01+00:00\" \/>\n<meta property=\"og:image\" content=\"https:\/\/www.em.com.br\/emfoco\/wp-content\/uploads\/2025\/06\/beneficio-brasil_1750889236618.jpg\" \/>\n\t<meta property=\"og:image:width\" content=\"1280\" \/>\n\t<meta property=\"og:image:height\" content=\"720\" \/>\n\t<meta property=\"og:image:type\" content=\"image\/jpeg\" \/>\n<meta name=\"author\" content=\"Ingrid Diniz\" \/>\n<meta name=\"twitter:card\" content=\"summary_large_image\" \/>\n<meta name=\"twitter:label1\" content=\"Escrito por\" \/>\n\t<meta name=\"twitter:data1\" content=\"Ingrid Diniz\" \/>\n\t<meta name=\"twitter:label2\" content=\"Est. tempo de leitura\" \/>\n\t<meta name=\"twitter:data2\" content=\"4 minutos\" \/>\n<!-- \/ Yoast SEO plugin. -->","yoast_head_json":{"title":"Entenda o calend\u00e1rio do Bolsa Fam\u00edlia e garanta seu pagamento em 3 passos - Estado de Minas - Em foco","description":"Entenda o calend\u00e1rio do Bolsa Fam\u00edlia e garanta seu pagamento em 3 passos simples, com organiza\u00e7\u00e3o pr\u00e1tica para receber no prazo.","robots":{"index":"index","follow":"follow","max-snippet":"max-snippet:-1","max-image-preview":"max-image-preview:large","max-video-preview":"max-video-preview:-1"},"canonical":"https:\/\/www.em.com.br\/emfoco\/2025\/11\/21\/entenda-o-calendario-do-bolsa-familia-e-garanta-seu-pagamento-em-3-passos\/","og_locale":"pt_BR","og_type":"article","og_title":"Entenda o calend\u00e1rio do Bolsa Fam\u00edlia e garanta seu pagamento em 3 passos - Estado de Minas - Em foco","og_description":"Entenda o calend\u00e1rio do Bolsa Fam\u00edlia e garanta seu pagamento em 3 passos simples, com organiza\u00e7\u00e3o pr\u00e1tica para receber no prazo.","og_url":"https:\/\/www.em.com.br\/emfoco\/2025\/11\/21\/entenda-o-calendario-do-bolsa-familia-e-garanta-seu-pagamento-em-3-passos\/","og_site_name":"Estado de Minas - Em foco","article_published_time":"2025-11-21T15:25:00+00:00","article_modified_time":"2025-11-20T16:09:01+00:00","og_image":[{"width":1280,"height":720,"url":"https:\/\/www.em.com.br\/emfoco\/wp-content\/uploads\/2025\/06\/beneficio-brasil_1750889236618.jpg","type":"image\/jpeg"}],"author":"Ingrid Diniz","twitter_card":"summary_large_image","twitter_misc":{"Escrito por":"Ingrid Diniz","Est. tempo de leitura":"4 minutos"},"schema":{"@context":"https:\/\/schema.org","@graph":[{"@type":"WebPage","@id":"https:\/\/www.em.com.br\/emfoco\/2025\/11\/21\/entenda-o-calendario-do-bolsa-familia-e-garanta-seu-pagamento-em-3-passos\/","url":"https:\/\/www.em.com.br\/emfoco\/2025\/11\/21\/entenda-o-calendario-do-bolsa-familia-e-garanta-seu-pagamento-em-3-passos\/","name":"Entenda o calend\u00e1rio do Bolsa Fam\u00edlia e garanta seu pagamento em 3 passos - Estado de Minas - Em foco","isPartOf":{"@id":"https:\/\/www.em.com.br\/emfoco\/#website"},"primaryImageOfPage":{"@id":"https:\/\/www.em.com.br\/emfoco\/2025\/11\/21\/entenda-o-calendario-do-bolsa-familia-e-garanta-seu-pagamento-em-3-passos\/#primaryimage"},"image":{"@id":"https:\/\/www.em.com.br\/emfoco\/2025\/11\/21\/entenda-o-calendario-do-bolsa-familia-e-garanta-seu-pagamento-em-3-passos\/#primaryimage"},"thumbnailUrl":"https:\/\/www.em.com.br\/emfoco\/wp-content\/uploads\/2025\/06\/beneficio-brasil_1750889236618.jpg","datePublished":"2025-11-21T15:25:00+00:00","dateModified":"2025-11-20T16:09:01+00:00","author":{"@id":"https:\/\/www.em.com.br\/emfoco\/#\/schema\/person\/649e610b4eb8fff87ff394e54fe17b2b"},"description":"Entenda o calend\u00e1rio do Bolsa Fam\u00edlia e garanta seu pagamento em 3 passos simples, com organiza\u00e7\u00e3o pr\u00e1tica para receber no prazo.","breadcrumb":{"@id":"https:\/\/www.em.com.br\/emfoco\/2025\/11\/21\/entenda-o-calendario-do-bolsa-familia-e-garanta-seu-pagamento-em-3-passos\/#breadcrumb"},"inLanguage":"pt-BR","potentialAction":[{"@type":"ReadAction","target":["https:\/\/www.em.com.br\/emfoco\/2025\/11\/21\/entenda-o-calendario-do-bolsa-familia-e-garanta-seu-pagamento-em-3-passos\/"]}]},{"@type":"ImageObject","inLanguage":"pt-BR","@id":"https:\/\/www.em.com.br\/emfoco\/2025\/11\/21\/entenda-o-calendario-do-bolsa-familia-e-garanta-seu-pagamento-em-3-passos\/#primaryimage","url":"https:\/\/www.em.com.br\/emfoco\/wp-content\/uploads\/2025\/06\/beneficio-brasil_1750889236618.jpg","contentUrl":"https:\/\/www.em.com.br\/emfoco\/wp-content\/uploads\/2025\/06\/beneficio-brasil_1750889236618.jpg","width":1280,"height":720,"caption":"Bolsa Fam\u00edlia de dezembro pode passar de R$ 900 - Cr\u00e9ditos: depositphotos.com \/ rafapress"},{"@type":"BreadcrumbList","@id":"https:\/\/www.em.com.br\/emfoco\/2025\/11\/21\/entenda-o-calendario-do-bolsa-familia-e-garanta-seu-pagamento-em-3-passos\/#breadcrumb","itemListElement":[{"@type":"ListItem","position":1,"name":"In\u00edcio","item":"https:\/\/www.em.com.br\/emfoco\/"},{"@type":"ListItem","position":2,"name":"Entenda o calend\u00e1rio do Bolsa Fam\u00edlia e garanta seu pagamento em 3 passos"}]},{"@type":"WebSite","@id":"https:\/\/www.em.com.br\/emfoco\/#website","url":"https:\/\/www.em.com.br\/emfoco\/","name":"Estado de Minas - Em foco","description":"Acompanhe as \u00faltimas not\u00edcias e fique bem informado sobre tudo o que acontece em Minas Gerais, Brasil e no mundo.","potentialAction":[{"@type":"SearchAction","target":{"@type":"EntryPoint","urlTemplate":"https:\/\/www.em.com.br\/emfoco\/?s={search_term_string}"},"query-input":{"@type":"PropertyValueSpecification","valueRequired":true,"valueName":"search_term_string"}}],"inLanguage":"pt-BR"},{"@type":"Person","@id":"https:\/\/www.em.com.br\/emfoco\/#\/schema\/person\/649e610b4eb8fff87ff394e54fe17b2b","name":"Ingrid Diniz","image":{"@type":"ImageObject","inLanguage":"pt-BR","@id":"https:\/\/www.em.com.br\/emfoco\/#\/schema\/person\/image\/","url":"https:\/\/secure.gravatar.com\/avatar\/a3baa1449ec5c39b4c42babc9d4f3951?s=96&d=mm&r=g","contentUrl":"https:\/\/secure.gravatar.com\/avatar\/a3baa1449ec5c39b4c42babc9d4f3951?s=96&d=mm&r=g","caption":"Ingrid Diniz"},"sameAs":["https:\/\/www.em.com.br\/"],"url":"https:\/\/www.em.com.br\/emfoco\/author\/ingridmyth\/"}]}},"_links":{"self":[{"href":"https:\/\/www.em.com.br\/emfoco\/wp-json\/wp\/v2\/posts\/129851","targetHints":{"allow":["GET"]}}],"collection":[{"href":"https:\/\/www.em.com.br\/emfoco\/wp-json\/wp\/v2\/posts"}],"about":[{"href":"https:\/\/www.em.com.br\/emfoco\/wp-json\/wp\/v2\/types\/post"}],"author":[{"embeddable":true,"href":"https:\/\/www.em.com.br\/emfoco\/wp-json\/wp\/v2\/users\/20"}],"replies":[{"embeddable":true,"href":"https:\/\/www.em.com.br\/emfoco\/wp-json\/wp\/v2\/comments?post=129851"}],"version-history":[{"count":1,"href":"https:\/\/www.em.com.br\/emfoco\/wp-json\/wp\/v2\/posts\/129851\/revisions"}],"predecessor-version":[{"id":129896,"href":"https:\/\/www.em.com.br\/emfoco\/wp-json\/wp\/v2\/posts\/129851\/revisions\/129896"}],"wp:featuredmedia":[{"embeddable":true,"href":"https:\/\/www.em.com.br\/emfoco\/wp-json\/wp\/v2\/media\/67039"}],"wp:attachment":[{"href":"https:\/\/www.em.com.br\/emfoco\/wp-json\/wp\/v2\/media?parent=129851"}],"wp:term":[{"taxonomy":"category","embeddable":true,"href":"https:\/\/www.em.com.br\/emfoco\/wp-json\/wp\/v2\/categories?post=129851"},{"taxonomy":"post_tag","embeddable":true,"href":"https:\/\/www.em.com.br\/emfoco\/wp-json\/wp\/v2\/tags?post=129851"}],"curies":[{"name":"wp","href":"https:\/\/api.w.org\/{rel}","templated":true}]}}