{"id":129797,"date":"2025-11-20T18:30:00","date_gmt":"2025-11-20T21:30:00","guid":{"rendered":"https:\/\/www.em.com.br\/emfoco\/?p=129797"},"modified":"2025-11-20T10:07:00","modified_gmt":"2025-11-20T13:07:00","slug":"o-verdadeiro-motivo-das-tracas-no-guarda-roupa-e-o-que-muda-quando-voce-entende-o-problema","status":"publish","type":"post","link":"https:\/\/www.em.com.br\/emfoco\/2025\/11\/20\/o-verdadeiro-motivo-das-tracas-no-guarda-roupa-e-o-que-muda-quando-voce-entende-o-problema\/","title":{"rendered":"O verdadeiro motivo das tra\u00e7as no guarda-roupa e o que muda quando voc\u00ea entende o problema"},"content":{"rendered":"\n<p>As tra\u00e7as de guarda-roupa, conhecidas por causar estragos nas roupas, v\u00e3o al\u00e9m de simples inc\u00f4modos no cotidiano. Esses pequenos insetos, geralmente encontrados em ambientes escuros e pouco ventilados, s\u00e3o na verdade larvas de mariposas da esp\u00e9cie&nbsp;<strong>Tinea pellionella<\/strong>&nbsp;e se alimentam de fibras naturais presentes em tecidos como seda e l\u00e3, tornando-se um desafio para preservar as roupas nos arm\u00e1rios.<\/p>\n\n\n\n<h2 class=\"wp-block-heading\">Como ocorre o desenvolvimento das tra\u00e7as nos guarda-roupas<\/h2>\n\n\n\n<p>Ao contr\u00e1rio do que muitos imaginam, a presen\u00e7a de tra\u00e7as n\u00e3o est\u00e1 necessariamente relacionada \u00e0 falta de higiene. Mesmo roupas limpas podem ser afetadas, especialmente se tiverem res\u00edduos de suor ou materiais org\u00e2nicos.<\/p>\n\n\n\n<p>Esses insetos preferem locais tranquilos, escuros e com pouca circula\u00e7\u00e3o de ar, tornando arm\u00e1rios fechados por longos per\u00edodos locais ideais para sua reprodu\u00e7\u00e3o e desenvolvimento.<\/p>\n\n\n\n<h2 class=\"wp-block-heading\">Como identificar a infesta\u00e7\u00e3o de tra\u00e7as nas roupas<\/h2>\n\n\n\n<p>Identificar tra\u00e7as pode ser complicado, pois nem sempre s\u00e3o vistas facilmente. Por\u00e9m, existem sinais evidentes que indicam sua presen\u00e7a e facilitam o reconhecimento do problema nos arm\u00e1rios.<\/p>\n\n\n\n<figure class=\"wp-block-image\"><img decoding=\"async\" src=\"https:\/\/www.em.com.br\/emfoco\/wp-content\/uploads\/2025\/07\/traca-de-roupas_1751492117020-1024x576.jpg\" alt=\"\"\/><figcaption class=\"wp-element-caption\">Tra\u00e7as se espalham nos arm\u00e1rios e causam preju\u00edzo silencioso -Cr\u00e9ditos: depositphotos.com \/ sweemingyoung<\/figcaption><\/figure>\n\n\n\n<p>Conhe\u00e7a abaixo os principais ind\u00edcios que apontam para a infesta\u00e7\u00e3o:<\/p>\n\n\n\n<ul class=\"wp-block-list\">\n<li>Furos irregulares nas roupas;<\/li>\n\n\n\n<li>Pequenos casulos claros presos aos tecidos;<\/li>\n\n\n\n<li>Res\u00edduos escuros nas gavetas;<\/li>\n\n\n\n<li>Insetos acinzentados vis\u00edveis ao abrir o arm\u00e1rio.<\/li>\n<\/ul>\n\n\n\n<h2 class=\"wp-block-heading\">Como prevenir e eliminar tra\u00e7as de forma eficaz<\/h2>\n\n\n\n<p>A preven\u00e7\u00e3o \u00e9 fundamental para manter os guarda-roupas livres das tra\u00e7as. Manter o local limpo, ventilado e arejado regularmente contribui significativamente para evitar a infesta\u00e7\u00e3o desses insetos.<\/p>\n\n\n\n<p>Sach\u00eas de ervas, como lavanda e cravo, servem como repelentes naturais. Nos casos mais graves, pode ser necess\u00e1rio recorrer a servi\u00e7os profissionais de dedetiza\u00e7\u00e3o, que eliminam as larvas e ovos de forma segura e duradoura.<\/p>\n\n\n\n<h2 class=\"wp-block-heading\">O que as tra\u00e7as representam em diferentes culturas<\/h2>\n\n\n\n<p>O simbolismo das tra\u00e7as varia em distintas culturas. Em algumas tradi\u00e7\u00f5es, elas representam transforma\u00e7\u00e3o e renova\u00e7\u00e3o de ciclos, enquanto em outros contextos simbolizam descuido ou energia estagnada.<\/p>\n\n\n\n<p>A express\u00e3o popular \u201clargado \u00e0s tra\u00e7as\u201d demonstra essa rela\u00e7\u00e3o simb\u00f3lica de abandono. Compreender o aspecto biol\u00f3gico e cultural do inseto pode gerar novas perspectivas sobre esses pequenos visitantes do lar.<\/p>\n\n\n\n<p><\/p>\n","protected":false},"excerpt":{"rendered":"<p>As tra\u00e7as de guarda-roupa, conhecidas por causar estragos nas roupas, v\u00e3o al\u00e9m de simples inc\u00f4modos no cotidiano. Esses pequenos insetos, geralmente encontrados em ambientes escuros e pouco ventilados, s\u00e3o na verdade larvas de mariposas da esp\u00e9cie&nbsp;Tinea pellionella&nbsp;e se alimentam de fibras naturais presentes em tecidos como seda e l\u00e3, tornando-se um desafio para preservar as [&hellip;]<\/p>\n","protected":false},"author":11,"featured_media":129816,"comment_status":"open","ping_status":"open","sticky":false,"template":"","format":"standard","meta":{"jnews-multi-image_gallery":[],"jnews_single_post":{"format":"standard"},"jnews_primary_category":[],"jnews_social_meta":[],"jnews_override_counter":[],"footnotes":""},"categories":[8819,1],"tags":[14677,4898,4952,11497],"class_list":["post-129797","post","type-post","status-publish","format-standard","has-post-thumbnail","hentry","category-curiosidades","category-noticias","tag-armario","tag-insetos","tag-roupas","tag-tracas"],"yoast_head":"<!-- This site is optimized with the Yoast SEO plugin v23.8 - https:\/\/yoast.com\/wordpress\/plugins\/seo\/ -->\n<title>O verdadeiro motivo das tra\u00e7as no guarda-roupa e o que muda quando voc\u00ea entende o problema - Estado de Minas - Em foco<\/title>\n<meta name=\"description\" content=\"As tra\u00e7as podem destruir roupas sem serem percebidas e sinais simples ajudam a identificar o problema antes que ele se espalhe.\" \/>\n<meta name=\"robots\" content=\"index, follow, max-snippet:-1, max-image-preview:large, max-video-preview:-1\" \/>\n<link rel=\"canonical\" href=\"https:\/\/www.em.com.br\/emfoco\/2025\/11\/20\/o-verdadeiro-motivo-das-tracas-no-guarda-roupa-e-o-que-muda-quando-voce-entende-o-problema\/\" \/>\n<meta property=\"og:locale\" content=\"pt_BR\" \/>\n<meta property=\"og:type\" content=\"article\" \/>\n<meta property=\"og:title\" content=\"O verdadeiro motivo das tra\u00e7as no guarda-roupa e o que muda quando voc\u00ea entende o problema - Estado de Minas - Em foco\" \/>\n<meta property=\"og:description\" content=\"As tra\u00e7as podem destruir roupas sem serem percebidas e sinais simples ajudam a identificar o problema antes que ele se espalhe.\" \/>\n<meta property=\"og:url\" content=\"https:\/\/www.em.com.br\/emfoco\/2025\/11\/20\/o-verdadeiro-motivo-das-tracas-no-guarda-roupa-e-o-que-muda-quando-voce-entende-o-problema\/\" \/>\n<meta property=\"og:site_name\" content=\"Estado de Minas - Em foco\" \/>\n<meta property=\"article:published_time\" content=\"2025-11-20T21:30:00+00:00\" \/>\n<meta property=\"article:modified_time\" content=\"2025-11-20T13:07:00+00:00\" \/>\n<meta property=\"og:image\" content=\"https:\/\/www.em.com.br\/emfoco\/wp-content\/uploads\/2025\/11\/Gemini_Generated_Image_7407427407427407-1.png\" \/>\n\t<meta property=\"og:image:width\" content=\"1280\" \/>\n\t<meta property=\"og:image:height\" content=\"720\" \/>\n\t<meta property=\"og:image:type\" content=\"image\/png\" \/>\n<meta name=\"author\" content=\"Andre\u0301 Rangel\u00a0\" \/>\n<meta name=\"twitter:card\" content=\"summary_large_image\" \/>\n<meta name=\"twitter:label1\" content=\"Escrito por\" \/>\n\t<meta name=\"twitter:data1\" content=\"Andre\u0301 Rangel\u00a0\" \/>\n\t<meta name=\"twitter:label2\" content=\"Est. tempo de leitura\" \/>\n\t<meta name=\"twitter:data2\" content=\"3 minutos\" \/>\n<!-- \/ Yoast SEO plugin. -->","yoast_head_json":{"title":"O verdadeiro motivo das tra\u00e7as no guarda-roupa e o que muda quando voc\u00ea entende o problema - Estado de Minas - Em foco","description":"As tra\u00e7as podem destruir roupas sem serem percebidas e sinais simples ajudam a identificar o problema antes que ele se espalhe.","robots":{"index":"index","follow":"follow","max-snippet":"max-snippet:-1","max-image-preview":"max-image-preview:large","max-video-preview":"max-video-preview:-1"},"canonical":"https:\/\/www.em.com.br\/emfoco\/2025\/11\/20\/o-verdadeiro-motivo-das-tracas-no-guarda-roupa-e-o-que-muda-quando-voce-entende-o-problema\/","og_locale":"pt_BR","og_type":"article","og_title":"O verdadeiro motivo das tra\u00e7as no guarda-roupa e o que muda quando voc\u00ea entende o problema - Estado de Minas - Em foco","og_description":"As tra\u00e7as podem destruir roupas sem serem percebidas e sinais simples ajudam a identificar o problema antes que ele se espalhe.","og_url":"https:\/\/www.em.com.br\/emfoco\/2025\/11\/20\/o-verdadeiro-motivo-das-tracas-no-guarda-roupa-e-o-que-muda-quando-voce-entende-o-problema\/","og_site_name":"Estado de Minas - Em foco","article_published_time":"2025-11-20T21:30:00+00:00","article_modified_time":"2025-11-20T13:07:00+00:00","og_image":[{"width":1280,"height":720,"url":"https:\/\/www.em.com.br\/emfoco\/wp-content\/uploads\/2025\/11\/Gemini_Generated_Image_7407427407427407-1.png","type":"image\/png"}],"author":"Andre\u0301 Rangel\u00a0","twitter_card":"summary_large_image","twitter_misc":{"Escrito por":"Andre\u0301 Rangel\u00a0","Est. tempo de leitura":"3 minutos"},"schema":{"@context":"https:\/\/schema.org","@graph":[{"@type":"WebPage","@id":"https:\/\/www.em.com.br\/emfoco\/2025\/11\/20\/o-verdadeiro-motivo-das-tracas-no-guarda-roupa-e-o-que-muda-quando-voce-entende-o-problema\/","url":"https:\/\/www.em.com.br\/emfoco\/2025\/11\/20\/o-verdadeiro-motivo-das-tracas-no-guarda-roupa-e-o-que-muda-quando-voce-entende-o-problema\/","name":"O verdadeiro motivo das tra\u00e7as no guarda-roupa e o que muda quando voc\u00ea entende o problema - Estado de Minas - Em foco","isPartOf":{"@id":"https:\/\/www.em.com.br\/emfoco\/#website"},"primaryImageOfPage":{"@id":"https:\/\/www.em.com.br\/emfoco\/2025\/11\/20\/o-verdadeiro-motivo-das-tracas-no-guarda-roupa-e-o-que-muda-quando-voce-entende-o-problema\/#primaryimage"},"image":{"@id":"https:\/\/www.em.com.br\/emfoco\/2025\/11\/20\/o-verdadeiro-motivo-das-tracas-no-guarda-roupa-e-o-que-muda-quando-voce-entende-o-problema\/#primaryimage"},"thumbnailUrl":"https:\/\/www.em.com.br\/emfoco\/wp-content\/uploads\/2025\/11\/Gemini_Generated_Image_7407427407427407-1.png","datePublished":"2025-11-20T21:30:00+00:00","dateModified":"2025-11-20T13:07:00+00:00","author":{"@id":"https:\/\/www.em.com.br\/emfoco\/#\/schema\/person\/60eda09c1fedf0d6891f4cef4b60b8b8"},"description":"As tra\u00e7as podem destruir roupas sem serem percebidas e sinais simples ajudam a identificar o problema antes que ele se espalhe.","breadcrumb":{"@id":"https:\/\/www.em.com.br\/emfoco\/2025\/11\/20\/o-verdadeiro-motivo-das-tracas-no-guarda-roupa-e-o-que-muda-quando-voce-entende-o-problema\/#breadcrumb"},"inLanguage":"pt-BR","potentialAction":[{"@type":"ReadAction","target":["https:\/\/www.em.com.br\/emfoco\/2025\/11\/20\/o-verdadeiro-motivo-das-tracas-no-guarda-roupa-e-o-que-muda-quando-voce-entende-o-problema\/"]}]},{"@type":"ImageObject","inLanguage":"pt-BR","@id":"https:\/\/www.em.com.br\/emfoco\/2025\/11\/20\/o-verdadeiro-motivo-das-tracas-no-guarda-roupa-e-o-que-muda-quando-voce-entende-o-problema\/#primaryimage","url":"https:\/\/www.em.com.br\/emfoco\/wp-content\/uploads\/2025\/11\/Gemini_Generated_Image_7407427407427407-1.png","contentUrl":"https:\/\/www.em.com.br\/emfoco\/wp-content\/uploads\/2025\/11\/Gemini_Generated_Image_7407427407427407-1.png","width":1280,"height":720,"caption":"O pequeno inseto que destr\u00f3i roupas sem ser percebido"},{"@type":"BreadcrumbList","@id":"https:\/\/www.em.com.br\/emfoco\/2025\/11\/20\/o-verdadeiro-motivo-das-tracas-no-guarda-roupa-e-o-que-muda-quando-voce-entende-o-problema\/#breadcrumb","itemListElement":[{"@type":"ListItem","position":1,"name":"In\u00edcio","item":"https:\/\/www.em.com.br\/emfoco\/"},{"@type":"ListItem","position":2,"name":"O verdadeiro motivo das tra\u00e7as no guarda-roupa e o que muda quando voc\u00ea entende o problema"}]},{"@type":"WebSite","@id":"https:\/\/www.em.com.br\/emfoco\/#website","url":"https:\/\/www.em.com.br\/emfoco\/","name":"Estado de Minas - Em foco","description":"Acompanhe as \u00faltimas not\u00edcias e fique bem informado sobre tudo o que acontece em Minas Gerais, Brasil e no mundo.","potentialAction":[{"@type":"SearchAction","target":{"@type":"EntryPoint","urlTemplate":"https:\/\/www.em.com.br\/emfoco\/?s={search_term_string}"},"query-input":{"@type":"PropertyValueSpecification","valueRequired":true,"valueName":"search_term_string"}}],"inLanguage":"pt-BR"},{"@type":"Person","@id":"https:\/\/www.em.com.br\/emfoco\/#\/schema\/person\/60eda09c1fedf0d6891f4cef4b60b8b8","name":"Andre\u0301 Rangel\u00a0","image":{"@type":"ImageObject","inLanguage":"pt-BR","@id":"https:\/\/www.em.com.br\/emfoco\/#\/schema\/person\/image\/","url":"https:\/\/secure.gravatar.com\/avatar\/6234dc814c77c8ef6d8bba622c787efc?s=96&d=mm&r=g","contentUrl":"https:\/\/secure.gravatar.com\/avatar\/6234dc814c77c8ef6d8bba622c787efc?s=96&d=mm&r=g","caption":"Andre\u0301 Rangel\u00a0"},"url":"https:\/\/www.em.com.br\/emfoco\/author\/luizmyth\/"}]}},"_links":{"self":[{"href":"https:\/\/www.em.com.br\/emfoco\/wp-json\/wp\/v2\/posts\/129797","targetHints":{"allow":["GET"]}}],"collection":[{"href":"https:\/\/www.em.com.br\/emfoco\/wp-json\/wp\/v2\/posts"}],"about":[{"href":"https:\/\/www.em.com.br\/emfoco\/wp-json\/wp\/v2\/types\/post"}],"author":[{"embeddable":true,"href":"https:\/\/www.em.com.br\/emfoco\/wp-json\/wp\/v2\/users\/11"}],"replies":[{"embeddable":true,"href":"https:\/\/www.em.com.br\/emfoco\/wp-json\/wp\/v2\/comments?post=129797"}],"version-history":[{"count":3,"href":"https:\/\/www.em.com.br\/emfoco\/wp-json\/wp\/v2\/posts\/129797\/revisions"}],"predecessor-version":[{"id":129809,"href":"https:\/\/www.em.com.br\/emfoco\/wp-json\/wp\/v2\/posts\/129797\/revisions\/129809"}],"wp:featuredmedia":[{"embeddable":true,"href":"https:\/\/www.em.com.br\/emfoco\/wp-json\/wp\/v2\/media\/129816"}],"wp:attachment":[{"href":"https:\/\/www.em.com.br\/emfoco\/wp-json\/wp\/v2\/media?parent=129797"}],"wp:term":[{"taxonomy":"category","embeddable":true,"href":"https:\/\/www.em.com.br\/emfoco\/wp-json\/wp\/v2\/categories?post=129797"},{"taxonomy":"post_tag","embeddable":true,"href":"https:\/\/www.em.com.br\/emfoco\/wp-json\/wp\/v2\/tags?post=129797"}],"curies":[{"name":"wp","href":"https:\/\/api.w.org\/{rel}","templated":true}]}}