{"id":129755,"date":"2025-11-22T11:25:00","date_gmt":"2025-11-22T14:25:00","guid":{"rendered":"https:\/\/www.em.com.br\/emfoco\/?p=129755"},"modified":"2025-11-19T18:22:13","modified_gmt":"2025-11-19T21:22:13","slug":"a-cidade-ideal-para-visitar-antes-do-verao-acabar-com-clima-perfeito-e-visual-unico","status":"publish","type":"post","link":"https:\/\/www.em.com.br\/emfoco\/2025\/11\/22\/a-cidade-ideal-para-visitar-antes-do-verao-acabar-com-clima-perfeito-e-visual-unico\/","title":{"rendered":"A cidade ideal para visitar antes do ver\u00e3o acabar com clima perfeito e visual \u00fanico"},"content":{"rendered":"\n<p>A charmosa <strong>Domingos Martins<\/strong>, na serra capixaba, \u00e9 a escolha ideal para visitar antes do ver\u00e3o terminar. Com clima ameno, noites frescas e paisagens exuberantes, o destino combina natureza, cultura e cen\u00e1rios europeus sem sair do Sudeste.<\/p>\n\n\n\n<h2 class=\"wp-block-heading\">Por que Domingos Martins \u00e9 perfeita para visitar no fim do ver\u00e3o?<\/h2>\n\n\n\n<p>Localizada nas montanhas do<strong><a href=\"https:\/\/www.es.gov.br\/\" target=\"_blank\" rel=\"noreferrer noopener\"> Esp\u00edrito Santo<\/a><\/strong>, a cidade mant\u00e9m temperaturas equilibradas mesmo nos dias quentes, criando um <strong>clima fresco<\/strong> que contrasta com o calor das praias. A vegeta\u00e7\u00e3o fica especialmente verde na temporada e deixa o visual ainda mais marcante.<\/p>\n\n\n\n<p>O fim do ver\u00e3o tamb\u00e9m torna as trilhas e mirantes mais acess\u00edveis, j\u00e1 que as chuvas diminuem e as montanhas ganham cores vivas. A regi\u00e3o da Pedra Azul, com sua rocha ic\u00f4nica, revela um cen\u00e1rio <strong>natural impressionante<\/strong> para quem valoriza contato direto com a natureza.<\/p>\n\n\n\n<p>Confira dicas para aproveitar ao m\u00e1ximo sua visita a Domingos Martins, compartilhada pelo canal do YouTube <strong>@Canal Mundo ao Vivo:<\/strong><\/p>\n\n\n\n<figure class=\"wp-block-embed is-type-video is-provider-youtube wp-block-embed-youtube wp-embed-aspect-16-9 wp-has-aspect-ratio\"><div class=\"wp-block-embed__wrapper\">\n<div class=\"jeg_video_container jeg_video_content\"><iframe loading=\"lazy\" title=\"O que fazer em DOMINGOS MARTINS-ES? | Roteiro de 1 ou 2 dias | Parque da Pedra Azul\" width=\"500\" height=\"281\" src=\"https:\/\/www.youtube.com\/embed\/OwRwWnac5aI?feature=oembed\" frameborder=\"0\" allow=\"accelerometer; autoplay; clipboard-write; encrypted-media; gyroscope; picture-in-picture; web-share\" referrerpolicy=\"strict-origin-when-cross-origin\" allowfullscreen><\/iframe><\/div>\n<\/div><\/figure>\n\n\n\n<p><em>Leia mais: <strong><a href=\"https:\/\/www.em.com.br\/emfoco\/2025\/11\/17\/a-cidade-do-norte-que-virou-a-queridinha-dos-amantes-de-cultura-e-festivais\/\" target=\"_blank\" rel=\"noreferrer noopener\">A cidade do Norte que virou a queridinha dos amantes de cultura e festivais<\/a><\/strong><\/em><\/p>\n\n\n\n<h2 class=\"wp-block-heading\">Quais atra\u00e7\u00f5es tornam Domingos Martins t\u00e3o especial?<\/h2>\n\n\n\n<p>O destino re\u00fane natureza preservada, caf\u00e9s artesanais e constru\u00e7\u00f5es inspiradas na arquitetura alem\u00e3, criando um conjunto \u00fanico no Brasil. Para facilitar o planejamento, veja na lista abaixo os destaques que mais encantam quem visita a regi\u00e3o serrana.<\/p>\n\n\n\n<ul class=\"wp-block-list\">\n<li>O <strong>Parque Estadual da Pedra Azul<\/strong>, com trilhas e paisagens emblem\u00e1ticas.<\/li>\n\n\n\n<li>A <strong>Rota do Lagarto<\/strong>, considerada uma das estradas mais bonitas do pa\u00eds.<\/li>\n\n\n\n<li>Caf\u00e9s, chocolaterias, mirantes e propriedades rurais com produtos coloniais.<\/li>\n<\/ul>\n\n\n\n<h2 class=\"wp-block-heading\">Qual \u00e9 a hist\u00f3ria que d\u00e1 charme ao destino serrano?<\/h2>\n\n\n\n<p>A regi\u00e3o foi colonizada por imigrantes alem\u00e3es e pomeranos no s\u00e9culo XIX, que trouxeram tradi\u00e7\u00f5es culturais preservadas at\u00e9 hoje. As casas enxaimel, festas t\u00edpicas e culin\u00e1ria local refor\u00e7am o <strong>charme europeu<\/strong> que permeia as ruas e vilarejos pr\u00f3ximos.<\/p>\n\n\n\n<p>Esse legado cultural se mistura ao cen\u00e1rio montanhoso, criando uma identidade \u00fanica na serra capixaba. A combina\u00e7\u00e3o de natureza exuberante e <strong>ra\u00edzes coloniais<\/strong> transforma a cidade em um destino apaixonante para quem gosta de hist\u00f3ria e tranquilidade.<\/p>\n\n\n\n<p>Confira mais sobre a hist\u00f3ria de Domingos Martins compartilhada pelo canal do YouTube <strong>@De fora em Juiz de Fora:<\/strong><\/p>\n\n\n\n<figure class=\"wp-block-embed is-type-video is-provider-youtube wp-block-embed-youtube wp-embed-aspect-16-9 wp-has-aspect-ratio\"><div class=\"wp-block-embed__wrapper\">\n<div class=\"jeg_video_container jeg_video_content\"><iframe loading=\"lazy\" title=\"CONHE\u00c7A DOMINGOS MARTINS - ES: Cidade de montanhas no Esp\u00edrito Santo a 42 km de Vit\u00f3ria\" width=\"500\" height=\"281\" src=\"https:\/\/www.youtube.com\/embed\/N3ZN5k7nl3k?feature=oembed\" frameborder=\"0\" allow=\"accelerometer; autoplay; clipboard-write; encrypted-media; gyroscope; picture-in-picture; web-share\" referrerpolicy=\"strict-origin-when-cross-origin\" allowfullscreen><\/iframe><\/div>\n<\/div><\/figure>\n\n\n\n<h2 class=\"wp-block-heading\">O que fazer em dois dias em Domingos Martins?<\/h2>\n\n\n\n<p>Um roteiro curto permite aproveitar bem a regi\u00e3o, combinando trilhas, gastronomia e passeios tranquilos. As atividades funcionam para quem viaja em casal, fam\u00edlia ou busca descanso. Confira na lista abaixo sugest\u00f5es perfeitas para dois dias bem aproveitados.<\/p>\n\n\n\n<ul class=\"wp-block-list\">\n<li>Explorar a Pedra Azul pela manh\u00e3 e caminhar pela Rota do Lagarto.<\/li>\n\n\n\n<li>Visitar propriedades rurais e degustar queijos, caf\u00e9s e produtos coloniais.<\/li>\n\n\n\n<li>Caminhar pelo centrinho florido no fim da tarde e curtir caf\u00e9s locais.<\/li>\n<\/ul>\n\n\n\n<h2 class=\"wp-block-heading\">Como chegar e onde se hospedar com vista privilegiada?<\/h2>\n\n\n\n<p>O acesso \u00e9 simples pela <strong>BR-262<\/strong>, levando cerca de 1h30 desde Vit\u00f3ria e funcionando tamb\u00e9m para quem vem de Minas ou Rio. A estrada \u00e9 asfaltada e bem sinalizada, tornando a viagem segura e agrad\u00e1vel em qualquer \u00e9poca do ano.<\/p>\n\n\n\n<ul class=\"wp-block-list\">\n<li>Pousadas rom\u00e2nticas com vista para a Pedra Azul, ideais para casais.<\/li>\n\n\n\n<li>Hot\u00e9is serranos no centrinho, perfeitos para quem prefere praticidade.<\/li>\n\n\n\n<li>Chal\u00e9s afastados para quem busca sil\u00eancio total e contato com a natureza.<\/li>\n<\/ul>\n","protected":false},"excerpt":{"rendered":"<p>A charmosa Domingos Martins, na serra capixaba, \u00e9 a escolha ideal para visitar antes do ver\u00e3o terminar. Com clima ameno, noites frescas e paisagens exuberantes, o destino combina natureza, cultura e cen\u00e1rios europeus sem sair do Sudeste. Por que Domingos Martins \u00e9 perfeita para visitar no fim do ver\u00e3o? Localizada nas montanhas do Esp\u00edrito Santo, [&hellip;]<\/p>\n","protected":false},"author":13,"featured_media":129763,"comment_status":"open","ping_status":"open","sticky":false,"template":"","format":"standard","meta":{"jnews-multi-image_gallery":[],"jnews_single_post":{"format":"standard"},"jnews_primary_category":[],"jnews_social_meta":[],"jnews_override_counter":[],"footnotes":""},"categories":[26],"tags":[2896,19074,19075],"class_list":["post-129755","post","type-post","status-publish","format-standard","has-post-thumbnail","hentry","category-cidades","tag-destinos-turisticos","tag-domingos-martins","tag-serra-capixaba"],"yoast_head":"<!-- This site is optimized with the Yoast SEO plugin v23.8 - https:\/\/yoast.com\/wordpress\/plugins\/seo\/ -->\n<title>A cidade ideal para visitar antes do ver\u00e3o acabar com clima perfeito e visual \u00fanico - Estado de Minas - Em foco<\/title>\n<meta name=\"description\" content=\"Natureza exuberante, caf\u00e9s coloniais e clima fresco fazem de Domingos Martins a escolha perfeita para fechar o ver\u00e3o com charme.\" \/>\n<meta name=\"robots\" content=\"index, follow, max-snippet:-1, max-image-preview:large, max-video-preview:-1\" \/>\n<link rel=\"canonical\" href=\"https:\/\/www.em.com.br\/emfoco\/2025\/11\/22\/a-cidade-ideal-para-visitar-antes-do-verao-acabar-com-clima-perfeito-e-visual-unico\/\" \/>\n<meta property=\"og:locale\" content=\"pt_BR\" \/>\n<meta property=\"og:type\" content=\"article\" \/>\n<meta property=\"og:title\" content=\"A cidade ideal para visitar antes do ver\u00e3o acabar com clima perfeito e visual \u00fanico - Estado de Minas - Em foco\" \/>\n<meta property=\"og:description\" content=\"Natureza exuberante, caf\u00e9s coloniais e clima fresco fazem de Domingos Martins a escolha perfeita para fechar o ver\u00e3o com charme.\" \/>\n<meta property=\"og:url\" content=\"https:\/\/www.em.com.br\/emfoco\/2025\/11\/22\/a-cidade-ideal-para-visitar-antes-do-verao-acabar-com-clima-perfeito-e-visual-unico\/\" \/>\n<meta property=\"og:site_name\" content=\"Estado de Minas - Em foco\" \/>\n<meta property=\"article:published_time\" content=\"2025-11-22T14:25:00+00:00\" \/>\n<meta property=\"article:modified_time\" content=\"2025-11-19T21:22:13+00:00\" \/>\n<meta property=\"og:image\" content=\"https:\/\/www.em.com.br\/emfoco\/wp-content\/uploads\/2025\/11\/IA-IMG-38.jpg\" \/>\n\t<meta property=\"og:image:width\" content=\"1280\" \/>\n\t<meta property=\"og:image:height\" content=\"720\" \/>\n\t<meta property=\"og:image:type\" content=\"image\/jpeg\" \/>\n<meta name=\"author\" content=\"Gabriel Martins\" \/>\n<meta name=\"twitter:card\" content=\"summary_large_image\" \/>\n<meta name=\"twitter:label1\" content=\"Escrito por\" \/>\n\t<meta name=\"twitter:data1\" content=\"Gabriel Martins\" \/>\n\t<meta name=\"twitter:label2\" content=\"Est. tempo de leitura\" \/>\n\t<meta name=\"twitter:data2\" content=\"4 minutos\" \/>\n<!-- \/ Yoast SEO plugin. -->","yoast_head_json":{"title":"A cidade ideal para visitar antes do ver\u00e3o acabar com clima perfeito e visual \u00fanico - Estado de Minas - Em foco","description":"Natureza exuberante, caf\u00e9s coloniais e clima fresco fazem de Domingos Martins a escolha perfeita para fechar o ver\u00e3o com charme.","robots":{"index":"index","follow":"follow","max-snippet":"max-snippet:-1","max-image-preview":"max-image-preview:large","max-video-preview":"max-video-preview:-1"},"canonical":"https:\/\/www.em.com.br\/emfoco\/2025\/11\/22\/a-cidade-ideal-para-visitar-antes-do-verao-acabar-com-clima-perfeito-e-visual-unico\/","og_locale":"pt_BR","og_type":"article","og_title":"A cidade ideal para visitar antes do ver\u00e3o acabar com clima perfeito e visual \u00fanico - Estado de Minas - Em foco","og_description":"Natureza exuberante, caf\u00e9s coloniais e clima fresco fazem de Domingos Martins a escolha perfeita para fechar o ver\u00e3o com charme.","og_url":"https:\/\/www.em.com.br\/emfoco\/2025\/11\/22\/a-cidade-ideal-para-visitar-antes-do-verao-acabar-com-clima-perfeito-e-visual-unico\/","og_site_name":"Estado de Minas - Em foco","article_published_time":"2025-11-22T14:25:00+00:00","article_modified_time":"2025-11-19T21:22:13+00:00","og_image":[{"width":1280,"height":720,"url":"https:\/\/www.em.com.br\/emfoco\/wp-content\/uploads\/2025\/11\/IA-IMG-38.jpg","type":"image\/jpeg"}],"author":"Gabriel Martins","twitter_card":"summary_large_image","twitter_misc":{"Escrito por":"Gabriel Martins","Est. tempo de leitura":"4 minutos"},"schema":{"@context":"https:\/\/schema.org","@graph":[{"@type":"WebPage","@id":"https:\/\/www.em.com.br\/emfoco\/2025\/11\/22\/a-cidade-ideal-para-visitar-antes-do-verao-acabar-com-clima-perfeito-e-visual-unico\/","url":"https:\/\/www.em.com.br\/emfoco\/2025\/11\/22\/a-cidade-ideal-para-visitar-antes-do-verao-acabar-com-clima-perfeito-e-visual-unico\/","name":"A cidade ideal para visitar antes do ver\u00e3o acabar com clima perfeito e visual \u00fanico - Estado de Minas - Em foco","isPartOf":{"@id":"https:\/\/www.em.com.br\/emfoco\/#website"},"primaryImageOfPage":{"@id":"https:\/\/www.em.com.br\/emfoco\/2025\/11\/22\/a-cidade-ideal-para-visitar-antes-do-verao-acabar-com-clima-perfeito-e-visual-unico\/#primaryimage"},"image":{"@id":"https:\/\/www.em.com.br\/emfoco\/2025\/11\/22\/a-cidade-ideal-para-visitar-antes-do-verao-acabar-com-clima-perfeito-e-visual-unico\/#primaryimage"},"thumbnailUrl":"https:\/\/www.em.com.br\/emfoco\/wp-content\/uploads\/2025\/11\/IA-IMG-38.jpg","datePublished":"2025-11-22T14:25:00+00:00","dateModified":"2025-11-19T21:22:13+00:00","author":{"@id":"https:\/\/www.em.com.br\/emfoco\/#\/schema\/person\/1c9ddeab18b98abeffef834667bcf08a"},"description":"Natureza exuberante, caf\u00e9s coloniais e clima fresco fazem de Domingos Martins a escolha perfeita para fechar o ver\u00e3o com charme.","breadcrumb":{"@id":"https:\/\/www.em.com.br\/emfoco\/2025\/11\/22\/a-cidade-ideal-para-visitar-antes-do-verao-acabar-com-clima-perfeito-e-visual-unico\/#breadcrumb"},"inLanguage":"pt-BR","potentialAction":[{"@type":"ReadAction","target":["https:\/\/www.em.com.br\/emfoco\/2025\/11\/22\/a-cidade-ideal-para-visitar-antes-do-verao-acabar-com-clima-perfeito-e-visual-unico\/"]}]},{"@type":"ImageObject","inLanguage":"pt-BR","@id":"https:\/\/www.em.com.br\/emfoco\/2025\/11\/22\/a-cidade-ideal-para-visitar-antes-do-verao-acabar-com-clima-perfeito-e-visual-unico\/#primaryimage","url":"https:\/\/www.em.com.br\/emfoco\/wp-content\/uploads\/2025\/11\/IA-IMG-38.jpg","contentUrl":"https:\/\/www.em.com.br\/emfoco\/wp-content\/uploads\/2025\/11\/IA-IMG-38.jpg","width":1280,"height":720,"caption":"Domingos Martins oferece clima fresco e paisagens \u00fanicas no fim do ver\u00e3o - Cr\u00e9ditos: Wikimedia Commons"},{"@type":"BreadcrumbList","@id":"https:\/\/www.em.com.br\/emfoco\/2025\/11\/22\/a-cidade-ideal-para-visitar-antes-do-verao-acabar-com-clima-perfeito-e-visual-unico\/#breadcrumb","itemListElement":[{"@type":"ListItem","position":1,"name":"In\u00edcio","item":"https:\/\/www.em.com.br\/emfoco\/"},{"@type":"ListItem","position":2,"name":"A cidade ideal para visitar antes do ver\u00e3o acabar com clima perfeito e visual \u00fanico"}]},{"@type":"WebSite","@id":"https:\/\/www.em.com.br\/emfoco\/#website","url":"https:\/\/www.em.com.br\/emfoco\/","name":"Estado de Minas - Em foco","description":"Acompanhe as \u00faltimas not\u00edcias e fique bem informado sobre tudo o que acontece em Minas Gerais, Brasil e no mundo.","potentialAction":[{"@type":"SearchAction","target":{"@type":"EntryPoint","urlTemplate":"https:\/\/www.em.com.br\/emfoco\/?s={search_term_string}"},"query-input":{"@type":"PropertyValueSpecification","valueRequired":true,"valueName":"search_term_string"}}],"inLanguage":"pt-BR"},{"@type":"Person","@id":"https:\/\/www.em.com.br\/emfoco\/#\/schema\/person\/1c9ddeab18b98abeffef834667bcf08a","name":"Gabriel Martins","image":{"@type":"ImageObject","inLanguage":"pt-BR","@id":"https:\/\/www.em.com.br\/emfoco\/#\/schema\/person\/image\/","url":"https:\/\/secure.gravatar.com\/avatar\/f0f1e2efdfd88f1ad2cb08c5c2731e50?s=96&d=mm&r=g","contentUrl":"https:\/\/secure.gravatar.com\/avatar\/f0f1e2efdfd88f1ad2cb08c5c2731e50?s=96&d=mm&r=g","caption":"Gabriel Martins"},"sameAs":["https:\/\/www.em.com.br\/emfoco\/"],"url":"https:\/\/www.em.com.br\/emfoco\/author\/gabrielmartinsmyth\/"}]}},"_links":{"self":[{"href":"https:\/\/www.em.com.br\/emfoco\/wp-json\/wp\/v2\/posts\/129755","targetHints":{"allow":["GET"]}}],"collection":[{"href":"https:\/\/www.em.com.br\/emfoco\/wp-json\/wp\/v2\/posts"}],"about":[{"href":"https:\/\/www.em.com.br\/emfoco\/wp-json\/wp\/v2\/types\/post"}],"author":[{"embeddable":true,"href":"https:\/\/www.em.com.br\/emfoco\/wp-json\/wp\/v2\/users\/13"}],"replies":[{"embeddable":true,"href":"https:\/\/www.em.com.br\/emfoco\/wp-json\/wp\/v2\/comments?post=129755"}],"version-history":[{"count":2,"href":"https:\/\/www.em.com.br\/emfoco\/wp-json\/wp\/v2\/posts\/129755\/revisions"}],"predecessor-version":[{"id":129764,"href":"https:\/\/www.em.com.br\/emfoco\/wp-json\/wp\/v2\/posts\/129755\/revisions\/129764"}],"wp:featuredmedia":[{"embeddable":true,"href":"https:\/\/www.em.com.br\/emfoco\/wp-json\/wp\/v2\/media\/129763"}],"wp:attachment":[{"href":"https:\/\/www.em.com.br\/emfoco\/wp-json\/wp\/v2\/media?parent=129755"}],"wp:term":[{"taxonomy":"category","embeddable":true,"href":"https:\/\/www.em.com.br\/emfoco\/wp-json\/wp\/v2\/categories?post=129755"},{"taxonomy":"post_tag","embeddable":true,"href":"https:\/\/www.em.com.br\/emfoco\/wp-json\/wp\/v2\/tags?post=129755"}],"curies":[{"name":"wp","href":"https:\/\/api.w.org\/{rel}","templated":true}]}}