{"id":129724,"date":"2025-11-22T12:35:00","date_gmt":"2025-11-22T15:35:00","guid":{"rendered":"https:\/\/www.em.com.br\/emfoco\/?p=129724"},"modified":"2025-11-19T18:02:12","modified_gmt":"2025-11-19T21:02:12","slug":"as-cores-de-roupas-que-te-deixam-visualmente-mais-magra-para-o-verao","status":"publish","type":"post","link":"https:\/\/www.em.com.br\/emfoco\/2025\/11\/22\/as-cores-de-roupas-que-te-deixam-visualmente-mais-magra-para-o-verao\/","title":{"rendered":"As cores de roupas que te deixam visualmente mais magra para o ver\u00e3o"},"content":{"rendered":"\n<p>Algumas cores criam a ilus\u00e3o de <strong>silhueta afinada<\/strong> no ver\u00e3o porque organizam melhor o visual, absorvem luz ou alongam a linha do corpo. A escolha certa transforma qualquer look quente em uma combina\u00e7\u00e3o leve, elegante e visualmente mais equilibrada.<\/p>\n\n\n\n<h2 class=\"wp-block-heading\">Quais cores ajudam a criar um efeito de corpo mais fino?<\/h2>\n\n\n\n<p>Os tons escuros como <strong>preto<\/strong>, <strong>marinho<\/strong>, <strong>grafite<\/strong>, <strong>verde-musgo<\/strong> e <strong>vinho <\/strong>ajudam a formar uma <strong>linha cont\u00ednua<\/strong> que suaviza volumes. Eles absorvem mais luz e reduzem contrastes, deixando a percep\u00e7\u00e3o do corpo mais uniforme mesmo em pe\u00e7as leves.<\/p>\n\n\n\n<p>Outra op\u00e7\u00e3o s\u00e3o cores neutras estrat\u00e9gicas, como bege, nude e areia, que criam um <strong>efeito alongador<\/strong> quando usadas em looks monocrom\u00e1ticos. Esses tons funcionam muito bem no ver\u00e3o porque mant\u00eam leveza sem evidenciar \u00e1reas espec\u00edficas do corpo.<\/p>\n\n\n\n<figure class=\"wp-block-image size-large\"><img loading=\"lazy\" decoding=\"async\" width=\"1024\" height=\"576\" src=\"https:\/\/www.em.com.br\/emfoco\/wp-content\/uploads\/2025\/11\/looks_emagrecem_variacao_2_1280x720-1024x576.jpg\" alt=\"As cores de roupas que te deixam visualmente mais magra para o ver\u00e3o\" class=\"wp-image-129748\" srcset=\"https:\/\/www.em.com.br\/emfoco\/wp-content\/uploads\/2025\/11\/looks_emagrecem_variacao_2_1280x720-1024x576.jpg 1024w, https:\/\/www.em.com.br\/emfoco\/wp-content\/uploads\/2025\/11\/looks_emagrecem_variacao_2_1280x720-300x169.jpg 300w, https:\/\/www.em.com.br\/emfoco\/wp-content\/uploads\/2025\/11\/looks_emagrecem_variacao_2_1280x720-768x432.jpg 768w, https:\/\/www.em.com.br\/emfoco\/wp-content\/uploads\/2025\/11\/looks_emagrecem_variacao_2_1280x720-750x422.jpg 750w, https:\/\/www.em.com.br\/emfoco\/wp-content\/uploads\/2025\/11\/looks_emagrecem_variacao_2_1280x720-1140x641.jpg 1140w, https:\/\/www.em.com.br\/emfoco\/wp-content\/uploads\/2025\/11\/looks_emagrecem_variacao_2_1280x720.jpg 1280w\" sizes=\"auto, (max-width: 1024px) 100vw, 1024px\" \/><figcaption class=\"wp-element-caption\">Tons escuros absorvem luz e suavizam volumes no visual &#8211; Cr\u00e9ditos: Lovart<\/figcaption><\/figure>\n\n\n\n<p><em>Leia mais: <strong><a href=\"https:\/\/www.em.com.br\/emfoco\/2025\/11\/17\/adeus-aos-chinelos-a-nova-tendencia-em-calcados-para-o-verao-de-2026-e-muito-mais-confortavel\/\" target=\"_blank\" rel=\"noreferrer noopener\">Adeus aos chinelos, a nova tend\u00eancia em cal\u00e7ados para o ver\u00e3o de 2026 \u00e9 muito mais confort\u00e1vel<\/a><\/strong><\/em><\/p>\n\n\n\n<h2 class=\"wp-block-heading\">Quais combina\u00e7\u00f5es potencializam o efeito das cores?<\/h2>\n\n\n\n<p>As cores certas funcionam ainda melhor quando combinadas com pe\u00e7as de corte reto ou tecidos leves que n\u00e3o marcam o corpo. Esses itens refor\u00e7am o <strong><a href=\"https:\/\/www.shop2gether.com.br\/journal\/vestido-fluido-tendencia\" target=\"_blank\" rel=\"noreferrer noopener\">caimento fluido<\/a><\/strong> e evitam o ac\u00famulo visual que encurta a silhueta. Confira na lista abaixo combina\u00e7\u00f5es que ampliam esse efeito.<\/p>\n\n\n\n<ul class=\"wp-block-list\">\n<li>Listras verticais ou decote em \u201cV\u201d, que alongam naturalmente o corpo.<\/li>\n\n\n\n<li>Pe\u00e7as monocrom\u00e1ticas para evitar quebras abruptas no visual.<\/li>\n\n\n\n<li>Roupas de alfaiataria leve, que criam estrutura sem acrescentar volume.<\/li>\n<\/ul>\n\n\n\n<h2 class=\"wp-block-heading\">Como evitar cortes visuais que diminuem a silhueta?<\/h2>\n\n\n\n<p>Contrastes fortes entre parte de cima e parte de baixo criam uma divis\u00e3o que encurta a <strong>propor\u00e7\u00e3o corporal<\/strong>. Por isso, manter a harmonia das cores ou apostar em gradientes suaves ajuda o corpo a parecer mais alongado em qualquer combina\u00e7\u00e3o de ver\u00e3o.<\/p>\n\n\n\n<p>A escolha correta do sapato tamb\u00e9m influencia bastante: tons pr\u00f3ximos ao da pele deixam as pernas mais longas e evitam interrup\u00e7\u00f5es na linha visual. Acess\u00f3rios discretos ajudam a manter o <strong>foco no alongamento<\/strong> sem adicionar peso ao look.<\/p>\n\n\n\n<figure class=\"wp-block-image size-large\"><img loading=\"lazy\" decoding=\"async\" width=\"1024\" height=\"576\" src=\"https:\/\/www.em.com.br\/emfoco\/wp-content\/uploads\/2025\/11\/looks_emagrecem_variacao_3_1280x720-1024x576.jpg\" alt=\"As cores de roupas que te deixam visualmente mais magra para o ver\u00e3o\" class=\"wp-image-129747\" srcset=\"https:\/\/www.em.com.br\/emfoco\/wp-content\/uploads\/2025\/11\/looks_emagrecem_variacao_3_1280x720-1024x576.jpg 1024w, https:\/\/www.em.com.br\/emfoco\/wp-content\/uploads\/2025\/11\/looks_emagrecem_variacao_3_1280x720-300x169.jpg 300w, https:\/\/www.em.com.br\/emfoco\/wp-content\/uploads\/2025\/11\/looks_emagrecem_variacao_3_1280x720-768x432.jpg 768w, https:\/\/www.em.com.br\/emfoco\/wp-content\/uploads\/2025\/11\/looks_emagrecem_variacao_3_1280x720-750x422.jpg 750w, https:\/\/www.em.com.br\/emfoco\/wp-content\/uploads\/2025\/11\/looks_emagrecem_variacao_3_1280x720-1140x641.jpg 1140w, https:\/\/www.em.com.br\/emfoco\/wp-content\/uploads\/2025\/11\/looks_emagrecem_variacao_3_1280x720.jpg 1280w\" sizes=\"auto, (max-width: 1024px) 100vw, 1024px\" \/><figcaption class=\"wp-element-caption\">Neutros monocrom\u00e1ticos alongam a linha corporal com eleg\u00e2ncia &#8211; Cr\u00e9ditos: Lovart<\/figcaption><\/figure>\n\n\n\n<h2 class=\"wp-block-heading\">Como transformar qualquer look de ver\u00e3o em um visual mais afinado?<\/h2>\n\n\n\n<p>Alguns ajustes simples deixam o look mais leve e elegante, fazendo com que o efeito visual das cores seja ainda mais eficiente. Com pequenas escolhas estrat\u00e9gicas, \u00e9 poss\u00edvel montar produ\u00e7\u00f5es frescas que valorizam a <strong>silhueta feminina<\/strong>. Veja na lista abaixo os pontos mais pr\u00e1ticos.<\/p>\n\n\n\n<ul class=\"wp-block-list\">\n<li>Priorize cores escuras ou neutras em conjunto com tecidos fluidos.<\/li>\n\n\n\n<li>Aposte em monocromia para criar uma linha vertical cont\u00ednua.<\/li>\n\n\n\n<li>Use sand\u00e1lias ou sapatos na cor da pele para alongar as pernas.<\/li>\n<\/ul>\n","protected":false},"excerpt":{"rendered":"<p>Algumas cores criam a ilus\u00e3o de silhueta afinada no ver\u00e3o porque organizam melhor o visual, absorvem luz ou alongam a linha do corpo. A escolha certa transforma qualquer look quente em uma combina\u00e7\u00e3o leve, elegante e visualmente mais equilibrada. Quais cores ajudam a criar um efeito de corpo mais fino? Os tons escuros como preto, [&hellip;]<\/p>\n","protected":false},"author":13,"featured_media":129746,"comment_status":"open","ping_status":"open","sticky":false,"template":"","format":"standard","meta":{"jnews-multi-image_gallery":[],"jnews_single_post":{"format":"standard"},"jnews_primary_category":[],"jnews_social_meta":[],"jnews_override_counter":[],"footnotes":""},"categories":[8819],"tags":[17301,19084,4977],"class_list":["post-129724","post","type-post","status-publish","format-standard","has-post-thumbnail","hentry","category-curiosidades","tag-cores-de-roupas","tag-cores-que-emagrecem","tag-moda"],"yoast_head":"<!-- This site is optimized with the Yoast SEO plugin v23.8 - https:\/\/yoast.com\/wordpress\/plugins\/seo\/ -->\n<title>As cores de roupas que te deixam visualmente mais magra para o ver\u00e3o - Estado de Minas - Em foco<\/title>\n<meta name=\"description\" content=\"As cores certas podem afinar a silhueta e transformar o look de ver\u00e3o com leveza, eleg\u00e2ncia e truques visuais simples de aplicar.\" \/>\n<meta name=\"robots\" content=\"index, follow, max-snippet:-1, max-image-preview:large, max-video-preview:-1\" \/>\n<link rel=\"canonical\" href=\"https:\/\/www.em.com.br\/emfoco\/2025\/11\/22\/as-cores-de-roupas-que-te-deixam-visualmente-mais-magra-para-o-verao\/\" \/>\n<meta property=\"og:locale\" content=\"pt_BR\" \/>\n<meta property=\"og:type\" content=\"article\" \/>\n<meta property=\"og:title\" content=\"As cores de roupas que te deixam visualmente mais magra para o ver\u00e3o - Estado de Minas - Em foco\" \/>\n<meta property=\"og:description\" content=\"As cores certas podem afinar a silhueta e transformar o look de ver\u00e3o com leveza, eleg\u00e2ncia e truques visuais simples de aplicar.\" \/>\n<meta property=\"og:url\" content=\"https:\/\/www.em.com.br\/emfoco\/2025\/11\/22\/as-cores-de-roupas-que-te-deixam-visualmente-mais-magra-para-o-verao\/\" \/>\n<meta property=\"og:site_name\" content=\"Estado de Minas - Em foco\" \/>\n<meta property=\"article:published_time\" content=\"2025-11-22T15:35:00+00:00\" \/>\n<meta property=\"article:modified_time\" content=\"2025-11-19T21:02:12+00:00\" \/>\n<meta property=\"og:image\" content=\"https:\/\/www.em.com.br\/emfoco\/wp-content\/uploads\/2025\/11\/looks_cores_emagrecem_verao_1280x720.jpg\" \/>\n\t<meta property=\"og:image:width\" content=\"1280\" \/>\n\t<meta property=\"og:image:height\" content=\"720\" \/>\n\t<meta property=\"og:image:type\" content=\"image\/jpeg\" \/>\n<meta name=\"author\" content=\"Gabriel Martins\" \/>\n<meta name=\"twitter:card\" content=\"summary_large_image\" \/>\n<meta name=\"twitter:label1\" content=\"Escrito por\" \/>\n\t<meta name=\"twitter:data1\" content=\"Gabriel Martins\" \/>\n\t<meta name=\"twitter:label2\" content=\"Est. tempo de leitura\" \/>\n\t<meta name=\"twitter:data2\" content=\"3 minutos\" \/>\n<!-- \/ Yoast SEO plugin. -->","yoast_head_json":{"title":"As cores de roupas que te deixam visualmente mais magra para o ver\u00e3o - Estado de Minas - Em foco","description":"As cores certas podem afinar a silhueta e transformar o look de ver\u00e3o com leveza, eleg\u00e2ncia e truques visuais simples de aplicar.","robots":{"index":"index","follow":"follow","max-snippet":"max-snippet:-1","max-image-preview":"max-image-preview:large","max-video-preview":"max-video-preview:-1"},"canonical":"https:\/\/www.em.com.br\/emfoco\/2025\/11\/22\/as-cores-de-roupas-que-te-deixam-visualmente-mais-magra-para-o-verao\/","og_locale":"pt_BR","og_type":"article","og_title":"As cores de roupas que te deixam visualmente mais magra para o ver\u00e3o - Estado de Minas - Em foco","og_description":"As cores certas podem afinar a silhueta e transformar o look de ver\u00e3o com leveza, eleg\u00e2ncia e truques visuais simples de aplicar.","og_url":"https:\/\/www.em.com.br\/emfoco\/2025\/11\/22\/as-cores-de-roupas-que-te-deixam-visualmente-mais-magra-para-o-verao\/","og_site_name":"Estado de Minas - Em foco","article_published_time":"2025-11-22T15:35:00+00:00","article_modified_time":"2025-11-19T21:02:12+00:00","og_image":[{"width":1280,"height":720,"url":"https:\/\/www.em.com.br\/emfoco\/wp-content\/uploads\/2025\/11\/looks_cores_emagrecem_verao_1280x720.jpg","type":"image\/jpeg"}],"author":"Gabriel Martins","twitter_card":"summary_large_image","twitter_misc":{"Escrito por":"Gabriel Martins","Est. tempo de leitura":"3 minutos"},"schema":{"@context":"https:\/\/schema.org","@graph":[{"@type":"WebPage","@id":"https:\/\/www.em.com.br\/emfoco\/2025\/11\/22\/as-cores-de-roupas-que-te-deixam-visualmente-mais-magra-para-o-verao\/","url":"https:\/\/www.em.com.br\/emfoco\/2025\/11\/22\/as-cores-de-roupas-que-te-deixam-visualmente-mais-magra-para-o-verao\/","name":"As cores de roupas que te deixam visualmente mais magra para o ver\u00e3o - Estado de Minas - Em foco","isPartOf":{"@id":"https:\/\/www.em.com.br\/emfoco\/#website"},"primaryImageOfPage":{"@id":"https:\/\/www.em.com.br\/emfoco\/2025\/11\/22\/as-cores-de-roupas-que-te-deixam-visualmente-mais-magra-para-o-verao\/#primaryimage"},"image":{"@id":"https:\/\/www.em.com.br\/emfoco\/2025\/11\/22\/as-cores-de-roupas-que-te-deixam-visualmente-mais-magra-para-o-verao\/#primaryimage"},"thumbnailUrl":"https:\/\/www.em.com.br\/emfoco\/wp-content\/uploads\/2025\/11\/looks_cores_emagrecem_verao_1280x720.jpg","datePublished":"2025-11-22T15:35:00+00:00","dateModified":"2025-11-19T21:02:12+00:00","author":{"@id":"https:\/\/www.em.com.br\/emfoco\/#\/schema\/person\/1c9ddeab18b98abeffef834667bcf08a"},"description":"As cores certas podem afinar a silhueta e transformar o look de ver\u00e3o com leveza, eleg\u00e2ncia e truques visuais simples de aplicar.","breadcrumb":{"@id":"https:\/\/www.em.com.br\/emfoco\/2025\/11\/22\/as-cores-de-roupas-que-te-deixam-visualmente-mais-magra-para-o-verao\/#breadcrumb"},"inLanguage":"pt-BR","potentialAction":[{"@type":"ReadAction","target":["https:\/\/www.em.com.br\/emfoco\/2025\/11\/22\/as-cores-de-roupas-que-te-deixam-visualmente-mais-magra-para-o-verao\/"]}]},{"@type":"ImageObject","inLanguage":"pt-BR","@id":"https:\/\/www.em.com.br\/emfoco\/2025\/11\/22\/as-cores-de-roupas-que-te-deixam-visualmente-mais-magra-para-o-verao\/#primaryimage","url":"https:\/\/www.em.com.br\/emfoco\/wp-content\/uploads\/2025\/11\/looks_cores_emagrecem_verao_1280x720.jpg","contentUrl":"https:\/\/www.em.com.br\/emfoco\/wp-content\/uploads\/2025\/11\/looks_cores_emagrecem_verao_1280x720.jpg","width":1280,"height":720,"caption":"Cores certas criam efeito de silhueta afinada e alongada no ver\u00e3o - Cr\u00e9ditos: Lovart"},{"@type":"BreadcrumbList","@id":"https:\/\/www.em.com.br\/emfoco\/2025\/11\/22\/as-cores-de-roupas-que-te-deixam-visualmente-mais-magra-para-o-verao\/#breadcrumb","itemListElement":[{"@type":"ListItem","position":1,"name":"In\u00edcio","item":"https:\/\/www.em.com.br\/emfoco\/"},{"@type":"ListItem","position":2,"name":"As cores de roupas que te deixam visualmente mais magra para o ver\u00e3o"}]},{"@type":"WebSite","@id":"https:\/\/www.em.com.br\/emfoco\/#website","url":"https:\/\/www.em.com.br\/emfoco\/","name":"Estado de Minas - Em foco","description":"Acompanhe as \u00faltimas not\u00edcias e fique bem informado sobre tudo o que acontece em Minas Gerais, Brasil e no mundo.","potentialAction":[{"@type":"SearchAction","target":{"@type":"EntryPoint","urlTemplate":"https:\/\/www.em.com.br\/emfoco\/?s={search_term_string}"},"query-input":{"@type":"PropertyValueSpecification","valueRequired":true,"valueName":"search_term_string"}}],"inLanguage":"pt-BR"},{"@type":"Person","@id":"https:\/\/www.em.com.br\/emfoco\/#\/schema\/person\/1c9ddeab18b98abeffef834667bcf08a","name":"Gabriel Martins","image":{"@type":"ImageObject","inLanguage":"pt-BR","@id":"https:\/\/www.em.com.br\/emfoco\/#\/schema\/person\/image\/","url":"https:\/\/secure.gravatar.com\/avatar\/f0f1e2efdfd88f1ad2cb08c5c2731e50?s=96&d=mm&r=g","contentUrl":"https:\/\/secure.gravatar.com\/avatar\/f0f1e2efdfd88f1ad2cb08c5c2731e50?s=96&d=mm&r=g","caption":"Gabriel Martins"},"sameAs":["https:\/\/www.em.com.br\/emfoco\/"],"url":"https:\/\/www.em.com.br\/emfoco\/author\/gabrielmartinsmyth\/"}]}},"_links":{"self":[{"href":"https:\/\/www.em.com.br\/emfoco\/wp-json\/wp\/v2\/posts\/129724","targetHints":{"allow":["GET"]}}],"collection":[{"href":"https:\/\/www.em.com.br\/emfoco\/wp-json\/wp\/v2\/posts"}],"about":[{"href":"https:\/\/www.em.com.br\/emfoco\/wp-json\/wp\/v2\/types\/post"}],"author":[{"embeddable":true,"href":"https:\/\/www.em.com.br\/emfoco\/wp-json\/wp\/v2\/users\/13"}],"replies":[{"embeddable":true,"href":"https:\/\/www.em.com.br\/emfoco\/wp-json\/wp\/v2\/comments?post=129724"}],"version-history":[{"count":2,"href":"https:\/\/www.em.com.br\/emfoco\/wp-json\/wp\/v2\/posts\/129724\/revisions"}],"predecessor-version":[{"id":131128,"href":"https:\/\/www.em.com.br\/emfoco\/wp-json\/wp\/v2\/posts\/129724\/revisions\/131128"}],"wp:featuredmedia":[{"embeddable":true,"href":"https:\/\/www.em.com.br\/emfoco\/wp-json\/wp\/v2\/media\/129746"}],"wp:attachment":[{"href":"https:\/\/www.em.com.br\/emfoco\/wp-json\/wp\/v2\/media?parent=129724"}],"wp:term":[{"taxonomy":"category","embeddable":true,"href":"https:\/\/www.em.com.br\/emfoco\/wp-json\/wp\/v2\/categories?post=129724"},{"taxonomy":"post_tag","embeddable":true,"href":"https:\/\/www.em.com.br\/emfoco\/wp-json\/wp\/v2\/tags?post=129724"}],"curies":[{"name":"wp","href":"https:\/\/api.w.org\/{rel}","templated":true}]}}