{"id":129721,"date":"2025-11-22T07:45:00","date_gmt":"2025-11-22T10:45:00","guid":{"rendered":"https:\/\/www.em.com.br\/emfoco\/?p=129721"},"modified":"2025-11-19T18:01:37","modified_gmt":"2025-11-19T21:01:37","slug":"fui-multado-por-som-alto-as-10-da-manha-e-nem-sabia-que-era-proibido","status":"publish","type":"post","link":"https:\/\/www.em.com.br\/emfoco\/2025\/11\/22\/fui-multado-por-som-alto-as-10-da-manha-e-nem-sabia-que-era-proibido\/","title":{"rendered":"Fui multado por som alto \u00e0s 10 da manh\u00e3 e nem sabia que era proibido"},"content":{"rendered":"\n<p>A legisla\u00e7\u00e3o brasileira prev\u00ea puni\u00e7\u00f5es para quem causa <strong>perturba\u00e7\u00e3o sonora<\/strong> mesmo em hor\u00e1rio diurno, e o caso fict\u00edcio de Seu Arlindo mostra como multas podem ocorrer quando o barulho ultrapassa limites legais e incomoda moradores de forma continuada.<\/p>\n\n\n\n<h2 class=\"wp-block-heading\">O que a lei realmente diz sobre barulho independentemente do hor\u00e1rio?<\/h2>\n\n\n\n<p>Embora muitos acreditem que somente o per\u00edodo noturno seja protegido, o <strong><a href=\"https:\/\/www.planalto.gov.br\/ccivil_03\/decreto-lei\/del3688.htm\" target=\"_blank\" rel=\"noreferrer noopener\">artigo 42 da Lei de Contraven\u00e7\u00f5es Penais<\/a><\/strong> determina que causar inc\u00f4modo com gritaria ou abuso de instrumentos sonoros \u00e9 infra\u00e7\u00e3o a qualquer hora, desde que o ru\u00eddo perturbe o sossego de terceiros.<\/p>\n\n\n\n<p>No caso de Seu Arlindo, as reclama\u00e7\u00f5es surgiram porque ele mantinha m\u00fasica alta diariamente, gerando <strong>transtorno comunit\u00e1rio<\/strong>. Assim, a multa ocorreu n\u00e3o pelo hor\u00e1rio, mas pela intensidade do som que ultrapassava limites aceit\u00e1veis no condom\u00ednio e na vizinhan\u00e7a.<\/p>\n\n\n\n<figure class=\"wp-block-image size-large\"><img loading=\"lazy\" decoding=\"async\" width=\"1024\" height=\"576\" src=\"https:\/\/www.em.com.br\/emfoco\/wp-content\/uploads\/2025\/11\/Lei_1763584755544-1024x576.jpg\" alt=\"Fui multado por som alto \u00e0s 10 da manh\u00e3 e nem sabia que era proibido\" class=\"wp-image-129735\" srcset=\"https:\/\/www.em.com.br\/emfoco\/wp-content\/uploads\/2025\/11\/Lei_1763584755544-1024x576.jpg 1024w, https:\/\/www.em.com.br\/emfoco\/wp-content\/uploads\/2025\/11\/Lei_1763584755544-300x169.jpg 300w, https:\/\/www.em.com.br\/emfoco\/wp-content\/uploads\/2025\/11\/Lei_1763584755544-768x432.jpg 768w, https:\/\/www.em.com.br\/emfoco\/wp-content\/uploads\/2025\/11\/Lei_1763584755544-750x422.jpg 750w, https:\/\/www.em.com.br\/emfoco\/wp-content\/uploads\/2025\/11\/Lei_1763584755544-1140x641.jpg 1140w, https:\/\/www.em.com.br\/emfoco\/wp-content\/uploads\/2025\/11\/Lei_1763584755544.jpg 1280w\" sizes=\"auto, (max-width: 1024px) 100vw, 1024px\" \/><figcaption class=\"wp-element-caption\">Artigo 42 pune ru\u00eddos que perturbam o sossego a qualquer hora &#8211; Cr\u00e9ditos: depositphotos.com \/ JanPietruszka<\/figcaption><\/figure>\n\n\n\n<h2 class=\"wp-block-heading\">Quais situa\u00e7\u00f5es podem gerar multa mesmo no per\u00edodo diurno?<\/h2>\n\n\n\n<p>Al\u00e9m da legisla\u00e7\u00e3o federal, cidades possuem normas espec\u00edficas que estabelecem limites de <strong>decib\u00e9is permitidos<\/strong> durante o dia. Abaixo, est\u00e3o exemplos de situa\u00e7\u00f5es que costumam resultar em autua\u00e7\u00f5es ap\u00f3s den\u00fancias ou vistorias.<\/p>\n\n\n\n<ul class=\"wp-block-list\">\n<li>Som acima dos limites previstos nos C\u00f3digos de Posturas municipais.<\/li>\n\n\n\n<li>Reincid\u00eancia de queixas registradas por vizinhos ou administra\u00e7\u00e3o.<\/li>\n\n\n\n<li>Ru\u00eddos que inviabilizam o <strong>sossego p\u00fablico<\/strong> mesmo em hor\u00e1rios permitidos.<\/li>\n<\/ul>\n\n\n\n<p><em>Leia mais: <strong><a href=\"https:\/\/www.em.com.br\/emfoco\/2025\/11\/19\/lei-minas-inteligente-usam-a-inteligencia-artificial-para-melhorar-a-cidade\/\" target=\"_blank\" rel=\"noreferrer noopener\">Lei Minas Inteligente usam a intelig\u00eancia artificial para melhorar a cidade<\/a><\/strong><\/em><\/p>\n\n\n\n<h2 class=\"wp-block-heading\">Como os C\u00f3digos de Posturas definem os limites de ru\u00eddo?<\/h2>\n\n\n\n<p>Cidades como <strong>S\u00e3o Paulo <\/strong>e <strong>Belo Horizonte<\/strong> possuem regras pr\u00f3prias que fixam \u00edndices de <strong>decib\u00e9is<\/strong> para atividades dom\u00e9sticas. Em S\u00e3o Paulo, a <strong>Lei n\u00ba 16.402\/2016<\/strong> orienta n\u00edveis aceitos, enquanto Belo Horizonte segue a <strong>Lei n\u00ba 8.616\/2003<\/strong> para controlar polui\u00e7\u00e3o sonora.<\/p>\n\n\n\n<p>Esses par\u00e2metros ajudam a fiscaliza\u00e7\u00e3o a determinar quando h\u00e1 <strong>excesso de ru\u00eddo<\/strong>. Caso os limites sejam ultrapassados, o munic\u00edpio pode emitir advert\u00eancias, realizar vistorias t\u00e9cnicas e aplicar multas, especialmente diante de reincid\u00eancia comprovada.<\/p>\n\n\n\n<figure class=\"wp-block-image size-large\"><img loading=\"lazy\" decoding=\"async\" width=\"1024\" height=\"576\" src=\"https:\/\/www.em.com.br\/emfoco\/wp-content\/uploads\/2025\/11\/IA-IMG-1-25-1024x576.jpg\" alt=\"Fui multado por som alto \u00e0s 10 da manh\u00e3 e nem sabia que era proibido\" class=\"wp-image-129736\" srcset=\"https:\/\/www.em.com.br\/emfoco\/wp-content\/uploads\/2025\/11\/IA-IMG-1-25-1024x576.jpg 1024w, https:\/\/www.em.com.br\/emfoco\/wp-content\/uploads\/2025\/11\/IA-IMG-1-25-300x169.jpg 300w, https:\/\/www.em.com.br\/emfoco\/wp-content\/uploads\/2025\/11\/IA-IMG-1-25-768x432.jpg 768w, https:\/\/www.em.com.br\/emfoco\/wp-content\/uploads\/2025\/11\/IA-IMG-1-25-750x422.jpg 750w, https:\/\/www.em.com.br\/emfoco\/wp-content\/uploads\/2025\/11\/IA-IMG-1-25-1140x641.jpg 1140w, https:\/\/www.em.com.br\/emfoco\/wp-content\/uploads\/2025\/11\/IA-IMG-1-25.jpg 1280w\" sizes=\"auto, (max-width: 1024px) 100vw, 1024px\" \/><figcaption class=\"wp-element-caption\">Reincid\u00eancia de queixas aumenta a chance de autua\u00e7\u00e3o imediata &#8211; Cr\u00e9ditos: Lovart<\/figcaption><\/figure>\n\n\n\n<h2 class=\"wp-block-heading\">Quais medidas evitam multas e como ocorre a fiscaliza\u00e7\u00e3o?<\/h2>\n\n\n\n<p>A fiscaliza\u00e7\u00e3o \u00e9 acionada ap\u00f3s den\u00fancia, e t\u00e9cnicos avaliam se o volume configura <strong>perturba\u00e7\u00e3o<\/strong>. Entender as normas e o regulamento interno do condom\u00ednio ajuda a evitar problemas como o de Seu Arlindo, que ultrapassou limites previstos em lei.<\/p>\n\n\n\n<ul class=\"wp-block-list\">\n<li>Verificar limites de ru\u00eddo definidos pelo munic\u00edpio.<\/li>\n\n\n\n<li>Respeitar regras de sil\u00eancio do condom\u00ednio.<\/li>\n\n\n\n<li>Controlar equipamentos sonoros para evitar <strong>inc\u00f4modo<\/strong> aos vizinhos.<\/li>\n<\/ul>\n","protected":false},"excerpt":{"rendered":"<p>A legisla\u00e7\u00e3o brasileira prev\u00ea puni\u00e7\u00f5es para quem causa perturba\u00e7\u00e3o sonora mesmo em hor\u00e1rio diurno, e o caso fict\u00edcio de Seu Arlindo mostra como multas podem ocorrer quando o barulho ultrapassa limites legais e incomoda moradores de forma continuada. O que a lei realmente diz sobre barulho independentemente do hor\u00e1rio? Embora muitos acreditem que somente o [&hellip;]<\/p>\n","protected":false},"author":13,"featured_media":129734,"comment_status":"open","ping_status":"open","sticky":false,"template":"","format":"standard","meta":{"jnews-multi-image_gallery":[],"jnews_single_post":{"format":"standard"},"jnews_primary_category":[],"jnews_social_meta":[],"jnews_override_counter":[],"footnotes":""},"categories":[8819],"tags":[19079,9442,19078],"class_list":["post-129721","post","type-post","status-publish","format-standard","has-post-thumbnail","hentry","category-curiosidades","tag-leis-brasileiras","tag-multa","tag-som-alto"],"yoast_head":"<!-- This site is optimized with the Yoast SEO plugin v23.8 - https:\/\/yoast.com\/wordpress\/plugins\/seo\/ -->\n<title>Fui multado por som alto \u00e0s 10 da manh\u00e3 e nem sabia que era proibido - Estado de Minas - Em foco<\/title>\n<meta name=\"description\" content=\"Mesmo durante o dia, som alto pode gerar multa se ultrapassar limites legais e incomodar vizinhos com frequ\u00eancia ou intensidade.\" \/>\n<meta name=\"robots\" content=\"index, follow, max-snippet:-1, max-image-preview:large, max-video-preview:-1\" \/>\n<link rel=\"canonical\" href=\"https:\/\/www.em.com.br\/emfoco\/2025\/11\/22\/fui-multado-por-som-alto-as-10-da-manha-e-nem-sabia-que-era-proibido\/\" \/>\n<meta property=\"og:locale\" content=\"pt_BR\" \/>\n<meta property=\"og:type\" content=\"article\" \/>\n<meta property=\"og:title\" content=\"Fui multado por som alto \u00e0s 10 da manh\u00e3 e nem sabia que era proibido - Estado de Minas - Em foco\" \/>\n<meta property=\"og:description\" content=\"Mesmo durante o dia, som alto pode gerar multa se ultrapassar limites legais e incomodar vizinhos com frequ\u00eancia ou intensidade.\" \/>\n<meta property=\"og:url\" content=\"https:\/\/www.em.com.br\/emfoco\/2025\/11\/22\/fui-multado-por-som-alto-as-10-da-manha-e-nem-sabia-que-era-proibido\/\" \/>\n<meta property=\"og:site_name\" content=\"Estado de Minas - Em foco\" \/>\n<meta property=\"article:published_time\" content=\"2025-11-22T10:45:00+00:00\" \/>\n<meta property=\"article:modified_time\" content=\"2025-11-19T21:01:37+00:00\" \/>\n<meta property=\"og:image\" content=\"https:\/\/www.em.com.br\/emfoco\/wp-content\/uploads\/2025\/11\/IA-IMG-36.jpg\" \/>\n\t<meta property=\"og:image:width\" content=\"1280\" \/>\n\t<meta property=\"og:image:height\" content=\"720\" \/>\n\t<meta property=\"og:image:type\" content=\"image\/jpeg\" \/>\n<meta name=\"author\" content=\"Gabriel Martins\" \/>\n<meta name=\"twitter:card\" content=\"summary_large_image\" \/>\n<meta name=\"twitter:label1\" content=\"Escrito por\" \/>\n\t<meta name=\"twitter:data1\" content=\"Gabriel Martins\" \/>\n\t<meta name=\"twitter:label2\" content=\"Est. tempo de leitura\" \/>\n\t<meta name=\"twitter:data2\" content=\"3 minutos\" \/>\n<!-- \/ Yoast SEO plugin. -->","yoast_head_json":{"title":"Fui multado por som alto \u00e0s 10 da manh\u00e3 e nem sabia que era proibido - Estado de Minas - Em foco","description":"Mesmo durante o dia, som alto pode gerar multa se ultrapassar limites legais e incomodar vizinhos com frequ\u00eancia ou intensidade.","robots":{"index":"index","follow":"follow","max-snippet":"max-snippet:-1","max-image-preview":"max-image-preview:large","max-video-preview":"max-video-preview:-1"},"canonical":"https:\/\/www.em.com.br\/emfoco\/2025\/11\/22\/fui-multado-por-som-alto-as-10-da-manha-e-nem-sabia-que-era-proibido\/","og_locale":"pt_BR","og_type":"article","og_title":"Fui multado por som alto \u00e0s 10 da manh\u00e3 e nem sabia que era proibido - Estado de Minas - Em foco","og_description":"Mesmo durante o dia, som alto pode gerar multa se ultrapassar limites legais e incomodar vizinhos com frequ\u00eancia ou intensidade.","og_url":"https:\/\/www.em.com.br\/emfoco\/2025\/11\/22\/fui-multado-por-som-alto-as-10-da-manha-e-nem-sabia-que-era-proibido\/","og_site_name":"Estado de Minas - Em foco","article_published_time":"2025-11-22T10:45:00+00:00","article_modified_time":"2025-11-19T21:01:37+00:00","og_image":[{"width":1280,"height":720,"url":"https:\/\/www.em.com.br\/emfoco\/wp-content\/uploads\/2025\/11\/IA-IMG-36.jpg","type":"image\/jpeg"}],"author":"Gabriel Martins","twitter_card":"summary_large_image","twitter_misc":{"Escrito por":"Gabriel Martins","Est. tempo de leitura":"3 minutos"},"schema":{"@context":"https:\/\/schema.org","@graph":[{"@type":"WebPage","@id":"https:\/\/www.em.com.br\/emfoco\/2025\/11\/22\/fui-multado-por-som-alto-as-10-da-manha-e-nem-sabia-que-era-proibido\/","url":"https:\/\/www.em.com.br\/emfoco\/2025\/11\/22\/fui-multado-por-som-alto-as-10-da-manha-e-nem-sabia-que-era-proibido\/","name":"Fui multado por som alto \u00e0s 10 da manh\u00e3 e nem sabia que era proibido - Estado de Minas - Em foco","isPartOf":{"@id":"https:\/\/www.em.com.br\/emfoco\/#website"},"primaryImageOfPage":{"@id":"https:\/\/www.em.com.br\/emfoco\/2025\/11\/22\/fui-multado-por-som-alto-as-10-da-manha-e-nem-sabia-que-era-proibido\/#primaryimage"},"image":{"@id":"https:\/\/www.em.com.br\/emfoco\/2025\/11\/22\/fui-multado-por-som-alto-as-10-da-manha-e-nem-sabia-que-era-proibido\/#primaryimage"},"thumbnailUrl":"https:\/\/www.em.com.br\/emfoco\/wp-content\/uploads\/2025\/11\/IA-IMG-36.jpg","datePublished":"2025-11-22T10:45:00+00:00","dateModified":"2025-11-19T21:01:37+00:00","author":{"@id":"https:\/\/www.em.com.br\/emfoco\/#\/schema\/person\/1c9ddeab18b98abeffef834667bcf08a"},"description":"Mesmo durante o dia, som alto pode gerar multa se ultrapassar limites legais e incomodar vizinhos com frequ\u00eancia ou intensidade.","breadcrumb":{"@id":"https:\/\/www.em.com.br\/emfoco\/2025\/11\/22\/fui-multado-por-som-alto-as-10-da-manha-e-nem-sabia-que-era-proibido\/#breadcrumb"},"inLanguage":"pt-BR","potentialAction":[{"@type":"ReadAction","target":["https:\/\/www.em.com.br\/emfoco\/2025\/11\/22\/fui-multado-por-som-alto-as-10-da-manha-e-nem-sabia-que-era-proibido\/"]}]},{"@type":"ImageObject","inLanguage":"pt-BR","@id":"https:\/\/www.em.com.br\/emfoco\/2025\/11\/22\/fui-multado-por-som-alto-as-10-da-manha-e-nem-sabia-que-era-proibido\/#primaryimage","url":"https:\/\/www.em.com.br\/emfoco\/wp-content\/uploads\/2025\/11\/IA-IMG-36.jpg","contentUrl":"https:\/\/www.em.com.br\/emfoco\/wp-content\/uploads\/2025\/11\/IA-IMG-36.jpg","width":1280,"height":720,"caption":"Barulho excessivo pode gerar multa mesmo durante o dia, conforme a lei - Cr\u00e9ditos: Lovart"},{"@type":"BreadcrumbList","@id":"https:\/\/www.em.com.br\/emfoco\/2025\/11\/22\/fui-multado-por-som-alto-as-10-da-manha-e-nem-sabia-que-era-proibido\/#breadcrumb","itemListElement":[{"@type":"ListItem","position":1,"name":"In\u00edcio","item":"https:\/\/www.em.com.br\/emfoco\/"},{"@type":"ListItem","position":2,"name":"Fui multado por som alto \u00e0s 10 da manh\u00e3 e nem sabia que era proibido"}]},{"@type":"WebSite","@id":"https:\/\/www.em.com.br\/emfoco\/#website","url":"https:\/\/www.em.com.br\/emfoco\/","name":"Estado de Minas - Em foco","description":"Acompanhe as \u00faltimas not\u00edcias e fique bem informado sobre tudo o que acontece em Minas Gerais, Brasil e no mundo.","potentialAction":[{"@type":"SearchAction","target":{"@type":"EntryPoint","urlTemplate":"https:\/\/www.em.com.br\/emfoco\/?s={search_term_string}"},"query-input":{"@type":"PropertyValueSpecification","valueRequired":true,"valueName":"search_term_string"}}],"inLanguage":"pt-BR"},{"@type":"Person","@id":"https:\/\/www.em.com.br\/emfoco\/#\/schema\/person\/1c9ddeab18b98abeffef834667bcf08a","name":"Gabriel Martins","image":{"@type":"ImageObject","inLanguage":"pt-BR","@id":"https:\/\/www.em.com.br\/emfoco\/#\/schema\/person\/image\/","url":"https:\/\/secure.gravatar.com\/avatar\/f0f1e2efdfd88f1ad2cb08c5c2731e50?s=96&d=mm&r=g","contentUrl":"https:\/\/secure.gravatar.com\/avatar\/f0f1e2efdfd88f1ad2cb08c5c2731e50?s=96&d=mm&r=g","caption":"Gabriel Martins"},"sameAs":["https:\/\/www.em.com.br\/emfoco\/"],"url":"https:\/\/www.em.com.br\/emfoco\/author\/gabrielmartinsmyth\/"}]}},"_links":{"self":[{"href":"https:\/\/www.em.com.br\/emfoco\/wp-json\/wp\/v2\/posts\/129721","targetHints":{"allow":["GET"]}}],"collection":[{"href":"https:\/\/www.em.com.br\/emfoco\/wp-json\/wp\/v2\/posts"}],"about":[{"href":"https:\/\/www.em.com.br\/emfoco\/wp-json\/wp\/v2\/types\/post"}],"author":[{"embeddable":true,"href":"https:\/\/www.em.com.br\/emfoco\/wp-json\/wp\/v2\/users\/13"}],"replies":[{"embeddable":true,"href":"https:\/\/www.em.com.br\/emfoco\/wp-json\/wp\/v2\/comments?post=129721"}],"version-history":[{"count":1,"href":"https:\/\/www.em.com.br\/emfoco\/wp-json\/wp\/v2\/posts\/129721\/revisions"}],"predecessor-version":[{"id":129737,"href":"https:\/\/www.em.com.br\/emfoco\/wp-json\/wp\/v2\/posts\/129721\/revisions\/129737"}],"wp:featuredmedia":[{"embeddable":true,"href":"https:\/\/www.em.com.br\/emfoco\/wp-json\/wp\/v2\/media\/129734"}],"wp:attachment":[{"href":"https:\/\/www.em.com.br\/emfoco\/wp-json\/wp\/v2\/media?parent=129721"}],"wp:term":[{"taxonomy":"category","embeddable":true,"href":"https:\/\/www.em.com.br\/emfoco\/wp-json\/wp\/v2\/categories?post=129721"},{"taxonomy":"post_tag","embeddable":true,"href":"https:\/\/www.em.com.br\/emfoco\/wp-json\/wp\/v2\/tags?post=129721"}],"curies":[{"name":"wp","href":"https:\/\/api.w.org\/{rel}","templated":true}]}}