{"id":12965,"date":"2025-01-23T11:20:09","date_gmt":"2025-01-23T14:20:09","guid":{"rendered":"https:\/\/www.em.com.br\/emfoco\/?p=12965"},"modified":"2025-01-23T00:45:55","modified_gmt":"2025-01-23T03:45:55","slug":"o-que-mudou-no-seguro-desemprego-em-2025","status":"publish","type":"post","link":"https:\/\/www.em.com.br\/emfoco\/2025\/01\/23\/o-que-mudou-no-seguro-desemprego-em-2025\/","title":{"rendered":"O que mudou no seguro-desemprego em 2025?"},"content":{"rendered":"\n<p>O <a href=\"https:\/\/www.gov.br\/pt-br\" target=\"_blank\" rel=\"noreferrer noopener\">governo <\/a>brasileiro anunciou altera\u00e7\u00f5es significativas no seguro-desemprego a partir de 2025. As <a href=\"https:\/\/www.em.com.br\/emfoco\/2025\/01\/20\/atencao-beneficiarios-mudancas-no-bpc-podem-te-afetar\/\" target=\"_blank\" rel=\"noreferrer noopener\">mudan\u00e7as <\/a>visam proporcionar um suporte financeiro mais robusto para aqueles que perderam seus empregos, adaptando o benef\u00edcio \u00e0s condi\u00e7\u00f5es econ\u00f4micas atuais. A reestrutura\u00e7\u00e3o envolve um novo teto m\u00e1ximo para o valor do benef\u00edcio, um ajuste no valor m\u00ednimo recebido, e uma nova f\u00f3rmula de c\u00e1lculo baseada em faixas salariais.<\/p>\n\n\n\n<p>Com o aumento do valor do seguro-desemprego, trabalhadores que foram demitidos de forma inesperada poder\u00e3o contar com um aux\u00edlio mais significativo. Essa medida n\u00e3o apenas busca amenizar o impacto do desemprego na vida profissional dos brasileiros, mas tamb\u00e9m fortalecer sua capacidade de compra durante esse per\u00edodo de transi\u00e7\u00e3o.<\/p>\n\n\n<div class=\"wp-block-image\">\n<figure class=\"aligncenter size-large\"><img loading=\"lazy\" decoding=\"async\" width=\"1024\" height=\"576\" src=\"https:\/\/www.em.com.br\/emfoco\/wp-content\/uploads\/2024\/12\/Banco-do-Brasil_1734461359873-1024x576.jpg\" alt=\"\" class=\"wp-image-5452\" srcset=\"https:\/\/www.em.com.br\/emfoco\/wp-content\/uploads\/2024\/12\/Banco-do-Brasil_1734461359873-1024x576.jpg 1024w, https:\/\/www.em.com.br\/emfoco\/wp-content\/uploads\/2024\/12\/Banco-do-Brasil_1734461359873-300x169.jpg 300w, https:\/\/www.em.com.br\/emfoco\/wp-content\/uploads\/2024\/12\/Banco-do-Brasil_1734461359873-768x432.jpg 768w, https:\/\/www.em.com.br\/emfoco\/wp-content\/uploads\/2024\/12\/Banco-do-Brasil_1734461359873-750x422.jpg 750w, https:\/\/www.em.com.br\/emfoco\/wp-content\/uploads\/2024\/12\/Banco-do-Brasil_1734461359873-1140x641.jpg 1140w, https:\/\/www.em.com.br\/emfoco\/wp-content\/uploads\/2024\/12\/Banco-do-Brasil_1734461359873.jpg 1280w\" sizes=\"auto, (max-width: 1024px) 100vw, 1024px\" \/><figcaption class=\"wp-element-caption\">Dinheiro Extra &#8211; Cr\u00e9ditos: depositphotos.com \/ rmcarvalhobsb<\/figcaption><\/figure><\/div>\n\n\n<h2 class=\"wp-block-heading\">O que mudou para os trabalhadores demitidos?<\/h2>\n\n\n\n<p>O reajuste do seguro-desemprego inclui v\u00e1rias mudan\u00e7as importantes. O novo teto do seguro estabelecido foi elevado para R$ 2.424,11, ampliando o horizonte para trabalhadores que anteriormente recebiam sal\u00e1rios mais elevados. Al\u00e9m disso, nenhum benefici\u00e1rio deve receber menos que R$ 1.518,00, alinhando-se ao valor do sal\u00e1rio m\u00ednimo em vigor em 2025.<\/p>\n\n\n\n<p>As novas diretrizes tamb\u00e9m introduziram uma tabela de c\u00e1lculo atualizada, que considera as diferentes faixas salariais dos trabalhadores. Essa tabela visa garantir que o benef\u00edcio recebido seja proporcional \u00e0 \u00faltima renda do trabalhador, ajustando o aux\u00edlio \u00e0s realidades financeiras individuais.<\/p>\n\n\n\n<h2 class=\"wp-block-heading\">Quem possui direito ao benef\u00edcio?<\/h2>\n\n\n\n<p>Para ser eleg\u00edvel ao seguro-desemprego, os trabalhadores precisam cumprir certos crit\u00e9rios. Inicialmente, a demiss\u00e3o deve ter ocorrido sem justa causa e o solicitante deve estar efetivamente desempregado ao requerer o benef\u00edcio. Al\u00e9m disso, \u00e9 necess\u00e1rio comprovar um per\u00edodo m\u00ednimo de trabalho formal, com carteira assinada, de 12 meses nos \u00faltimos 18 meses antes da demiss\u00e3o.<\/p>\n\n\n\n<ul class=\"wp-block-list\">\n<li>N\u00e3o ter fontes de renda adicionais para sustento pr\u00f3prio e familiar \u00e9 outro requisito essencial.<\/li>\n\n\n\n<li>O candidato ao benef\u00edcio tamb\u00e9m n\u00e3o pode estar recebendo outros tipos de benef\u00edcios previdenci\u00e1rios, como pens\u00e3o por morte ou aux\u00edlio-acidente.<\/li>\n<\/ul>\n\n\n\n<h2 class=\"wp-block-heading\">Como solicitar o seguro-desemprego?<\/h2>\n\n\n\n<p>Para solicitar o seguro-desemprego, h\u00e1 duas formas principais dispon\u00edveis: a op\u00e7\u00e3o presencial e a online. Pela via presencial, o trabalhador pode se dirigir \u00e0s Superintend\u00eancias Regionais do Trabalho e Emprego (SRTEs) ou \u00e0s unidades do Sistema Nacional de Emprego (SINE). J\u00e1 para aqueles que preferem a conveni\u00eancia do digital, \u00e9 poss\u00edvel realizar todo o processo atrav\u00e9s do Portal Gov.br ou do aplicativo Carteira de Trabalho Digital.<\/p>\n\n\n\n<h2 class=\"wp-block-heading\">O que motivou o reajuste no seguro-desemprego?<\/h2>\n\n\n\n<p>O ajuste no valor do seguro-desemprego reflete uma tentativa de garantir um padr\u00e3o b\u00e1sico de vida para trabalhadores que perderam suas fontes de renda. Al\u00e9m de representar um aux\u00edlio essencial para esses indiv\u00edduos, a medida tamb\u00e9m visa estimular a economia nacional ao aumentar o poder de compra desses cidad\u00e3os. Isto representa um passo importante no apoio \u00e0 estabilidade financeira e ao bem-estar dos trabalhadores ativos no mercado de trabalho.<\/p>\n","protected":false},"excerpt":{"rendered":"<p>O governo brasileiro anunciou altera\u00e7\u00f5es significativas no seguro-desemprego a partir de 2025. As mudan\u00e7as visam proporcionar um suporte financeiro mais robusto para aqueles que perderam seus empregos, adaptando o benef\u00edcio \u00e0s condi\u00e7\u00f5es econ\u00f4micas atuais. A reestrutura\u00e7\u00e3o envolve um novo teto m\u00e1ximo para o valor do benef\u00edcio, um ajuste no valor m\u00ednimo recebido, e uma nova [&hellip;]<\/p>\n","protected":false},"author":7,"featured_media":2995,"comment_status":"open","ping_status":"open","sticky":false,"template":"","format":"standard","meta":{"jnews-multi-image_gallery":[],"jnews_single_post":{"format":"standard"},"jnews_primary_category":[],"jnews_social_meta":[],"jnews_override_counter":[],"footnotes":""},"categories":[28,1],"tags":[158,1832,4015],"class_list":["post-12965","post","type-post","status-publish","format-standard","has-post-thumbnail","hentry","category-economia","category-noticias","tag-brasil","tag-seguro-desemprego","tag-trabalhadores-demitidos"],"yoast_head":"<!-- This site is optimized with the Yoast SEO plugin v23.8 - https:\/\/yoast.com\/wordpress\/plugins\/seo\/ -->\n<title>O que mudou no seguro-desemprego em 2025? - Estado de Minas - Em foco<\/title>\n<meta name=\"description\" content=\"Leia sobre as novas mudan\u00e7as no seguro desemprego no Brasil em 2025: novo teto, valor m\u00ednimo e mais.\" \/>\n<meta name=\"robots\" content=\"index, follow, max-snippet:-1, max-image-preview:large, max-video-preview:-1\" \/>\n<link rel=\"canonical\" href=\"https:\/\/www.em.com.br\/emfoco\/2025\/01\/23\/o-que-mudou-no-seguro-desemprego-em-2025\/\" \/>\n<meta property=\"og:locale\" content=\"pt_BR\" \/>\n<meta property=\"og:type\" content=\"article\" \/>\n<meta property=\"og:title\" content=\"O que mudou no seguro-desemprego em 2025? - Estado de Minas - Em foco\" \/>\n<meta property=\"og:description\" content=\"Leia sobre as novas mudan\u00e7as no seguro desemprego no Brasil em 2025: novo teto, valor m\u00ednimo e mais.\" \/>\n<meta property=\"og:url\" content=\"https:\/\/www.em.com.br\/emfoco\/2025\/01\/23\/o-que-mudou-no-seguro-desemprego-em-2025\/\" \/>\n<meta property=\"og:site_name\" content=\"Estado de Minas - Em foco\" \/>\n<meta property=\"article:published_time\" content=\"2025-01-23T14:20:09+00:00\" \/>\n<meta property=\"article:modified_time\" content=\"2025-01-23T03:45:55+00:00\" \/>\n<meta property=\"og:image\" content=\"https:\/\/www.em.com.br\/emfoco\/wp-content\/uploads\/2024\/12\/proteger-dinheiro_1733244772310.jpg\" \/>\n\t<meta property=\"og:image:width\" content=\"1280\" \/>\n\t<meta property=\"og:image:height\" content=\"720\" \/>\n\t<meta property=\"og:image:type\" content=\"image\/jpeg\" \/>\n<meta name=\"author\" content=\"Kelvin\" \/>\n<meta name=\"twitter:card\" content=\"summary_large_image\" \/>\n<meta name=\"twitter:label1\" content=\"Escrito por\" \/>\n\t<meta name=\"twitter:data1\" content=\"Kelvin\" \/>\n\t<meta name=\"twitter:label2\" content=\"Est. tempo de leitura\" \/>\n\t<meta name=\"twitter:data2\" content=\"3 minutos\" \/>\n<!-- \/ Yoast SEO plugin. -->","yoast_head_json":{"title":"O que mudou no seguro-desemprego em 2025? - Estado de Minas - Em foco","description":"Leia sobre as novas mudan\u00e7as no seguro desemprego no Brasil em 2025: novo teto, valor m\u00ednimo e mais.","robots":{"index":"index","follow":"follow","max-snippet":"max-snippet:-1","max-image-preview":"max-image-preview:large","max-video-preview":"max-video-preview:-1"},"canonical":"https:\/\/www.em.com.br\/emfoco\/2025\/01\/23\/o-que-mudou-no-seguro-desemprego-em-2025\/","og_locale":"pt_BR","og_type":"article","og_title":"O que mudou no seguro-desemprego em 2025? - Estado de Minas - Em foco","og_description":"Leia sobre as novas mudan\u00e7as no seguro desemprego no Brasil em 2025: novo teto, valor m\u00ednimo e mais.","og_url":"https:\/\/www.em.com.br\/emfoco\/2025\/01\/23\/o-que-mudou-no-seguro-desemprego-em-2025\/","og_site_name":"Estado de Minas - Em foco","article_published_time":"2025-01-23T14:20:09+00:00","article_modified_time":"2025-01-23T03:45:55+00:00","og_image":[{"width":1280,"height":720,"url":"https:\/\/www.em.com.br\/emfoco\/wp-content\/uploads\/2024\/12\/proteger-dinheiro_1733244772310.jpg","type":"image\/jpeg"}],"author":"Kelvin","twitter_card":"summary_large_image","twitter_misc":{"Escrito por":"Kelvin","Est. tempo de leitura":"3 minutos"},"schema":{"@context":"https:\/\/schema.org","@graph":[{"@type":"WebPage","@id":"https:\/\/www.em.com.br\/emfoco\/2025\/01\/23\/o-que-mudou-no-seguro-desemprego-em-2025\/","url":"https:\/\/www.em.com.br\/emfoco\/2025\/01\/23\/o-que-mudou-no-seguro-desemprego-em-2025\/","name":"O que mudou no seguro-desemprego em 2025? - Estado de Minas - Em foco","isPartOf":{"@id":"https:\/\/www.em.com.br\/emfoco\/#website"},"primaryImageOfPage":{"@id":"https:\/\/www.em.com.br\/emfoco\/2025\/01\/23\/o-que-mudou-no-seguro-desemprego-em-2025\/#primaryimage"},"image":{"@id":"https:\/\/www.em.com.br\/emfoco\/2025\/01\/23\/o-que-mudou-no-seguro-desemprego-em-2025\/#primaryimage"},"thumbnailUrl":"https:\/\/www.em.com.br\/emfoco\/wp-content\/uploads\/2024\/12\/proteger-dinheiro_1733244772310.jpg","datePublished":"2025-01-23T14:20:09+00:00","dateModified":"2025-01-23T03:45:55+00:00","author":{"@id":"https:\/\/www.em.com.br\/emfoco\/#\/schema\/person\/fb0a7f48c6fbb94b83f413a80f61917d"},"description":"Leia sobre as novas mudan\u00e7as no seguro desemprego no Brasil em 2025: novo teto, valor m\u00ednimo e mais.","breadcrumb":{"@id":"https:\/\/www.em.com.br\/emfoco\/2025\/01\/23\/o-que-mudou-no-seguro-desemprego-em-2025\/#breadcrumb"},"inLanguage":"pt-BR","potentialAction":[{"@type":"ReadAction","target":["https:\/\/www.em.com.br\/emfoco\/2025\/01\/23\/o-que-mudou-no-seguro-desemprego-em-2025\/"]}]},{"@type":"ImageObject","inLanguage":"pt-BR","@id":"https:\/\/www.em.com.br\/emfoco\/2025\/01\/23\/o-que-mudou-no-seguro-desemprego-em-2025\/#primaryimage","url":"https:\/\/www.em.com.br\/emfoco\/wp-content\/uploads\/2024\/12\/proteger-dinheiro_1733244772310.jpg","contentUrl":"https:\/\/www.em.com.br\/emfoco\/wp-content\/uploads\/2024\/12\/proteger-dinheiro_1733244772310.jpg","width":1280,"height":720,"caption":"proteger dinheiro - Cr\u00e9ditos: depositphotos.com \/ Rangizzz"},{"@type":"BreadcrumbList","@id":"https:\/\/www.em.com.br\/emfoco\/2025\/01\/23\/o-que-mudou-no-seguro-desemprego-em-2025\/#breadcrumb","itemListElement":[{"@type":"ListItem","position":1,"name":"In\u00edcio","item":"https:\/\/www.em.com.br\/emfoco\/"},{"@type":"ListItem","position":2,"name":"O que mudou no seguro-desemprego em 2025?"}]},{"@type":"WebSite","@id":"https:\/\/www.em.com.br\/emfoco\/#website","url":"https:\/\/www.em.com.br\/emfoco\/","name":"Estado de Minas - Em foco","description":"Acompanhe as \u00faltimas not\u00edcias e fique bem informado sobre tudo o que acontece em Minas Gerais, Brasil e no mundo.","potentialAction":[{"@type":"SearchAction","target":{"@type":"EntryPoint","urlTemplate":"https:\/\/www.em.com.br\/emfoco\/?s={search_term_string}"},"query-input":{"@type":"PropertyValueSpecification","valueRequired":true,"valueName":"search_term_string"}}],"inLanguage":"pt-BR"},{"@type":"Person","@id":"https:\/\/www.em.com.br\/emfoco\/#\/schema\/person\/fb0a7f48c6fbb94b83f413a80f61917d","name":"Kelvin","image":{"@type":"ImageObject","inLanguage":"pt-BR","@id":"https:\/\/www.em.com.br\/emfoco\/#\/schema\/person\/image\/","url":"https:\/\/secure.gravatar.com\/avatar\/e74f84337e6bf6c4c5e88fbdffa05270?s=96&d=mm&r=g","contentUrl":"https:\/\/secure.gravatar.com\/avatar\/e74f84337e6bf6c4c5e88fbdffa05270?s=96&d=mm&r=g","caption":"Kelvin"},"sameAs":["https:\/\/www.em.com.br\/emfoco"],"url":"https:\/\/www.em.com.br\/emfoco\/author\/kelvinmyth\/"}]}},"_links":{"self":[{"href":"https:\/\/www.em.com.br\/emfoco\/wp-json\/wp\/v2\/posts\/12965","targetHints":{"allow":["GET"]}}],"collection":[{"href":"https:\/\/www.em.com.br\/emfoco\/wp-json\/wp\/v2\/posts"}],"about":[{"href":"https:\/\/www.em.com.br\/emfoco\/wp-json\/wp\/v2\/types\/post"}],"author":[{"embeddable":true,"href":"https:\/\/www.em.com.br\/emfoco\/wp-json\/wp\/v2\/users\/7"}],"replies":[{"embeddable":true,"href":"https:\/\/www.em.com.br\/emfoco\/wp-json\/wp\/v2\/comments?post=12965"}],"version-history":[{"count":2,"href":"https:\/\/www.em.com.br\/emfoco\/wp-json\/wp\/v2\/posts\/12965\/revisions"}],"predecessor-version":[{"id":12967,"href":"https:\/\/www.em.com.br\/emfoco\/wp-json\/wp\/v2\/posts\/12965\/revisions\/12967"}],"wp:featuredmedia":[{"embeddable":true,"href":"https:\/\/www.em.com.br\/emfoco\/wp-json\/wp\/v2\/media\/2995"}],"wp:attachment":[{"href":"https:\/\/www.em.com.br\/emfoco\/wp-json\/wp\/v2\/media?parent=12965"}],"wp:term":[{"taxonomy":"category","embeddable":true,"href":"https:\/\/www.em.com.br\/emfoco\/wp-json\/wp\/v2\/categories?post=12965"},{"taxonomy":"post_tag","embeddable":true,"href":"https:\/\/www.em.com.br\/emfoco\/wp-json\/wp\/v2\/tags?post=12965"}],"curies":[{"name":"wp","href":"https:\/\/api.w.org\/{rel}","templated":true}]}}