{"id":129635,"date":"2025-11-21T21:15:00","date_gmt":"2025-11-22T00:15:00","guid":{"rendered":"https:\/\/www.em.com.br\/emfoco\/?p=129635"},"modified":"2025-11-19T18:04:38","modified_gmt":"2025-11-19T21:04:38","slug":"multa-por-varrer-a-calcada-achei-que-era-piada-ate-receber-a-notificacao","status":"publish","type":"post","link":"https:\/\/www.em.com.br\/emfoco\/2025\/11\/21\/multa-por-varrer-a-calcada-achei-que-era-piada-ate-receber-a-notificacao\/","title":{"rendered":"Multa por varrer a cal\u00e7ada? Achei que era piada at\u00e9 receber a notifica\u00e7\u00e3o"},"content":{"rendered":"\n<p><strong>Dona Marisa<\/strong> varria a pr\u00f3pria cal\u00e7ada todos os dias sem imaginar que poderia ser multada, at\u00e9 descobrir que a pr\u00e1tica de empurrar sujeira para a rua \u00e9 proibida por <strong>C\u00f3digos de Postura<\/strong> em diversas cidades brasileiras e pode gerar penalidades.<\/p>\n\n\n\n<h2 class=\"wp-block-heading\">Por que a rotina de Dona Marisa chamou a aten\u00e7\u00e3o da fiscaliza\u00e7\u00e3o?<\/h2>\n\n\n\n<p>Ela mantinha o h\u00e1bito de varrer a cal\u00e7ada empurrando a <strong>poeira<\/strong> para o meio-fio, como muitos moradores fazem, acreditando que estava apenas cuidando do espa\u00e7o. O problema \u00e9 que essa a\u00e7\u00e3o direciona res\u00edduos para a rua e causa impacto na drenagem urbana.<\/p>\n\n\n\n<p>Ao ser abordada por <strong>fiscais<\/strong>, Marisa foi informada de que a legisla\u00e7\u00e3o considera esse gesto uma forma de <strong>descartar lixo<\/strong> em \u00e1rea p\u00fablica. A orienta\u00e7\u00e3o correta \u00e9 recolher todo o material gerado e destin\u00e1-lo ao lixo dom\u00e9stico, evitando obstru\u00e7\u00f5es.<\/p>\n\n\n\n<figure class=\"wp-block-image size-large\"><img loading=\"lazy\" decoding=\"async\" width=\"1024\" height=\"576\" src=\"https:\/\/www.em.com.br\/emfoco\/wp-content\/uploads\/2025\/11\/IA-IMG-2-14-1024x576.jpg\" alt=\"Multa por varrer a cal\u00e7ada? Achei que era piada at\u00e9 receber a notifica\u00e7\u00e3o\" class=\"wp-image-129664\" srcset=\"https:\/\/www.em.com.br\/emfoco\/wp-content\/uploads\/2025\/11\/IA-IMG-2-14-1024x576.jpg 1024w, https:\/\/www.em.com.br\/emfoco\/wp-content\/uploads\/2025\/11\/IA-IMG-2-14-300x169.jpg 300w, https:\/\/www.em.com.br\/emfoco\/wp-content\/uploads\/2025\/11\/IA-IMG-2-14-768x432.jpg 768w, https:\/\/www.em.com.br\/emfoco\/wp-content\/uploads\/2025\/11\/IA-IMG-2-14-750x422.jpg 750w, https:\/\/www.em.com.br\/emfoco\/wp-content\/uploads\/2025\/11\/IA-IMG-2-14-1140x641.jpg 1140w, https:\/\/www.em.com.br\/emfoco\/wp-content\/uploads\/2025\/11\/IA-IMG-2-14.jpg 1280w\" sizes=\"auto, (max-width: 1024px) 100vw, 1024px\" \/><figcaption class=\"wp-element-caption\">C\u00f3digos de Postura exigem cal\u00e7adas limpas sem jogar lixo na rua &#8211; Cr\u00e9ditos: Lovart<\/figcaption><\/figure>\n\n\n\n<p><em>Leia mais: <strong><a href=\"https:\/\/www.em.com.br\/emfoco\/2025\/11\/18\/reforma-barulhenta-rende-multa-pesada-e-morador-promete-processar-condominio\/\" target=\"_blank\" rel=\"noreferrer noopener\">Reforma barulhenta rende multa pesada e morador promete processar\u00a0condom\u00ednio<\/a><\/strong><\/em><\/p>\n\n\n\n<h2 class=\"wp-block-heading\">Quais leis pro\u00edbem empurrar sujeira para a rua ao varrer a cal\u00e7ada?<\/h2>\n\n\n\n<p>Em v\u00e1rias cidades, empurrar folhas ou terra para a via p\u00fablica \u00e9 infra\u00e7\u00e3o prevista em <strong>leis municipais<\/strong>. Os <strong><a href=\"https:\/\/leismunicipais.com.br\/codigo-de-posturas-curitiba-pr\" target=\"_blank\" rel=\"noreferrer noopener\">C\u00f3digos de Postura<\/a><\/strong> exigem que cada morador mantenha sua cal\u00e7ada limpa sem comprometer o sistema de drenagem e o servi\u00e7o p\u00fablico de limpeza.<\/p>\n\n\n\n<ul class=\"wp-block-list\">\n<li>S\u00e3o Paulo classifica a a\u00e7\u00e3o como <strong>lixo lan\u00e7ado<\/strong> indevidamente (Lei n\u00ba 13.478\/2002).<\/li>\n\n\n\n<li>Belo Horizonte tamb\u00e9m pro\u00edbe a pr\u00e1tica pelo <strong>C\u00f3digo de Posturas<\/strong> (Lei n\u00ba 8.616\/2003).<\/li>\n\n\n\n<li>Munic\u00edpios menores adotam regras semelhantes para evitar <strong>bueiros obstru\u00eddos<\/strong>.<\/li>\n<\/ul>\n\n\n\n<h2 class=\"wp-block-heading\">Por que esse h\u00e1bito comum pode causar tantos problemas na drenagem?<\/h2>\n\n\n\n<p>Aparentemente simples, o ato de empurrar sujeira para a rua aumenta o risco de <strong>enchentes<\/strong>, j\u00e1 que folhas e poeira se acumulam nas entradas de bueiros. Isso dificulta o escoamento da \u00e1gua e sobrecarrega a drenagem p\u00fablica, especialmente em dias de chuva.<\/p>\n\n\n\n<p>Al\u00e9m do impacto ambiental, a pr\u00e1tica for\u00e7a equipes de limpeza a lidar com <strong>res\u00edduos<\/strong> que deveriam ser recolhidos pelo pr\u00f3prio morador. Por isso, a multa funciona como medida educativa para reduzir danos e manter o fluxo urbano adequado.<\/p>\n\n\n\n<figure class=\"wp-block-image size-large\"><img loading=\"lazy\" decoding=\"async\" width=\"1024\" height=\"576\" src=\"https:\/\/www.em.com.br\/emfoco\/wp-content\/uploads\/2025\/11\/IA-IMG-1-23-1024x576.jpg\" alt=\"Multa por varrer a cal\u00e7ada? Achei que era piada at\u00e9 receber a notifica\u00e7\u00e3o\" class=\"wp-image-129663\" srcset=\"https:\/\/www.em.com.br\/emfoco\/wp-content\/uploads\/2025\/11\/IA-IMG-1-23-1024x576.jpg 1024w, https:\/\/www.em.com.br\/emfoco\/wp-content\/uploads\/2025\/11\/IA-IMG-1-23-300x169.jpg 300w, https:\/\/www.em.com.br\/emfoco\/wp-content\/uploads\/2025\/11\/IA-IMG-1-23-768x432.jpg 768w, https:\/\/www.em.com.br\/emfoco\/wp-content\/uploads\/2025\/11\/IA-IMG-1-23-750x422.jpg 750w, https:\/\/www.em.com.br\/emfoco\/wp-content\/uploads\/2025\/11\/IA-IMG-1-23-1140x641.jpg 1140w, https:\/\/www.em.com.br\/emfoco\/wp-content\/uploads\/2025\/11\/IA-IMG-1-23.jpg 1280w\" sizes=\"auto, (max-width: 1024px) 100vw, 1024px\" \/><figcaption class=\"wp-element-caption\">Folhas e poeira bloqueiam bueiros e aumentam risco de enchentes &#8211; Cr\u00e9ditos: Lovart<\/figcaption><\/figure>\n\n\n\n<h2 class=\"wp-block-heading\">Como evitar a multa e cuidar da cal\u00e7ada de forma correta?<\/h2>\n\n\n\n<p>Para n\u00e3o infringir normas municipais e evitar problemas de <strong>drenagem urbana<\/strong>, \u00e9 essencial adotar a\u00e7\u00f5es simples no dia a dia. Essas pr\u00e1ticas ajudam tanto na manuten\u00e7\u00e3o do bairro quanto na preven\u00e7\u00e3o de penalidades.<\/p>\n\n\n\n<ul class=\"wp-block-list\">\n<li>Recolha toda a <strong>sujeira<\/strong> gerada e descarte no lixo dom\u00e9stico.<\/li>\n\n\n\n<li>Evite varrer folhas diretamente para o <strong>meio-fio<\/strong> ou ralos.<\/li>\n\n\n\n<li>Observe regras do <strong>C\u00f3digo de Postura<\/strong> da sua cidade.<\/li>\n<\/ul>\n","protected":false},"excerpt":{"rendered":"<p>Dona Marisa varria a pr\u00f3pria cal\u00e7ada todos os dias sem imaginar que poderia ser multada, at\u00e9 descobrir que a pr\u00e1tica de empurrar sujeira para a rua \u00e9 proibida por C\u00f3digos de Postura em diversas cidades brasileiras e pode gerar penalidades. Por que a rotina de Dona Marisa chamou a aten\u00e7\u00e3o da fiscaliza\u00e7\u00e3o? Ela mantinha o [&hellip;]<\/p>\n","protected":false},"author":13,"featured_media":129659,"comment_status":"open","ping_status":"open","sticky":false,"template":"","format":"standard","meta":{"jnews-multi-image_gallery":[],"jnews_single_post":{"format":"standard"},"jnews_primary_category":[],"jnews_social_meta":[],"jnews_override_counter":[],"footnotes":""},"categories":[8819],"tags":[19079,19081,4637,19090],"class_list":["post-129635","post","type-post","status-publish","format-standard","has-post-thumbnail","hentry","category-curiosidades","tag-leis-brasileiras","tag-limpeza-publica","tag-multas","tag-varrer-a-calcada"],"yoast_head":"<!-- This site is optimized with the Yoast SEO plugin v23.8 - https:\/\/yoast.com\/wordpress\/plugins\/seo\/ -->\n<title>Multa por varrer a cal\u00e7ada? Achei que era piada at\u00e9 receber a notifica\u00e7\u00e3o - Estado de Minas - Em foco<\/title>\n<meta name=\"description\" content=\"A multa por varrer a cal\u00e7ada surpreendeu moradores Entenda por que empurrar sujeira para a rua \u00e9 proibido por lei em muitas cidades.\" \/>\n<meta name=\"robots\" content=\"index, follow, max-snippet:-1, max-image-preview:large, max-video-preview:-1\" \/>\n<link rel=\"canonical\" href=\"https:\/\/www.em.com.br\/emfoco\/2025\/11\/21\/multa-por-varrer-a-calcada-achei-que-era-piada-ate-receber-a-notificacao\/\" \/>\n<meta property=\"og:locale\" content=\"pt_BR\" \/>\n<meta property=\"og:type\" content=\"article\" \/>\n<meta property=\"og:title\" content=\"Multa por varrer a cal\u00e7ada? Achei que era piada at\u00e9 receber a notifica\u00e7\u00e3o - Estado de Minas - Em foco\" \/>\n<meta property=\"og:description\" content=\"A multa por varrer a cal\u00e7ada surpreendeu moradores Entenda por que empurrar sujeira para a rua \u00e9 proibido por lei em muitas cidades.\" \/>\n<meta property=\"og:url\" content=\"https:\/\/www.em.com.br\/emfoco\/2025\/11\/21\/multa-por-varrer-a-calcada-achei-que-era-piada-ate-receber-a-notificacao\/\" \/>\n<meta property=\"og:site_name\" content=\"Estado de Minas - Em foco\" \/>\n<meta property=\"article:published_time\" content=\"2025-11-22T00:15:00+00:00\" \/>\n<meta property=\"article:modified_time\" content=\"2025-11-19T21:04:38+00:00\" \/>\n<meta property=\"og:image\" content=\"https:\/\/www.em.com.br\/emfoco\/wp-content\/uploads\/2025\/11\/IA-IMG-34.jpg\" \/>\n\t<meta property=\"og:image:width\" content=\"1280\" \/>\n\t<meta property=\"og:image:height\" content=\"720\" \/>\n\t<meta property=\"og:image:type\" content=\"image\/jpeg\" \/>\n<meta name=\"author\" content=\"Gabriel Martins\" \/>\n<meta name=\"twitter:card\" content=\"summary_large_image\" \/>\n<meta name=\"twitter:label1\" content=\"Escrito por\" \/>\n\t<meta name=\"twitter:data1\" content=\"Gabriel Martins\" \/>\n\t<meta name=\"twitter:label2\" content=\"Est. tempo de leitura\" \/>\n\t<meta name=\"twitter:data2\" content=\"3 minutos\" \/>\n<!-- \/ Yoast SEO plugin. -->","yoast_head_json":{"title":"Multa por varrer a cal\u00e7ada? Achei que era piada at\u00e9 receber a notifica\u00e7\u00e3o - Estado de Minas - Em foco","description":"A multa por varrer a cal\u00e7ada surpreendeu moradores Entenda por que empurrar sujeira para a rua \u00e9 proibido por lei em muitas cidades.","robots":{"index":"index","follow":"follow","max-snippet":"max-snippet:-1","max-image-preview":"max-image-preview:large","max-video-preview":"max-video-preview:-1"},"canonical":"https:\/\/www.em.com.br\/emfoco\/2025\/11\/21\/multa-por-varrer-a-calcada-achei-que-era-piada-ate-receber-a-notificacao\/","og_locale":"pt_BR","og_type":"article","og_title":"Multa por varrer a cal\u00e7ada? Achei que era piada at\u00e9 receber a notifica\u00e7\u00e3o - Estado de Minas - Em foco","og_description":"A multa por varrer a cal\u00e7ada surpreendeu moradores Entenda por que empurrar sujeira para a rua \u00e9 proibido por lei em muitas cidades.","og_url":"https:\/\/www.em.com.br\/emfoco\/2025\/11\/21\/multa-por-varrer-a-calcada-achei-que-era-piada-ate-receber-a-notificacao\/","og_site_name":"Estado de Minas - Em foco","article_published_time":"2025-11-22T00:15:00+00:00","article_modified_time":"2025-11-19T21:04:38+00:00","og_image":[{"width":1280,"height":720,"url":"https:\/\/www.em.com.br\/emfoco\/wp-content\/uploads\/2025\/11\/IA-IMG-34.jpg","type":"image\/jpeg"}],"author":"Gabriel Martins","twitter_card":"summary_large_image","twitter_misc":{"Escrito por":"Gabriel Martins","Est. tempo de leitura":"3 minutos"},"schema":{"@context":"https:\/\/schema.org","@graph":[{"@type":"WebPage","@id":"https:\/\/www.em.com.br\/emfoco\/2025\/11\/21\/multa-por-varrer-a-calcada-achei-que-era-piada-ate-receber-a-notificacao\/","url":"https:\/\/www.em.com.br\/emfoco\/2025\/11\/21\/multa-por-varrer-a-calcada-achei-que-era-piada-ate-receber-a-notificacao\/","name":"Multa por varrer a cal\u00e7ada? Achei que era piada at\u00e9 receber a notifica\u00e7\u00e3o - Estado de Minas - Em foco","isPartOf":{"@id":"https:\/\/www.em.com.br\/emfoco\/#website"},"primaryImageOfPage":{"@id":"https:\/\/www.em.com.br\/emfoco\/2025\/11\/21\/multa-por-varrer-a-calcada-achei-que-era-piada-ate-receber-a-notificacao\/#primaryimage"},"image":{"@id":"https:\/\/www.em.com.br\/emfoco\/2025\/11\/21\/multa-por-varrer-a-calcada-achei-que-era-piada-ate-receber-a-notificacao\/#primaryimage"},"thumbnailUrl":"https:\/\/www.em.com.br\/emfoco\/wp-content\/uploads\/2025\/11\/IA-IMG-34.jpg","datePublished":"2025-11-22T00:15:00+00:00","dateModified":"2025-11-19T21:04:38+00:00","author":{"@id":"https:\/\/www.em.com.br\/emfoco\/#\/schema\/person\/1c9ddeab18b98abeffef834667bcf08a"},"description":"A multa por varrer a cal\u00e7ada surpreendeu moradores Entenda por que empurrar sujeira para a rua \u00e9 proibido por lei em muitas cidades.","breadcrumb":{"@id":"https:\/\/www.em.com.br\/emfoco\/2025\/11\/21\/multa-por-varrer-a-calcada-achei-que-era-piada-ate-receber-a-notificacao\/#breadcrumb"},"inLanguage":"pt-BR","potentialAction":[{"@type":"ReadAction","target":["https:\/\/www.em.com.br\/emfoco\/2025\/11\/21\/multa-por-varrer-a-calcada-achei-que-era-piada-ate-receber-a-notificacao\/"]}]},{"@type":"ImageObject","inLanguage":"pt-BR","@id":"https:\/\/www.em.com.br\/emfoco\/2025\/11\/21\/multa-por-varrer-a-calcada-achei-que-era-piada-ate-receber-a-notificacao\/#primaryimage","url":"https:\/\/www.em.com.br\/emfoco\/wp-content\/uploads\/2025\/11\/IA-IMG-34.jpg","contentUrl":"https:\/\/www.em.com.br\/emfoco\/wp-content\/uploads\/2025\/11\/IA-IMG-34.jpg","width":1280,"height":720,"caption":"Empurrar sujeira para a rua \u00e9 infra\u00e7\u00e3o prevista em leis municipais - Cr\u00e9ditos: Lovart"},{"@type":"BreadcrumbList","@id":"https:\/\/www.em.com.br\/emfoco\/2025\/11\/21\/multa-por-varrer-a-calcada-achei-que-era-piada-ate-receber-a-notificacao\/#breadcrumb","itemListElement":[{"@type":"ListItem","position":1,"name":"In\u00edcio","item":"https:\/\/www.em.com.br\/emfoco\/"},{"@type":"ListItem","position":2,"name":"Multa por varrer a cal\u00e7ada? Achei que era piada at\u00e9 receber a notifica\u00e7\u00e3o"}]},{"@type":"WebSite","@id":"https:\/\/www.em.com.br\/emfoco\/#website","url":"https:\/\/www.em.com.br\/emfoco\/","name":"Estado de Minas - Em foco","description":"Acompanhe as \u00faltimas not\u00edcias e fique bem informado sobre tudo o que acontece em Minas Gerais, Brasil e no mundo.","potentialAction":[{"@type":"SearchAction","target":{"@type":"EntryPoint","urlTemplate":"https:\/\/www.em.com.br\/emfoco\/?s={search_term_string}"},"query-input":{"@type":"PropertyValueSpecification","valueRequired":true,"valueName":"search_term_string"}}],"inLanguage":"pt-BR"},{"@type":"Person","@id":"https:\/\/www.em.com.br\/emfoco\/#\/schema\/person\/1c9ddeab18b98abeffef834667bcf08a","name":"Gabriel Martins","image":{"@type":"ImageObject","inLanguage":"pt-BR","@id":"https:\/\/www.em.com.br\/emfoco\/#\/schema\/person\/image\/","url":"https:\/\/secure.gravatar.com\/avatar\/f0f1e2efdfd88f1ad2cb08c5c2731e50?s=96&d=mm&r=g","contentUrl":"https:\/\/secure.gravatar.com\/avatar\/f0f1e2efdfd88f1ad2cb08c5c2731e50?s=96&d=mm&r=g","caption":"Gabriel Martins"},"sameAs":["https:\/\/www.em.com.br\/emfoco\/"],"url":"https:\/\/www.em.com.br\/emfoco\/author\/gabrielmartinsmyth\/"}]}},"_links":{"self":[{"href":"https:\/\/www.em.com.br\/emfoco\/wp-json\/wp\/v2\/posts\/129635","targetHints":{"allow":["GET"]}}],"collection":[{"href":"https:\/\/www.em.com.br\/emfoco\/wp-json\/wp\/v2\/posts"}],"about":[{"href":"https:\/\/www.em.com.br\/emfoco\/wp-json\/wp\/v2\/types\/post"}],"author":[{"embeddable":true,"href":"https:\/\/www.em.com.br\/emfoco\/wp-json\/wp\/v2\/users\/13"}],"replies":[{"embeddable":true,"href":"https:\/\/www.em.com.br\/emfoco\/wp-json\/wp\/v2\/comments?post=129635"}],"version-history":[{"count":1,"href":"https:\/\/www.em.com.br\/emfoco\/wp-json\/wp\/v2\/posts\/129635\/revisions"}],"predecessor-version":[{"id":129665,"href":"https:\/\/www.em.com.br\/emfoco\/wp-json\/wp\/v2\/posts\/129635\/revisions\/129665"}],"wp:featuredmedia":[{"embeddable":true,"href":"https:\/\/www.em.com.br\/emfoco\/wp-json\/wp\/v2\/media\/129659"}],"wp:attachment":[{"href":"https:\/\/www.em.com.br\/emfoco\/wp-json\/wp\/v2\/media?parent=129635"}],"wp:term":[{"taxonomy":"category","embeddable":true,"href":"https:\/\/www.em.com.br\/emfoco\/wp-json\/wp\/v2\/categories?post=129635"},{"taxonomy":"post_tag","embeddable":true,"href":"https:\/\/www.em.com.br\/emfoco\/wp-json\/wp\/v2\/tags?post=129635"}],"curies":[{"name":"wp","href":"https:\/\/api.w.org\/{rel}","templated":true}]}}