{"id":129597,"date":"2025-11-21T18:45:00","date_gmt":"2025-11-21T21:45:00","guid":{"rendered":"https:\/\/www.em.com.br\/emfoco\/?p=129597"},"modified":"2025-11-19T18:05:33","modified_gmt":"2025-11-19T21:05:33","slug":"como-evitar-pragas-que-surgem-no-verao-e-acabam-com-seu-jardim","status":"publish","type":"post","link":"https:\/\/www.em.com.br\/emfoco\/2025\/11\/21\/como-evitar-pragas-que-surgem-no-verao-e-acabam-com-seu-jardim\/","title":{"rendered":"Como evitar pragas que surgem no ver\u00e3o e acabam com seu jardim"},"content":{"rendered":"\n<p>O ver\u00e3o \u00e9 a esta\u00e7\u00e3o em que mais aparecem <strong>pragas no jardim<\/strong>, j\u00e1 que calor e umidade aceleram a reprodu\u00e7\u00e3o de insetos que atacam folhas e ra\u00edzes. Com alguns cuidados simples, \u00e9 poss\u00edvel manter as plantas protegidas durante os meses mais quentes.<\/p>\n\n\n\n<h2 class=\"wp-block-heading\">Por que as pragas aparecem com mais for\u00e7a durante o ver\u00e3o?<\/h2>\n\n\n\n<p>As altas temperaturas favorecem a multiplica\u00e7\u00e3o de <strong>pulg\u00f5es<\/strong>, <strong>cochonilhas<\/strong>, <strong>\u00e1caros <\/strong>e outros invasores, que encontram nas plantas enfraquecidas um ambiente ideal. O excesso de umidade tamb\u00e9m cria condi\u00e7\u00f5es perfeitas para fungos e doen\u00e7as que se espalham rapidamente.<\/p>\n\n\n\n<p>Manter a estrutura das plantas fortalecida \u00e9 essencial, j\u00e1 que esp\u00e9cies mal nutridas atraem insetos com mais facilidade. Podas leves, aduba\u00e7\u00e3o equilibrada e circula\u00e7\u00e3o de ar ajudam a reduzir o risco de <strong>infesta\u00e7\u00f5es<\/strong> antes mesmo que elas apare\u00e7am.<\/p>\n\n\n\n<figure class=\"wp-block-image size-large\"><img loading=\"lazy\" decoding=\"async\" width=\"1024\" height=\"576\" src=\"https:\/\/www.em.com.br\/emfoco\/wp-content\/uploads\/2025\/11\/pragas-no-jardim_1763577859499-1024x576.jpg\" alt=\"Como evitar pragas que surgem no ver\u00e3o e acabam com seu jardim\" class=\"wp-image-129626\" srcset=\"https:\/\/www.em.com.br\/emfoco\/wp-content\/uploads\/2025\/11\/pragas-no-jardim_1763577859499-1024x576.jpg 1024w, https:\/\/www.em.com.br\/emfoco\/wp-content\/uploads\/2025\/11\/pragas-no-jardim_1763577859499-300x169.jpg 300w, https:\/\/www.em.com.br\/emfoco\/wp-content\/uploads\/2025\/11\/pragas-no-jardim_1763577859499-768x432.jpg 768w, https:\/\/www.em.com.br\/emfoco\/wp-content\/uploads\/2025\/11\/pragas-no-jardim_1763577859499-750x422.jpg 750w, https:\/\/www.em.com.br\/emfoco\/wp-content\/uploads\/2025\/11\/pragas-no-jardim_1763577859499-1140x641.jpg 1140w, https:\/\/www.em.com.br\/emfoco\/wp-content\/uploads\/2025\/11\/pragas-no-jardim_1763577859499.jpg 1280w\" sizes=\"auto, (max-width: 1024px) 100vw, 1024px\" \/><figcaption class=\"wp-element-caption\">Pulg\u00f5es e \u00e1caros proliferam r\u00e1pido em plantas enfraquecidas pelo calor &#8211; Cr\u00e9ditos: depositphotos.com \/ Vitalii2021<\/figcaption><\/figure>\n\n\n\n<p><em>Leia mais: <strong><a href=\"https:\/\/www.em.com.br\/emfoco\/2025\/11\/17\/as-melhores-plantas-para-aliviar-alergias-e-umidificar-o-ar-em-casa\/\" target=\"_blank\" rel=\"noreferrer noopener\">As melhores plantas para aliviar alergias e umidificar o ar em casa<\/a><\/strong><\/em><\/p>\n\n\n\n<h2 class=\"wp-block-heading\">Quais cuidados simples evitam pragas de ver\u00e3o no jardim?<\/h2>\n\n\n\n<p>Cuidar da rega e da sa\u00fade geral das plantas impede que insetos encontrem pontos vulner\u00e1veis. Para facilitar esse controle, algumas medidas s\u00e3o pr\u00e1ticas e podem ser aplicadas no dia a dia. Confira na lista abaixo solu\u00e7\u00f5es acess\u00edveis e eficientes.<\/p>\n\n\n\n<ul class=\"wp-block-list\">\n<li>Pulverizar \u00e1gua com <strong>sabonete neutro<\/strong> para controlar pulg\u00f5es sem agress\u00e3o qu\u00edmica.<\/li>\n\n\n\n<li>Aplicar <strong>\u00f3leo de neem<\/strong> como defesa natural contra diversas pragas.<\/li>\n\n\n\n<li>Usar <strong>canela no solo<\/strong> para reduzir fungos e melhorar a prote\u00e7\u00e3o das ra\u00edzes.<\/li>\n<\/ul>\n\n\n\n<h2 class=\"wp-block-heading\">Quais sinais indicam que uma praga est\u00e1 come\u00e7ando a se instalar?<\/h2>\n\n\n\n<p>Folhas amareladas, pequenas teias ou pontos brancos s\u00e3o alertas iniciais de <strong>\u00e1caros<\/strong> e <strong><a href=\"https:\/\/www.petz.com.br\/blog\/o-que-e-cochonilha\/\" target=\"_blank\" rel=\"noreferrer noopener\">cochonilhas<\/a><\/strong>. Esses sinais surgem quando os insetos iniciam a suc\u00e7\u00e3o da seiva e comprometem o vigor das plantas, exigindo a\u00e7\u00e3o imediata para evitar danos maiores.<\/p>\n\n\n\n<p>Manchas escuras, deforma\u00e7\u00f5es e crescimento lento tamb\u00e9m aparecem quando a infesta\u00e7\u00e3o avan\u00e7a. Identificar esses ind\u00edcios rapidamente reduz o uso de tratamentos agressivos e aumenta a chance de recuperar a planta com <strong>m\u00e9todos<\/strong> <strong>naturais<\/strong> e de baixo custo.<\/p>\n\n\n\n<figure class=\"wp-block-image size-large\"><img loading=\"lazy\" decoding=\"async\" width=\"1024\" height=\"576\" src=\"https:\/\/www.em.com.br\/emfoco\/wp-content\/uploads\/2025\/11\/pragas-no-jardim_1763577969565-1024x576.jpg\" alt=\"Como evitar pragas que surgem no ver\u00e3o e acabam com seu jardim\" class=\"wp-image-129627\" srcset=\"https:\/\/www.em.com.br\/emfoco\/wp-content\/uploads\/2025\/11\/pragas-no-jardim_1763577969565-1024x576.jpg 1024w, https:\/\/www.em.com.br\/emfoco\/wp-content\/uploads\/2025\/11\/pragas-no-jardim_1763577969565-300x169.jpg 300w, https:\/\/www.em.com.br\/emfoco\/wp-content\/uploads\/2025\/11\/pragas-no-jardim_1763577969565-768x432.jpg 768w, https:\/\/www.em.com.br\/emfoco\/wp-content\/uploads\/2025\/11\/pragas-no-jardim_1763577969565-750x422.jpg 750w, https:\/\/www.em.com.br\/emfoco\/wp-content\/uploads\/2025\/11\/pragas-no-jardim_1763577969565-1140x641.jpg 1140w, https:\/\/www.em.com.br\/emfoco\/wp-content\/uploads\/2025\/11\/pragas-no-jardim_1763577969565.jpg 1280w\" sizes=\"auto, (max-width: 1024px) 100vw, 1024px\" \/><figcaption class=\"wp-element-caption\">Folhas amareladas sinalizam infesta\u00e7\u00e3o inicial e precisam de a\u00e7\u00e3o imediata &#8211; Cr\u00e9ditos: depositphotos.com \/ vikhastanadiya<\/figcaption><\/figure>\n\n\n\n<h2 class=\"wp-block-heading\">Como montar um jardim mais resistente \u00e0s pragas de ver\u00e3o?<\/h2>\n\n\n\n<p>Algumas esp\u00e9cies funcionam como barreiras naturais e ajudam a repelir insetos de forma cont\u00ednua. Posicion\u00e1-las nos cantos estrat\u00e9gicos do jardim potencializa o efeito protetor e reduz a necessidade de interven\u00e7\u00f5es qu\u00edmicas. Veja abaixo sugest\u00f5es eficazes.<\/p>\n\n\n\n<ul class=\"wp-block-list\">\n<li>Cultivar citronela ao redor das plantas mais sens\u00edveis.<\/li>\n\n\n\n<li>Usar hortel\u00e3 para repelir insetos que se aproximam do solo.<\/li>\n\n\n\n<li>Aplicar manjeric\u00e3o perto de canteiros para afastar mosquitos.<\/li>\n<\/ul>\n","protected":false},"excerpt":{"rendered":"<p>O ver\u00e3o \u00e9 a esta\u00e7\u00e3o em que mais aparecem pragas no jardim, j\u00e1 que calor e umidade aceleram a reprodu\u00e7\u00e3o de insetos que atacam folhas e ra\u00edzes. Com alguns cuidados simples, \u00e9 poss\u00edvel manter as plantas protegidas durante os meses mais quentes. Por que as pragas aparecem com mais for\u00e7a durante o ver\u00e3o? As altas [&hellip;]<\/p>\n","protected":false},"author":13,"featured_media":129625,"comment_status":"open","ping_status":"open","sticky":false,"template":"","format":"standard","meta":{"jnews-multi-image_gallery":[],"jnews_single_post":{"format":"standard"},"jnews_primary_category":[],"jnews_social_meta":[],"jnews_override_counter":[],"footnotes":""},"categories":[8819],"tags":[3325,3358,6029,1827],"class_list":["post-129597","post","type-post","status-publish","format-standard","has-post-thumbnail","hentry","category-curiosidades","tag-jardim","tag-jardinagem","tag-pragas","tag-verao"],"yoast_head":"<!-- This site is optimized with the Yoast SEO plugin v23.8 - https:\/\/yoast.com\/wordpress\/plugins\/seo\/ -->\n<title>Como evitar pragas que surgem no ver\u00e3o e acabam com seu jardim - Estado de Minas - Em foco<\/title>\n<meta name=\"description\" content=\"Sabonete, \u00f3leo de neem e plantas arom\u00e1ticas ajudam a afastar pragas do jardim no calor. Confira os sinais e as melhores solu\u00e7\u00f5es naturais.\" \/>\n<meta name=\"robots\" content=\"index, follow, max-snippet:-1, max-image-preview:large, max-video-preview:-1\" \/>\n<link rel=\"canonical\" href=\"https:\/\/www.em.com.br\/emfoco\/2025\/11\/21\/como-evitar-pragas-que-surgem-no-verao-e-acabam-com-seu-jardim\/\" \/>\n<meta property=\"og:locale\" content=\"pt_BR\" \/>\n<meta property=\"og:type\" content=\"article\" \/>\n<meta property=\"og:title\" content=\"Como evitar pragas que surgem no ver\u00e3o e acabam com seu jardim - Estado de Minas - Em foco\" \/>\n<meta property=\"og:description\" content=\"Sabonete, \u00f3leo de neem e plantas arom\u00e1ticas ajudam a afastar pragas do jardim no calor. Confira os sinais e as melhores solu\u00e7\u00f5es naturais.\" \/>\n<meta property=\"og:url\" content=\"https:\/\/www.em.com.br\/emfoco\/2025\/11\/21\/como-evitar-pragas-que-surgem-no-verao-e-acabam-com-seu-jardim\/\" \/>\n<meta property=\"og:site_name\" content=\"Estado de Minas - Em foco\" \/>\n<meta property=\"article:published_time\" content=\"2025-11-21T21:45:00+00:00\" \/>\n<meta property=\"article:modified_time\" content=\"2025-11-19T21:05:33+00:00\" \/>\n<meta property=\"og:image\" content=\"https:\/\/www.em.com.br\/emfoco\/wp-content\/uploads\/2025\/11\/pragas-no-jardim_1763577816068.jpg\" \/>\n\t<meta property=\"og:image:width\" content=\"1280\" \/>\n\t<meta property=\"og:image:height\" content=\"720\" \/>\n\t<meta property=\"og:image:type\" content=\"image\/jpeg\" \/>\n<meta name=\"author\" content=\"Gabriel Martins\" \/>\n<meta name=\"twitter:card\" content=\"summary_large_image\" \/>\n<meta name=\"twitter:label1\" content=\"Escrito por\" \/>\n\t<meta name=\"twitter:data1\" content=\"Gabriel Martins\" \/>\n\t<meta name=\"twitter:label2\" content=\"Est. tempo de leitura\" \/>\n\t<meta name=\"twitter:data2\" content=\"3 minutos\" \/>\n<!-- \/ Yoast SEO plugin. -->","yoast_head_json":{"title":"Como evitar pragas que surgem no ver\u00e3o e acabam com seu jardim - Estado de Minas - Em foco","description":"Sabonete, \u00f3leo de neem e plantas arom\u00e1ticas ajudam a afastar pragas do jardim no calor. Confira os sinais e as melhores solu\u00e7\u00f5es naturais.","robots":{"index":"index","follow":"follow","max-snippet":"max-snippet:-1","max-image-preview":"max-image-preview:large","max-video-preview":"max-video-preview:-1"},"canonical":"https:\/\/www.em.com.br\/emfoco\/2025\/11\/21\/como-evitar-pragas-que-surgem-no-verao-e-acabam-com-seu-jardim\/","og_locale":"pt_BR","og_type":"article","og_title":"Como evitar pragas que surgem no ver\u00e3o e acabam com seu jardim - Estado de Minas - Em foco","og_description":"Sabonete, \u00f3leo de neem e plantas arom\u00e1ticas ajudam a afastar pragas do jardim no calor. Confira os sinais e as melhores solu\u00e7\u00f5es naturais.","og_url":"https:\/\/www.em.com.br\/emfoco\/2025\/11\/21\/como-evitar-pragas-que-surgem-no-verao-e-acabam-com-seu-jardim\/","og_site_name":"Estado de Minas - Em foco","article_published_time":"2025-11-21T21:45:00+00:00","article_modified_time":"2025-11-19T21:05:33+00:00","og_image":[{"width":1280,"height":720,"url":"https:\/\/www.em.com.br\/emfoco\/wp-content\/uploads\/2025\/11\/pragas-no-jardim_1763577816068.jpg","type":"image\/jpeg"}],"author":"Gabriel Martins","twitter_card":"summary_large_image","twitter_misc":{"Escrito por":"Gabriel Martins","Est. tempo de leitura":"3 minutos"},"schema":{"@context":"https:\/\/schema.org","@graph":[{"@type":"WebPage","@id":"https:\/\/www.em.com.br\/emfoco\/2025\/11\/21\/como-evitar-pragas-que-surgem-no-verao-e-acabam-com-seu-jardim\/","url":"https:\/\/www.em.com.br\/emfoco\/2025\/11\/21\/como-evitar-pragas-que-surgem-no-verao-e-acabam-com-seu-jardim\/","name":"Como evitar pragas que surgem no ver\u00e3o e acabam com seu jardim - Estado de Minas - Em foco","isPartOf":{"@id":"https:\/\/www.em.com.br\/emfoco\/#website"},"primaryImageOfPage":{"@id":"https:\/\/www.em.com.br\/emfoco\/2025\/11\/21\/como-evitar-pragas-que-surgem-no-verao-e-acabam-com-seu-jardim\/#primaryimage"},"image":{"@id":"https:\/\/www.em.com.br\/emfoco\/2025\/11\/21\/como-evitar-pragas-que-surgem-no-verao-e-acabam-com-seu-jardim\/#primaryimage"},"thumbnailUrl":"https:\/\/www.em.com.br\/emfoco\/wp-content\/uploads\/2025\/11\/pragas-no-jardim_1763577816068.jpg","datePublished":"2025-11-21T21:45:00+00:00","dateModified":"2025-11-19T21:05:33+00:00","author":{"@id":"https:\/\/www.em.com.br\/emfoco\/#\/schema\/person\/1c9ddeab18b98abeffef834667bcf08a"},"description":"Sabonete, \u00f3leo de neem e plantas arom\u00e1ticas ajudam a afastar pragas do jardim no calor. Confira os sinais e as melhores solu\u00e7\u00f5es naturais.","breadcrumb":{"@id":"https:\/\/www.em.com.br\/emfoco\/2025\/11\/21\/como-evitar-pragas-que-surgem-no-verao-e-acabam-com-seu-jardim\/#breadcrumb"},"inLanguage":"pt-BR","potentialAction":[{"@type":"ReadAction","target":["https:\/\/www.em.com.br\/emfoco\/2025\/11\/21\/como-evitar-pragas-que-surgem-no-verao-e-acabam-com-seu-jardim\/"]}]},{"@type":"ImageObject","inLanguage":"pt-BR","@id":"https:\/\/www.em.com.br\/emfoco\/2025\/11\/21\/como-evitar-pragas-que-surgem-no-verao-e-acabam-com-seu-jardim\/#primaryimage","url":"https:\/\/www.em.com.br\/emfoco\/wp-content\/uploads\/2025\/11\/pragas-no-jardim_1763577816068.jpg","contentUrl":"https:\/\/www.em.com.br\/emfoco\/wp-content\/uploads\/2025\/11\/pragas-no-jardim_1763577816068.jpg","width":1280,"height":720,"caption":"Calor e umidade do ver\u00e3o aumentam pragas e exigem cuidados constantes - Cr\u00e9ditos: depositphotos.com \/ krailurkA"},{"@type":"BreadcrumbList","@id":"https:\/\/www.em.com.br\/emfoco\/2025\/11\/21\/como-evitar-pragas-que-surgem-no-verao-e-acabam-com-seu-jardim\/#breadcrumb","itemListElement":[{"@type":"ListItem","position":1,"name":"In\u00edcio","item":"https:\/\/www.em.com.br\/emfoco\/"},{"@type":"ListItem","position":2,"name":"Como evitar pragas que surgem no ver\u00e3o e acabam com seu jardim"}]},{"@type":"WebSite","@id":"https:\/\/www.em.com.br\/emfoco\/#website","url":"https:\/\/www.em.com.br\/emfoco\/","name":"Estado de Minas - Em foco","description":"Acompanhe as \u00faltimas not\u00edcias e fique bem informado sobre tudo o que acontece em Minas Gerais, Brasil e no mundo.","potentialAction":[{"@type":"SearchAction","target":{"@type":"EntryPoint","urlTemplate":"https:\/\/www.em.com.br\/emfoco\/?s={search_term_string}"},"query-input":{"@type":"PropertyValueSpecification","valueRequired":true,"valueName":"search_term_string"}}],"inLanguage":"pt-BR"},{"@type":"Person","@id":"https:\/\/www.em.com.br\/emfoco\/#\/schema\/person\/1c9ddeab18b98abeffef834667bcf08a","name":"Gabriel Martins","image":{"@type":"ImageObject","inLanguage":"pt-BR","@id":"https:\/\/www.em.com.br\/emfoco\/#\/schema\/person\/image\/","url":"https:\/\/secure.gravatar.com\/avatar\/f0f1e2efdfd88f1ad2cb08c5c2731e50?s=96&d=mm&r=g","contentUrl":"https:\/\/secure.gravatar.com\/avatar\/f0f1e2efdfd88f1ad2cb08c5c2731e50?s=96&d=mm&r=g","caption":"Gabriel Martins"},"sameAs":["https:\/\/www.em.com.br\/emfoco\/"],"url":"https:\/\/www.em.com.br\/emfoco\/author\/gabrielmartinsmyth\/"}]}},"_links":{"self":[{"href":"https:\/\/www.em.com.br\/emfoco\/wp-json\/wp\/v2\/posts\/129597","targetHints":{"allow":["GET"]}}],"collection":[{"href":"https:\/\/www.em.com.br\/emfoco\/wp-json\/wp\/v2\/posts"}],"about":[{"href":"https:\/\/www.em.com.br\/emfoco\/wp-json\/wp\/v2\/types\/post"}],"author":[{"embeddable":true,"href":"https:\/\/www.em.com.br\/emfoco\/wp-json\/wp\/v2\/users\/13"}],"replies":[{"embeddable":true,"href":"https:\/\/www.em.com.br\/emfoco\/wp-json\/wp\/v2\/comments?post=129597"}],"version-history":[{"count":1,"href":"https:\/\/www.em.com.br\/emfoco\/wp-json\/wp\/v2\/posts\/129597\/revisions"}],"predecessor-version":[{"id":129628,"href":"https:\/\/www.em.com.br\/emfoco\/wp-json\/wp\/v2\/posts\/129597\/revisions\/129628"}],"wp:featuredmedia":[{"embeddable":true,"href":"https:\/\/www.em.com.br\/emfoco\/wp-json\/wp\/v2\/media\/129625"}],"wp:attachment":[{"href":"https:\/\/www.em.com.br\/emfoco\/wp-json\/wp\/v2\/media?parent=129597"}],"wp:term":[{"taxonomy":"category","embeddable":true,"href":"https:\/\/www.em.com.br\/emfoco\/wp-json\/wp\/v2\/categories?post=129597"},{"taxonomy":"post_tag","embeddable":true,"href":"https:\/\/www.em.com.br\/emfoco\/wp-json\/wp\/v2\/tags?post=129597"}],"curies":[{"name":"wp","href":"https:\/\/api.w.org\/{rel}","templated":true}]}}