{"id":129511,"date":"2025-11-21T10:15:00","date_gmt":"2025-11-21T13:15:00","guid":{"rendered":"https:\/\/www.em.com.br\/emfoco\/?p=129511"},"modified":"2025-11-19T15:06:22","modified_gmt":"2025-11-19T18:06:22","slug":"os-7-aparelhos-que-mais-consomem-energia-e-estao-detonando-sua-conta-de-luz","status":"publish","type":"post","link":"https:\/\/www.em.com.br\/emfoco\/2025\/11\/21\/os-7-aparelhos-que-mais-consomem-energia-e-estao-detonando-sua-conta-de-luz\/","title":{"rendered":"Os 7 aparelhos que mais consomem energia e est\u00e3o detonando sua conta de luz"},"content":{"rendered":"\n<p>Entender quais aparelhos mais pesam na conta de luz ajuda a controlar o <strong>consumo dom\u00e9stico<\/strong> e evitar surpresas no fim do m\u00eas. Alguns equipamentos gastam muito mais do que parecem, e pequenos h\u00e1bitos podem elevar ainda mais o valor total.<\/p>\n\n\n\n<h2 class=\"wp-block-heading\">Quais aparelhos realmente lideram o consumo de energia?<\/h2>\n\n\n\n<p>O <strong>ar-condicionado<\/strong> \u00e9 o maior respons\u00e1vel pelo gasto mensal, j\u00e1 que um modelo de 12.000 BTUs usado por oito horas di\u00e1rias pode gerar custo entre R$ 120 e R$ 230. Em seguida, o chuveiro el\u00e9trico tamb\u00e9m pesa bastante na fatura.<\/p>\n\n\n\n<p>O <strong>chuveiro<\/strong> usado por quinze minutos por dia consome energia suficiente para custar entre R$ 60 e R$ 110 mensais. Ele \u00e9 ainda mais caro em pot\u00eancias altas e em regi\u00f5es frias, onde a \u00e1gua precisa ser aquecida com mais intensidade.<\/p>\n\n\n\n<figure class=\"wp-block-image size-large\"><img loading=\"lazy\" decoding=\"async\" width=\"1024\" height=\"576\" src=\"https:\/\/www.em.com.br\/emfoco\/wp-content\/uploads\/2025\/11\/Ar-condicionado_1763575512257-1024x576.jpg\" alt=\"Os 7 aparelhos que mais consomem energia e est\u00e3o detonando sua conta de luz\" class=\"wp-image-129583\" srcset=\"https:\/\/www.em.com.br\/emfoco\/wp-content\/uploads\/2025\/11\/Ar-condicionado_1763575512257-1024x576.jpg 1024w, https:\/\/www.em.com.br\/emfoco\/wp-content\/uploads\/2025\/11\/Ar-condicionado_1763575512257-300x169.jpg 300w, https:\/\/www.em.com.br\/emfoco\/wp-content\/uploads\/2025\/11\/Ar-condicionado_1763575512257-768x432.jpg 768w, https:\/\/www.em.com.br\/emfoco\/wp-content\/uploads\/2025\/11\/Ar-condicionado_1763575512257-750x422.jpg 750w, https:\/\/www.em.com.br\/emfoco\/wp-content\/uploads\/2025\/11\/Ar-condicionado_1763575512257-1140x641.jpg 1140w, https:\/\/www.em.com.br\/emfoco\/wp-content\/uploads\/2025\/11\/Ar-condicionado_1763575512257.jpg 1280w\" sizes=\"auto, (max-width: 1024px) 100vw, 1024px\" \/><figcaption class=\"wp-element-caption\">Ar-condicionado e chuveiro el\u00e9trico concentram grande parte do consumo residencial &#8211; Cr\u00e9ditos: depositphotos.com \/ sbotas<\/figcaption><\/figure>\n\n\n\n<p><em>Leia mais: <strong><a href=\"https:\/\/www.em.com.br\/emfoco\/2025\/11\/16\/r15-que-mudaram-minha-conta-de-luz-mais-do-que-eu-esperava\/\" target=\"_blank\" rel=\"noreferrer noopener\">R$15 que mudaram minha conta de luz mais do que eu esperava<\/a><\/strong><\/em><\/p>\n\n\n\n<h2 class=\"wp-block-heading\">Quais fatores tornam alguns aparelhos mais caros que outros?<\/h2>\n\n\n\n<p>A compreens\u00e3o dos vil\u00f5es do gasto passa por identificar como cada <strong>equipamento<\/strong> funciona. Alguns operam por longos per\u00edodos, outros exigem pot\u00eancia alta, e v\u00e1rios mant\u00eam consumo oculto mesmo quando parecem desligados.<\/p>\n\n\n\n<ul class=\"wp-block-list\">\n<li>Geladeira funcionando <strong>24 horas<\/strong> custa em m\u00e9dia R$ 50 a R$ 90 mensais.<\/li>\n\n\n\n<li>Ferro de passar pode chegar a R$ 20 a R$ 45 com uso moderado.<\/li>\n\n\n\n<li>Televis\u00e3o, micro-ondas, m\u00e1quina de lavar e <strong>computador<\/strong> somam valores importantes.<\/li>\n<\/ul>\n\n\n\n<figure class=\"wp-block-table\"><table class=\"has-fixed-layout\"><tbody><tr><th>Aparelho<\/th><th>Consumo m\u00e9dio mensal<\/th><th>Custo estimado<\/th><\/tr><tr><td>Ar-condicionado 12.000 BTUs<\/td><td>8h\/dia<\/td><td>R$ 120 a R$ 230<\/td><\/tr><tr><td>Chuveiro el\u00e9trico<\/td><td>15 min\/dia<\/td><td>R$ 60 a R$ 110<\/td><\/tr><tr><td>Geladeira<\/td><td>Ligada 24h<\/td><td>R$ 50 a R$ 90<\/td><\/tr><tr><td>Ferro de passar<\/td><td>Uso moderado<\/td><td>R$ 20 a R$ 45<\/td><\/tr><tr><td>Televis\u00e3o<\/td><td>4h\/dia<\/td><td>R$ 12 a R$ 25<\/td><\/tr><tr><td>Micro-ondas<\/td><td>Uso di\u00e1rio<\/td><td>R$ 8 a R$ 18<\/td><\/tr><tr><td>Computador<\/td><td>5h\/dia<\/td><td>R$ 18 a R$ 35<\/td><\/tr><\/tbody><\/table><\/figure>\n\n\n\n<h2 class=\"wp-block-heading\">Aparelhos antigos realmente consomem muito mais energia?<\/h2>\n\n\n\n<p>Modelos antigos podem exigir at\u00e9 o <strong>dobro de energia<\/strong>, pois utilizam tecnologias menos eficientes. A diferen\u00e7a \u00e9 percept\u00edvel em itens como geladeiras, m\u00e1quinas de lavar e televisores, que permanecem longos per\u00edodos em opera\u00e7\u00e3o.<\/p>\n\n\n\n<p>O <strong>uso incorreto<\/strong> tamb\u00e9m eleva o gasto, como abrir a geladeira diversas vezes, deixar roupas muito molhadas na centr\u00edfuga ou manter eletr\u00f4nicos no stand-by. Esses h\u00e1bitos fazem o consumo crescer sem que o consumidor perceba.<\/p>\n\n\n\n<figure class=\"wp-block-image size-large\"><img loading=\"lazy\" decoding=\"async\" width=\"1024\" height=\"576\" src=\"https:\/\/www.em.com.br\/emfoco\/wp-content\/uploads\/2025\/11\/Geladeira-antiga_1763575559831-1024x576.jpg\" alt=\"Os 7 aparelhos que mais consomem energia e est\u00e3o detonando sua conta de luz\" class=\"wp-image-129584\" srcset=\"https:\/\/www.em.com.br\/emfoco\/wp-content\/uploads\/2025\/11\/Geladeira-antiga_1763575559831-1024x576.jpg 1024w, https:\/\/www.em.com.br\/emfoco\/wp-content\/uploads\/2025\/11\/Geladeira-antiga_1763575559831-300x169.jpg 300w, https:\/\/www.em.com.br\/emfoco\/wp-content\/uploads\/2025\/11\/Geladeira-antiga_1763575559831-768x432.jpg 768w, https:\/\/www.em.com.br\/emfoco\/wp-content\/uploads\/2025\/11\/Geladeira-antiga_1763575559831-750x422.jpg 750w, https:\/\/www.em.com.br\/emfoco\/wp-content\/uploads\/2025\/11\/Geladeira-antiga_1763575559831-1140x641.jpg 1140w, https:\/\/www.em.com.br\/emfoco\/wp-content\/uploads\/2025\/11\/Geladeira-antiga_1763575559831.jpg 1280w\" sizes=\"auto, (max-width: 1024px) 100vw, 1024px\" \/><figcaption class=\"wp-element-caption\">Geladeiras antigas trabalham mais e elevam significativamente o gasto energ\u00e9tico &#8211; Cr\u00e9ditos: depositphotos.com \/ mproduction<\/figcaption><\/figure>\n\n\n\n<h2 class=\"wp-block-heading\">Como reduzir os maiores gastos sem perder conforto?<\/h2>\n\n\n\n<p>Para diminuir a <strong>conta de luz<\/strong>, \u00e9 essencial adotar pr\u00e1ticas simples que diminuem o uso dos aparelhos mais pesados. Al\u00e9m disso, modernizar equipamentos e ajustar rotinas gera impacto direto na fatura mensal.<\/p>\n\n\n\n<ul class=\"wp-block-list\">\n<li>Evite deixar itens em <strong><a href=\"https:\/\/sebrae.com.br\/sites\/PortalSebrae\/artigos\/equipamentos-em-stand-by-podem-gerar-gastos-desnecessarios,2b0a2222448b6810VgnVCM1000001b00320aRCRD\" target=\"_blank\" rel=\"noreferrer noopener\">stand-by<\/a><\/strong> e desligue da tomada quando poss\u00edvel.<\/li>\n\n\n\n<li>Use o <strong>ar-condicionado<\/strong> em temperaturas moderadas e mantenha filtros limpos.<\/li>\n\n\n\n<li>Priorize equipamentos com <strong>selo eficiente<\/strong>, que reduzem o custo mensal.<\/li>\n<\/ul>\n\n\n\n<p><\/p>\n","protected":false},"excerpt":{"rendered":"<p>Entender quais aparelhos mais pesam na conta de luz ajuda a controlar o consumo dom\u00e9stico e evitar surpresas no fim do m\u00eas. Alguns equipamentos gastam muito mais do que parecem, e pequenos h\u00e1bitos podem elevar ainda mais o valor total. Quais aparelhos realmente lideram o consumo de energia? O ar-condicionado \u00e9 o maior respons\u00e1vel pelo [&hellip;]<\/p>\n","protected":false},"author":13,"featured_media":129582,"comment_status":"open","ping_status":"open","sticky":false,"template":"","format":"standard","meta":{"jnews-multi-image_gallery":[],"jnews_single_post":{"format":"standard"},"jnews_primary_category":[],"jnews_social_meta":[],"jnews_override_counter":[],"footnotes":""},"categories":[8819],"tags":[15755,16886,1018,6071],"class_list":["post-129511","post","type-post","status-publish","format-standard","has-post-thumbnail","hentry","category-curiosidades","tag-ar-condicionado-2","tag-conta-de-energia","tag-conta-de-luz","tag-eletrodomestico"],"yoast_head":"<!-- This site is optimized with the Yoast SEO plugin v23.8 - https:\/\/yoast.com\/wordpress\/plugins\/seo\/ -->\n<title>Os 7 aparelhos que mais consomem energia e est\u00e3o detonando sua conta de luz - Estado de Minas - Em foco<\/title>\n<meta name=\"description\" content=\"Ar-condicionado, chuveiro e geladeira podem estar aumentando sua conta. Saiba o que mais gasta energia e como gastar menos.\" \/>\n<meta name=\"robots\" content=\"index, follow, max-snippet:-1, max-image-preview:large, max-video-preview:-1\" \/>\n<link rel=\"canonical\" href=\"https:\/\/www.em.com.br\/emfoco\/2025\/11\/21\/os-7-aparelhos-que-mais-consomem-energia-e-estao-detonando-sua-conta-de-luz\/\" \/>\n<meta property=\"og:locale\" content=\"pt_BR\" \/>\n<meta property=\"og:type\" content=\"article\" \/>\n<meta property=\"og:title\" content=\"Os 7 aparelhos que mais consomem energia e est\u00e3o detonando sua conta de luz - Estado de Minas - Em foco\" \/>\n<meta property=\"og:description\" content=\"Ar-condicionado, chuveiro e geladeira podem estar aumentando sua conta. Saiba o que mais gasta energia e como gastar menos.\" \/>\n<meta property=\"og:url\" content=\"https:\/\/www.em.com.br\/emfoco\/2025\/11\/21\/os-7-aparelhos-que-mais-consomem-energia-e-estao-detonando-sua-conta-de-luz\/\" \/>\n<meta property=\"og:site_name\" content=\"Estado de Minas - Em foco\" \/>\n<meta property=\"article:published_time\" content=\"2025-11-21T13:15:00+00:00\" \/>\n<meta property=\"article:modified_time\" content=\"2025-11-19T18:06:22+00:00\" \/>\n<meta property=\"og:image\" content=\"https:\/\/www.em.com.br\/emfoco\/wp-content\/uploads\/2025\/11\/mosaico_1763575475514.jpg\" \/>\n\t<meta property=\"og:image:width\" content=\"1280\" \/>\n\t<meta property=\"og:image:height\" content=\"720\" \/>\n\t<meta property=\"og:image:type\" content=\"image\/jpeg\" \/>\n<meta name=\"author\" content=\"Gabriel Martins\" \/>\n<meta name=\"twitter:card\" content=\"summary_large_image\" \/>\n<meta name=\"twitter:label1\" content=\"Escrito por\" \/>\n\t<meta name=\"twitter:data1\" content=\"Gabriel Martins\" \/>\n\t<meta name=\"twitter:label2\" content=\"Est. tempo de leitura\" \/>\n\t<meta name=\"twitter:data2\" content=\"4 minutos\" \/>\n<!-- \/ Yoast SEO plugin. -->","yoast_head_json":{"title":"Os 7 aparelhos que mais consomem energia e est\u00e3o detonando sua conta de luz - Estado de Minas - Em foco","description":"Ar-condicionado, chuveiro e geladeira podem estar aumentando sua conta. Saiba o que mais gasta energia e como gastar menos.","robots":{"index":"index","follow":"follow","max-snippet":"max-snippet:-1","max-image-preview":"max-image-preview:large","max-video-preview":"max-video-preview:-1"},"canonical":"https:\/\/www.em.com.br\/emfoco\/2025\/11\/21\/os-7-aparelhos-que-mais-consomem-energia-e-estao-detonando-sua-conta-de-luz\/","og_locale":"pt_BR","og_type":"article","og_title":"Os 7 aparelhos que mais consomem energia e est\u00e3o detonando sua conta de luz - Estado de Minas - Em foco","og_description":"Ar-condicionado, chuveiro e geladeira podem estar aumentando sua conta. Saiba o que mais gasta energia e como gastar menos.","og_url":"https:\/\/www.em.com.br\/emfoco\/2025\/11\/21\/os-7-aparelhos-que-mais-consomem-energia-e-estao-detonando-sua-conta-de-luz\/","og_site_name":"Estado de Minas - Em foco","article_published_time":"2025-11-21T13:15:00+00:00","article_modified_time":"2025-11-19T18:06:22+00:00","og_image":[{"width":1280,"height":720,"url":"https:\/\/www.em.com.br\/emfoco\/wp-content\/uploads\/2025\/11\/mosaico_1763575475514.jpg","type":"image\/jpeg"}],"author":"Gabriel Martins","twitter_card":"summary_large_image","twitter_misc":{"Escrito por":"Gabriel Martins","Est. tempo de leitura":"4 minutos"},"schema":{"@context":"https:\/\/schema.org","@graph":[{"@type":"WebPage","@id":"https:\/\/www.em.com.br\/emfoco\/2025\/11\/21\/os-7-aparelhos-que-mais-consomem-energia-e-estao-detonando-sua-conta-de-luz\/","url":"https:\/\/www.em.com.br\/emfoco\/2025\/11\/21\/os-7-aparelhos-que-mais-consomem-energia-e-estao-detonando-sua-conta-de-luz\/","name":"Os 7 aparelhos que mais consomem energia e est\u00e3o detonando sua conta de luz - Estado de Minas - Em foco","isPartOf":{"@id":"https:\/\/www.em.com.br\/emfoco\/#website"},"primaryImageOfPage":{"@id":"https:\/\/www.em.com.br\/emfoco\/2025\/11\/21\/os-7-aparelhos-que-mais-consomem-energia-e-estao-detonando-sua-conta-de-luz\/#primaryimage"},"image":{"@id":"https:\/\/www.em.com.br\/emfoco\/2025\/11\/21\/os-7-aparelhos-que-mais-consomem-energia-e-estao-detonando-sua-conta-de-luz\/#primaryimage"},"thumbnailUrl":"https:\/\/www.em.com.br\/emfoco\/wp-content\/uploads\/2025\/11\/mosaico_1763575475514.jpg","datePublished":"2025-11-21T13:15:00+00:00","dateModified":"2025-11-19T18:06:22+00:00","author":{"@id":"https:\/\/www.em.com.br\/emfoco\/#\/schema\/person\/1c9ddeab18b98abeffef834667bcf08a"},"description":"Ar-condicionado, chuveiro e geladeira podem estar aumentando sua conta. Saiba o que mais gasta energia e como gastar menos.","breadcrumb":{"@id":"https:\/\/www.em.com.br\/emfoco\/2025\/11\/21\/os-7-aparelhos-que-mais-consomem-energia-e-estao-detonando-sua-conta-de-luz\/#breadcrumb"},"inLanguage":"pt-BR","potentialAction":[{"@type":"ReadAction","target":["https:\/\/www.em.com.br\/emfoco\/2025\/11\/21\/os-7-aparelhos-que-mais-consomem-energia-e-estao-detonando-sua-conta-de-luz\/"]}]},{"@type":"ImageObject","inLanguage":"pt-BR","@id":"https:\/\/www.em.com.br\/emfoco\/2025\/11\/21\/os-7-aparelhos-que-mais-consomem-energia-e-estao-detonando-sua-conta-de-luz\/#primaryimage","url":"https:\/\/www.em.com.br\/emfoco\/wp-content\/uploads\/2025\/11\/mosaico_1763575475514.jpg","contentUrl":"https:\/\/www.em.com.br\/emfoco\/wp-content\/uploads\/2025\/11\/mosaico_1763575475514.jpg","width":1280,"height":720,"caption":"Alguns aparelhos lideram o consumo dom\u00e9stico e influenciam diretamente a conta mensal - Cr\u00e9ditos: depositphotos.com \/ starush - depositphotos.com \/ AndrewLozovyi"},{"@type":"BreadcrumbList","@id":"https:\/\/www.em.com.br\/emfoco\/2025\/11\/21\/os-7-aparelhos-que-mais-consomem-energia-e-estao-detonando-sua-conta-de-luz\/#breadcrumb","itemListElement":[{"@type":"ListItem","position":1,"name":"In\u00edcio","item":"https:\/\/www.em.com.br\/emfoco\/"},{"@type":"ListItem","position":2,"name":"Os 7 aparelhos que mais consomem energia e est\u00e3o detonando sua conta de luz"}]},{"@type":"WebSite","@id":"https:\/\/www.em.com.br\/emfoco\/#website","url":"https:\/\/www.em.com.br\/emfoco\/","name":"Estado de Minas - Em foco","description":"Acompanhe as \u00faltimas not\u00edcias e fique bem informado sobre tudo o que acontece em Minas Gerais, Brasil e no mundo.","potentialAction":[{"@type":"SearchAction","target":{"@type":"EntryPoint","urlTemplate":"https:\/\/www.em.com.br\/emfoco\/?s={search_term_string}"},"query-input":{"@type":"PropertyValueSpecification","valueRequired":true,"valueName":"search_term_string"}}],"inLanguage":"pt-BR"},{"@type":"Person","@id":"https:\/\/www.em.com.br\/emfoco\/#\/schema\/person\/1c9ddeab18b98abeffef834667bcf08a","name":"Gabriel Martins","image":{"@type":"ImageObject","inLanguage":"pt-BR","@id":"https:\/\/www.em.com.br\/emfoco\/#\/schema\/person\/image\/","url":"https:\/\/secure.gravatar.com\/avatar\/f0f1e2efdfd88f1ad2cb08c5c2731e50?s=96&d=mm&r=g","contentUrl":"https:\/\/secure.gravatar.com\/avatar\/f0f1e2efdfd88f1ad2cb08c5c2731e50?s=96&d=mm&r=g","caption":"Gabriel Martins"},"sameAs":["https:\/\/www.em.com.br\/emfoco\/"],"url":"https:\/\/www.em.com.br\/emfoco\/author\/gabrielmartinsmyth\/"}]}},"_links":{"self":[{"href":"https:\/\/www.em.com.br\/emfoco\/wp-json\/wp\/v2\/posts\/129511","targetHints":{"allow":["GET"]}}],"collection":[{"href":"https:\/\/www.em.com.br\/emfoco\/wp-json\/wp\/v2\/posts"}],"about":[{"href":"https:\/\/www.em.com.br\/emfoco\/wp-json\/wp\/v2\/types\/post"}],"author":[{"embeddable":true,"href":"https:\/\/www.em.com.br\/emfoco\/wp-json\/wp\/v2\/users\/13"}],"replies":[{"embeddable":true,"href":"https:\/\/www.em.com.br\/emfoco\/wp-json\/wp\/v2\/comments?post=129511"}],"version-history":[{"count":1,"href":"https:\/\/www.em.com.br\/emfoco\/wp-json\/wp\/v2\/posts\/129511\/revisions"}],"predecessor-version":[{"id":129585,"href":"https:\/\/www.em.com.br\/emfoco\/wp-json\/wp\/v2\/posts\/129511\/revisions\/129585"}],"wp:featuredmedia":[{"embeddable":true,"href":"https:\/\/www.em.com.br\/emfoco\/wp-json\/wp\/v2\/media\/129582"}],"wp:attachment":[{"href":"https:\/\/www.em.com.br\/emfoco\/wp-json\/wp\/v2\/media?parent=129511"}],"wp:term":[{"taxonomy":"category","embeddable":true,"href":"https:\/\/www.em.com.br\/emfoco\/wp-json\/wp\/v2\/categories?post=129511"},{"taxonomy":"post_tag","embeddable":true,"href":"https:\/\/www.em.com.br\/emfoco\/wp-json\/wp\/v2\/tags?post=129511"}],"curies":[{"name":"wp","href":"https:\/\/api.w.org\/{rel}","templated":true}]}}