{"id":129443,"date":"2025-11-20T13:15:55","date_gmt":"2025-11-20T16:15:55","guid":{"rendered":"https:\/\/www.em.com.br\/emfoco\/?p=129443"},"modified":"2025-11-19T14:04:12","modified_gmt":"2025-11-19T17:04:12","slug":"como-acabar-com-a-coceira-e-a-rigidez-da-pele-seca-usando-este-aliado-poderoso","status":"publish","type":"post","link":"https:\/\/www.em.com.br\/emfoco\/2025\/11\/20\/como-acabar-com-a-coceira-e-a-rigidez-da-pele-seca-usando-este-aliado-poderoso\/","title":{"rendered":"Como acabar com a coceira e a rigidez da pele seca usando este aliado poderoso"},"content":{"rendered":"\n<p>A <strong>pele seca<\/strong> \u00e9 uma condi\u00e7\u00e3o frequente que traz inc\u00f4modos como rigidez, coceira e descama\u00e7\u00e3o. Esses sintomas podem aparecer em raz\u00e3o de fatores ambientais, gen\u00e9tica ou h\u00e1bitos di\u00e1rios, afetando tempor\u00e1ria ou cronicamente diversas pessoas.<\/p>\n\n\n\n<p>A origem do ressecamento pode estar no <strong>clima frio<\/strong>, exposi\u00e7\u00e3o solar intensa, banhos prolongados ou produtos inadequados para o tipo de pele. Identificar e cuidar das causas \u00e9 fundamental para restabelecer a hidrata\u00e7\u00e3o e o conforto da derme.<\/p>\n\n\n<div class=\"wp-block-image\">\n<figure class=\"aligncenter size-large\"><img loading=\"lazy\" decoding=\"async\" width=\"1024\" height=\"576\" src=\"https:\/\/www.em.com.br\/emfoco\/wp-content\/uploads\/2025\/11\/remover-maquiagem_1763218634421-1024x576.jpg\" alt=\"\" class=\"wp-image-128254\" srcset=\"https:\/\/www.em.com.br\/emfoco\/wp-content\/uploads\/2025\/11\/remover-maquiagem_1763218634421-1024x576.jpg 1024w, https:\/\/www.em.com.br\/emfoco\/wp-content\/uploads\/2025\/11\/remover-maquiagem_1763218634421-300x169.jpg 300w, https:\/\/www.em.com.br\/emfoco\/wp-content\/uploads\/2025\/11\/remover-maquiagem_1763218634421-768x432.jpg 768w, https:\/\/www.em.com.br\/emfoco\/wp-content\/uploads\/2025\/11\/remover-maquiagem_1763218634421-750x422.jpg 750w, https:\/\/www.em.com.br\/emfoco\/wp-content\/uploads\/2025\/11\/remover-maquiagem_1763218634421-1140x641.jpg 1140w, https:\/\/www.em.com.br\/emfoco\/wp-content\/uploads\/2025\/11\/remover-maquiagem_1763218634421.jpg 1280w\" sizes=\"auto, (max-width: 1024px) 100vw, 1024px\" \/><figcaption class=\"wp-element-caption\">Coloque algumas gotas do \u00f3leo nas m\u00e3os e esfregue para aquec\u00ea-lo levemente &#8211; Cr\u00e9ditos: depositphotos.com \/ EvgeniyaSheydt<\/figcaption><\/figure><\/div>\n\n\n<p>Leia tamb\u00e9m:&nbsp;<a href=\"https:\/\/www.em.com.br\/emfoco\/2025\/11\/06\/o-oleo-vegetal-que-deixa-o-cabelo-brilhoso-livre-da-oleosidade-e-faz-crescer-mais-forte\/\" target=\"_blank\" rel=\"noopener\">O \u00f3leo vegetal que deixa o cabelo brilhoso, livre da oleosidade e faz crescer mais forte<\/a><\/p>\n\n\n\n<h2 class=\"wp-block-heading\">\u00d3leo corporal pode ajudar no combate \u00e0 pele seca?<\/h2>\n\n\n\n<p><strong>\u00d3leos corporais<\/strong> s\u00e3o excelentes aliados na manuten\u00e7\u00e3o da hidrata\u00e7\u00e3o, formando uma barreira protetora e impedindo a evapora\u00e7\u00e3o da \u00e1gua da pele. Sua efic\u00e1cia, por\u00e9m, depende da escolha certa do produto e da forma como ele \u00e9 aplicado diariamente.<\/p>\n\n\n\n<p>Uma d\u00favida comum \u00e9 sobre o aspecto pegajoso do \u00f3leo ap\u00f3s o uso. Com a aplica\u00e7\u00e3o correta e aten\u00e7\u00e3o ao tipo de \u00f3leo utilizado, \u00e9 poss\u00edvel garantir a nutri\u00e7\u00e3o da pele sem excesso de oleosidade.<\/p>\n\n\n\n<h2 class=\"wp-block-heading\">Qual a melhor forma de usar \u00f3leo corporal para aproveitar seus benef\u00edcios?<\/h2>\n\n\n\n<p>Para obter os melhores resultados e evitar res\u00edduos, o m\u00e9todo de aplica\u00e7\u00e3o faz toda a diferen\u00e7a. Abaixo, veja um passo a passo simples que ajuda a integrar o <strong>\u00f3leo corporal<\/strong> \u00e0 rotina sem excesso de oleosidade:<\/p>\n\n\n<div class=\"wp-block-image\">\n<figure class=\"aligncenter size-large\"><img loading=\"lazy\" decoding=\"async\" width=\"1024\" height=\"576\" src=\"https:\/\/www.em.com.br\/emfoco\/wp-content\/uploads\/2025\/11\/pele-seca_1762618971564-1024x576.jpg\" alt=\"\" class=\"wp-image-125238\" srcset=\"https:\/\/www.em.com.br\/emfoco\/wp-content\/uploads\/2025\/11\/pele-seca_1762618971564-1024x576.jpg 1024w, https:\/\/www.em.com.br\/emfoco\/wp-content\/uploads\/2025\/11\/pele-seca_1762618971564-300x169.jpg 300w, https:\/\/www.em.com.br\/emfoco\/wp-content\/uploads\/2025\/11\/pele-seca_1762618971564-768x432.jpg 768w, https:\/\/www.em.com.br\/emfoco\/wp-content\/uploads\/2025\/11\/pele-seca_1762618971564-750x422.jpg 750w, https:\/\/www.em.com.br\/emfoco\/wp-content\/uploads\/2025\/11\/pele-seca_1762618971564-1140x641.jpg 1140w, https:\/\/www.em.com.br\/emfoco\/wp-content\/uploads\/2025\/11\/pele-seca_1762618971564.jpg 1280w\" sizes=\"auto, (max-width: 1024px) 100vw, 1024px\" \/><figcaption class=\"wp-element-caption\">O primeiro passo \u00e9 entender como reconhecer o seu tipo de pele &#8211; Cr\u00e9ditos: depositphotos.com \/ Alena1919<\/figcaption><\/figure><\/div>\n\n\n<ul class=\"wp-block-list\">\n<li><strong>Depois do banho:<\/strong> Deixe a pele levemente \u00famida ao sair do banho, facilitando a absor\u00e7\u00e3o do \u00f3leo.<\/li>\n\n\n\n<li><strong>Aplique a quantidade certa:<\/strong> Espalhe pequenas quantidades em movimentos suaves e circulares.<\/li>\n\n\n\n<li><strong>Paci\u00eancia na absor\u00e7\u00e3o:<\/strong> Aguarde alguns minutos antes de se vestir para garantir total absor\u00e7\u00e3o.<\/li>\n<\/ul>\n\n\n\n<h2 class=\"wp-block-heading\">Quando devo usar \u00f3leo corporal para melhores resultados?<\/h2>\n\n\n\n<p>O momento da aplica\u00e7\u00e3o influencia diretamente na efic\u00e1cia do produto. O ideal \u00e9 utilizar o \u00f3leo ap\u00f3s o banho, aproveitando os poros abertos pelo calor e umidade, o que melhora a absor\u00e7\u00e3o dos ativos.<\/p>\n\n\n\n<p>Aplicar \u00f3leos corporais \u00e0 noite pode potencializar a regenera\u00e7\u00e3o natural da pele durante o sono, garantindo uma sensa\u00e7\u00e3o de suavidade e hidrata\u00e7\u00e3o ao acordar. Alguns \u00f3leos, como o <strong>\u00f3leo de am\u00eandoas<\/strong>, s\u00e3o especialmente indicados para uso noturno devido \u00e0 sua a\u00e7\u00e3o nutritiva prolongada. Veja um v\u00eddeo abaixo da <a class=\"yt-simple-endpoint style-scope yt-formatted-string\" spellcheck=\"false\" href=\"https:\/\/www.youtube.com\/@DraMarinaHayashida\" target=\"_blank\" rel=\"noopener\">Dra. Marina Hayashida&nbsp;<\/a>falando sobre os cuidados com a pele:<\/p>\n\n\n\n<figure class=\"wp-block-embed is-type-video is-provider-youtube wp-block-embed-youtube wp-embed-aspect-16-9 wp-has-aspect-ratio\"><div class=\"wp-block-embed__wrapper\">\n<div class=\"jeg_video_container jeg_video_content\"><iframe loading=\"lazy\" title=\"Dicas Pr\u00e1ticas para Cuidar da Pele do Corpo em Casa\" width=\"500\" height=\"281\" src=\"https:\/\/www.youtube.com\/embed\/eHpPc2V0N8E?feature=oembed\" frameborder=\"0\" allow=\"accelerometer; autoplay; clipboard-write; encrypted-media; gyroscope; picture-in-picture; web-share\" referrerpolicy=\"strict-origin-when-cross-origin\" allowfullscreen><\/iframe><\/div>\n<\/div><\/figure>\n\n\n\n<h2 class=\"wp-block-heading\">Como escolher e manter uma rotina eficiente com \u00f3leo corporal?<\/h2>\n\n\n\n<p>Manter a pele hidratada e saud\u00e1vel envolve rotina e aten\u00e7\u00e3o \u00e0s necessidades da pele. A escolha do \u00f3leo ideal deve considerar fatores como tipo de pele, eventuais sensibilidades e prefer\u00eancias de textura ou fragr\u00e2ncia.<\/p>\n\n\n\n<p>Incluindo produtos adequados e ajustando a frequ\u00eancia conforme sua rotina e clima, \u00e9 poss\u00edvel notar uma transforma\u00e7\u00e3o significativa em <strong>textura<\/strong>, suavidade e conforto todos os dias. Consultar um <strong>dermatologista<\/strong> pode ajudar na escolha do melhor produto, especialmente para quem possui pele sens\u00edvel ou condi\u00e7\u00f5es espec\u00edficas.<\/p>\n","protected":false},"excerpt":{"rendered":"<p>A pele seca \u00e9 uma condi\u00e7\u00e3o frequente que traz inc\u00f4modos como rigidez, coceira e descama\u00e7\u00e3o. Esses sintomas podem aparecer em raz\u00e3o de fatores ambientais, gen\u00e9tica ou h\u00e1bitos di\u00e1rios, afetando tempor\u00e1ria ou cronicamente diversas pessoas. A origem do ressecamento pode estar no clima frio, exposi\u00e7\u00e3o solar intensa, banhos prolongados ou produtos inadequados para o tipo de [&hellip;]<\/p>\n","protected":false},"author":9,"featured_media":48149,"comment_status":"open","ping_status":"open","sticky":false,"template":"","format":"standard","meta":{"jnews-multi-image_gallery":[],"jnews_single_post":{"format":"standard"},"jnews_primary_category":[],"jnews_social_meta":[],"jnews_override_counter":[],"footnotes":""},"categories":[8691,8819,1],"tags":[6394,18714,6967],"class_list":["post-129443","post","type-post","status-publish","format-standard","has-post-thumbnail","hentry","category-bem-estar","category-curiosidades","category-noticias","tag-cuidado-com-a-pele","tag-hidratar-pele","tag-pele-seca"],"yoast_head":"<!-- This site is optimized with the Yoast SEO plugin v23.8 - https:\/\/yoast.com\/wordpress\/plugins\/seo\/ -->\n<title>Como acabar com a coceira e a rigidez da pele seca usando este aliado poderoso - Estado de Minas - Em foco<\/title>\n<meta name=\"description\" content=\"O \u00f3leo corporal cria uma barreira contra o ressecamento. Saiba o momento certo de aplicar e a t\u00e9cnica para evitar a sensa\u00e7\u00e3o pegajosa.\" \/>\n<meta name=\"robots\" content=\"index, follow, max-snippet:-1, max-image-preview:large, max-video-preview:-1\" \/>\n<link rel=\"canonical\" href=\"https:\/\/www.em.com.br\/emfoco\/2025\/11\/20\/como-acabar-com-a-coceira-e-a-rigidez-da-pele-seca-usando-este-aliado-poderoso\/\" \/>\n<meta property=\"og:locale\" content=\"pt_BR\" \/>\n<meta property=\"og:type\" content=\"article\" \/>\n<meta property=\"og:title\" content=\"Como acabar com a coceira e a rigidez da pele seca usando este aliado poderoso - Estado de Minas - Em foco\" \/>\n<meta property=\"og:description\" content=\"O \u00f3leo corporal cria uma barreira contra o ressecamento. Saiba o momento certo de aplicar e a t\u00e9cnica para evitar a sensa\u00e7\u00e3o pegajosa.\" \/>\n<meta property=\"og:url\" content=\"https:\/\/www.em.com.br\/emfoco\/2025\/11\/20\/como-acabar-com-a-coceira-e-a-rigidez-da-pele-seca-usando-este-aliado-poderoso\/\" \/>\n<meta property=\"og:site_name\" content=\"Estado de Minas - Em foco\" \/>\n<meta property=\"article:published_time\" content=\"2025-11-20T16:15:55+00:00\" \/>\n<meta property=\"article:modified_time\" content=\"2025-11-19T17:04:12+00:00\" \/>\n<meta property=\"og:image\" content=\"https:\/\/www.em.com.br\/emfoco\/wp-content\/uploads\/2025\/05\/pele-seca-_1747485946516.jpg\" \/>\n\t<meta property=\"og:image:width\" content=\"1280\" \/>\n\t<meta property=\"og:image:height\" content=\"720\" \/>\n\t<meta property=\"og:image:type\" content=\"image\/jpeg\" \/>\n<meta name=\"author\" content=\"Daniely Cardoso\" \/>\n<meta name=\"twitter:card\" content=\"summary_large_image\" \/>\n<meta name=\"twitter:label1\" content=\"Escrito por\" \/>\n\t<meta name=\"twitter:data1\" content=\"Daniely Cardoso\" \/>\n\t<meta name=\"twitter:label2\" content=\"Est. tempo de leitura\" \/>\n\t<meta name=\"twitter:data2\" content=\"4 minutos\" \/>\n<!-- \/ Yoast SEO plugin. -->","yoast_head_json":{"title":"Como acabar com a coceira e a rigidez da pele seca usando este aliado poderoso - Estado de Minas - Em foco","description":"O \u00f3leo corporal cria uma barreira contra o ressecamento. Saiba o momento certo de aplicar e a t\u00e9cnica para evitar a sensa\u00e7\u00e3o pegajosa.","robots":{"index":"index","follow":"follow","max-snippet":"max-snippet:-1","max-image-preview":"max-image-preview:large","max-video-preview":"max-video-preview:-1"},"canonical":"https:\/\/www.em.com.br\/emfoco\/2025\/11\/20\/como-acabar-com-a-coceira-e-a-rigidez-da-pele-seca-usando-este-aliado-poderoso\/","og_locale":"pt_BR","og_type":"article","og_title":"Como acabar com a coceira e a rigidez da pele seca usando este aliado poderoso - Estado de Minas - Em foco","og_description":"O \u00f3leo corporal cria uma barreira contra o ressecamento. Saiba o momento certo de aplicar e a t\u00e9cnica para evitar a sensa\u00e7\u00e3o pegajosa.","og_url":"https:\/\/www.em.com.br\/emfoco\/2025\/11\/20\/como-acabar-com-a-coceira-e-a-rigidez-da-pele-seca-usando-este-aliado-poderoso\/","og_site_name":"Estado de Minas - Em foco","article_published_time":"2025-11-20T16:15:55+00:00","article_modified_time":"2025-11-19T17:04:12+00:00","og_image":[{"width":1280,"height":720,"url":"https:\/\/www.em.com.br\/emfoco\/wp-content\/uploads\/2025\/05\/pele-seca-_1747485946516.jpg","type":"image\/jpeg"}],"author":"Daniely Cardoso","twitter_card":"summary_large_image","twitter_misc":{"Escrito por":"Daniely Cardoso","Est. tempo de leitura":"4 minutos"},"schema":{"@context":"https:\/\/schema.org","@graph":[{"@type":"WebPage","@id":"https:\/\/www.em.com.br\/emfoco\/2025\/11\/20\/como-acabar-com-a-coceira-e-a-rigidez-da-pele-seca-usando-este-aliado-poderoso\/","url":"https:\/\/www.em.com.br\/emfoco\/2025\/11\/20\/como-acabar-com-a-coceira-e-a-rigidez-da-pele-seca-usando-este-aliado-poderoso\/","name":"Como acabar com a coceira e a rigidez da pele seca usando este aliado poderoso - Estado de Minas - Em foco","isPartOf":{"@id":"https:\/\/www.em.com.br\/emfoco\/#website"},"primaryImageOfPage":{"@id":"https:\/\/www.em.com.br\/emfoco\/2025\/11\/20\/como-acabar-com-a-coceira-e-a-rigidez-da-pele-seca-usando-este-aliado-poderoso\/#primaryimage"},"image":{"@id":"https:\/\/www.em.com.br\/emfoco\/2025\/11\/20\/como-acabar-com-a-coceira-e-a-rigidez-da-pele-seca-usando-este-aliado-poderoso\/#primaryimage"},"thumbnailUrl":"https:\/\/www.em.com.br\/emfoco\/wp-content\/uploads\/2025\/05\/pele-seca-_1747485946516.jpg","datePublished":"2025-11-20T16:15:55+00:00","dateModified":"2025-11-19T17:04:12+00:00","author":{"@id":"https:\/\/www.em.com.br\/emfoco\/#\/schema\/person\/0a8186d72f2c3a5c6276d90b41f271a0"},"description":"O \u00f3leo corporal cria uma barreira contra o ressecamento. Saiba o momento certo de aplicar e a t\u00e9cnica para evitar a sensa\u00e7\u00e3o pegajosa.","breadcrumb":{"@id":"https:\/\/www.em.com.br\/emfoco\/2025\/11\/20\/como-acabar-com-a-coceira-e-a-rigidez-da-pele-seca-usando-este-aliado-poderoso\/#breadcrumb"},"inLanguage":"pt-BR","potentialAction":[{"@type":"ReadAction","target":["https:\/\/www.em.com.br\/emfoco\/2025\/11\/20\/como-acabar-com-a-coceira-e-a-rigidez-da-pele-seca-usando-este-aliado-poderoso\/"]}]},{"@type":"ImageObject","inLanguage":"pt-BR","@id":"https:\/\/www.em.com.br\/emfoco\/2025\/11\/20\/como-acabar-com-a-coceira-e-a-rigidez-da-pele-seca-usando-este-aliado-poderoso\/#primaryimage","url":"https:\/\/www.em.com.br\/emfoco\/wp-content\/uploads\/2025\/05\/pele-seca-_1747485946516.jpg","contentUrl":"https:\/\/www.em.com.br\/emfoco\/wp-content\/uploads\/2025\/05\/pele-seca-_1747485946516.jpg","width":1280,"height":720,"caption":"Pele seca - Cr\u00e9ditos: depositphotos.com \/ psodaz"},{"@type":"BreadcrumbList","@id":"https:\/\/www.em.com.br\/emfoco\/2025\/11\/20\/como-acabar-com-a-coceira-e-a-rigidez-da-pele-seca-usando-este-aliado-poderoso\/#breadcrumb","itemListElement":[{"@type":"ListItem","position":1,"name":"In\u00edcio","item":"https:\/\/www.em.com.br\/emfoco\/"},{"@type":"ListItem","position":2,"name":"Como acabar com a coceira e a rigidez da pele seca usando este aliado poderoso"}]},{"@type":"WebSite","@id":"https:\/\/www.em.com.br\/emfoco\/#website","url":"https:\/\/www.em.com.br\/emfoco\/","name":"Estado de Minas - Em foco","description":"Acompanhe as \u00faltimas not\u00edcias e fique bem informado sobre tudo o que acontece em Minas Gerais, Brasil e no mundo.","potentialAction":[{"@type":"SearchAction","target":{"@type":"EntryPoint","urlTemplate":"https:\/\/www.em.com.br\/emfoco\/?s={search_term_string}"},"query-input":{"@type":"PropertyValueSpecification","valueRequired":true,"valueName":"search_term_string"}}],"inLanguage":"pt-BR"},{"@type":"Person","@id":"https:\/\/www.em.com.br\/emfoco\/#\/schema\/person\/0a8186d72f2c3a5c6276d90b41f271a0","name":"Daniely Cardoso","image":{"@type":"ImageObject","inLanguage":"pt-BR","@id":"https:\/\/www.em.com.br\/emfoco\/#\/schema\/person\/image\/","url":"https:\/\/secure.gravatar.com\/avatar\/4b80ddbd124d1f071b626d52d62e5dff?s=96&d=mm&r=g","contentUrl":"https:\/\/secure.gravatar.com\/avatar\/4b80ddbd124d1f071b626d52d62e5dff?s=96&d=mm&r=g","caption":"Daniely Cardoso"},"url":"https:\/\/www.em.com.br\/emfoco\/author\/danielymyth\/"}]}},"_links":{"self":[{"href":"https:\/\/www.em.com.br\/emfoco\/wp-json\/wp\/v2\/posts\/129443","targetHints":{"allow":["GET"]}}],"collection":[{"href":"https:\/\/www.em.com.br\/emfoco\/wp-json\/wp\/v2\/posts"}],"about":[{"href":"https:\/\/www.em.com.br\/emfoco\/wp-json\/wp\/v2\/types\/post"}],"author":[{"embeddable":true,"href":"https:\/\/www.em.com.br\/emfoco\/wp-json\/wp\/v2\/users\/9"}],"replies":[{"embeddable":true,"href":"https:\/\/www.em.com.br\/emfoco\/wp-json\/wp\/v2\/comments?post=129443"}],"version-history":[{"count":3,"href":"https:\/\/www.em.com.br\/emfoco\/wp-json\/wp\/v2\/posts\/129443\/revisions"}],"predecessor-version":[{"id":129529,"href":"https:\/\/www.em.com.br\/emfoco\/wp-json\/wp\/v2\/posts\/129443\/revisions\/129529"}],"wp:featuredmedia":[{"embeddable":true,"href":"https:\/\/www.em.com.br\/emfoco\/wp-json\/wp\/v2\/media\/48149"}],"wp:attachment":[{"href":"https:\/\/www.em.com.br\/emfoco\/wp-json\/wp\/v2\/media?parent=129443"}],"wp:term":[{"taxonomy":"category","embeddable":true,"href":"https:\/\/www.em.com.br\/emfoco\/wp-json\/wp\/v2\/categories?post=129443"},{"taxonomy":"post_tag","embeddable":true,"href":"https:\/\/www.em.com.br\/emfoco\/wp-json\/wp\/v2\/tags?post=129443"}],"curies":[{"name":"wp","href":"https:\/\/api.w.org\/{rel}","templated":true}]}}