{"id":129436,"date":"2025-11-20T12:05:54","date_gmt":"2025-11-20T15:05:54","guid":{"rendered":"https:\/\/www.em.com.br\/emfoco\/?p=129436"},"modified":"2025-11-19T13:57:34","modified_gmt":"2025-11-19T16:57:34","slug":"o-que-acontece-com-seu-intestino-quando-voce-inclui-o-mamao-no-cafe-da-manha","status":"publish","type":"post","link":"https:\/\/www.em.com.br\/emfoco\/2025\/11\/20\/o-que-acontece-com-seu-intestino-quando-voce-inclui-o-mamao-no-cafe-da-manha\/","title":{"rendered":"O que acontece com seu intestino quando voc\u00ea inclui o mam\u00e3o no caf\u00e9 da manh\u00e3"},"content":{"rendered":"\n<p>O <strong>mam\u00e3o<\/strong>, conhecido cientificamente como <em><strong>Carica papaya<\/strong><\/em>, \u00e9 uma fruta tropical de sabor doce e suculento que oferece diversos benef\u00edcios para a <strong>digest\u00e3o<\/strong> e a sa\u00fade intestinal, al\u00e9m de contribuir com vitaminas essenciais para o bem-estar geral.<\/p>\n\n\n\n<h2 class=\"wp-block-heading\">O que faz o mam\u00e3o auxiliar no processo digestivo?<\/h2>\n\n\n\n<p>O mam\u00e3o cont\u00e9m a enzima <strong>papa\u00edna<\/strong>, respons\u00e1vel por facilitar a digest\u00e3o das prote\u00ednas e melhorar a absor\u00e7\u00e3o de nutrientes. Consumir mam\u00e3o regularmente promove uma digest\u00e3o mais eficiente e ajuda a minimizar desconfortos ap\u00f3s as refei\u00e7\u00f5es.<\/p>\n\n\n\n<p>A fruta tamb\u00e9m \u00e9 leve e de f\u00e1cil digest\u00e3o, sendo uma boa escolha para pessoas com o sistema digestivo sens\u00edvel ou que estejam em recupera\u00e7\u00e3o de problemas <strong>gastrointestinais<\/strong>.<\/p>\n\n\n<div class=\"wp-block-image\">\n<figure class=\"aligncenter size-large\"><img loading=\"lazy\" decoding=\"async\" width=\"1024\" height=\"576\" src=\"https:\/\/www.em.com.br\/emfoco\/wp-content\/uploads\/2025\/11\/suco-de-mamao_1762369733198-1024x576.jpg\" alt=\"\" class=\"wp-image-123782\" srcset=\"https:\/\/www.em.com.br\/emfoco\/wp-content\/uploads\/2025\/11\/suco-de-mamao_1762369733198-1024x576.jpg 1024w, https:\/\/www.em.com.br\/emfoco\/wp-content\/uploads\/2025\/11\/suco-de-mamao_1762369733198-300x169.jpg 300w, https:\/\/www.em.com.br\/emfoco\/wp-content\/uploads\/2025\/11\/suco-de-mamao_1762369733198-768x432.jpg 768w, https:\/\/www.em.com.br\/emfoco\/wp-content\/uploads\/2025\/11\/suco-de-mamao_1762369733198-750x422.jpg 750w, https:\/\/www.em.com.br\/emfoco\/wp-content\/uploads\/2025\/11\/suco-de-mamao_1762369733198-1140x641.jpg 1140w, https:\/\/www.em.com.br\/emfoco\/wp-content\/uploads\/2025\/11\/suco-de-mamao_1762369733198.jpg 1280w\" sizes=\"auto, (max-width: 1024px) 100vw, 1024px\" \/><figcaption class=\"wp-element-caption\">Facilita\u00e7\u00e3o da digest\u00e3o de prote\u00ednas &#8211; Cr\u00e9ditos: depositphotos.com \/ ildi_papp<\/figcaption><\/figure><\/div>\n\n\n<p>Leia tamb\u00e9m:&nbsp;<a href=\"https:\/\/www.em.com.br\/emfoco\/2025\/11\/19\/a-folha-verde-que-melhora-a-digestao-e-deixa-o-corpo-mais-leve\/\" target=\"_blank\" rel=\"noopener\">A folha verde que melhora a digest\u00e3o e deixa o corpo mais leve<\/a><\/p>\n\n\n\n<h2 class=\"wp-block-heading\">Como o mam\u00e3o pode ajudar a melhorar o funcionamento do intestino?<\/h2>\n\n\n\n<p>A presen\u00e7a de <strong>fibras diet\u00e9ticas<\/strong> no mam\u00e3o \u00e9 fundamental para o bom funcionamento intestinal. As fibras atuam no tr\u00e2nsito intestinal, prevenindo a constipa\u00e7\u00e3o e colaborando para a limpeza natural do trato digestivo.<\/p>\n\n\n\n<p>Para destacar a contribui\u00e7\u00e3o desse alimento, veja os principais benef\u00edcios das fibras do <strong>mam\u00e3o<\/strong> para o intestino:<\/p>\n\n\n\n<ul class=\"wp-block-list\">\n<li><strong>Promovem<\/strong> o funcionamento regular do intestino<\/li>\n\n\n\n<li>Colaboram para a forma\u00e7\u00e3o do <strong>bolo fecal<\/strong><\/li>\n\n\n\n<li>Auxiliam na manuten\u00e7\u00e3o de um <strong>microbioma intestinal<\/strong> saud\u00e1vel<\/li>\n\n\n\n<li>Favorecem a preven\u00e7\u00e3o de <strong>doen\u00e7as digestivas<\/strong><\/li>\n<\/ul>\n\n\n\n<h2 class=\"wp-block-heading\">Por que o mam\u00e3o \u00e9 bom para a sa\u00fade intestinal?<\/h2>\n\n\n\n<p>Al\u00e9m das fibras, o mam\u00e3o oferece vitaminas <strong>A<\/strong> e <strong>C<\/strong>, que s\u00e3o antioxidantes e ajudam a proteger as c\u00e9lulas intestinais. Essas vitaminas contribuem para um ambiente intestinal saud\u00e1vel, permitindo que bact\u00e9rias ben\u00e9ficas prosperem e auxiliem na digest\u00e3o.<\/p>\n\n\n\n<p>O consumo regular de <strong>mam\u00e3o<\/strong> tamb\u00e9m pode fortalecer o sistema imunol\u00f3gico e diminuir o risco de inflama\u00e7\u00f5es no intestino, refor\u00e7ando seu papel na manuten\u00e7\u00e3o da sa\u00fade.<\/p>\n\n\n\n<h2 class=\"wp-block-heading\">Qual \u00e9 a melhor maneira de consumir mam\u00e3o para ter benef\u00edcios digestivos?<\/h2>\n\n\n\n<p>Para aproveitar ao m\u00e1ximo seus benef\u00edcios \u00e0 digest\u00e3o, o grupo de nutricionistas recomenda que o mam\u00e3o pode ser consumido puro no <strong>caf\u00e9 da manh\u00e3<\/strong> ou em lanches ao longo do dia. Ele se adapta bem a frutas cortadas, smoothies, saladas de frutas e at\u00e9 mesmo em prepara\u00e7\u00f5es salgadas.<\/p>\n\n\n\n<p>Mam\u00e3o <strong>fresco<\/strong> \u00e9 a forma ideal de consumo, mas tamb\u00e9m pode ser inclu\u00eddo em suplementos alimentares para auxiliar na digest\u00e3o. Priorizar a fruta fresca garante uma oferta completa de <strong>nutrientes<\/strong>. Veja um v\u00eddeo abaixo da <a href=\"https:\/\/www.youtube.com\/@NutricionistaPatriciaLeite\" target=\"_blank\" rel=\"noreferrer noopener\">Nutricionista Patricia Leite<\/a> falando sobre os benef\u00edcios do mam\u00e3o:\u00a0<\/p>\n\n\n\n<figure class=\"wp-block-embed is-type-video is-provider-youtube wp-block-embed-youtube wp-embed-aspect-16-9 wp-has-aspect-ratio\"><div class=\"wp-block-embed__wrapper\">\n<div class=\"jeg_video_container jeg_video_content\"><iframe loading=\"lazy\" title=\"Benef\u00edcios do Mam\u00e3o - Para Que Serve? Solta o Intestino Mesmo? [DICAS]\" width=\"500\" height=\"281\" src=\"https:\/\/www.youtube.com\/embed\/QGrxD7btr_M?start=16&#038;feature=oembed\" frameborder=\"0\" allow=\"accelerometer; autoplay; clipboard-write; encrypted-media; gyroscope; picture-in-picture; web-share\" referrerpolicy=\"strict-origin-when-cross-origin\" allowfullscreen><\/iframe><\/div>\n<\/div><\/figure>\n\n\n\n<h2 class=\"wp-block-heading\">Pode haver efeitos colaterais ao consumir mam\u00e3o?<\/h2>\n\n\n\n<p>Na maioria das pessoas, o <strong>mam\u00e3o<\/strong> \u00e9 seguro e bem tolerado. Entretanto, indiv\u00edduos com alergia ao <strong>l\u00e1tex<\/strong> devem ter aten\u00e7\u00e3o, devido \u00e0 possibilidade de rea\u00e7\u00e3o cruzada, podendo apresentar sintomas al\u00e9rgicos ao consumir mam\u00e3o.<\/p>\n\n\n\n<p>Ao notar qualquer desconforto ou rea\u00e7\u00e3o adversa, recomenda-se procurar orienta\u00e7\u00e3o <strong>m\u00e9dica<\/strong>. Com modera\u00e7\u00e3o e aten\u00e7\u00e3o \u00e0s alergias, o mam\u00e3o \u00e9 um aliado natural para a sa\u00fade digestiva e intestinal.<\/p>\n","protected":false},"excerpt":{"rendered":"<p>O mam\u00e3o, conhecido cientificamente como Carica papaya, \u00e9 uma fruta tropical de sabor doce e suculento que oferece diversos benef\u00edcios para a digest\u00e3o e a sa\u00fade intestinal, al\u00e9m de contribuir com vitaminas essenciais para o bem-estar geral. O que faz o mam\u00e3o auxiliar no processo digestivo? O mam\u00e3o cont\u00e9m a enzima papa\u00edna, respons\u00e1vel por facilitar [&hellip;]<\/p>\n","protected":false},"author":9,"featured_media":123781,"comment_status":"open","ping_status":"open","sticky":false,"template":"","format":"standard","meta":{"jnews-multi-image_gallery":[],"jnews_single_post":{"format":"standard"},"jnews_primary_category":[],"jnews_social_meta":[],"jnews_override_counter":[],"footnotes":""},"categories":[8691,8819,1,9053],"tags":[4205,8900,5845],"class_list":["post-129436","post","type-post","status-publish","format-standard","has-post-thumbnail","hentry","category-bem-estar","category-curiosidades","category-noticias","category-saude","tag-digestao","tag-intestino","tag-mamao"],"yoast_head":"<!-- This site is optimized with the Yoast SEO plugin v23.8 - https:\/\/yoast.com\/wordpress\/plugins\/seo\/ -->\n<title>O que acontece com seu intestino quando voc\u00ea inclui o mam\u00e3o no caf\u00e9 da manh\u00e3 - Estado de Minas - Em foco<\/title>\n<meta name=\"description\" content=\"Enzimas e fibras desta fruta tropical otimizam a digest\u00e3o. Entenda como ela favorece o tr\u00e2nsito intestinal e quem deve ter cautela.\" \/>\n<meta name=\"robots\" content=\"index, follow, max-snippet:-1, max-image-preview:large, max-video-preview:-1\" \/>\n<link rel=\"canonical\" href=\"https:\/\/www.em.com.br\/emfoco\/2025\/11\/20\/o-que-acontece-com-seu-intestino-quando-voce-inclui-o-mamao-no-cafe-da-manha\/\" \/>\n<meta property=\"og:locale\" content=\"pt_BR\" \/>\n<meta property=\"og:type\" content=\"article\" \/>\n<meta property=\"og:title\" content=\"O que acontece com seu intestino quando voc\u00ea inclui o mam\u00e3o no caf\u00e9 da manh\u00e3 - Estado de Minas - Em foco\" \/>\n<meta property=\"og:description\" content=\"Enzimas e fibras desta fruta tropical otimizam a digest\u00e3o. Entenda como ela favorece o tr\u00e2nsito intestinal e quem deve ter cautela.\" \/>\n<meta property=\"og:url\" content=\"https:\/\/www.em.com.br\/emfoco\/2025\/11\/20\/o-que-acontece-com-seu-intestino-quando-voce-inclui-o-mamao-no-cafe-da-manha\/\" \/>\n<meta property=\"og:site_name\" content=\"Estado de Minas - Em foco\" \/>\n<meta property=\"article:published_time\" content=\"2025-11-20T15:05:54+00:00\" \/>\n<meta property=\"article:modified_time\" content=\"2025-11-19T16:57:34+00:00\" \/>\n<meta property=\"og:image\" content=\"https:\/\/www.em.com.br\/emfoco\/wp-content\/uploads\/2025\/11\/suco-de-mamao_1762369649552.jpg\" \/>\n\t<meta property=\"og:image:width\" content=\"1280\" \/>\n\t<meta property=\"og:image:height\" content=\"720\" \/>\n\t<meta property=\"og:image:type\" content=\"image\/jpeg\" \/>\n<meta name=\"author\" content=\"Daniely Cardoso\" \/>\n<meta name=\"twitter:card\" content=\"summary_large_image\" \/>\n<meta name=\"twitter:label1\" content=\"Escrito por\" \/>\n\t<meta name=\"twitter:data1\" content=\"Daniely Cardoso\" \/>\n\t<meta name=\"twitter:label2\" content=\"Est. tempo de leitura\" \/>\n\t<meta name=\"twitter:data2\" content=\"3 minutos\" \/>\n<!-- \/ Yoast SEO plugin. -->","yoast_head_json":{"title":"O que acontece com seu intestino quando voc\u00ea inclui o mam\u00e3o no caf\u00e9 da manh\u00e3 - Estado de Minas - Em foco","description":"Enzimas e fibras desta fruta tropical otimizam a digest\u00e3o. Entenda como ela favorece o tr\u00e2nsito intestinal e quem deve ter cautela.","robots":{"index":"index","follow":"follow","max-snippet":"max-snippet:-1","max-image-preview":"max-image-preview:large","max-video-preview":"max-video-preview:-1"},"canonical":"https:\/\/www.em.com.br\/emfoco\/2025\/11\/20\/o-que-acontece-com-seu-intestino-quando-voce-inclui-o-mamao-no-cafe-da-manha\/","og_locale":"pt_BR","og_type":"article","og_title":"O que acontece com seu intestino quando voc\u00ea inclui o mam\u00e3o no caf\u00e9 da manh\u00e3 - Estado de Minas - Em foco","og_description":"Enzimas e fibras desta fruta tropical otimizam a digest\u00e3o. Entenda como ela favorece o tr\u00e2nsito intestinal e quem deve ter cautela.","og_url":"https:\/\/www.em.com.br\/emfoco\/2025\/11\/20\/o-que-acontece-com-seu-intestino-quando-voce-inclui-o-mamao-no-cafe-da-manha\/","og_site_name":"Estado de Minas - Em foco","article_published_time":"2025-11-20T15:05:54+00:00","article_modified_time":"2025-11-19T16:57:34+00:00","og_image":[{"width":1280,"height":720,"url":"https:\/\/www.em.com.br\/emfoco\/wp-content\/uploads\/2025\/11\/suco-de-mamao_1762369649552.jpg","type":"image\/jpeg"}],"author":"Daniely Cardoso","twitter_card":"summary_large_image","twitter_misc":{"Escrito por":"Daniely Cardoso","Est. tempo de leitura":"3 minutos"},"schema":{"@context":"https:\/\/schema.org","@graph":[{"@type":"WebPage","@id":"https:\/\/www.em.com.br\/emfoco\/2025\/11\/20\/o-que-acontece-com-seu-intestino-quando-voce-inclui-o-mamao-no-cafe-da-manha\/","url":"https:\/\/www.em.com.br\/emfoco\/2025\/11\/20\/o-que-acontece-com-seu-intestino-quando-voce-inclui-o-mamao-no-cafe-da-manha\/","name":"O que acontece com seu intestino quando voc\u00ea inclui o mam\u00e3o no caf\u00e9 da manh\u00e3 - Estado de Minas - Em foco","isPartOf":{"@id":"https:\/\/www.em.com.br\/emfoco\/#website"},"primaryImageOfPage":{"@id":"https:\/\/www.em.com.br\/emfoco\/2025\/11\/20\/o-que-acontece-com-seu-intestino-quando-voce-inclui-o-mamao-no-cafe-da-manha\/#primaryimage"},"image":{"@id":"https:\/\/www.em.com.br\/emfoco\/2025\/11\/20\/o-que-acontece-com-seu-intestino-quando-voce-inclui-o-mamao-no-cafe-da-manha\/#primaryimage"},"thumbnailUrl":"https:\/\/www.em.com.br\/emfoco\/wp-content\/uploads\/2025\/11\/suco-de-mamao_1762369649552.jpg","datePublished":"2025-11-20T15:05:54+00:00","dateModified":"2025-11-19T16:57:34+00:00","author":{"@id":"https:\/\/www.em.com.br\/emfoco\/#\/schema\/person\/0a8186d72f2c3a5c6276d90b41f271a0"},"description":"Enzimas e fibras desta fruta tropical otimizam a digest\u00e3o. Entenda como ela favorece o tr\u00e2nsito intestinal e quem deve ter cautela.","breadcrumb":{"@id":"https:\/\/www.em.com.br\/emfoco\/2025\/11\/20\/o-que-acontece-com-seu-intestino-quando-voce-inclui-o-mamao-no-cafe-da-manha\/#breadcrumb"},"inLanguage":"pt-BR","potentialAction":[{"@type":"ReadAction","target":["https:\/\/www.em.com.br\/emfoco\/2025\/11\/20\/o-que-acontece-com-seu-intestino-quando-voce-inclui-o-mamao-no-cafe-da-manha\/"]}]},{"@type":"ImageObject","inLanguage":"pt-BR","@id":"https:\/\/www.em.com.br\/emfoco\/2025\/11\/20\/o-que-acontece-com-seu-intestino-quando-voce-inclui-o-mamao-no-cafe-da-manha\/#primaryimage","url":"https:\/\/www.em.com.br\/emfoco\/wp-content\/uploads\/2025\/11\/suco-de-mamao_1762369649552.jpg","contentUrl":"https:\/\/www.em.com.br\/emfoco\/wp-content\/uploads\/2025\/11\/suco-de-mamao_1762369649552.jpg","width":1280,"height":720,"caption":"Suas fibras atuam como um tipo de alimento para as bact\u00e9rias boas do intestino, exercendo um efeito prebi\u00f3tico - Cr\u00e9ditos: depositphotos.com \/ awaygy"},{"@type":"BreadcrumbList","@id":"https:\/\/www.em.com.br\/emfoco\/2025\/11\/20\/o-que-acontece-com-seu-intestino-quando-voce-inclui-o-mamao-no-cafe-da-manha\/#breadcrumb","itemListElement":[{"@type":"ListItem","position":1,"name":"In\u00edcio","item":"https:\/\/www.em.com.br\/emfoco\/"},{"@type":"ListItem","position":2,"name":"O que acontece com seu intestino quando voc\u00ea inclui o mam\u00e3o no caf\u00e9 da manh\u00e3"}]},{"@type":"WebSite","@id":"https:\/\/www.em.com.br\/emfoco\/#website","url":"https:\/\/www.em.com.br\/emfoco\/","name":"Estado de Minas - Em foco","description":"Acompanhe as \u00faltimas not\u00edcias e fique bem informado sobre tudo o que acontece em Minas Gerais, Brasil e no mundo.","potentialAction":[{"@type":"SearchAction","target":{"@type":"EntryPoint","urlTemplate":"https:\/\/www.em.com.br\/emfoco\/?s={search_term_string}"},"query-input":{"@type":"PropertyValueSpecification","valueRequired":true,"valueName":"search_term_string"}}],"inLanguage":"pt-BR"},{"@type":"Person","@id":"https:\/\/www.em.com.br\/emfoco\/#\/schema\/person\/0a8186d72f2c3a5c6276d90b41f271a0","name":"Daniely Cardoso","image":{"@type":"ImageObject","inLanguage":"pt-BR","@id":"https:\/\/www.em.com.br\/emfoco\/#\/schema\/person\/image\/","url":"https:\/\/secure.gravatar.com\/avatar\/4b80ddbd124d1f071b626d52d62e5dff?s=96&d=mm&r=g","contentUrl":"https:\/\/secure.gravatar.com\/avatar\/4b80ddbd124d1f071b626d52d62e5dff?s=96&d=mm&r=g","caption":"Daniely Cardoso"},"url":"https:\/\/www.em.com.br\/emfoco\/author\/danielymyth\/"}]}},"_links":{"self":[{"href":"https:\/\/www.em.com.br\/emfoco\/wp-json\/wp\/v2\/posts\/129436","targetHints":{"allow":["GET"]}}],"collection":[{"href":"https:\/\/www.em.com.br\/emfoco\/wp-json\/wp\/v2\/posts"}],"about":[{"href":"https:\/\/www.em.com.br\/emfoco\/wp-json\/wp\/v2\/types\/post"}],"author":[{"embeddable":true,"href":"https:\/\/www.em.com.br\/emfoco\/wp-json\/wp\/v2\/users\/9"}],"replies":[{"embeddable":true,"href":"https:\/\/www.em.com.br\/emfoco\/wp-json\/wp\/v2\/comments?post=129436"}],"version-history":[{"count":3,"href":"https:\/\/www.em.com.br\/emfoco\/wp-json\/wp\/v2\/posts\/129436\/revisions"}],"predecessor-version":[{"id":129522,"href":"https:\/\/www.em.com.br\/emfoco\/wp-json\/wp\/v2\/posts\/129436\/revisions\/129522"}],"wp:featuredmedia":[{"embeddable":true,"href":"https:\/\/www.em.com.br\/emfoco\/wp-json\/wp\/v2\/media\/123781"}],"wp:attachment":[{"href":"https:\/\/www.em.com.br\/emfoco\/wp-json\/wp\/v2\/media?parent=129436"}],"wp:term":[{"taxonomy":"category","embeddable":true,"href":"https:\/\/www.em.com.br\/emfoco\/wp-json\/wp\/v2\/categories?post=129436"},{"taxonomy":"post_tag","embeddable":true,"href":"https:\/\/www.em.com.br\/emfoco\/wp-json\/wp\/v2\/tags?post=129436"}],"curies":[{"name":"wp","href":"https:\/\/api.w.org\/{rel}","templated":true}]}}