{"id":129435,"date":"2025-11-20T09:55:48","date_gmt":"2025-11-20T12:55:48","guid":{"rendered":"https:\/\/www.em.com.br\/emfoco\/?p=129435"},"modified":"2025-11-19T22:43:39","modified_gmt":"2025-11-20T01:43:39","slug":"como-fazer-seu-anturio-crescer-mais-bonito-mesmo-em-ambientes-internos","status":"publish","type":"post","link":"https:\/\/www.em.com.br\/emfoco\/2025\/11\/20\/como-fazer-seu-anturio-crescer-mais-bonito-mesmo-em-ambientes-internos\/","title":{"rendered":"Como fazer seu ant\u00fario crescer mais bonito mesmo em ambientes internos"},"content":{"rendered":"\n<p>O <strong>ant\u00fario<\/strong>, uma planta tropical apreciada por suas folhas exuberantes e flores distintas, destaca-se pela resist\u00eancia e beleza que pode trazer a qualquer ambiente, desde que seja cultivado com aten\u00e7\u00e3o \u00e0s suas necessidades espec\u00edficas de solo, luz, umidade e cuidados di\u00e1rios.<\/p>\n\n\n\n<h2 class=\"wp-block-heading\">Como criar o ambiente perfeito para ant\u00farios crescerem bem<\/h2>\n\n\n\n<p>Origin\u00e1rio das florestas tropicais da <strong>Am\u00e9rica do Sul<\/strong>, o ant\u00fario deve ser cultivado em um ambiente que se aproxime do seu habitat natural. Para isso, mantenha temperaturas entre 20\u00b0C e 25\u00b0C e umidade elevada, preferindo locais de meia-sombra com <strong>luz indireta<\/strong>.<\/p>\n\n\n\n<p>A escolha do <strong>substrato<\/strong> \u00e9 fundamental: use uma mistura com boa drenagem, como solo para orqu\u00eddeas, combinado com perlita e turfa. Isso ajuda na aera\u00e7\u00e3o das ra\u00edzes e previne o apodrecimento causado pelo ac\u00famulo de \u00e1gua. Plantar o ant\u00fario em vasos de barro pode auxiliar na regula\u00e7\u00e3o da umidade do solo.<\/p>\n\n\n<div class=\"wp-block-image\">\n<figure class=\"aligncenter size-large\"><img loading=\"lazy\" decoding=\"async\" width=\"1024\" height=\"576\" src=\"https:\/\/www.em.com.br\/emfoco\/wp-content\/uploads\/2025\/11\/anturios_1763563442580-1024x576.jpg\" alt=\"\" class=\"wp-image-129476\" srcset=\"https:\/\/www.em.com.br\/emfoco\/wp-content\/uploads\/2025\/11\/anturios_1763563442580-1024x576.jpg 1024w, https:\/\/www.em.com.br\/emfoco\/wp-content\/uploads\/2025\/11\/anturios_1763563442580-300x169.jpg 300w, https:\/\/www.em.com.br\/emfoco\/wp-content\/uploads\/2025\/11\/anturios_1763563442580-768x432.jpg 768w, https:\/\/www.em.com.br\/emfoco\/wp-content\/uploads\/2025\/11\/anturios_1763563442580-750x422.jpg 750w, https:\/\/www.em.com.br\/emfoco\/wp-content\/uploads\/2025\/11\/anturios_1763563442580-1140x641.jpg 1140w, https:\/\/www.em.com.br\/emfoco\/wp-content\/uploads\/2025\/11\/anturios_1763563442580.jpg 1280w\" sizes=\"auto, (max-width: 1024px) 100vw, 1024px\" \/><figcaption class=\"wp-element-caption\">A apar\u00eancia saud\u00e1vel das folhas de ant\u00fario depende de uma rotina &#8211; Cr\u00e9ditos: depositphotos.com \/ Anaisia29<\/figcaption><\/figure><\/div>\n\n\n<p>Leia tamb\u00e9m:&nbsp;<a href=\"https:\/\/www.em.com.br\/emfoco\/2025\/11\/18\/passo-a-passo-para-plantar-a-flor-mais-delicada-e-aromatica-no-jardim-da-sua-casa\/\" target=\"_blank\" rel=\"noopener\">Passo a passo para plantar a flor mais delicada e arom\u00e1tica no jardim da sua casa<\/a><\/p>\n\n\n\n<h2 class=\"wp-block-heading\">O que fazer para manter as folhas de ant\u00fario sempre brilhantes<\/h2>\n\n\n\n<p>A apar\u00eancia saud\u00e1vel das folhas de <strong>ant\u00fario<\/strong> depende de uma rotina adequada de limpeza e dosagens regulares de umidade. Mantenha as folhas livres de poeira e pragas, utilizando um pano macio levemente umedecido apenas com \u00e1gua para n\u00e3o prejudicar o brilho natural.<\/p>\n\n\n\n<p>Destacamos abaixo alguns cuidados pr\u00e1ticos que podem ser adotados para real\u00e7ar a beleza e a sa\u00fade das folhas:<\/p>\n\n\n\n<ul class=\"wp-block-list\">\n<li><strong>Limpar<\/strong> as folhas a cada 15 dias para remover sujeiras<\/li>\n\n\n\n<li>Borrifar \u00e1gua nas folhas com frequ\u00eancia em \u00e9pocas secas<\/li>\n\n\n\n<li>Evitar <strong>produtos qu\u00edmicos<\/strong> para n\u00e3o danificar o verde<\/li>\n\n\n\n<li>Adubar mensalmente com fertilizante l\u00edquido rico em f\u00f3sforo para estimular flora\u00e7\u00e3o e vitalidade<\/li>\n<\/ul>\n\n\n\n<h2 class=\"wp-block-heading\">Qual \u00e9 a frequ\u00eancia ideal de rega do ant\u00fario<\/h2>\n\n\n\n<p>O <strong>ant\u00fario<\/strong> exige aten\u00e7\u00e3o quanto \u00e0 rega, que deve ser moderada e adaptada ao clima. Durante o ver\u00e3o, regue cerca de duas vezes por semana e, no inverno, reduza a frequ\u00eancia para evitar excesso de umidade e poss\u00edveis problemas nas ra\u00edzes.<\/p>\n\n\n\n<p>Sempre verifique a <strong>umidade<\/strong> do solo antes de regar, tocando a superf\u00edcie para garantir que esteja seca. Isso previne o apodrecimento das ra\u00edzes e ajuda a manter a planta saud\u00e1vel durante todo o ano. Uma camada de musgo no topo do substrato pode ajudar a reter a umidade por mais tempo. Veja um v\u00eddeo abaixo do canal <a class=\"yt-simple-endpoint style-scope yt-formatted-string\" spellcheck=\"false\" href=\"https:\/\/www.youtube.com\/@SpagnholPlantas1\" target=\"_blank\" rel=\"noopener\">Spagnhol Plantas&nbsp;<\/a>sobre o plantio e cuidados com o ant\u00fario:<\/p>\n\n\n\n<figure class=\"wp-block-embed is-type-video is-provider-youtube wp-block-embed-youtube wp-embed-aspect-16-9 wp-has-aspect-ratio\"><div class=\"wp-block-embed__wrapper\">\n<div class=\"jeg_video_container jeg_video_content\"><iframe loading=\"lazy\" title=\"Tudo sobre o Ant\u00fario | Como CULTIVAR e Fazer MUDAS\" width=\"500\" height=\"281\" src=\"https:\/\/www.youtube.com\/embed\/UJXV8aWoh3Y?start=9&#038;feature=oembed\" frameborder=\"0\" allow=\"accelerometer; autoplay; clipboard-write; encrypted-media; gyroscope; picture-in-picture; web-share\" referrerpolicy=\"strict-origin-when-cross-origin\" allowfullscreen><\/iframe><\/div>\n<\/div><\/figure>\n\n\n\n<h2 class=\"wp-block-heading\">Como garantir ant\u00farios vistosos e dur\u00e1veis em casa<\/h2>\n\n\n\n<p>O sucesso no cultivo do <strong>ant\u00fario<\/strong> est\u00e1 em equilibrar condi\u00e7\u00f5es ambientais prop\u00edcias com uma rotina consistente de cuidados. Solos bem drenados, luminosidade indireta, umidade controlada e <strong>aduba\u00e7\u00e3o<\/strong> regular s\u00e3o essenciais para uma planta bonita e saud\u00e1vel.<\/p>\n\n\n\n<p>Seguindo essas recomenda\u00e7\u00f5es, o ant\u00fario al\u00e9m de embelezar ambientes internos, proporciona satisfa\u00e7\u00e3o para quem cultiva, mostrando-se uma op\u00e7\u00e3o charmosa e de f\u00e1cil manuten\u00e7\u00e3o para quem deseja se aventurar no universo das <strong>plantas tropicais<\/strong>. Al\u00e9m disso, vale destacar que a multiplica\u00e7\u00e3o por divis\u00e3o de touceiras \u00e9 uma das melhores maneiras para propagar essa esp\u00e9cie com sucesso em casa.<\/p>\n","protected":false},"excerpt":{"rendered":"<p>O ant\u00fario, uma planta tropical apreciada por suas folhas exuberantes e flores distintas, destaca-se pela resist\u00eancia e beleza que pode trazer a qualquer ambiente, desde que seja cultivado com aten\u00e7\u00e3o \u00e0s suas necessidades espec\u00edficas de solo, luz, umidade e cuidados di\u00e1rios. Como criar o ambiente perfeito para ant\u00farios crescerem bem Origin\u00e1rio das florestas tropicais da [&hellip;]<\/p>\n","protected":false},"author":9,"featured_media":129475,"comment_status":"open","ping_status":"open","sticky":false,"template":"","format":"standard","meta":{"jnews-multi-image_gallery":[],"jnews_single_post":{"format":"standard"},"jnews_primary_category":[],"jnews_social_meta":[],"jnews_override_counter":[],"footnotes":""},"categories":[8691,8819,1],"tags":[19050,7701,3357],"class_list":["post-129435","post","type-post","status-publish","format-standard","has-post-thumbnail","hentry","category-bem-estar","category-curiosidades","category-noticias","tag-arturio","tag-como-plantar","tag-flores"],"yoast_head":"<!-- This site is optimized with the Yoast SEO plugin v23.8 - https:\/\/yoast.com\/wordpress\/plugins\/seo\/ -->\n<title>Como fazer seu ant\u00fario crescer mais bonito mesmo em ambientes internos - Estado de Minas - Em foco<\/title>\n<meta name=\"description\" content=\"O ant\u00fario exige solo drenado e luz indireta. Saiba como regar, limpar as folhas e adubar corretamente para manter a planta vistosa.\" \/>\n<meta name=\"robots\" content=\"index, follow, max-snippet:-1, max-image-preview:large, max-video-preview:-1\" \/>\n<link rel=\"canonical\" href=\"https:\/\/www.em.com.br\/emfoco\/2025\/11\/20\/como-fazer-seu-anturio-crescer-mais-bonito-mesmo-em-ambientes-internos\/\" \/>\n<meta property=\"og:locale\" content=\"pt_BR\" \/>\n<meta property=\"og:type\" content=\"article\" \/>\n<meta property=\"og:title\" content=\"Como fazer seu ant\u00fario crescer mais bonito mesmo em ambientes internos - Estado de Minas - Em foco\" \/>\n<meta property=\"og:description\" content=\"O ant\u00fario exige solo drenado e luz indireta. Saiba como regar, limpar as folhas e adubar corretamente para manter a planta vistosa.\" \/>\n<meta property=\"og:url\" content=\"https:\/\/www.em.com.br\/emfoco\/2025\/11\/20\/como-fazer-seu-anturio-crescer-mais-bonito-mesmo-em-ambientes-internos\/\" \/>\n<meta property=\"og:site_name\" content=\"Estado de Minas - Em foco\" \/>\n<meta property=\"article:published_time\" content=\"2025-11-20T12:55:48+00:00\" \/>\n<meta property=\"article:modified_time\" content=\"2025-11-20T01:43:39+00:00\" \/>\n<meta property=\"og:image\" content=\"https:\/\/www.em.com.br\/emfoco\/wp-content\/uploads\/2025\/11\/anturios_1763563159120.jpg\" \/>\n\t<meta property=\"og:image:width\" content=\"1280\" \/>\n\t<meta property=\"og:image:height\" content=\"720\" \/>\n\t<meta property=\"og:image:type\" content=\"image\/jpeg\" \/>\n<meta name=\"author\" content=\"Daniely Cardoso\" \/>\n<meta name=\"twitter:card\" content=\"summary_large_image\" \/>\n<meta name=\"twitter:label1\" content=\"Escrito por\" \/>\n\t<meta name=\"twitter:data1\" content=\"Daniely Cardoso\" \/>\n\t<meta name=\"twitter:label2\" content=\"Est. tempo de leitura\" \/>\n\t<meta name=\"twitter:data2\" content=\"4 minutos\" \/>\n<!-- \/ Yoast SEO plugin. -->","yoast_head_json":{"title":"Como fazer seu ant\u00fario crescer mais bonito mesmo em ambientes internos - Estado de Minas - Em foco","description":"O ant\u00fario exige solo drenado e luz indireta. Saiba como regar, limpar as folhas e adubar corretamente para manter a planta vistosa.","robots":{"index":"index","follow":"follow","max-snippet":"max-snippet:-1","max-image-preview":"max-image-preview:large","max-video-preview":"max-video-preview:-1"},"canonical":"https:\/\/www.em.com.br\/emfoco\/2025\/11\/20\/como-fazer-seu-anturio-crescer-mais-bonito-mesmo-em-ambientes-internos\/","og_locale":"pt_BR","og_type":"article","og_title":"Como fazer seu ant\u00fario crescer mais bonito mesmo em ambientes internos - Estado de Minas - Em foco","og_description":"O ant\u00fario exige solo drenado e luz indireta. Saiba como regar, limpar as folhas e adubar corretamente para manter a planta vistosa.","og_url":"https:\/\/www.em.com.br\/emfoco\/2025\/11\/20\/como-fazer-seu-anturio-crescer-mais-bonito-mesmo-em-ambientes-internos\/","og_site_name":"Estado de Minas - Em foco","article_published_time":"2025-11-20T12:55:48+00:00","article_modified_time":"2025-11-20T01:43:39+00:00","og_image":[{"width":1280,"height":720,"url":"https:\/\/www.em.com.br\/emfoco\/wp-content\/uploads\/2025\/11\/anturios_1763563159120.jpg","type":"image\/jpeg"}],"author":"Daniely Cardoso","twitter_card":"summary_large_image","twitter_misc":{"Escrito por":"Daniely Cardoso","Est. tempo de leitura":"4 minutos"},"schema":{"@context":"https:\/\/schema.org","@graph":[{"@type":"WebPage","@id":"https:\/\/www.em.com.br\/emfoco\/2025\/11\/20\/como-fazer-seu-anturio-crescer-mais-bonito-mesmo-em-ambientes-internos\/","url":"https:\/\/www.em.com.br\/emfoco\/2025\/11\/20\/como-fazer-seu-anturio-crescer-mais-bonito-mesmo-em-ambientes-internos\/","name":"Como fazer seu ant\u00fario crescer mais bonito mesmo em ambientes internos - Estado de Minas - Em foco","isPartOf":{"@id":"https:\/\/www.em.com.br\/emfoco\/#website"},"primaryImageOfPage":{"@id":"https:\/\/www.em.com.br\/emfoco\/2025\/11\/20\/como-fazer-seu-anturio-crescer-mais-bonito-mesmo-em-ambientes-internos\/#primaryimage"},"image":{"@id":"https:\/\/www.em.com.br\/emfoco\/2025\/11\/20\/como-fazer-seu-anturio-crescer-mais-bonito-mesmo-em-ambientes-internos\/#primaryimage"},"thumbnailUrl":"https:\/\/www.em.com.br\/emfoco\/wp-content\/uploads\/2025\/11\/anturios_1763563159120.jpg","datePublished":"2025-11-20T12:55:48+00:00","dateModified":"2025-11-20T01:43:39+00:00","author":{"@id":"https:\/\/www.em.com.br\/emfoco\/#\/schema\/person\/0a8186d72f2c3a5c6276d90b41f271a0"},"description":"O ant\u00fario exige solo drenado e luz indireta. Saiba como regar, limpar as folhas e adubar corretamente para manter a planta vistosa.","breadcrumb":{"@id":"https:\/\/www.em.com.br\/emfoco\/2025\/11\/20\/como-fazer-seu-anturio-crescer-mais-bonito-mesmo-em-ambientes-internos\/#breadcrumb"},"inLanguage":"pt-BR","potentialAction":[{"@type":"ReadAction","target":["https:\/\/www.em.com.br\/emfoco\/2025\/11\/20\/como-fazer-seu-anturio-crescer-mais-bonito-mesmo-em-ambientes-internos\/"]}]},{"@type":"ImageObject","inLanguage":"pt-BR","@id":"https:\/\/www.em.com.br\/emfoco\/2025\/11\/20\/como-fazer-seu-anturio-crescer-mais-bonito-mesmo-em-ambientes-internos\/#primaryimage","url":"https:\/\/www.em.com.br\/emfoco\/wp-content\/uploads\/2025\/11\/anturios_1763563159120.jpg","contentUrl":"https:\/\/www.em.com.br\/emfoco\/wp-content\/uploads\/2025\/11\/anturios_1763563159120.jpg","width":1280,"height":720,"caption":"O ant\u00fario, uma planta tropical apreciada por suas folhas exuberantes - Cr\u00e9ditos: depositphotos.com \/ nitiphatjaranin@gmail.com"},{"@type":"BreadcrumbList","@id":"https:\/\/www.em.com.br\/emfoco\/2025\/11\/20\/como-fazer-seu-anturio-crescer-mais-bonito-mesmo-em-ambientes-internos\/#breadcrumb","itemListElement":[{"@type":"ListItem","position":1,"name":"In\u00edcio","item":"https:\/\/www.em.com.br\/emfoco\/"},{"@type":"ListItem","position":2,"name":"Como fazer seu ant\u00fario crescer mais bonito mesmo em ambientes internos"}]},{"@type":"WebSite","@id":"https:\/\/www.em.com.br\/emfoco\/#website","url":"https:\/\/www.em.com.br\/emfoco\/","name":"Estado de Minas - Em foco","description":"Acompanhe as \u00faltimas not\u00edcias e fique bem informado sobre tudo o que acontece em Minas Gerais, Brasil e no mundo.","potentialAction":[{"@type":"SearchAction","target":{"@type":"EntryPoint","urlTemplate":"https:\/\/www.em.com.br\/emfoco\/?s={search_term_string}"},"query-input":{"@type":"PropertyValueSpecification","valueRequired":true,"valueName":"search_term_string"}}],"inLanguage":"pt-BR"},{"@type":"Person","@id":"https:\/\/www.em.com.br\/emfoco\/#\/schema\/person\/0a8186d72f2c3a5c6276d90b41f271a0","name":"Daniely Cardoso","image":{"@type":"ImageObject","inLanguage":"pt-BR","@id":"https:\/\/www.em.com.br\/emfoco\/#\/schema\/person\/image\/","url":"https:\/\/secure.gravatar.com\/avatar\/4b80ddbd124d1f071b626d52d62e5dff?s=96&d=mm&r=g","contentUrl":"https:\/\/secure.gravatar.com\/avatar\/4b80ddbd124d1f071b626d52d62e5dff?s=96&d=mm&r=g","caption":"Daniely Cardoso"},"url":"https:\/\/www.em.com.br\/emfoco\/author\/danielymyth\/"}]}},"_links":{"self":[{"href":"https:\/\/www.em.com.br\/emfoco\/wp-json\/wp\/v2\/posts\/129435","targetHints":{"allow":["GET"]}}],"collection":[{"href":"https:\/\/www.em.com.br\/emfoco\/wp-json\/wp\/v2\/posts"}],"about":[{"href":"https:\/\/www.em.com.br\/emfoco\/wp-json\/wp\/v2\/types\/post"}],"author":[{"embeddable":true,"href":"https:\/\/www.em.com.br\/emfoco\/wp-json\/wp\/v2\/users\/9"}],"replies":[{"embeddable":true,"href":"https:\/\/www.em.com.br\/emfoco\/wp-json\/wp\/v2\/comments?post=129435"}],"version-history":[{"count":4,"href":"https:\/\/www.em.com.br\/emfoco\/wp-json\/wp\/v2\/posts\/129435\/revisions"}],"predecessor-version":[{"id":129832,"href":"https:\/\/www.em.com.br\/emfoco\/wp-json\/wp\/v2\/posts\/129435\/revisions\/129832"}],"wp:featuredmedia":[{"embeddable":true,"href":"https:\/\/www.em.com.br\/emfoco\/wp-json\/wp\/v2\/media\/129475"}],"wp:attachment":[{"href":"https:\/\/www.em.com.br\/emfoco\/wp-json\/wp\/v2\/media?parent=129435"}],"wp:term":[{"taxonomy":"category","embeddable":true,"href":"https:\/\/www.em.com.br\/emfoco\/wp-json\/wp\/v2\/categories?post=129435"},{"taxonomy":"post_tag","embeddable":true,"href":"https:\/\/www.em.com.br\/emfoco\/wp-json\/wp\/v2\/tags?post=129435"}],"curies":[{"name":"wp","href":"https:\/\/api.w.org\/{rel}","templated":true}]}}