{"id":129425,"date":"2025-11-20T19:05:00","date_gmt":"2025-11-20T22:05:00","guid":{"rendered":"https:\/\/www.em.com.br\/emfoco\/?p=129425"},"modified":"2025-11-19T11:52:48","modified_gmt":"2025-11-19T14:52:48","slug":"stf-garante-ajuda-por-6-meses-para-vitimas-de-violencia-domestica","status":"publish","type":"post","link":"https:\/\/www.em.com.br\/emfoco\/2025\/11\/20\/stf-garante-ajuda-por-6-meses-para-vitimas-de-violencia-domestica\/","title":{"rendered":"STF garante ajuda por 6 meses para v\u00edtimas de viol\u00eancia dom\u00e9stica"},"content":{"rendered":"\n<p>O <strong>Supremo Tribunal Federal<\/strong> (STF) tomou uma decis\u00e3o relevante acerca do papel do <strong>Instituto Nacional do Seguro Social<\/strong> (INSS) no amparo a mulheres v\u00edtimas de viol\u00eancia dom\u00e9stica, ao determinar que o \u00f3rg\u00e3o deve conceder benef\u00edcios tempor\u00e1rios, semelhantes ao aux\u00edlio-doen\u00e7a, para possibilitar o afastamento do trabalho de mulheres nessa situa\u00e7\u00e3o.<\/p>\n\n\n\n<h2 class=\"wp-block-heading\">Como o STF decidiu sobre INSS e Maria da Penha?<\/h2>\n\n\n<div class=\"wp-block-image\">\n<figure class=\"aligncenter size-large\"><img loading=\"lazy\" decoding=\"async\" width=\"1024\" height=\"576\" src=\"https:\/\/www.em.com.br\/emfoco\/wp-content\/uploads\/2025\/07\/stf_1751534488335-1024x576.jpg\" alt=\"STF confirma fim autom\u00e1tico do aux\u00edlio-doen\u00e7a ap\u00f3s 120 dias\" class=\"wp-image-70848\" srcset=\"https:\/\/www.em.com.br\/emfoco\/wp-content\/uploads\/2025\/07\/stf_1751534488335-1024x576.jpg 1024w, https:\/\/www.em.com.br\/emfoco\/wp-content\/uploads\/2025\/07\/stf_1751534488335-300x169.jpg 300w, https:\/\/www.em.com.br\/emfoco\/wp-content\/uploads\/2025\/07\/stf_1751534488335-768x432.jpg 768w, https:\/\/www.em.com.br\/emfoco\/wp-content\/uploads\/2025\/07\/stf_1751534488335-750x422.jpg 750w, https:\/\/www.em.com.br\/emfoco\/wp-content\/uploads\/2025\/07\/stf_1751534488335-1140x641.jpg 1140w, https:\/\/www.em.com.br\/emfoco\/wp-content\/uploads\/2025\/07\/stf_1751534488335.jpg 1280w\" sizes=\"auto, (max-width: 1024px) 100vw, 1024px\" \/><figcaption class=\"wp-element-caption\">Benef\u00edcio estendido por seis meses para v\u00edtimas de viol\u00eancia dom\u00e9stica &#8211; Cr\u00e9ditos: depositphotos.com \/ diegograndi<\/figcaption><\/figure><\/div>\n\n\n<p>O caso analisado pelo <strong>STF <\/strong>envolveu uma trabalhadora do <strong>Paran\u00e1 <\/strong>que buscava o direito ao benef\u00edcio ap\u00f3s sofrer viol\u00eancia dom\u00e9stica. O <strong>INSS <\/strong>argumentou n\u00e3o ter obriga\u00e7\u00e3o legal de pagar esse benef\u00edcio, j\u00e1 que a <strong>Lei Maria da Penha <\/strong>n\u00e3o prev\u00ea expressamente essa responsabilidade.<\/p>\n\n\n\n<p>O ministro relator <strong>Fl\u00e1vio Dino<\/strong> destacou que o sistema jur\u00eddico deve ser interpretado de forma a garantir m\u00e1xima prote\u00e7\u00e3o \u00e0s mulheres em situa\u00e7\u00e3o de viol\u00eancia. Assim, o <strong>STF <\/strong>optou por uma interpreta\u00e7\u00e3o que fortalece a aplica\u00e7\u00e3o da <strong><a href=\"http:\/\/www.planalto.gov.br\/ccivil_03\/_ato2004-2006\/2006\/lei\/l11340.htm\" target=\"_blank\" rel=\"noreferrer noopener\">Lei Maria da Penha<\/a><\/strong> e os direitos das v\u00edtimas.<\/p>\n\n\n\n<h2 class=\"wp-block-heading\">Quais atribui\u00e7\u00f5es do INSS na prote\u00e7\u00e3o?<\/h2>\n\n\n\n<p>A decis\u00e3o do <strong>STF <\/strong>amplia a atua\u00e7\u00e3o do <strong>INSS<\/strong>, refor\u00e7ando seu papel n\u00e3o apenas como agente previdenci\u00e1rio, mas tamb\u00e9m como parte da rede de prote\u00e7\u00e3o social. Al\u00e9m disso, visa impedir que o impacto financeiro recaia unicamente sobre o \u00f3rg\u00e3o p\u00fablico.<\/p>\n\n\n\n<p>Para evitar preju\u00edzo ao <strong>INSS<\/strong>, foi estabelecida a possibilidade de ressarcimento posterior por meio de a\u00e7\u00f5es judiciais contra os respons\u00e1veis pela viol\u00eancia, promovendo a responsabiliza\u00e7\u00e3o:<\/p>\n\n\n\n<ul class=\"wp-block-list\">\n<li>O <strong>INSS <\/strong>concede o benef\u00edcio \u00e0 v\u00edtima<\/li>\n\n\n\n<li>Posteriormente, pode buscar ressarcimento dos agressores na <strong>Justi\u00e7a Federal<\/strong><\/li>\n\n\n\n<li>O objetivo \u00e9 dividir o \u00f4nus financeiro e punir o agressor<\/li>\n<\/ul>\n\n\n\n<h2 class=\"wp-block-heading\">Como mulheres trabalhadoras s\u00e3o beneficiadas?<\/h2>\n\n\n\n<p>Para trabalhadoras v\u00edtimas de viol\u00eancia dom\u00e9stica, a decis\u00e3o representa a garantia de seguran\u00e7a financeira enquanto se recuperam do trauma, sem maiores preju\u00edzos ao v\u00ednculo empregat\u00edcio. Permite o afastamento do trabalho at\u00e9 seis meses sem perda de direitos.<\/p>\n\n\n\n<p>Al\u00e9m da manuten\u00e7\u00e3o da remunera\u00e7\u00e3o, devem ser preservados direitos como <strong>FGTS<\/strong>, previd\u00eancia, tempo de servi\u00e7o e estabilidade no emprego, protegendo a mulher de penaliza\u00e7\u00f5es adicionais decorrentes da viol\u00eancia sofrida. Essa medida tamb\u00e9m favorece a recupera\u00e7\u00e3o emocional e f\u00edsica, uma vez que permite tempo adequado para tratamento e reorganiza\u00e7\u00e3o de vida.<\/p>\n\n\n\n<p>Leia mais: <a href=\"https:\/\/www.em.com.br\/emfoco\/2025\/11\/16\/saiba-como-o-meu-inss-calcula-o-valor-da-sua-aposentadoria-final\/\" target=\"_blank\" rel=\"noreferrer noopener\">Saiba como o Meu INSS calcula o valor da sua aposentadoria final<\/a><\/p>\n\n\n\n<h2 class=\"wp-block-heading\">\u00c9 justa a obriga\u00e7\u00e3o do INSS em pagar?<\/h2>\n\n\n<div class=\"wp-block-image\">\n<figure class=\"aligncenter size-large\"><img loading=\"lazy\" decoding=\"async\" width=\"1024\" height=\"576\" src=\"https:\/\/www.em.com.br\/emfoco\/wp-content\/uploads\/2025\/06\/inss_1749151298371-1024x576.jpg\" alt=\"Tudo que voc\u00ea precisa saber para consultar e receber o INSS com tranquilidade\" class=\"wp-image-56498\" srcset=\"https:\/\/www.em.com.br\/emfoco\/wp-content\/uploads\/2025\/06\/inss_1749151298371-1024x576.jpg 1024w, https:\/\/www.em.com.br\/emfoco\/wp-content\/uploads\/2025\/06\/inss_1749151298371-300x169.jpg 300w, https:\/\/www.em.com.br\/emfoco\/wp-content\/uploads\/2025\/06\/inss_1749151298371-768x432.jpg 768w, https:\/\/www.em.com.br\/emfoco\/wp-content\/uploads\/2025\/06\/inss_1749151298371-750x422.jpg 750w, https:\/\/www.em.com.br\/emfoco\/wp-content\/uploads\/2025\/06\/inss_1749151298371-1140x642.jpg 1140w, https:\/\/www.em.com.br\/emfoco\/wp-content\/uploads\/2025\/06\/inss_1749151298371.jpg 1279w\" sizes=\"auto, (max-width: 1024px) 100vw, 1024px\" \/><figcaption class=\"wp-element-caption\">Benef\u00edcio estendido por seis meses para v\u00edtimas de viol\u00eancia dom\u00e9stica &#8211; Cr\u00e9ditos: depositphotos.com \/ fernandokazuo<\/figcaption><\/figure><\/div>\n\n\n<p>A discuss\u00e3o sobre se o <strong>INSS <\/strong>deve arcar com esse benef\u00edcio gera debates jur\u00eddicos, mas evidencia a import\u00e2ncia de mecanismos de assist\u00eancia \u00e0s v\u00edtimas de viol\u00eancia. A decis\u00e3o do <strong>STF <\/strong>reconhece o dever do <strong>Estado <\/strong>e de suas institui\u00e7\u00f5es em garantir amparo efetivo nesses casos.<\/p>\n\n\n\n<p>Enquanto se busca ressarcimento judicial do agressor, a concess\u00e3o imediata do benef\u00edcio pelo <strong>INSS <\/strong>evita que a v\u00edtima seja duplamente prejudicada. Essa iniciativa tamb\u00e9m fortalece pol\u00edticas p\u00fablicas de prote\u00e7\u00e3o \u00e0 mulher e incentiva novos debates sobre medidas preventivas e assistenciais no sistema previdenci\u00e1rio brasileiro.<\/p>\n\n\n\n<p>Leia mais: <a href=\"https:\/\/www.em.com.br\/emfoco\/2025\/11\/18\/inss-com-foco-em-combater-fraudes-pede-atencao-pois-falhas-podem-levar-a-suspensao-de-aposentadorias-pensoes-e-bpc-ja-a-partir-deste-mes\/\" target=\"_blank\" rel=\"noreferrer noopener\">INSS, com foco em combater fraudes, pede aten\u00e7\u00e3o, pois falhas podem levar \u00e0 suspens\u00e3o de aposentadorias, pens\u00f5es e BPC j\u00e1 a partir deste m\u00eas<\/a><\/p>\n\n\n\n<h2 class=\"wp-block-heading\">Como ser\u00e1 aplicada a decis\u00e3o do STF?<\/h2>\n\n\n\n<p>A implementa\u00e7\u00e3o da decis\u00e3o depende de ajustes administrativos e articula\u00e7\u00e3o entre <strong>Judici\u00e1rio e Executivo<\/strong>. A <strong>Uni\u00e3o <\/strong>e o <strong>INSS <\/strong>precisar\u00e3o criar normativas internas para operacionalizar rapidamente a concess\u00e3o dos benef\u00edcios.<\/p>\n\n\n\n<p>Essas mudan\u00e7as demonstram o avan\u00e7o das pol\u00edticas p\u00fablicas no Brasil, consolidando um sistema que se adapta \u00e0 prote\u00e7\u00e3o dos direitos das mulheres e reafirma o compromisso contra a viol\u00eancia dom\u00e9stica em todo o pa\u00eds.<\/p>\n","protected":false},"excerpt":{"rendered":"<p>O Supremo Tribunal Federal (STF) tomou uma decis\u00e3o relevante acerca do papel do Instituto Nacional do Seguro Social (INSS) no amparo a mulheres v\u00edtimas de viol\u00eancia dom\u00e9stica, ao determinar que o \u00f3rg\u00e3o deve conceder benef\u00edcios tempor\u00e1rios, semelhantes ao aux\u00edlio-doen\u00e7a, para possibilitar o afastamento do trabalho de mulheres nessa situa\u00e7\u00e3o. Como o STF decidiu sobre INSS [&hellip;]<\/p>\n","protected":false},"author":20,"featured_media":80573,"comment_status":"open","ping_status":"open","sticky":false,"template":"","format":"standard","meta":{"jnews-multi-image_gallery":[],"jnews_single_post":{"format":"standard"},"jnews_primary_category":[],"jnews_social_meta":[],"jnews_override_counter":[],"footnotes":""},"categories":[28,1],"tags":[174,173,6123],"class_list":["post-129425","post","type-post","status-publish","format-standard","has-post-thumbnail","hentry","category-economia","category-noticias","tag-inss","tag-stf","tag-violencia-domestica"],"yoast_head":"<!-- This site is optimized with the Yoast SEO plugin v23.8 - https:\/\/yoast.com\/wordpress\/plugins\/seo\/ -->\n<title>STF garante ajuda por 6 meses para v\u00edtimas de viol\u00eancia dom\u00e9stica - Estado de Minas - Em foco<\/title>\n<meta name=\"description\" content=\"O STF garante ajuda por seis meses \u00e0s v\u00edtimas de viol\u00eancia dom\u00e9stica, oferecendo suporte financeiro durante a recupera\u00e7\u00e3o e prote\u00e7\u00e3o social.\" \/>\n<meta name=\"robots\" content=\"index, follow, max-snippet:-1, max-image-preview:large, max-video-preview:-1\" \/>\n<link rel=\"canonical\" href=\"https:\/\/www.em.com.br\/emfoco\/2025\/11\/20\/stf-garante-ajuda-por-6-meses-para-vitimas-de-violencia-domestica\/\" \/>\n<meta property=\"og:locale\" content=\"pt_BR\" \/>\n<meta property=\"og:type\" content=\"article\" \/>\n<meta property=\"og:title\" content=\"STF garante ajuda por 6 meses para v\u00edtimas de viol\u00eancia dom\u00e9stica - Estado de Minas - Em foco\" \/>\n<meta property=\"og:description\" content=\"O STF garante ajuda por seis meses \u00e0s v\u00edtimas de viol\u00eancia dom\u00e9stica, oferecendo suporte financeiro durante a recupera\u00e7\u00e3o e prote\u00e7\u00e3o social.\" \/>\n<meta property=\"og:url\" content=\"https:\/\/www.em.com.br\/emfoco\/2025\/11\/20\/stf-garante-ajuda-por-6-meses-para-vitimas-de-violencia-domestica\/\" \/>\n<meta property=\"og:site_name\" content=\"Estado de Minas - Em foco\" \/>\n<meta property=\"article:published_time\" content=\"2025-11-20T22:05:00+00:00\" \/>\n<meta property=\"article:modified_time\" content=\"2025-11-19T14:52:48+00:00\" \/>\n<meta property=\"og:image\" content=\"https:\/\/www.em.com.br\/emfoco\/wp-content\/uploads\/2025\/07\/violencia-domestica_1753312553068.jpg\" \/>\n\t<meta property=\"og:image:width\" content=\"1280\" \/>\n\t<meta property=\"og:image:height\" content=\"720\" \/>\n\t<meta property=\"og:image:type\" content=\"image\/jpeg\" \/>\n<meta name=\"author\" content=\"Ingrid Diniz\" \/>\n<meta name=\"twitter:card\" content=\"summary_large_image\" \/>\n<meta name=\"twitter:label1\" content=\"Escrito por\" \/>\n\t<meta name=\"twitter:data1\" content=\"Ingrid Diniz\" \/>\n\t<meta name=\"twitter:label2\" content=\"Est. tempo de leitura\" \/>\n\t<meta name=\"twitter:data2\" content=\"4 minutos\" \/>\n<!-- \/ Yoast SEO plugin. -->","yoast_head_json":{"title":"STF garante ajuda por 6 meses para v\u00edtimas de viol\u00eancia dom\u00e9stica - Estado de Minas - Em foco","description":"O STF garante ajuda por seis meses \u00e0s v\u00edtimas de viol\u00eancia dom\u00e9stica, oferecendo suporte financeiro durante a recupera\u00e7\u00e3o e prote\u00e7\u00e3o social.","robots":{"index":"index","follow":"follow","max-snippet":"max-snippet:-1","max-image-preview":"max-image-preview:large","max-video-preview":"max-video-preview:-1"},"canonical":"https:\/\/www.em.com.br\/emfoco\/2025\/11\/20\/stf-garante-ajuda-por-6-meses-para-vitimas-de-violencia-domestica\/","og_locale":"pt_BR","og_type":"article","og_title":"STF garante ajuda por 6 meses para v\u00edtimas de viol\u00eancia dom\u00e9stica - Estado de Minas - Em foco","og_description":"O STF garante ajuda por seis meses \u00e0s v\u00edtimas de viol\u00eancia dom\u00e9stica, oferecendo suporte financeiro durante a recupera\u00e7\u00e3o e prote\u00e7\u00e3o social.","og_url":"https:\/\/www.em.com.br\/emfoco\/2025\/11\/20\/stf-garante-ajuda-por-6-meses-para-vitimas-de-violencia-domestica\/","og_site_name":"Estado de Minas - Em foco","article_published_time":"2025-11-20T22:05:00+00:00","article_modified_time":"2025-11-19T14:52:48+00:00","og_image":[{"width":1280,"height":720,"url":"https:\/\/www.em.com.br\/emfoco\/wp-content\/uploads\/2025\/07\/violencia-domestica_1753312553068.jpg","type":"image\/jpeg"}],"author":"Ingrid Diniz","twitter_card":"summary_large_image","twitter_misc":{"Escrito por":"Ingrid Diniz","Est. tempo de leitura":"4 minutos"},"schema":{"@context":"https:\/\/schema.org","@graph":[{"@type":"WebPage","@id":"https:\/\/www.em.com.br\/emfoco\/2025\/11\/20\/stf-garante-ajuda-por-6-meses-para-vitimas-de-violencia-domestica\/","url":"https:\/\/www.em.com.br\/emfoco\/2025\/11\/20\/stf-garante-ajuda-por-6-meses-para-vitimas-de-violencia-domestica\/","name":"STF garante ajuda por 6 meses para v\u00edtimas de viol\u00eancia dom\u00e9stica - Estado de Minas - Em foco","isPartOf":{"@id":"https:\/\/www.em.com.br\/emfoco\/#website"},"primaryImageOfPage":{"@id":"https:\/\/www.em.com.br\/emfoco\/2025\/11\/20\/stf-garante-ajuda-por-6-meses-para-vitimas-de-violencia-domestica\/#primaryimage"},"image":{"@id":"https:\/\/www.em.com.br\/emfoco\/2025\/11\/20\/stf-garante-ajuda-por-6-meses-para-vitimas-de-violencia-domestica\/#primaryimage"},"thumbnailUrl":"https:\/\/www.em.com.br\/emfoco\/wp-content\/uploads\/2025\/07\/violencia-domestica_1753312553068.jpg","datePublished":"2025-11-20T22:05:00+00:00","dateModified":"2025-11-19T14:52:48+00:00","author":{"@id":"https:\/\/www.em.com.br\/emfoco\/#\/schema\/person\/649e610b4eb8fff87ff394e54fe17b2b"},"description":"O STF garante ajuda por seis meses \u00e0s v\u00edtimas de viol\u00eancia dom\u00e9stica, oferecendo suporte financeiro durante a recupera\u00e7\u00e3o e prote\u00e7\u00e3o social.","breadcrumb":{"@id":"https:\/\/www.em.com.br\/emfoco\/2025\/11\/20\/stf-garante-ajuda-por-6-meses-para-vitimas-de-violencia-domestica\/#breadcrumb"},"inLanguage":"pt-BR","potentialAction":[{"@type":"ReadAction","target":["https:\/\/www.em.com.br\/emfoco\/2025\/11\/20\/stf-garante-ajuda-por-6-meses-para-vitimas-de-violencia-domestica\/"]}]},{"@type":"ImageObject","inLanguage":"pt-BR","@id":"https:\/\/www.em.com.br\/emfoco\/2025\/11\/20\/stf-garante-ajuda-por-6-meses-para-vitimas-de-violencia-domestica\/#primaryimage","url":"https:\/\/www.em.com.br\/emfoco\/wp-content\/uploads\/2025\/07\/violencia-domestica_1753312553068.jpg","contentUrl":"https:\/\/www.em.com.br\/emfoco\/wp-content\/uploads\/2025\/07\/violencia-domestica_1753312553068.jpg","width":1280,"height":720,"caption":"Benef\u00edcio estendido por seis meses para v\u00edtimas de viol\u00eancia dom\u00e9stica - Cr\u00e9ditos: depositphotos.com \/ marketing.lasers@ya.ru"},{"@type":"BreadcrumbList","@id":"https:\/\/www.em.com.br\/emfoco\/2025\/11\/20\/stf-garante-ajuda-por-6-meses-para-vitimas-de-violencia-domestica\/#breadcrumb","itemListElement":[{"@type":"ListItem","position":1,"name":"In\u00edcio","item":"https:\/\/www.em.com.br\/emfoco\/"},{"@type":"ListItem","position":2,"name":"STF garante ajuda por 6 meses para v\u00edtimas de viol\u00eancia dom\u00e9stica"}]},{"@type":"WebSite","@id":"https:\/\/www.em.com.br\/emfoco\/#website","url":"https:\/\/www.em.com.br\/emfoco\/","name":"Estado de Minas - Em foco","description":"Acompanhe as \u00faltimas not\u00edcias e fique bem informado sobre tudo o que acontece em Minas Gerais, Brasil e no mundo.","potentialAction":[{"@type":"SearchAction","target":{"@type":"EntryPoint","urlTemplate":"https:\/\/www.em.com.br\/emfoco\/?s={search_term_string}"},"query-input":{"@type":"PropertyValueSpecification","valueRequired":true,"valueName":"search_term_string"}}],"inLanguage":"pt-BR"},{"@type":"Person","@id":"https:\/\/www.em.com.br\/emfoco\/#\/schema\/person\/649e610b4eb8fff87ff394e54fe17b2b","name":"Ingrid Diniz","image":{"@type":"ImageObject","inLanguage":"pt-BR","@id":"https:\/\/www.em.com.br\/emfoco\/#\/schema\/person\/image\/","url":"https:\/\/secure.gravatar.com\/avatar\/a3baa1449ec5c39b4c42babc9d4f3951?s=96&d=mm&r=g","contentUrl":"https:\/\/secure.gravatar.com\/avatar\/a3baa1449ec5c39b4c42babc9d4f3951?s=96&d=mm&r=g","caption":"Ingrid Diniz"},"sameAs":["https:\/\/www.em.com.br\/"],"url":"https:\/\/www.em.com.br\/emfoco\/author\/ingridmyth\/"}]}},"_links":{"self":[{"href":"https:\/\/www.em.com.br\/emfoco\/wp-json\/wp\/v2\/posts\/129425","targetHints":{"allow":["GET"]}}],"collection":[{"href":"https:\/\/www.em.com.br\/emfoco\/wp-json\/wp\/v2\/posts"}],"about":[{"href":"https:\/\/www.em.com.br\/emfoco\/wp-json\/wp\/v2\/types\/post"}],"author":[{"embeddable":true,"href":"https:\/\/www.em.com.br\/emfoco\/wp-json\/wp\/v2\/users\/20"}],"replies":[{"embeddable":true,"href":"https:\/\/www.em.com.br\/emfoco\/wp-json\/wp\/v2\/comments?post=129425"}],"version-history":[{"count":2,"href":"https:\/\/www.em.com.br\/emfoco\/wp-json\/wp\/v2\/posts\/129425\/revisions"}],"predecessor-version":[{"id":129480,"href":"https:\/\/www.em.com.br\/emfoco\/wp-json\/wp\/v2\/posts\/129425\/revisions\/129480"}],"wp:featuredmedia":[{"embeddable":true,"href":"https:\/\/www.em.com.br\/emfoco\/wp-json\/wp\/v2\/media\/80573"}],"wp:attachment":[{"href":"https:\/\/www.em.com.br\/emfoco\/wp-json\/wp\/v2\/media?parent=129425"}],"wp:term":[{"taxonomy":"category","embeddable":true,"href":"https:\/\/www.em.com.br\/emfoco\/wp-json\/wp\/v2\/categories?post=129425"},{"taxonomy":"post_tag","embeddable":true,"href":"https:\/\/www.em.com.br\/emfoco\/wp-json\/wp\/v2\/tags?post=129425"}],"curies":[{"name":"wp","href":"https:\/\/api.w.org\/{rel}","templated":true}]}}