{"id":129377,"date":"2025-11-26T11:15:00","date_gmt":"2025-11-26T14:15:00","guid":{"rendered":"https:\/\/www.em.com.br\/emfoco\/?p=129377"},"modified":"2025-11-25T18:27:34","modified_gmt":"2025-11-25T21:27:34","slug":"cadeiras-estofadas-estao-fora-de-moda-veja-qual-sera-a-nova-alternativa-que-estara-em-alta-em-2026","status":"publish","type":"post","link":"https:\/\/www.em.com.br\/emfoco\/2025\/11\/26\/cadeiras-estofadas-estao-fora-de-moda-veja-qual-sera-a-nova-alternativa-que-estara-em-alta-em-2026\/","title":{"rendered":"Cadeiras estofadas est\u00e3o fora de moda, veja qual ser\u00e1 a nova alternativa que estar\u00e1 em alta em 2026"},"content":{"rendered":"\n<p>A decora\u00e7\u00e3o de interiores est\u00e1 sempre em evolu\u00e7\u00e3o, buscando integrar funcionalidade e estilo de maneira inovadora. As cadeiras estofadas, tradicionais em salas de jantar e estar, est\u00e3o gradualmente dando espa\u00e7o a uma tend\u00eancia que promete marcar presen\u00e7a nos pr\u00f3ximos anos: as cadeiras de fibras naturais, que v\u00eam ganhando destaque pela versatilidade e apelo visual, apontando para 2026 como um ano de consolida\u00e7\u00e3o desse estilo.<\/p>\n\n\n\n<h2 class=\"wp-block-heading\">Por que as fibras naturais conquistam cada vez mais espa\u00e7o na decora\u00e7\u00e3o?<\/h2>\n\n\n\n<p>Uma das principais raz\u00f5es para a alta demanda das <a href=\"https:\/\/br.pinterest.com\/waldiralvesdasilva\/cadeira-de-fibra-natural\/\" target=\"_blank\" rel=\"noreferrer noopener\">cadeiras de fibras naturais <\/a>\u00e9 sua combina\u00e7\u00e3o de leveza, est\u00e9tica e funcionalidade. Al\u00e9m disso, a busca por materiais sustent\u00e1veis favorece o crescimento dessa escolha, promovendo ambientes mais acolhedores e sofisticados.<\/p>\n\n\n\n<p>Essas cadeiras se destacam pela praticidade e pelo toque natural, garantindo f\u00e1cil adapta\u00e7\u00e3o a diferentes estilos de ambiente, como o minimalista ou o r\u00fastico contempor\u00e2neo.<\/p>\n\n\n\n<h2 class=\"wp-block-heading\">Como as fibras naturais deixam os ambientes mais leves e adapt\u00e1veis<\/h2>\n\n\n\n<p>A tend\u00eancia por ambientes leve e adapt\u00e1veis se reflete claramente no uso de fibras naturais, que proporcionam sensa\u00e7\u00e3o de frescor, ao mesmo tempo em que possibilitam composi\u00e7\u00f5es elegantes. A jun\u00e7\u00e3o com outros materiais, como madeira clara ou metais escuros, cria equil\u00edbrio visual e suavidade.<\/p>\n\n\n\n<figure class=\"wp-block-image size-large\"><img loading=\"lazy\" decoding=\"async\" width=\"1024\" height=\"576\" src=\"https:\/\/www.em.com.br\/emfoco\/wp-content\/uploads\/2025\/11\/Gemini_Generated_Image_5bzxb25bzxb25bzx-1-1024x576.png\" alt=\"\" class=\"wp-image-131849\" srcset=\"https:\/\/www.em.com.br\/emfoco\/wp-content\/uploads\/2025\/11\/Gemini_Generated_Image_5bzxb25bzxb25bzx-1-1024x576.png 1024w, https:\/\/www.em.com.br\/emfoco\/wp-content\/uploads\/2025\/11\/Gemini_Generated_Image_5bzxb25bzxb25bzx-1-300x169.png 300w, https:\/\/www.em.com.br\/emfoco\/wp-content\/uploads\/2025\/11\/Gemini_Generated_Image_5bzxb25bzxb25bzx-1-768x432.png 768w, https:\/\/www.em.com.br\/emfoco\/wp-content\/uploads\/2025\/11\/Gemini_Generated_Image_5bzxb25bzxb25bzx-1-750x422.png 750w, https:\/\/www.em.com.br\/emfoco\/wp-content\/uploads\/2025\/11\/Gemini_Generated_Image_5bzxb25bzxb25bzx-1-1140x641.png 1140w, https:\/\/www.em.com.br\/emfoco\/wp-content\/uploads\/2025\/11\/Gemini_Generated_Image_5bzxb25bzxb25bzx-1.png 1280w\" sizes=\"auto, (max-width: 1024px) 100vw, 1024px\" \/><figcaption class=\"wp-element-caption\">4. O toque leve e elegante das cadeiras de fibra\n<\/figcaption><\/figure>\n\n\n\n<p>O resultado s\u00e3o espa\u00e7os harmoniosos, onde o r\u00fastico e o moderno dialogam, tornando-os mais convidativos e relaxantes para o dia a dia.<\/p>\n\n\n\n<h2 class=\"wp-block-heading\">Principais tipos de fibras naturais utilizados em cadeiras<\/h2>\n\n\n\n<p>Entre os materiais mais comuns est\u00e3o o rattan, bambu, vime e junco. O rattan se destaca pela resist\u00eancia e flexibilidade, sendo perfeito para modelagens diferenciadas. O bambu \u00e9 famoso por ser ecologicamente correto e ter grande durabilidade. O vime e o junco, por sua vez, proporcionam um efeito visual leve e elegante, combinando facilmente com outros elementos do ambiente. Escolher o tipo de fibra ideal \u00e9 essencial para definir o estilo da decora\u00e7\u00e3o e garantir longevidade \u00e0s pe\u00e7as.<\/p>\n\n\n\n<h2 class=\"wp-block-heading\">Dicas pr\u00e1ticas para integrar cadeiras de fibras naturais ao seu lar<\/h2>\n\n\n\n<p>Para ajudar na hora de inserir essas pe\u00e7as na decora\u00e7\u00e3o, \u00e9 importante pensar na harmoniza\u00e7\u00e3o dos m\u00f3veis e dos detalhes do ambiente. Utilizar materiais e elementos complementares enriquece o design e facilita a transi\u00e7\u00e3o entre estilos.<\/p>\n\n\n\n<ul class=\"wp-block-list\">\n<li>Combinar cadeiras de fibras naturais com mesas de madeira maci\u00e7a ou tons claros refor\u00e7a o estilo org\u00e2nico.<\/li>\n\n\n\n<li>Optar por tecidos neutros, como algod\u00e3o e linho, destaca a textura das cadeiras.<\/li>\n\n\n\n<li>Incluir adornos em cer\u00e2mica ou vidro adiciona eleg\u00e2ncia discreta ao conjunto.<\/li>\n\n\n\n<li>Acrescentar plantas de interior real\u00e7a o tema natural e traz vitalidade ao espa\u00e7o.<\/li>\n<\/ul>\n\n\n\n<p>Analisar as mudan\u00e7as na escolha das cadeiras mostra que a funcionalidade aprimorada e o novo olhar para o design v\u00e3o al\u00e9m da est\u00e9tica. As cadeiras de fibras naturais simbolizam o futuro da <a href=\"https:\/\/www.em.com.br\/emfoco\/2025\/11\/24\/essa-ideia-simples-transforma-moveis-antigos-em-verdadeiras-joias-da-decoracao\/\" target=\"_blank\" rel=\"noreferrer noopener\">decora\u00e7\u00e3o<\/a>, em que o essencial se faz presente, promovendo ambientes mais pr\u00e1ticos e conectados com a natureza. Essa transforma\u00e7\u00e3o representa uma busca por harmonia, simplicidade e equil\u00edbrio na vida cotidiana.<\/p>\n\n\n\n<p><\/p>\n","protected":false},"excerpt":{"rendered":"<p>A decora\u00e7\u00e3o de interiores est\u00e1 sempre em evolu\u00e7\u00e3o, buscando integrar funcionalidade e estilo de maneira inovadora. As cadeiras estofadas, tradicionais em salas de jantar e estar, est\u00e3o gradualmente dando espa\u00e7o a uma tend\u00eancia que promete marcar presen\u00e7a nos pr\u00f3ximos anos: as cadeiras de fibras naturais, que v\u00eam ganhando destaque pela versatilidade e apelo visual, apontando [&hellip;]<\/p>\n","protected":false},"author":11,"featured_media":131850,"comment_status":"open","ping_status":"open","sticky":false,"template":"","format":"standard","meta":{"jnews-multi-image_gallery":[],"jnews_single_post":{"format":"standard"},"jnews_primary_category":[],"jnews_social_meta":[],"jnews_override_counter":[],"footnotes":""},"categories":[8819,1],"tags":[19306,4687,1920,18034],"class_list":["post-129377","post","type-post","status-publish","format-standard","has-post-thumbnail","hentry","category-curiosidades","category-noticias","tag-casas-em-2026","tag-decoracao","tag-tendencia","tag-tendencia-2026-2"],"yoast_head":"<!-- This site is optimized with the Yoast SEO plugin v23.8 - https:\/\/yoast.com\/wordpress\/plugins\/seo\/ -->\n<title>Cadeiras estofadas est\u00e3o fora de moda, veja qual ser\u00e1 a nova alternativa que estar\u00e1 em alta em 2026 - Estado de Minas - Em foco<\/title>\n<meta name=\"description\" content=\"As cadeiras de fibras naturais ganham espa\u00e7o pela leveza, est\u00e9tica e sustentabilidade. Veja tipos, combina\u00e7\u00f5es e como usar na decora\u00e7\u00e3o.\" \/>\n<meta name=\"robots\" content=\"index, follow, max-snippet:-1, max-image-preview:large, max-video-preview:-1\" \/>\n<link rel=\"canonical\" href=\"https:\/\/www.em.com.br\/emfoco\/2025\/11\/26\/cadeiras-estofadas-estao-fora-de-moda-veja-qual-sera-a-nova-alternativa-que-estara-em-alta-em-2026\/\" \/>\n<meta property=\"og:locale\" content=\"pt_BR\" \/>\n<meta property=\"og:type\" content=\"article\" \/>\n<meta property=\"og:title\" content=\"Cadeiras estofadas est\u00e3o fora de moda, veja qual ser\u00e1 a nova alternativa que estar\u00e1 em alta em 2026 - Estado de Minas - Em foco\" \/>\n<meta property=\"og:description\" content=\"As cadeiras de fibras naturais ganham espa\u00e7o pela leveza, est\u00e9tica e sustentabilidade. Veja tipos, combina\u00e7\u00f5es e como usar na decora\u00e7\u00e3o.\" \/>\n<meta property=\"og:url\" content=\"https:\/\/www.em.com.br\/emfoco\/2025\/11\/26\/cadeiras-estofadas-estao-fora-de-moda-veja-qual-sera-a-nova-alternativa-que-estara-em-alta-em-2026\/\" \/>\n<meta property=\"og:site_name\" content=\"Estado de Minas - Em foco\" \/>\n<meta property=\"article:published_time\" content=\"2025-11-26T14:15:00+00:00\" \/>\n<meta property=\"article:modified_time\" content=\"2025-11-25T21:27:34+00:00\" \/>\n<meta property=\"og:image\" content=\"https:\/\/www.em.com.br\/emfoco\/wp-content\/uploads\/2025\/11\/mosaico_1764108328149.jpg\" \/>\n\t<meta property=\"og:image:width\" content=\"1280\" \/>\n\t<meta property=\"og:image:height\" content=\"720\" \/>\n\t<meta property=\"og:image:type\" content=\"image\/jpeg\" \/>\n<meta name=\"author\" content=\"Andre\u0301 Rangel\u00a0\" \/>\n<meta name=\"twitter:card\" content=\"summary_large_image\" \/>\n<meta name=\"twitter:label1\" content=\"Escrito por\" \/>\n\t<meta name=\"twitter:data1\" content=\"Andre\u0301 Rangel\u00a0\" \/>\n\t<meta name=\"twitter:label2\" content=\"Est. tempo de leitura\" \/>\n\t<meta name=\"twitter:data2\" content=\"4 minutos\" \/>\n<!-- \/ Yoast SEO plugin. -->","yoast_head_json":{"title":"Cadeiras estofadas est\u00e3o fora de moda, veja qual ser\u00e1 a nova alternativa que estar\u00e1 em alta em 2026 - Estado de Minas - Em foco","description":"As cadeiras de fibras naturais ganham espa\u00e7o pela leveza, est\u00e9tica e sustentabilidade. Veja tipos, combina\u00e7\u00f5es e como usar na decora\u00e7\u00e3o.","robots":{"index":"index","follow":"follow","max-snippet":"max-snippet:-1","max-image-preview":"max-image-preview:large","max-video-preview":"max-video-preview:-1"},"canonical":"https:\/\/www.em.com.br\/emfoco\/2025\/11\/26\/cadeiras-estofadas-estao-fora-de-moda-veja-qual-sera-a-nova-alternativa-que-estara-em-alta-em-2026\/","og_locale":"pt_BR","og_type":"article","og_title":"Cadeiras estofadas est\u00e3o fora de moda, veja qual ser\u00e1 a nova alternativa que estar\u00e1 em alta em 2026 - Estado de Minas - Em foco","og_description":"As cadeiras de fibras naturais ganham espa\u00e7o pela leveza, est\u00e9tica e sustentabilidade. Veja tipos, combina\u00e7\u00f5es e como usar na decora\u00e7\u00e3o.","og_url":"https:\/\/www.em.com.br\/emfoco\/2025\/11\/26\/cadeiras-estofadas-estao-fora-de-moda-veja-qual-sera-a-nova-alternativa-que-estara-em-alta-em-2026\/","og_site_name":"Estado de Minas - Em foco","article_published_time":"2025-11-26T14:15:00+00:00","article_modified_time":"2025-11-25T21:27:34+00:00","og_image":[{"width":1280,"height":720,"url":"https:\/\/www.em.com.br\/emfoco\/wp-content\/uploads\/2025\/11\/mosaico_1764108328149.jpg","type":"image\/jpeg"}],"author":"Andre\u0301 Rangel\u00a0","twitter_card":"summary_large_image","twitter_misc":{"Escrito por":"Andre\u0301 Rangel\u00a0","Est. tempo de leitura":"4 minutos"},"schema":{"@context":"https:\/\/schema.org","@graph":[{"@type":"WebPage","@id":"https:\/\/www.em.com.br\/emfoco\/2025\/11\/26\/cadeiras-estofadas-estao-fora-de-moda-veja-qual-sera-a-nova-alternativa-que-estara-em-alta-em-2026\/","url":"https:\/\/www.em.com.br\/emfoco\/2025\/11\/26\/cadeiras-estofadas-estao-fora-de-moda-veja-qual-sera-a-nova-alternativa-que-estara-em-alta-em-2026\/","name":"Cadeiras estofadas est\u00e3o fora de moda, veja qual ser\u00e1 a nova alternativa que estar\u00e1 em alta em 2026 - Estado de Minas - Em foco","isPartOf":{"@id":"https:\/\/www.em.com.br\/emfoco\/#website"},"primaryImageOfPage":{"@id":"https:\/\/www.em.com.br\/emfoco\/2025\/11\/26\/cadeiras-estofadas-estao-fora-de-moda-veja-qual-sera-a-nova-alternativa-que-estara-em-alta-em-2026\/#primaryimage"},"image":{"@id":"https:\/\/www.em.com.br\/emfoco\/2025\/11\/26\/cadeiras-estofadas-estao-fora-de-moda-veja-qual-sera-a-nova-alternativa-que-estara-em-alta-em-2026\/#primaryimage"},"thumbnailUrl":"https:\/\/www.em.com.br\/emfoco\/wp-content\/uploads\/2025\/11\/mosaico_1764108328149.jpg","datePublished":"2025-11-26T14:15:00+00:00","dateModified":"2025-11-25T21:27:34+00:00","author":{"@id":"https:\/\/www.em.com.br\/emfoco\/#\/schema\/person\/60eda09c1fedf0d6891f4cef4b60b8b8"},"description":"As cadeiras de fibras naturais ganham espa\u00e7o pela leveza, est\u00e9tica e sustentabilidade. Veja tipos, combina\u00e7\u00f5es e como usar na decora\u00e7\u00e3o.","breadcrumb":{"@id":"https:\/\/www.em.com.br\/emfoco\/2025\/11\/26\/cadeiras-estofadas-estao-fora-de-moda-veja-qual-sera-a-nova-alternativa-que-estara-em-alta-em-2026\/#breadcrumb"},"inLanguage":"pt-BR","potentialAction":[{"@type":"ReadAction","target":["https:\/\/www.em.com.br\/emfoco\/2025\/11\/26\/cadeiras-estofadas-estao-fora-de-moda-veja-qual-sera-a-nova-alternativa-que-estara-em-alta-em-2026\/"]}]},{"@type":"ImageObject","inLanguage":"pt-BR","@id":"https:\/\/www.em.com.br\/emfoco\/2025\/11\/26\/cadeiras-estofadas-estao-fora-de-moda-veja-qual-sera-a-nova-alternativa-que-estara-em-alta-em-2026\/#primaryimage","url":"https:\/\/www.em.com.br\/emfoco\/wp-content\/uploads\/2025\/11\/mosaico_1764108328149.jpg","contentUrl":"https:\/\/www.em.com.br\/emfoco\/wp-content\/uploads\/2025\/11\/mosaico_1764108328149.jpg","width":1280,"height":720,"caption":"O toque leve e elegante das cadeiras de fibra - Cr\u00e9ditos: depositphotos.com \/ kuprin33"},{"@type":"BreadcrumbList","@id":"https:\/\/www.em.com.br\/emfoco\/2025\/11\/26\/cadeiras-estofadas-estao-fora-de-moda-veja-qual-sera-a-nova-alternativa-que-estara-em-alta-em-2026\/#breadcrumb","itemListElement":[{"@type":"ListItem","position":1,"name":"In\u00edcio","item":"https:\/\/www.em.com.br\/emfoco\/"},{"@type":"ListItem","position":2,"name":"Cadeiras estofadas est\u00e3o fora de moda, veja qual ser\u00e1 a nova alternativa que estar\u00e1 em alta em 2026"}]},{"@type":"WebSite","@id":"https:\/\/www.em.com.br\/emfoco\/#website","url":"https:\/\/www.em.com.br\/emfoco\/","name":"Estado de Minas - Em foco","description":"Acompanhe as \u00faltimas not\u00edcias e fique bem informado sobre tudo o que acontece em Minas Gerais, Brasil e no mundo.","potentialAction":[{"@type":"SearchAction","target":{"@type":"EntryPoint","urlTemplate":"https:\/\/www.em.com.br\/emfoco\/?s={search_term_string}"},"query-input":{"@type":"PropertyValueSpecification","valueRequired":true,"valueName":"search_term_string"}}],"inLanguage":"pt-BR"},{"@type":"Person","@id":"https:\/\/www.em.com.br\/emfoco\/#\/schema\/person\/60eda09c1fedf0d6891f4cef4b60b8b8","name":"Andre\u0301 Rangel\u00a0","image":{"@type":"ImageObject","inLanguage":"pt-BR","@id":"https:\/\/www.em.com.br\/emfoco\/#\/schema\/person\/image\/","url":"https:\/\/secure.gravatar.com\/avatar\/6234dc814c77c8ef6d8bba622c787efc?s=96&d=mm&r=g","contentUrl":"https:\/\/secure.gravatar.com\/avatar\/6234dc814c77c8ef6d8bba622c787efc?s=96&d=mm&r=g","caption":"Andre\u0301 Rangel\u00a0"},"url":"https:\/\/www.em.com.br\/emfoco\/author\/luizmyth\/"}]}},"_links":{"self":[{"href":"https:\/\/www.em.com.br\/emfoco\/wp-json\/wp\/v2\/posts\/129377","targetHints":{"allow":["GET"]}}],"collection":[{"href":"https:\/\/www.em.com.br\/emfoco\/wp-json\/wp\/v2\/posts"}],"about":[{"href":"https:\/\/www.em.com.br\/emfoco\/wp-json\/wp\/v2\/types\/post"}],"author":[{"embeddable":true,"href":"https:\/\/www.em.com.br\/emfoco\/wp-json\/wp\/v2\/users\/11"}],"replies":[{"embeddable":true,"href":"https:\/\/www.em.com.br\/emfoco\/wp-json\/wp\/v2\/comments?post=129377"}],"version-history":[{"count":4,"href":"https:\/\/www.em.com.br\/emfoco\/wp-json\/wp\/v2\/posts\/129377\/revisions"}],"predecessor-version":[{"id":131851,"href":"https:\/\/www.em.com.br\/emfoco\/wp-json\/wp\/v2\/posts\/129377\/revisions\/131851"}],"wp:featuredmedia":[{"embeddable":true,"href":"https:\/\/www.em.com.br\/emfoco\/wp-json\/wp\/v2\/media\/131850"}],"wp:attachment":[{"href":"https:\/\/www.em.com.br\/emfoco\/wp-json\/wp\/v2\/media?parent=129377"}],"wp:term":[{"taxonomy":"category","embeddable":true,"href":"https:\/\/www.em.com.br\/emfoco\/wp-json\/wp\/v2\/categories?post=129377"},{"taxonomy":"post_tag","embeddable":true,"href":"https:\/\/www.em.com.br\/emfoco\/wp-json\/wp\/v2\/tags?post=129377"}],"curies":[{"name":"wp","href":"https:\/\/api.w.org\/{rel}","templated":true}]}}