{"id":129371,"date":"2025-11-25T11:15:00","date_gmt":"2025-11-25T14:15:00","guid":{"rendered":"https:\/\/www.em.com.br\/emfoco\/?p=129371"},"modified":"2025-11-24T16:13:34","modified_gmt":"2025-11-24T19:13:34","slug":"adeus-a-cama-de-casal-a-nova-tendencia-que-esta-bombando-entre-os-casais","status":"publish","type":"post","link":"https:\/\/www.em.com.br\/emfoco\/2025\/11\/25\/adeus-a-cama-de-casal-a-nova-tendencia-que-esta-bombando-entre-os-casais\/","title":{"rendered":"Adeus \u00e0 cama de casal, a nova tend\u00eancia que est\u00e1 bombando entre os casais"},"content":{"rendered":"\n<p>Nos \u00faltimos anos, uma nova tend\u00eancia tem se destacado entre casais nos&nbsp;<strong>Estados Unidos<\/strong>. O chamado&nbsp;<em>sleep divorce<\/em>, ou div\u00f3rcio do sono, prop\u00f5e dormir em camas separadas visando melhorar a qualidade do sono e fortalecer o relacionamento ao respeitar as necessidades individuais de descanso.<\/p>\n\n\n\n<h2 class=\"wp-block-heading\">O que \u00e9 o sleep divorce e como funciona na pr\u00e1tica<\/h2>\n\n\n\n<p>O conceito de\u00a0<strong><a href=\"https:\/\/www.sleepfoundation.org\/sleep-hygiene\/what-is-a-sleep-divorce\" target=\"_blank\" rel=\"noreferrer noopener\">sleep divorce<\/a><\/strong>\u00a0n\u00e3o representa uma separa\u00e7\u00e3o matrimonial, mas sim uma adapta\u00e7\u00e3o para criar melhores condi\u00e7\u00f5es de sono. Isso pode ser realizado de formas diversas, como camas individuais no mesmo quarto, estruturas separadas ou at\u00e9 mesmo quartos distintos, conforme prefer\u00eancias do casal.<\/p>\n\n\n\n<p>Cada casal pode escolher o arranjo que melhor se encaixa em sua rotina e necessidades, tornando o&nbsp;<em>sleep divorce<\/em>&nbsp;uma alternativa personalizada e flex\u00edvel, que vai al\u00e9m do modelo tradicional da cama compartilhada.<\/p>\n\n\n\n<figure class=\"wp-block-image size-large\"><img loading=\"lazy\" decoding=\"async\" width=\"1024\" height=\"576\" src=\"https:\/\/www.em.com.br\/emfoco\/wp-content\/uploads\/2025\/11\/Gemini_Generated_Image_fwp6tofwp6tofwp6-1-1024x576.png\" alt=\"\" class=\"wp-image-131346\" srcset=\"https:\/\/www.em.com.br\/emfoco\/wp-content\/uploads\/2025\/11\/Gemini_Generated_Image_fwp6tofwp6tofwp6-1-1024x576.png 1024w, https:\/\/www.em.com.br\/emfoco\/wp-content\/uploads\/2025\/11\/Gemini_Generated_Image_fwp6tofwp6tofwp6-1-300x169.png 300w, https:\/\/www.em.com.br\/emfoco\/wp-content\/uploads\/2025\/11\/Gemini_Generated_Image_fwp6tofwp6tofwp6-1-768x432.png 768w, https:\/\/www.em.com.br\/emfoco\/wp-content\/uploads\/2025\/11\/Gemini_Generated_Image_fwp6tofwp6tofwp6-1-750x422.png 750w, https:\/\/www.em.com.br\/emfoco\/wp-content\/uploads\/2025\/11\/Gemini_Generated_Image_fwp6tofwp6tofwp6-1-1140x641.png 1140w, https:\/\/www.em.com.br\/emfoco\/wp-content\/uploads\/2025\/11\/Gemini_Generated_Image_fwp6tofwp6tofwp6-1.png 1280w\" sizes=\"auto, (max-width: 1024px) 100vw, 1024px\" \/><\/figure>\n\n\n\n<h2 class=\"wp-block-heading\">Por que alguns casais escolhem dormir separados<\/h2>\n\n\n\n<p>Diversos motivos levam casais a optarem por dormir separados. Fatores como roncos, movimentos noturnos, hor\u00e1rios diferentes de sono e uso de dispositivos eletr\u00f4nicos podem prejudicar o descanso compartilhado.<\/p>\n\n\n\n<p>Al\u00e9m disso, quest\u00f5es como a temperatura do ambiente e prefer\u00eancias de conforto incentivam essa decis\u00e3o, permitindo que cada pessoa atenda melhor \u00e0s pr\u00f3prias necessidades durante a noite.<\/p>\n\n\n\n<h2 class=\"wp-block-heading\">Quais s\u00e3o os benef\u00edcios de dormir em camas separadas para a sa\u00fade e o relacionamento<\/h2>\n\n\n\n<p>Os benef\u00edcios do <a href=\"https:\/\/www.em.com.br\/emfoco\/2025\/11\/24\/5-alimentos-recomendados-por-medicos-que-melhoram-o-sono-naturalmente\/\" target=\"_blank\" rel=\"noreferrer noopener\">sono <\/a>de qualidade v\u00e3o al\u00e9m do bem-estar imediato. Dormir sem interrup\u00e7\u00f5es fortalece o sistema imunol\u00f3gico, melhora a sa\u00fade f\u00edsica e pode diminuir o estresse. Esses ganhos promovem, consequentemente, rela\u00e7\u00f5es mais harm\u00f4nicas e equilibradas.<\/p>\n\n\n\n<p>Muitos casais notam que, ao adotar o&nbsp;<em>sleep divorce<\/em>, o cansa\u00e7o diminui, a disposi\u00e7\u00e3o aumenta e as discuss\u00f5es se tornam menos frequentes. Confira abaixo algumas vantagens importantes dessa pr\u00e1tica:<\/p>\n\n\n\n<ul class=\"wp-block-list\">\n<li><strong>Aumento de energia:<\/strong>&nbsp;Pessoas acordam mais revigoradas depois de noites tranquilas.<\/li>\n\n\n\n<li><strong>Harmonia na rela\u00e7\u00e3o:<\/strong>&nbsp;A redu\u00e7\u00e3o do cansa\u00e7o colabora para menos desentendimentos entre o casal.<\/li>\n\n\n\n<li><strong>Melhor sa\u00fade f\u00edsica:<\/strong>&nbsp;Descanso otimizado melhora o funcionamento do corpo.<\/li>\n\n\n\n<li><strong>Intimidade espont\u00e2nea:<\/strong>&nbsp;Rela\u00e7\u00f5es \u00edntimas acontecem de maneira mais natural e sem press\u00f5es.<\/li>\n<\/ul>\n\n\n\n<h2 class=\"wp-block-heading\">Como o sleep divorce reflete mudan\u00e7as na vida moderna<\/h2>\n\n\n\n<p>O&nbsp;<em>sleep divorce<\/em>&nbsp;representa uma resposta moderna \u00e0s transforma\u00e7\u00f5es nos padr\u00f5es de relacionamento e nas prioridades em sa\u00fade. Adaptar o espa\u00e7o e as rotinas de sono demonstra uma evolu\u00e7\u00e3o na busca por qualidade de vida e respeito \u00e0s diferen\u00e7as individuais.<\/p>\n\n\n\n<p>Esse movimento refor\u00e7a que valorizar o bem-estar de cada um pode fortalecer a uni\u00e3o. Reconhecer necessidades pr\u00f3prias e promover o descanso adequado contribui para uma conviv\u00eancia mais saud\u00e1vel e revigorante.<\/p>\n","protected":false},"excerpt":{"rendered":"<p>Nos \u00faltimos anos, uma nova tend\u00eancia tem se destacado entre casais nos&nbsp;Estados Unidos. O chamado&nbsp;sleep divorce, ou div\u00f3rcio do sono, prop\u00f5e dormir em camas separadas visando melhorar a qualidade do sono e fortalecer o relacionamento ao respeitar as necessidades individuais de descanso. O que \u00e9 o sleep divorce e como funciona na pr\u00e1tica O conceito [&hellip;]<\/p>\n","protected":false},"author":11,"featured_media":131350,"comment_status":"open","ping_status":"open","sticky":false,"template":"","format":"standard","meta":{"jnews-multi-image_gallery":[],"jnews_single_post":{"format":"standard"},"jnews_primary_category":[],"jnews_social_meta":[],"jnews_override_counter":[],"footnotes":""},"categories":[8691,1],"tags":[8851,1925,15858,17802],"class_list":["post-129371","post","type-post","status-publish","format-standard","has-post-thumbnail","hentry","category-bem-estar","category-noticias","tag-casal","tag-sono","tag-sono-e-bem-estar","tag-sono-e-saude"],"yoast_head":"<!-- This site is optimized with the Yoast SEO plugin v23.8 - https:\/\/yoast.com\/wordpress\/plugins\/seo\/ -->\n<title>Adeus \u00e0 cama de casal, a nova tend\u00eancia que est\u00e1 bombando entre os casais - Estado de Minas - Em foco<\/title>\n<meta name=\"description\" content=\"Dormir melhor est\u00e1 ajudando casais a viverem com mais harmonia. O sleep divorce mostra que adapta\u00e7\u00e3o e respeito podem fortalecer a rela\u00e7\u00e3o.\" \/>\n<meta name=\"robots\" content=\"index, follow, max-snippet:-1, max-image-preview:large, max-video-preview:-1\" \/>\n<link rel=\"canonical\" href=\"https:\/\/www.em.com.br\/emfoco\/2025\/11\/25\/adeus-a-cama-de-casal-a-nova-tendencia-que-esta-bombando-entre-os-casais\/\" \/>\n<meta property=\"og:locale\" content=\"pt_BR\" \/>\n<meta property=\"og:type\" content=\"article\" \/>\n<meta property=\"og:title\" content=\"Adeus \u00e0 cama de casal, a nova tend\u00eancia que est\u00e1 bombando entre os casais - Estado de Minas - Em foco\" \/>\n<meta property=\"og:description\" content=\"Dormir melhor est\u00e1 ajudando casais a viverem com mais harmonia. O sleep divorce mostra que adapta\u00e7\u00e3o e respeito podem fortalecer a rela\u00e7\u00e3o.\" \/>\n<meta property=\"og:url\" content=\"https:\/\/www.em.com.br\/emfoco\/2025\/11\/25\/adeus-a-cama-de-casal-a-nova-tendencia-que-esta-bombando-entre-os-casais\/\" \/>\n<meta property=\"og:site_name\" content=\"Estado de Minas - Em foco\" \/>\n<meta property=\"article:published_time\" content=\"2025-11-25T14:15:00+00:00\" \/>\n<meta property=\"article:modified_time\" content=\"2025-11-24T19:13:34+00:00\" \/>\n<meta property=\"og:image\" content=\"https:\/\/www.em.com.br\/emfoco\/wp-content\/uploads\/2025\/11\/Gemini_Generated_Image_ae1ng1ae1ng1ae1n-1.png\" \/>\n\t<meta property=\"og:image:width\" content=\"1280\" \/>\n\t<meta property=\"og:image:height\" content=\"720\" \/>\n\t<meta property=\"og:image:type\" content=\"image\/png\" \/>\n<meta name=\"author\" content=\"Andre\u0301 Rangel\u00a0\" \/>\n<meta name=\"twitter:card\" content=\"summary_large_image\" \/>\n<meta name=\"twitter:label1\" content=\"Escrito por\" \/>\n\t<meta name=\"twitter:data1\" content=\"Andre\u0301 Rangel\u00a0\" \/>\n\t<meta name=\"twitter:label2\" content=\"Est. tempo de leitura\" \/>\n\t<meta name=\"twitter:data2\" content=\"3 minutos\" \/>\n<!-- \/ Yoast SEO plugin. -->","yoast_head_json":{"title":"Adeus \u00e0 cama de casal, a nova tend\u00eancia que est\u00e1 bombando entre os casais - Estado de Minas - Em foco","description":"Dormir melhor est\u00e1 ajudando casais a viverem com mais harmonia. O sleep divorce mostra que adapta\u00e7\u00e3o e respeito podem fortalecer a rela\u00e7\u00e3o.","robots":{"index":"index","follow":"follow","max-snippet":"max-snippet:-1","max-image-preview":"max-image-preview:large","max-video-preview":"max-video-preview:-1"},"canonical":"https:\/\/www.em.com.br\/emfoco\/2025\/11\/25\/adeus-a-cama-de-casal-a-nova-tendencia-que-esta-bombando-entre-os-casais\/","og_locale":"pt_BR","og_type":"article","og_title":"Adeus \u00e0 cama de casal, a nova tend\u00eancia que est\u00e1 bombando entre os casais - Estado de Minas - Em foco","og_description":"Dormir melhor est\u00e1 ajudando casais a viverem com mais harmonia. O sleep divorce mostra que adapta\u00e7\u00e3o e respeito podem fortalecer a rela\u00e7\u00e3o.","og_url":"https:\/\/www.em.com.br\/emfoco\/2025\/11\/25\/adeus-a-cama-de-casal-a-nova-tendencia-que-esta-bombando-entre-os-casais\/","og_site_name":"Estado de Minas - Em foco","article_published_time":"2025-11-25T14:15:00+00:00","article_modified_time":"2025-11-24T19:13:34+00:00","og_image":[{"width":1280,"height":720,"url":"https:\/\/www.em.com.br\/emfoco\/wp-content\/uploads\/2025\/11\/Gemini_Generated_Image_ae1ng1ae1ng1ae1n-1.png","type":"image\/png"}],"author":"Andre\u0301 Rangel\u00a0","twitter_card":"summary_large_image","twitter_misc":{"Escrito por":"Andre\u0301 Rangel\u00a0","Est. tempo de leitura":"3 minutos"},"schema":{"@context":"https:\/\/schema.org","@graph":[{"@type":"WebPage","@id":"https:\/\/www.em.com.br\/emfoco\/2025\/11\/25\/adeus-a-cama-de-casal-a-nova-tendencia-que-esta-bombando-entre-os-casais\/","url":"https:\/\/www.em.com.br\/emfoco\/2025\/11\/25\/adeus-a-cama-de-casal-a-nova-tendencia-que-esta-bombando-entre-os-casais\/","name":"Adeus \u00e0 cama de casal, a nova tend\u00eancia que est\u00e1 bombando entre os casais - Estado de Minas - Em foco","isPartOf":{"@id":"https:\/\/www.em.com.br\/emfoco\/#website"},"primaryImageOfPage":{"@id":"https:\/\/www.em.com.br\/emfoco\/2025\/11\/25\/adeus-a-cama-de-casal-a-nova-tendencia-que-esta-bombando-entre-os-casais\/#primaryimage"},"image":{"@id":"https:\/\/www.em.com.br\/emfoco\/2025\/11\/25\/adeus-a-cama-de-casal-a-nova-tendencia-que-esta-bombando-entre-os-casais\/#primaryimage"},"thumbnailUrl":"https:\/\/www.em.com.br\/emfoco\/wp-content\/uploads\/2025\/11\/Gemini_Generated_Image_ae1ng1ae1ng1ae1n-1.png","datePublished":"2025-11-25T14:15:00+00:00","dateModified":"2025-11-24T19:13:34+00:00","author":{"@id":"https:\/\/www.em.com.br\/emfoco\/#\/schema\/person\/60eda09c1fedf0d6891f4cef4b60b8b8"},"description":"Dormir melhor est\u00e1 ajudando casais a viverem com mais harmonia. O sleep divorce mostra que adapta\u00e7\u00e3o e respeito podem fortalecer a rela\u00e7\u00e3o.","breadcrumb":{"@id":"https:\/\/www.em.com.br\/emfoco\/2025\/11\/25\/adeus-a-cama-de-casal-a-nova-tendencia-que-esta-bombando-entre-os-casais\/#breadcrumb"},"inLanguage":"pt-BR","potentialAction":[{"@type":"ReadAction","target":["https:\/\/www.em.com.br\/emfoco\/2025\/11\/25\/adeus-a-cama-de-casal-a-nova-tendencia-que-esta-bombando-entre-os-casais\/"]}]},{"@type":"ImageObject","inLanguage":"pt-BR","@id":"https:\/\/www.em.com.br\/emfoco\/2025\/11\/25\/adeus-a-cama-de-casal-a-nova-tendencia-que-esta-bombando-entre-os-casais\/#primaryimage","url":"https:\/\/www.em.com.br\/emfoco\/wp-content\/uploads\/2025\/11\/Gemini_Generated_Image_ae1ng1ae1ng1ae1n-1.png","contentUrl":"https:\/\/www.em.com.br\/emfoco\/wp-content\/uploads\/2025\/11\/Gemini_Generated_Image_ae1ng1ae1ng1ae1n-1.png","width":1280,"height":720,"caption":"O h\u00e1bito noturno que pode transformar a harmonia do casal"},{"@type":"BreadcrumbList","@id":"https:\/\/www.em.com.br\/emfoco\/2025\/11\/25\/adeus-a-cama-de-casal-a-nova-tendencia-que-esta-bombando-entre-os-casais\/#breadcrumb","itemListElement":[{"@type":"ListItem","position":1,"name":"In\u00edcio","item":"https:\/\/www.em.com.br\/emfoco\/"},{"@type":"ListItem","position":2,"name":"Adeus \u00e0 cama de casal, a nova tend\u00eancia que est\u00e1 bombando entre os casais"}]},{"@type":"WebSite","@id":"https:\/\/www.em.com.br\/emfoco\/#website","url":"https:\/\/www.em.com.br\/emfoco\/","name":"Estado de Minas - Em foco","description":"Acompanhe as \u00faltimas not\u00edcias e fique bem informado sobre tudo o que acontece em Minas Gerais, Brasil e no mundo.","potentialAction":[{"@type":"SearchAction","target":{"@type":"EntryPoint","urlTemplate":"https:\/\/www.em.com.br\/emfoco\/?s={search_term_string}"},"query-input":{"@type":"PropertyValueSpecification","valueRequired":true,"valueName":"search_term_string"}}],"inLanguage":"pt-BR"},{"@type":"Person","@id":"https:\/\/www.em.com.br\/emfoco\/#\/schema\/person\/60eda09c1fedf0d6891f4cef4b60b8b8","name":"Andre\u0301 Rangel\u00a0","image":{"@type":"ImageObject","inLanguage":"pt-BR","@id":"https:\/\/www.em.com.br\/emfoco\/#\/schema\/person\/image\/","url":"https:\/\/secure.gravatar.com\/avatar\/6234dc814c77c8ef6d8bba622c787efc?s=96&d=mm&r=g","contentUrl":"https:\/\/secure.gravatar.com\/avatar\/6234dc814c77c8ef6d8bba622c787efc?s=96&d=mm&r=g","caption":"Andre\u0301 Rangel\u00a0"},"url":"https:\/\/www.em.com.br\/emfoco\/author\/luizmyth\/"}]}},"_links":{"self":[{"href":"https:\/\/www.em.com.br\/emfoco\/wp-json\/wp\/v2\/posts\/129371","targetHints":{"allow":["GET"]}}],"collection":[{"href":"https:\/\/www.em.com.br\/emfoco\/wp-json\/wp\/v2\/posts"}],"about":[{"href":"https:\/\/www.em.com.br\/emfoco\/wp-json\/wp\/v2\/types\/post"}],"author":[{"embeddable":true,"href":"https:\/\/www.em.com.br\/emfoco\/wp-json\/wp\/v2\/users\/11"}],"replies":[{"embeddable":true,"href":"https:\/\/www.em.com.br\/emfoco\/wp-json\/wp\/v2\/comments?post=129371"}],"version-history":[{"count":2,"href":"https:\/\/www.em.com.br\/emfoco\/wp-json\/wp\/v2\/posts\/129371\/revisions"}],"predecessor-version":[{"id":131353,"href":"https:\/\/www.em.com.br\/emfoco\/wp-json\/wp\/v2\/posts\/129371\/revisions\/131353"}],"wp:featuredmedia":[{"embeddable":true,"href":"https:\/\/www.em.com.br\/emfoco\/wp-json\/wp\/v2\/media\/131350"}],"wp:attachment":[{"href":"https:\/\/www.em.com.br\/emfoco\/wp-json\/wp\/v2\/media?parent=129371"}],"wp:term":[{"taxonomy":"category","embeddable":true,"href":"https:\/\/www.em.com.br\/emfoco\/wp-json\/wp\/v2\/categories?post=129371"},{"taxonomy":"post_tag","embeddable":true,"href":"https:\/\/www.em.com.br\/emfoco\/wp-json\/wp\/v2\/tags?post=129371"}],"curies":[{"name":"wp","href":"https:\/\/api.w.org\/{rel}","templated":true}]}}