{"id":129333,"date":"2025-11-27T08:55:00","date_gmt":"2025-11-27T11:55:00","guid":{"rendered":"https:\/\/www.em.com.br\/emfoco\/?p=129333"},"modified":"2025-11-26T19:37:44","modified_gmt":"2025-11-26T22:37:44","slug":"veja-como-fazer-esta-luminaria-original-e-funcional-feita-com-aquele-ralador-que-voce-nao-usa-mais","status":"publish","type":"post","link":"https:\/\/www.em.com.br\/emfoco\/2025\/11\/27\/veja-como-fazer-esta-luminaria-original-e-funcional-feita-com-aquele-ralador-que-voce-nao-usa-mais\/","title":{"rendered":"Veja como fazer esta lumin\u00e1ria original e funcional, feita com aquele ralador que voc\u00ea n\u00e3o usa mais"},"content":{"rendered":"\n<p>A crescente valoriza\u00e7\u00e3o da reciclagem criativa tem impulsionado a transforma\u00e7\u00e3o de objetos cotidianos em pe\u00e7as \u00fanicas de design moderno. Um exemplo marcante \u00e9 o ralador de queijo, que pode ser convertido em uma lumin\u00e1ria ornamental sofisticada e funcional, aproveitando seu design met\u00e1lico perfurado e durabilidade para enriquecer projetos de ilumina\u00e7\u00e3o residencial.<\/p>\n\n\n\n<h2 class=\"wp-block-heading\">Como transformar um ralador em lumin\u00e1ria de maneira simples<\/h2>\n\n\n\n<p>Transformar um ralador de queijo em uma <a href=\"https:\/\/www.em.com.br\/emfoco\/2025\/11\/05\/faca-voce-mesmo-essa-luminaria-de-chao-que-vai-deixar-sua-casa-mais-charmosa\/\" target=\"_blank\" rel=\"noreferrer noopener\">lumin\u00e1ria <\/a>exclusiva exige, inicialmente, a sele\u00e7\u00e3o de um ralador met\u00e1lico, preferencialmente retangular. Ap\u00f3s essa escolha, o processo criativo \u00e9 flex\u00edvel e pode ser adaptado conforme o estilo e as ferramentas do criador, permitindo personaliza\u00e7\u00e3o nos m\u00ednimos detalhes.<\/p>\n\n\n\n<p>Esse utens\u00edlio de cozinha, muito al\u00e9m de sua fun\u00e7\u00e3o tradicional, passa a integrar a decora\u00e7\u00e3o por meio da <a href=\"https:\/\/jornal.usp.br\/atualidades\/cidades-inteligentes-e-sustentabilidade-caminham-juntas-e-passam-pela-questao-da-reciclagem-do-lixo\/\" target=\"_blank\" rel=\"noreferrer noopener\">reciclagem inteligente<\/a>, oferecendo base s\u00f3lida e visual diferenciado para ambientes contempor\u00e2neos. Utilizar o ralador nesta nova aplica\u00e7\u00e3o amplia o conceito de sustentabilidade para dentro do lar.<\/p>\n\n\n\n<figure class=\"wp-block-image size-large\"><img loading=\"lazy\" decoding=\"async\" width=\"1024\" height=\"576\" src=\"https:\/\/www.em.com.br\/emfoco\/wp-content\/uploads\/2025\/11\/Gemini_Generated_Image_4q6px04q6px04q6p-1-1024x576.png\" alt=\"\" class=\"wp-image-132361\" srcset=\"https:\/\/www.em.com.br\/emfoco\/wp-content\/uploads\/2025\/11\/Gemini_Generated_Image_4q6px04q6px04q6p-1-1024x576.png 1024w, https:\/\/www.em.com.br\/emfoco\/wp-content\/uploads\/2025\/11\/Gemini_Generated_Image_4q6px04q6px04q6p-1-300x169.png 300w, https:\/\/www.em.com.br\/emfoco\/wp-content\/uploads\/2025\/11\/Gemini_Generated_Image_4q6px04q6px04q6p-1-768x432.png 768w, https:\/\/www.em.com.br\/emfoco\/wp-content\/uploads\/2025\/11\/Gemini_Generated_Image_4q6px04q6px04q6p-1-750x422.png 750w, https:\/\/www.em.com.br\/emfoco\/wp-content\/uploads\/2025\/11\/Gemini_Generated_Image_4q6px04q6px04q6p-1-1140x641.png 1140w, https:\/\/www.em.com.br\/emfoco\/wp-content\/uploads\/2025\/11\/Gemini_Generated_Image_4q6px04q6px04q6p-1.png 1280w\" sizes=\"auto, (max-width: 1024px) 100vw, 1024px\" \/><figcaption class=\"wp-element-caption\">DIY: lumin\u00e1ria de ralador simples de fazer<\/figcaption><\/figure>\n\n\n\n<h2 class=\"wp-block-heading\">Quais s\u00e3o os materiais essenciais para criar a lumin\u00e1ria<\/h2>\n\n\n\n<p>Antes de dar in\u00edcio \u00e0 transforma\u00e7\u00e3o, \u00e9 fundamental reunir todos os materiais necess\u00e1rios para garantir um resultado seguro e personalizado. Uma prepara\u00e7\u00e3o adequada permite que o projeto seja pr\u00e1tico e eficiente do come\u00e7o ao fim.<\/p>\n\n\n\n<p>A lista a seguir apresenta os itens essenciais que auxiliam na cria\u00e7\u00e3o da lumin\u00e1ria com um ralador reciclado:<\/p>\n\n\n\n<ul class=\"wp-block-list\">\n<li>Ralador de queijo met\u00e1lico retangular<\/li>\n\n\n\n<li>Soquete para l\u00e2mpada padr\u00e3o<\/li>\n\n\n\n<li>L\u00e2mpada LED<\/li>\n\n\n\n<li>Cabo com interruptor ou kit para pendurar a lumin\u00e1ria<\/li>\n\n\n\n<li>Ferramentas para ajuste, como chave de fenda<\/li>\n\n\n\n<li>Tinta spray para personalizar<\/li>\n\n\n\n<li>Base de madeira ou metal para lumin\u00e1ria de mesa<\/li>\n\n\n\n<li>Furadeira pequena para ajustar o tamanho do furo superior<\/li>\n<\/ul>\n\n\n\n<p>No v\u00eddeo abaixo, voc\u00ea consegue ver como \u00e9 o processo para criar essa lumin\u00e1ria:<\/p>\n\n\n\n<figure class=\"wp-block-embed is-type-video is-provider-tiktok wp-block-embed-tiktok\"><div class=\"wp-block-embed__wrapper\">\n<blockquote class=\"tiktok-embed\" cite=\"https:\/\/www.tiktok.com\/@girlanguedesof\/video\/6863192503282191622\" data-video-id=\"6863192503282191622\" data-embed-from=\"oembed\" style=\"max-width:605px; min-width:325px;\"> <section> <a target=\"_blank\" title=\"@girlanguedesof\" href=\"https:\/\/www.tiktok.com\/@girlanguedesof?refer=embed\">@girlanguedesof<\/a> <p>Lumin\u00e1ria feita com simples ralador!!! Lembrando que \u00e9 feito com l\u00e2mpada fria e n\u00e3o a risco de pegar fogo. <a title=\"luz\" target=\"_blank\" href=\"https:\/\/www.tiktok.com\/tag\/luz?refer=embed\">#luz<\/a> <a title=\"luminar\" target=\"_blank\" href=\"https:\/\/www.tiktok.com\/tag\/luminar?refer=embed\">#luminar<\/a> <a title=\"luminaria\" target=\"_blank\" href=\"https:\/\/www.tiktok.com\/tag\/luminaria?refer=embed\">#luminaria<\/a> <a title=\"arte\" target=\"_blank\" href=\"https:\/\/www.tiktok.com\/tag\/arte?refer=embed\">#arte<\/a><\/p> <a target=\"_blank\" title=\"\u266c som original - Girlan Guedes\" href=\"https:\/\/www.tiktok.com\/music\/som-original-6863192527567063814?refer=embed\">\u266c som original &#8211; Girlan Guedes<\/a> <\/section> <\/blockquote> <script async src=\"https:\/\/www.tiktok.com\/embed.js\"><\/script>\n<\/div><\/figure>\n\n\n\n<h2 class=\"wp-block-heading\">Veja o passo a passo para criar a lumin\u00e1ria<\/h2>\n\n\n\n<p>O processo inicia-se com a limpeza completa do ralador e, caso desejado, a aplica\u00e7\u00e3o de tinta spray para um resultado mais personalizado. \u00c9 necess\u00e1rio garantir o encaixe perfeito do soquete de l\u00e2mpada, podendo ampliar o orif\u00edcio com uma furadeira adequada, sem danificar a estrutura principal.<\/p>\n\n\n\n<p>Depois de fixar o soquete e passar o cabo pela parte superior, recomenda-se utilizar l\u00e2mpadas LED devido \u00e0 sua seguran\u00e7a e baixo calor. Al\u00e9m disso, a lumin\u00e1ria pode ser instalada em diferentes locais: suspensa no teto, apoiada em uma base ou adaptada como aplique de parede, criando efeitos de luz modernos e exclusivos.<\/p>\n\n\n\n<h2 class=\"wp-block-heading\">Por que a lumin\u00e1ria feita de ralador \u00e9 uma op\u00e7\u00e3o funcional e sustent\u00e1vel<\/h2>\n\n\n\n<p>Adotar lumin\u00e1rias criadas a partir de raladores reciclados vai al\u00e9m da est\u00e9tica, tornando-se uma pr\u00e1tica sustent\u00e1vel e em sintonia com tend\u00eancias mundiais de reutiliza\u00e7\u00e3o. Este tipo de projeto amplia as possibilidades decorativas e incentiva o consumo consciente.<\/p>\n\n\n\n<p>As v\u00e1rias op\u00e7\u00f5es de instala\u00e7\u00e3o permitem adequa\u00e7\u00e3o a diversas necessidades, aproveitando os desenhos de luz projetados pelos furos do ralador. Assim, \u00e9 poss\u00edvel criar ambientes acolhedores e originais, al\u00e9m de estimular a criatividade ao transformar descartes em pe\u00e7as de destaque.<\/p>\n","protected":false},"excerpt":{"rendered":"<p>A crescente valoriza\u00e7\u00e3o da reciclagem criativa tem impulsionado a transforma\u00e7\u00e3o de objetos cotidianos em pe\u00e7as \u00fanicas de design moderno. Um exemplo marcante \u00e9 o ralador de queijo, que pode ser convertido em uma lumin\u00e1ria ornamental sofisticada e funcional, aproveitando seu design met\u00e1lico perfurado e durabilidade para enriquecer projetos de ilumina\u00e7\u00e3o residencial. Como transformar um ralador [&hellip;]<\/p>\n","protected":false},"author":11,"featured_media":132360,"comment_status":"open","ping_status":"open","sticky":false,"template":"","format":"standard","meta":{"jnews-multi-image_gallery":[],"jnews_single_post":{"format":"standard"},"jnews_primary_category":[],"jnews_social_meta":[],"jnews_override_counter":[],"footnotes":""},"categories":[8819,1],"tags":[5115,13468,17913,19371],"class_list":["post-129333","post","type-post","status-publish","format-standard","has-post-thumbnail","hentry","category-curiosidades","category-noticias","tag-diy","tag-luminarias","tag-luminarias-caseiras","tag-ralador"],"yoast_head":"<!-- This site is optimized with the Yoast SEO plugin v23.8 - https:\/\/yoast.com\/wordpress\/plugins\/seo\/ -->\n<title>Veja como fazer esta lumin\u00e1ria original e funcional, feita com aquele ralador que voc\u00ea n\u00e3o usa mais - Estado de Minas - Em foco<\/title>\n<meta name=\"description\" content=\"Aprenda a transformar um ralador met\u00e1lico em uma lumin\u00e1ria sustent\u00e1vel e moderna. Veja materiais, passo a passo e ideias para personaliza\u00e7\u00e3o.\" \/>\n<meta name=\"robots\" content=\"index, follow, max-snippet:-1, max-image-preview:large, max-video-preview:-1\" \/>\n<link rel=\"canonical\" href=\"https:\/\/www.em.com.br\/emfoco\/2025\/11\/27\/veja-como-fazer-esta-luminaria-original-e-funcional-feita-com-aquele-ralador-que-voce-nao-usa-mais\/\" \/>\n<meta property=\"og:locale\" content=\"pt_BR\" \/>\n<meta property=\"og:type\" content=\"article\" \/>\n<meta property=\"og:title\" content=\"Veja como fazer esta lumin\u00e1ria original e funcional, feita com aquele ralador que voc\u00ea n\u00e3o usa mais - Estado de Minas - Em foco\" \/>\n<meta property=\"og:description\" content=\"Aprenda a transformar um ralador met\u00e1lico em uma lumin\u00e1ria sustent\u00e1vel e moderna. Veja materiais, passo a passo e ideias para personaliza\u00e7\u00e3o.\" \/>\n<meta property=\"og:url\" content=\"https:\/\/www.em.com.br\/emfoco\/2025\/11\/27\/veja-como-fazer-esta-luminaria-original-e-funcional-feita-com-aquele-ralador-que-voce-nao-usa-mais\/\" \/>\n<meta property=\"og:site_name\" content=\"Estado de Minas - Em foco\" \/>\n<meta property=\"article:published_time\" content=\"2025-11-27T11:55:00+00:00\" \/>\n<meta property=\"article:modified_time\" content=\"2025-11-26T22:37:44+00:00\" \/>\n<meta property=\"og:image\" content=\"https:\/\/www.em.com.br\/emfoco\/wp-content\/uploads\/2025\/11\/mosaico_1764198457443.jpg\" \/>\n\t<meta property=\"og:image:width\" content=\"1280\" \/>\n\t<meta property=\"og:image:height\" content=\"720\" \/>\n\t<meta property=\"og:image:type\" content=\"image\/jpeg\" \/>\n<meta name=\"author\" content=\"Andre\u0301 Rangel\u00a0\" \/>\n<meta name=\"twitter:card\" content=\"summary_large_image\" \/>\n<meta name=\"twitter:label1\" content=\"Escrito por\" \/>\n\t<meta name=\"twitter:data1\" content=\"Andre\u0301 Rangel\u00a0\" \/>\n\t<meta name=\"twitter:label2\" content=\"Est. tempo de leitura\" \/>\n\t<meta name=\"twitter:data2\" content=\"4 minutos\" \/>\n<!-- \/ Yoast SEO plugin. -->","yoast_head_json":{"title":"Veja como fazer esta lumin\u00e1ria original e funcional, feita com aquele ralador que voc\u00ea n\u00e3o usa mais - Estado de Minas - Em foco","description":"Aprenda a transformar um ralador met\u00e1lico em uma lumin\u00e1ria sustent\u00e1vel e moderna. Veja materiais, passo a passo e ideias para personaliza\u00e7\u00e3o.","robots":{"index":"index","follow":"follow","max-snippet":"max-snippet:-1","max-image-preview":"max-image-preview:large","max-video-preview":"max-video-preview:-1"},"canonical":"https:\/\/www.em.com.br\/emfoco\/2025\/11\/27\/veja-como-fazer-esta-luminaria-original-e-funcional-feita-com-aquele-ralador-que-voce-nao-usa-mais\/","og_locale":"pt_BR","og_type":"article","og_title":"Veja como fazer esta lumin\u00e1ria original e funcional, feita com aquele ralador que voc\u00ea n\u00e3o usa mais - Estado de Minas - Em foco","og_description":"Aprenda a transformar um ralador met\u00e1lico em uma lumin\u00e1ria sustent\u00e1vel e moderna. Veja materiais, passo a passo e ideias para personaliza\u00e7\u00e3o.","og_url":"https:\/\/www.em.com.br\/emfoco\/2025\/11\/27\/veja-como-fazer-esta-luminaria-original-e-funcional-feita-com-aquele-ralador-que-voce-nao-usa-mais\/","og_site_name":"Estado de Minas - Em foco","article_published_time":"2025-11-27T11:55:00+00:00","article_modified_time":"2025-11-26T22:37:44+00:00","og_image":[{"width":1280,"height":720,"url":"https:\/\/www.em.com.br\/emfoco\/wp-content\/uploads\/2025\/11\/mosaico_1764198457443.jpg","type":"image\/jpeg"}],"author":"Andre\u0301 Rangel\u00a0","twitter_card":"summary_large_image","twitter_misc":{"Escrito por":"Andre\u0301 Rangel\u00a0","Est. tempo de leitura":"4 minutos"},"schema":{"@context":"https:\/\/schema.org","@graph":[{"@type":"WebPage","@id":"https:\/\/www.em.com.br\/emfoco\/2025\/11\/27\/veja-como-fazer-esta-luminaria-original-e-funcional-feita-com-aquele-ralador-que-voce-nao-usa-mais\/","url":"https:\/\/www.em.com.br\/emfoco\/2025\/11\/27\/veja-como-fazer-esta-luminaria-original-e-funcional-feita-com-aquele-ralador-que-voce-nao-usa-mais\/","name":"Veja como fazer esta lumin\u00e1ria original e funcional, feita com aquele ralador que voc\u00ea n\u00e3o usa mais - Estado de Minas - Em foco","isPartOf":{"@id":"https:\/\/www.em.com.br\/emfoco\/#website"},"primaryImageOfPage":{"@id":"https:\/\/www.em.com.br\/emfoco\/2025\/11\/27\/veja-como-fazer-esta-luminaria-original-e-funcional-feita-com-aquele-ralador-que-voce-nao-usa-mais\/#primaryimage"},"image":{"@id":"https:\/\/www.em.com.br\/emfoco\/2025\/11\/27\/veja-como-fazer-esta-luminaria-original-e-funcional-feita-com-aquele-ralador-que-voce-nao-usa-mais\/#primaryimage"},"thumbnailUrl":"https:\/\/www.em.com.br\/emfoco\/wp-content\/uploads\/2025\/11\/mosaico_1764198457443.jpg","datePublished":"2025-11-27T11:55:00+00:00","dateModified":"2025-11-26T22:37:44+00:00","author":{"@id":"https:\/\/www.em.com.br\/emfoco\/#\/schema\/person\/60eda09c1fedf0d6891f4cef4b60b8b8"},"description":"Aprenda a transformar um ralador met\u00e1lico em uma lumin\u00e1ria sustent\u00e1vel e moderna. Veja materiais, passo a passo e ideias para personaliza\u00e7\u00e3o.","breadcrumb":{"@id":"https:\/\/www.em.com.br\/emfoco\/2025\/11\/27\/veja-como-fazer-esta-luminaria-original-e-funcional-feita-com-aquele-ralador-que-voce-nao-usa-mais\/#breadcrumb"},"inLanguage":"pt-BR","potentialAction":[{"@type":"ReadAction","target":["https:\/\/www.em.com.br\/emfoco\/2025\/11\/27\/veja-como-fazer-esta-luminaria-original-e-funcional-feita-com-aquele-ralador-que-voce-nao-usa-mais\/"]}]},{"@type":"ImageObject","inLanguage":"pt-BR","@id":"https:\/\/www.em.com.br\/emfoco\/2025\/11\/27\/veja-como-fazer-esta-luminaria-original-e-funcional-feita-com-aquele-ralador-que-voce-nao-usa-mais\/#primaryimage","url":"https:\/\/www.em.com.br\/emfoco\/wp-content\/uploads\/2025\/11\/mosaico_1764198457443.jpg","contentUrl":"https:\/\/www.em.com.br\/emfoco\/wp-content\/uploads\/2025\/11\/mosaico_1764198457443.jpg","width":1280,"height":720,"caption":"Ralador vira lumin\u00e1ria moderna e funcional - Cr\u00e9ditos: depositphotos.com \/ anmbph"},{"@type":"BreadcrumbList","@id":"https:\/\/www.em.com.br\/emfoco\/2025\/11\/27\/veja-como-fazer-esta-luminaria-original-e-funcional-feita-com-aquele-ralador-que-voce-nao-usa-mais\/#breadcrumb","itemListElement":[{"@type":"ListItem","position":1,"name":"In\u00edcio","item":"https:\/\/www.em.com.br\/emfoco\/"},{"@type":"ListItem","position":2,"name":"Veja como fazer esta lumin\u00e1ria original e funcional, feita com aquele ralador que voc\u00ea n\u00e3o usa mais"}]},{"@type":"WebSite","@id":"https:\/\/www.em.com.br\/emfoco\/#website","url":"https:\/\/www.em.com.br\/emfoco\/","name":"Estado de Minas - Em foco","description":"Acompanhe as \u00faltimas not\u00edcias e fique bem informado sobre tudo o que acontece em Minas Gerais, Brasil e no mundo.","potentialAction":[{"@type":"SearchAction","target":{"@type":"EntryPoint","urlTemplate":"https:\/\/www.em.com.br\/emfoco\/?s={search_term_string}"},"query-input":{"@type":"PropertyValueSpecification","valueRequired":true,"valueName":"search_term_string"}}],"inLanguage":"pt-BR"},{"@type":"Person","@id":"https:\/\/www.em.com.br\/emfoco\/#\/schema\/person\/60eda09c1fedf0d6891f4cef4b60b8b8","name":"Andre\u0301 Rangel\u00a0","image":{"@type":"ImageObject","inLanguage":"pt-BR","@id":"https:\/\/www.em.com.br\/emfoco\/#\/schema\/person\/image\/","url":"https:\/\/secure.gravatar.com\/avatar\/6234dc814c77c8ef6d8bba622c787efc?s=96&d=mm&r=g","contentUrl":"https:\/\/secure.gravatar.com\/avatar\/6234dc814c77c8ef6d8bba622c787efc?s=96&d=mm&r=g","caption":"Andre\u0301 Rangel\u00a0"},"url":"https:\/\/www.em.com.br\/emfoco\/author\/luizmyth\/"}]}},"_links":{"self":[{"href":"https:\/\/www.em.com.br\/emfoco\/wp-json\/wp\/v2\/posts\/129333","targetHints":{"allow":["GET"]}}],"collection":[{"href":"https:\/\/www.em.com.br\/emfoco\/wp-json\/wp\/v2\/posts"}],"about":[{"href":"https:\/\/www.em.com.br\/emfoco\/wp-json\/wp\/v2\/types\/post"}],"author":[{"embeddable":true,"href":"https:\/\/www.em.com.br\/emfoco\/wp-json\/wp\/v2\/users\/11"}],"replies":[{"embeddable":true,"href":"https:\/\/www.em.com.br\/emfoco\/wp-json\/wp\/v2\/comments?post=129333"}],"version-history":[{"count":4,"href":"https:\/\/www.em.com.br\/emfoco\/wp-json\/wp\/v2\/posts\/129333\/revisions"}],"predecessor-version":[{"id":132363,"href":"https:\/\/www.em.com.br\/emfoco\/wp-json\/wp\/v2\/posts\/129333\/revisions\/132363"}],"wp:featuredmedia":[{"embeddable":true,"href":"https:\/\/www.em.com.br\/emfoco\/wp-json\/wp\/v2\/media\/132360"}],"wp:attachment":[{"href":"https:\/\/www.em.com.br\/emfoco\/wp-json\/wp\/v2\/media?parent=129333"}],"wp:term":[{"taxonomy":"category","embeddable":true,"href":"https:\/\/www.em.com.br\/emfoco\/wp-json\/wp\/v2\/categories?post=129333"},{"taxonomy":"post_tag","embeddable":true,"href":"https:\/\/www.em.com.br\/emfoco\/wp-json\/wp\/v2\/tags?post=129333"}],"curies":[{"name":"wp","href":"https:\/\/api.w.org\/{rel}","templated":true}]}}