{"id":129312,"date":"2025-11-26T07:55:00","date_gmt":"2025-11-26T10:55:00","guid":{"rendered":"https:\/\/www.em.com.br\/emfoco\/?p=129312"},"modified":"2025-11-25T18:26:52","modified_gmt":"2025-11-25T21:26:52","slug":"este-e-o-melhor-produto-para-evitar-que-as-roupas-brancas-amarelem","status":"publish","type":"post","link":"https:\/\/www.em.com.br\/emfoco\/2025\/11\/26\/este-e-o-melhor-produto-para-evitar-que-as-roupas-brancas-amarelem\/","title":{"rendered":"Este \u00e9 o melhor produto para evitar que as roupas brancas amarelem"},"content":{"rendered":"\n<p>Manter a&nbsp;<strong>roupa branca<\/strong>&nbsp;sempre impec\u00e1vel \u00e9 um desafio comum, pois com o tempo, o branco pode se tornar amarelado e perder o encanto. Especialistas indicam que o uso de percarbonato de s\u00f3dio \u00e9 uma alternativa eficiente para remover manchas e preservar as fibras dos tecidos, tornando-o superior ao cloro quando o objetivo \u00e9 conservar a textura e o brilho das roupas brancas.<\/p>\n\n\n\n<h2 class=\"wp-block-heading\">Por que escolher o percarbonato de s\u00f3dio \u00e9 uma alternativa segura<\/h2>\n\n\n\n<p>Ao considerar produtos para branqueamento de roupas, o <a href=\"https:\/\/www.instagram.com\/p\/CivNeUcOziY\/\" target=\"_blank\" rel=\"noreferrer noopener\">percarbonato de s\u00f3dio <\/a>se destaca. Ele n\u00e3o compromete as fibras, evita res\u00edduos amarelados e respeita aditivos como o tinte azul, frequentemente usados para neutralizar reflexos.<\/p>\n\n\n\n<p>Esse componente tamb\u00e9m oferece resultados consistentes e preserva as propriedades originais do vestu\u00e1rio, representando uma escolha mais gentil e eficaz frente aos alvejantes convencionais \u00e0 base de cloro.<br><br>No v\u00eddeo abaixo, voc\u00ea ver\u00e1 como utilizar o produto para desamarelar suas roupas brancas:<\/p>\n\n\n\n<figure class=\"wp-block-embed is-type-video is-provider-tiktok wp-block-embed-tiktok\"><div class=\"wp-block-embed__wrapper\">\n<blockquote class=\"tiktok-embed\" cite=\"https:\/\/www.tiktok.com\/@canaldiariodefamilia\/video\/7532157805105548550\" data-video-id=\"7532157805105548550\" data-embed-from=\"oembed\" style=\"max-width:605px; min-width:325px;\"> <section> <a target=\"_blank\" title=\"@canaldiariodefamilia\" href=\"https:\/\/www.tiktok.com\/@canaldiariodefamilia?refer=embed\">@canaldiariodefamilia<\/a> <p>Melhor que Vanish, percarbonato de s\u00f3dio tira manchas. Como desamarelar as roupas. Veja aqui \u2b07\ufe0f<\/p> <a target=\"_blank\" title=\"\u266c som original - Canal Di\u00e1rio de Fam\u00edlia\" href=\"https:\/\/www.tiktok.com\/music\/som-original-7532157815998221112?refer=embed\">\u266c som original &#8211; Canal Di\u00e1rio de Fam\u00edlia<\/a> <\/section> <\/blockquote> <script async src=\"https:\/\/www.tiktok.com\/embed.js\"><\/script>\n<\/div><\/figure>\n\n\n\n<h2 class=\"wp-block-heading\">Como lavar roupas brancas e potencializar a a\u00e7\u00e3o branqueadora corretamente<\/h2>\n\n\n\n<p>H\u00e1 etapas fundamentais para potencializar o resultado ao utilizar percarbonato de s\u00f3dio no cuidado com roupas brancas. O correto preparo e uso potencializam a remo\u00e7\u00e3o de manchas resistentes e conservam o branco por mais tempo.<\/p>\n\n\n\n<p>Para garantir efic\u00e1cia, observe as recomenda\u00e7\u00f5es abaixo:<\/p>\n\n\n\n<ul class=\"wp-block-list\">\n<li>Dissolva uma a duas colheres de sopa de percarbonato de s\u00f3dio em \u00e1gua quente (m\u00ednimo de 40\u00b0C)<\/li>\n\n\n\n<li>Adicione sab\u00e3o azul ou detergente comum para potencializar a limpeza<\/li>\n\n\n\n<li>Deixe a roupa de molho por 30 a 60 minutos antes da lavagem padr\u00e3o<\/li>\n<\/ul>\n\n\n\n<h2 class=\"wp-block-heading\">Quais cuidados ao utilizar percarbonato de s\u00f3dio na lavagem<\/h2>\n\n\n\n<p>O percarbonato de s\u00f3dio requer aten\u00e7\u00e3o quanto ao tipo de tecido e \u00e0s combina\u00e7\u00f5es com outros produtos qu\u00edmicos. Roupas coloridas ou sint\u00e9ticas podem desbotar, e misturas com <a href=\"https:\/\/www.em.com.br\/emfoco\/2025\/11\/12\/aprenda-a-identificar-quando-seu-vinagre-esta-vencido-ou-estragado\/\" target=\"_blank\" rel=\"noreferrer noopener\">vinagre <\/a>ou \u00e1cidos reduzem a efici\u00eancia do produto.<\/p>\n\n\n\n<figure class=\"wp-block-image\"><img decoding=\"async\" src=\"https:\/\/www.em.com.br\/emfoco\/wp-content\/uploads\/2025\/11\/Gemini_Generated_Image_qmwxiuqmwxiuqmwx-1-1024x576.png\" alt=\"\"\/><figcaption class=\"wp-element-caption\">Conhe\u00e7a a solu\u00e7\u00e3o segura e eficiente para manter roupas brancas<\/figcaption><\/figure>\n\n\n\n<p>Al\u00e9m disso, a associa\u00e7\u00e3o com cloro ou amon\u00edaco deve ser evitada devido a poss\u00edveis rea\u00e7\u00f5es t\u00f3xicas, e o armazenamento em local seco mant\u00e9m seu poder de a\u00e7\u00e3o.<\/p>\n\n\n\n<h2 class=\"wp-block-heading\">Como garantir seguran\u00e7a m\u00e1xima ao usar o produto<\/h2>\n\n\n\n<p>Ao introduzir este produto na rotina de lavagem, recomenda-se test\u00e1-lo em uma pe\u00e7a antiga ou em uma \u00e1rea menos vis\u00edvel antes de aplic\u00e1-lo em roupas novas, ou delicadas.<\/p>\n\n\n\n<p>Cuidados com temperatura durante o uso e aten\u00e7\u00e3o ao armazenamento garantem seguran\u00e7a e melhores resultados, consolidando o percarbonato de s\u00f3dio como uma solu\u00e7\u00e3o pr\u00e1tica para manter o branco sempre vivo por mais tempo.<\/p>\n\n\n\n<p><\/p>\n","protected":false},"excerpt":{"rendered":"<p>Manter a&nbsp;roupa branca&nbsp;sempre impec\u00e1vel \u00e9 um desafio comum, pois com o tempo, o branco pode se tornar amarelado e perder o encanto. Especialistas indicam que o uso de percarbonato de s\u00f3dio \u00e9 uma alternativa eficiente para remover manchas e preservar as fibras dos tecidos, tornando-o superior ao cloro quando o objetivo \u00e9 conservar a textura [&hellip;]<\/p>\n","protected":false},"author":11,"featured_media":129774,"comment_status":"open","ping_status":"open","sticky":false,"template":"","format":"standard","meta":{"jnews-multi-image_gallery":[],"jnews_single_post":{"format":"standard"},"jnews_primary_category":[],"jnews_social_meta":[],"jnews_override_counter":[],"footnotes":""},"categories":[8819,1],"tags":[14048,13274,19069],"class_list":["post-129312","post","type-post","status-publish","format-standard","has-post-thumbnail","hentry","category-curiosidades","category-noticias","tag-dicas-de-lavagem","tag-lavagem","tag-percarbonato-de-sodio"],"yoast_head":"<!-- This site is optimized with the Yoast SEO plugin v23.8 - https:\/\/yoast.com\/wordpress\/plugins\/seo\/ -->\n<title>Este \u00e9 o melhor produto para evitar que as roupas brancas amarelem - Estado de Minas - Em foco<\/title>\n<meta name=\"description\" content=\"Roupas brancas ganham mais brilho com percarbonato, sem riscos do cloro. Veja como usar com seguran\u00e7a e manter o tecido preservado.\" \/>\n<meta name=\"robots\" content=\"index, follow, max-snippet:-1, max-image-preview:large, max-video-preview:-1\" \/>\n<link rel=\"canonical\" href=\"https:\/\/www.em.com.br\/emfoco\/2025\/11\/26\/este-e-o-melhor-produto-para-evitar-que-as-roupas-brancas-amarelem\/\" \/>\n<meta property=\"og:locale\" content=\"pt_BR\" \/>\n<meta property=\"og:type\" content=\"article\" \/>\n<meta property=\"og:title\" content=\"Este \u00e9 o melhor produto para evitar que as roupas brancas amarelem - Estado de Minas - Em foco\" \/>\n<meta property=\"og:description\" content=\"Roupas brancas ganham mais brilho com percarbonato, sem riscos do cloro. Veja como usar com seguran\u00e7a e manter o tecido preservado.\" \/>\n<meta property=\"og:url\" content=\"https:\/\/www.em.com.br\/emfoco\/2025\/11\/26\/este-e-o-melhor-produto-para-evitar-que-as-roupas-brancas-amarelem\/\" \/>\n<meta property=\"og:site_name\" content=\"Estado de Minas - Em foco\" \/>\n<meta property=\"article:published_time\" content=\"2025-11-26T10:55:00+00:00\" \/>\n<meta property=\"article:modified_time\" content=\"2025-11-25T21:26:52+00:00\" \/>\n<meta property=\"og:image\" content=\"https:\/\/www.em.com.br\/emfoco\/wp-content\/uploads\/2025\/11\/Gemini_Generated_Image_x6jqqpx6jqqpx6jq-1.png\" \/>\n\t<meta property=\"og:image:width\" content=\"1280\" \/>\n\t<meta property=\"og:image:height\" content=\"720\" \/>\n\t<meta property=\"og:image:type\" content=\"image\/png\" \/>\n<meta name=\"author\" content=\"Andre\u0301 Rangel\u00a0\" \/>\n<meta name=\"twitter:card\" content=\"summary_large_image\" \/>\n<meta name=\"twitter:label1\" content=\"Escrito por\" \/>\n\t<meta name=\"twitter:data1\" content=\"Andre\u0301 Rangel\u00a0\" \/>\n\t<meta name=\"twitter:label2\" content=\"Est. tempo de leitura\" \/>\n\t<meta name=\"twitter:data2\" content=\"3 minutos\" \/>\n<!-- \/ Yoast SEO plugin. -->","yoast_head_json":{"title":"Este \u00e9 o melhor produto para evitar que as roupas brancas amarelem - Estado de Minas - Em foco","description":"Roupas brancas ganham mais brilho com percarbonato, sem riscos do cloro. Veja como usar com seguran\u00e7a e manter o tecido preservado.","robots":{"index":"index","follow":"follow","max-snippet":"max-snippet:-1","max-image-preview":"max-image-preview:large","max-video-preview":"max-video-preview:-1"},"canonical":"https:\/\/www.em.com.br\/emfoco\/2025\/11\/26\/este-e-o-melhor-produto-para-evitar-que-as-roupas-brancas-amarelem\/","og_locale":"pt_BR","og_type":"article","og_title":"Este \u00e9 o melhor produto para evitar que as roupas brancas amarelem - Estado de Minas - Em foco","og_description":"Roupas brancas ganham mais brilho com percarbonato, sem riscos do cloro. Veja como usar com seguran\u00e7a e manter o tecido preservado.","og_url":"https:\/\/www.em.com.br\/emfoco\/2025\/11\/26\/este-e-o-melhor-produto-para-evitar-que-as-roupas-brancas-amarelem\/","og_site_name":"Estado de Minas - Em foco","article_published_time":"2025-11-26T10:55:00+00:00","article_modified_time":"2025-11-25T21:26:52+00:00","og_image":[{"width":1280,"height":720,"url":"https:\/\/www.em.com.br\/emfoco\/wp-content\/uploads\/2025\/11\/Gemini_Generated_Image_x6jqqpx6jqqpx6jq-1.png","type":"image\/png"}],"author":"Andre\u0301 Rangel\u00a0","twitter_card":"summary_large_image","twitter_misc":{"Escrito por":"Andre\u0301 Rangel\u00a0","Est. tempo de leitura":"3 minutos"},"schema":{"@context":"https:\/\/schema.org","@graph":[{"@type":"WebPage","@id":"https:\/\/www.em.com.br\/emfoco\/2025\/11\/26\/este-e-o-melhor-produto-para-evitar-que-as-roupas-brancas-amarelem\/","url":"https:\/\/www.em.com.br\/emfoco\/2025\/11\/26\/este-e-o-melhor-produto-para-evitar-que-as-roupas-brancas-amarelem\/","name":"Este \u00e9 o melhor produto para evitar que as roupas brancas amarelem - Estado de Minas - Em foco","isPartOf":{"@id":"https:\/\/www.em.com.br\/emfoco\/#website"},"primaryImageOfPage":{"@id":"https:\/\/www.em.com.br\/emfoco\/2025\/11\/26\/este-e-o-melhor-produto-para-evitar-que-as-roupas-brancas-amarelem\/#primaryimage"},"image":{"@id":"https:\/\/www.em.com.br\/emfoco\/2025\/11\/26\/este-e-o-melhor-produto-para-evitar-que-as-roupas-brancas-amarelem\/#primaryimage"},"thumbnailUrl":"https:\/\/www.em.com.br\/emfoco\/wp-content\/uploads\/2025\/11\/Gemini_Generated_Image_x6jqqpx6jqqpx6jq-1.png","datePublished":"2025-11-26T10:55:00+00:00","dateModified":"2025-11-25T21:26:52+00:00","author":{"@id":"https:\/\/www.em.com.br\/emfoco\/#\/schema\/person\/60eda09c1fedf0d6891f4cef4b60b8b8"},"description":"Roupas brancas ganham mais brilho com percarbonato, sem riscos do cloro. Veja como usar com seguran\u00e7a e manter o tecido preservado.","breadcrumb":{"@id":"https:\/\/www.em.com.br\/emfoco\/2025\/11\/26\/este-e-o-melhor-produto-para-evitar-que-as-roupas-brancas-amarelem\/#breadcrumb"},"inLanguage":"pt-BR","potentialAction":[{"@type":"ReadAction","target":["https:\/\/www.em.com.br\/emfoco\/2025\/11\/26\/este-e-o-melhor-produto-para-evitar-que-as-roupas-brancas-amarelem\/"]}]},{"@type":"ImageObject","inLanguage":"pt-BR","@id":"https:\/\/www.em.com.br\/emfoco\/2025\/11\/26\/este-e-o-melhor-produto-para-evitar-que-as-roupas-brancas-amarelem\/#primaryimage","url":"https:\/\/www.em.com.br\/emfoco\/wp-content\/uploads\/2025\/11\/Gemini_Generated_Image_x6jqqpx6jqqpx6jq-1.png","contentUrl":"https:\/\/www.em.com.br\/emfoco\/wp-content\/uploads\/2025\/11\/Gemini_Generated_Image_x6jqqpx6jqqpx6jq-1.png","width":1280,"height":720,"caption":"Acabe com manchas e o amarelado das roupas brancas"},{"@type":"BreadcrumbList","@id":"https:\/\/www.em.com.br\/emfoco\/2025\/11\/26\/este-e-o-melhor-produto-para-evitar-que-as-roupas-brancas-amarelem\/#breadcrumb","itemListElement":[{"@type":"ListItem","position":1,"name":"In\u00edcio","item":"https:\/\/www.em.com.br\/emfoco\/"},{"@type":"ListItem","position":2,"name":"Este \u00e9 o melhor produto para evitar que as roupas brancas amarelem"}]},{"@type":"WebSite","@id":"https:\/\/www.em.com.br\/emfoco\/#website","url":"https:\/\/www.em.com.br\/emfoco\/","name":"Estado de Minas - Em foco","description":"Acompanhe as \u00faltimas not\u00edcias e fique bem informado sobre tudo o que acontece em Minas Gerais, Brasil e no mundo.","potentialAction":[{"@type":"SearchAction","target":{"@type":"EntryPoint","urlTemplate":"https:\/\/www.em.com.br\/emfoco\/?s={search_term_string}"},"query-input":{"@type":"PropertyValueSpecification","valueRequired":true,"valueName":"search_term_string"}}],"inLanguage":"pt-BR"},{"@type":"Person","@id":"https:\/\/www.em.com.br\/emfoco\/#\/schema\/person\/60eda09c1fedf0d6891f4cef4b60b8b8","name":"Andre\u0301 Rangel\u00a0","image":{"@type":"ImageObject","inLanguage":"pt-BR","@id":"https:\/\/www.em.com.br\/emfoco\/#\/schema\/person\/image\/","url":"https:\/\/secure.gravatar.com\/avatar\/6234dc814c77c8ef6d8bba622c787efc?s=96&d=mm&r=g","contentUrl":"https:\/\/secure.gravatar.com\/avatar\/6234dc814c77c8ef6d8bba622c787efc?s=96&d=mm&r=g","caption":"Andre\u0301 Rangel\u00a0"},"url":"https:\/\/www.em.com.br\/emfoco\/author\/luizmyth\/"}]}},"_links":{"self":[{"href":"https:\/\/www.em.com.br\/emfoco\/wp-json\/wp\/v2\/posts\/129312","targetHints":{"allow":["GET"]}}],"collection":[{"href":"https:\/\/www.em.com.br\/emfoco\/wp-json\/wp\/v2\/posts"}],"about":[{"href":"https:\/\/www.em.com.br\/emfoco\/wp-json\/wp\/v2\/types\/post"}],"author":[{"embeddable":true,"href":"https:\/\/www.em.com.br\/emfoco\/wp-json\/wp\/v2\/users\/11"}],"replies":[{"embeddable":true,"href":"https:\/\/www.em.com.br\/emfoco\/wp-json\/wp\/v2\/comments?post=129312"}],"version-history":[{"count":3,"href":"https:\/\/www.em.com.br\/emfoco\/wp-json\/wp\/v2\/posts\/129312\/revisions"}],"predecessor-version":[{"id":131806,"href":"https:\/\/www.em.com.br\/emfoco\/wp-json\/wp\/v2\/posts\/129312\/revisions\/131806"}],"wp:featuredmedia":[{"embeddable":true,"href":"https:\/\/www.em.com.br\/emfoco\/wp-json\/wp\/v2\/media\/129774"}],"wp:attachment":[{"href":"https:\/\/www.em.com.br\/emfoco\/wp-json\/wp\/v2\/media?parent=129312"}],"wp:term":[{"taxonomy":"category","embeddable":true,"href":"https:\/\/www.em.com.br\/emfoco\/wp-json\/wp\/v2\/categories?post=129312"},{"taxonomy":"post_tag","embeddable":true,"href":"https:\/\/www.em.com.br\/emfoco\/wp-json\/wp\/v2\/tags?post=129312"}],"curies":[{"name":"wp","href":"https:\/\/api.w.org\/{rel}","templated":true}]}}