{"id":129297,"date":"2025-11-25T17:45:00","date_gmt":"2025-11-25T20:45:00","guid":{"rendered":"https:\/\/www.em.com.br\/emfoco\/?p=129297"},"modified":"2025-11-24T16:12:02","modified_gmt":"2025-11-24T19:12:02","slug":"o-botao-do-ar-condicionado-que-quase-ninguem-usa-e-fundamental-para-otimizar-seu-desempenho-e-economizar-energia","status":"publish","type":"post","link":"https:\/\/www.em.com.br\/emfoco\/2025\/11\/25\/o-botao-do-ar-condicionado-que-quase-ninguem-usa-e-fundamental-para-otimizar-seu-desempenho-e-economizar-energia\/","title":{"rendered":"O bot\u00e3o do ar-condicionado que quase ningu\u00e9m usa \u00e9 fundamental para otimizar seu desempenho e economizar energia"},"content":{"rendered":"\n<p>Em dias de calor intenso, o ar-condicionado \u00e9 um dos eletrodom\u00e9sticos mais valorizados em resid\u00eancias e ambientes de trabalho. Apesar do foco comum em temperatura e no tempo de uso para economizar energia, muitos n\u00e3o conhecem o funcionamento e os benef\u00edcios do modo &#8220;Dry&#8221; ou &#8220;Seco&#8221;, que pode proporcionar conforto t\u00e9rmico e economia de eletricidade, especialmente em regi\u00f5es \u00famidas.<\/p>\n\n\n\n<h2 class=\"wp-block-heading\">Como funciona o modo Dry no ar-condicionado<\/h2>\n\n\n\n<p>O <a href=\"https:\/\/blog.dufrio.com.br\/ar-condicionado\/comercial\/funcao-dry-no-ar-condicionado\/\" target=\"_blank\" rel=\"noreferrer noopener\">modo &#8220;Dry&#8221;<\/a> est\u00e1 presente na maioria dos controles remotos de ar-condicionado, geralmente identificado com a palavra &#8220;Dry&#8221; ou um \u00edcone de gota. Sua principal fun\u00e7\u00e3o n\u00e3o \u00e9 resfriar, mas reduzir a umidade do ar, tornando o ambiente mais confort\u00e1vel mesmo sem grandes quedas de temperatura.<\/p>\n\n\n\n<p>Em locais com umidade elevada, como&nbsp;<strong>S\u00e3o Paulo<\/strong>&nbsp;ou durante o ver\u00e3o brasileiro, utilizar esse modo pode fazer o ambiente parecer mais fresco. \u00c9 uma forma eficiente de obter conforto t\u00e9rmico sem intensificar o consumo energ\u00e9tico.<\/p>\n\n\n\n<h2 class=\"wp-block-heading\">O que torna o modo Dry essencial para o conforto em ambientes \u00famidos<\/h2>\n\n\n\n<p>O modo &#8220;Dry&#8221; contribui principalmente para diminuir a sensa\u00e7\u00e3o de abafamento comum em dias quentes e \u00famidos. Operando em baixa pot\u00eancia e alternando ciclos curtos de resfriamento, ele remove a umidade do ar e cria um ambiente interior mais agrad\u00e1vel.<\/p>\n\n\n\n<p>Outro benef\u00edcio \u00e9 que, ao n\u00e3o resfriar o ar em excesso, o aparelho consome menos energia e evita desconfortos como correntes de ar frio intensas. Isso torna a fun\u00e7\u00e3o especialmente \u00fatil para pessoas sens\u00edveis ao frio.<\/p>\n\n\n\n<figure class=\"wp-block-image\"><img decoding=\"async\" src=\"https:\/\/www.em.com.br\/emfoco\/wp-content\/uploads\/2025\/05\/ar-condicionado_1746638732849-1024x576.jpg\" alt=\"\"\/><figcaption class=\"wp-element-caption\">\u00c9 poss\u00edvel economizar com ar-condicionado &#8211; Cr\u00e9ditos: depositphotos.com \/ AllaSerebrina<\/figcaption><\/figure>\n\n\n\n<h2 class=\"wp-block-heading\">Quais s\u00e3o as principais vantagens ao utilizar o modo Dry<\/h2>\n\n\n\n<p>Selecionar o modo &#8220;Dry&#8221; pode proporcionar uma s\u00e9rie de benef\u00edcios pr\u00e1ticos, tanto de conforto quanto de economia e manuten\u00e7\u00e3o. Veja alguns dos pontos mais relevantes para quem deseja aproveitar melhor o ar-condicionado em dias \u00famidos:<\/p>\n\n\n\n<ul class=\"wp-block-list\">\n<li><strong>Redu\u00e7\u00e3o da umidade ambiente:<\/strong>&nbsp;O ar seco aumenta a sensa\u00e7\u00e3o de frescor, sem necessidade de baixar muito a temperatura.<\/li>\n\n\n\n<li>Economia de energia: Como o aparelho n\u00e3o resfria continuamente, o consumo el\u00e9trico diminui.<\/li>\n\n\n\n<li>Preven\u00e7\u00e3o do excesso de frio: Promove al\u00edvio t\u00e9rmico sem rajadas de ar muito geladas.<\/li>\n\n\n\n<li>Prote\u00e7\u00e3o do equipamento: Menos umidade interna no aparelho dificulta o mofo e aumenta a durabilidade.<\/li>\n\n\n\n<li>Melhoria da qualidade do ar: Ambientes menos \u00famidos reduzem a prolifera\u00e7\u00e3o de \u00e1caros, fungos e micro-organismos.<\/li>\n<\/ul>\n\n\n\n<h2 class=\"wp-block-heading\">Como otimizar a utiliza\u00e7\u00e3o do modo Dry no dia a dia<\/h2>\n\n\n\n<p>Para aproveitar ao m\u00e1ximo o modo &#8220;Dry&#8221; do<a href=\"https:\/\/www.em.com.br\/emfoco\/2025\/11\/22\/usei-agua-na-parte-errada-do-ar-condicionado-e-acabei-com-um-prejuizo-enorme\/\" target=\"_blank\" rel=\"noreferrer noopener\"> ar-condicionado<\/a>, \u00e9 importante ativ\u00e1-lo corretamente e fazer pequenos ajustes. Ligue o aparelho, selecione a fun\u00e7\u00e3o &#8220;Dry&#8221; no controle remoto e ajuste a temperatura entre 24\u00b0C e 26\u00b0C com o objetivo principal de controlar a umidade.<\/p>\n\n\n\n<p>Use essa fun\u00e7\u00e3o preferencialmente ciclos de 1 a 3 horas, especialmente nos momentos mais \u00famidos do dia. Mantenha portas e janelas fechadas para potencializar o desempenho e evitar a entrada de ar externo carregado de umidade.<\/p>\n\n\n\n<p>Ao utilizar o modo &#8220;Dry&#8221;, o ar-condicionado oferece versatilidade ao equilibrar temperatura e umidade, promovendo ambientes internos mais agrad\u00e1veis, saud\u00e1veis e sustent\u00e1veis. Essa fun\u00e7\u00e3o, ainda pouco explorada, pode ser uma grande aliada, sobretudo em cidades com alta umidade, como&nbsp;<strong>Recife<\/strong>&nbsp;e&nbsp;<strong>Rio de Janeiro<\/strong>, tornando o uso do aparelho mais eficiente e confort\u00e1vel.<\/p>\n","protected":false},"excerpt":{"rendered":"<p>Em dias de calor intenso, o ar-condicionado \u00e9 um dos eletrodom\u00e9sticos mais valorizados em resid\u00eancias e ambientes de trabalho. Apesar do foco comum em temperatura e no tempo de uso para economizar energia, muitos n\u00e3o conhecem o funcionamento e os benef\u00edcios do modo &#8220;Dry&#8221; ou &#8220;Seco&#8221;, que pode proporcionar conforto t\u00e9rmico e economia de eletricidade, [&hellip;]<\/p>\n","protected":false},"author":11,"featured_media":131333,"comment_status":"open","ping_status":"open","sticky":false,"template":"","format":"standard","meta":{"jnews-multi-image_gallery":[],"jnews_single_post":{"format":"standard"},"jnews_primary_category":[],"jnews_social_meta":[],"jnews_override_counter":[],"footnotes":""},"categories":[1,4204],"tags":[6942,705,868,2000],"class_list":["post-129297","post","type-post","status-publish","format-standard","has-post-thumbnail","hentry","category-noticias","category-tecnologia","tag-ar-condicionado","tag-calor","tag-energia","tag-umidade"],"yoast_head":"<!-- This site is optimized with the Yoast SEO plugin v23.8 - https:\/\/yoast.com\/wordpress\/plugins\/seo\/ -->\n<title>O bot\u00e3o do ar-condicionado que quase ningu\u00e9m usa \u00e9 fundamental para otimizar seu desempenho e economizar energia - Estado de Minas - Em foco<\/title>\n<meta name=\"description\" content=\"O modo Dry do ar-condicionado reduz a umidade e melhora o conforto t\u00e9rmico, ajudando a economizar energia. Veja como usar no dia a dia.\" \/>\n<meta name=\"robots\" content=\"index, follow, max-snippet:-1, max-image-preview:large, max-video-preview:-1\" \/>\n<link rel=\"canonical\" href=\"https:\/\/www.em.com.br\/emfoco\/2025\/11\/25\/o-botao-do-ar-condicionado-que-quase-ninguem-usa-e-fundamental-para-otimizar-seu-desempenho-e-economizar-energia\/\" \/>\n<meta property=\"og:locale\" content=\"pt_BR\" \/>\n<meta property=\"og:type\" content=\"article\" \/>\n<meta property=\"og:title\" content=\"O bot\u00e3o do ar-condicionado que quase ningu\u00e9m usa \u00e9 fundamental para otimizar seu desempenho e economizar energia - Estado de Minas - Em foco\" \/>\n<meta property=\"og:description\" content=\"O modo Dry do ar-condicionado reduz a umidade e melhora o conforto t\u00e9rmico, ajudando a economizar energia. Veja como usar no dia a dia.\" \/>\n<meta property=\"og:url\" content=\"https:\/\/www.em.com.br\/emfoco\/2025\/11\/25\/o-botao-do-ar-condicionado-que-quase-ninguem-usa-e-fundamental-para-otimizar-seu-desempenho-e-economizar-energia\/\" \/>\n<meta property=\"og:site_name\" content=\"Estado de Minas - Em foco\" \/>\n<meta property=\"article:published_time\" content=\"2025-11-25T20:45:00+00:00\" \/>\n<meta property=\"article:modified_time\" content=\"2025-11-24T19:12:02+00:00\" \/>\n<meta property=\"og:image\" content=\"https:\/\/www.em.com.br\/emfoco\/wp-content\/uploads\/2025\/11\/Gemini_Generated_Image_jt7pirjt7pirjt7p-1.png\" \/>\n\t<meta property=\"og:image:width\" content=\"1280\" \/>\n\t<meta property=\"og:image:height\" content=\"720\" \/>\n\t<meta property=\"og:image:type\" content=\"image\/png\" \/>\n<meta name=\"author\" content=\"Andre\u0301 Rangel\u00a0\" \/>\n<meta name=\"twitter:card\" content=\"summary_large_image\" \/>\n<meta name=\"twitter:label1\" content=\"Escrito por\" \/>\n\t<meta name=\"twitter:data1\" content=\"Andre\u0301 Rangel\u00a0\" \/>\n\t<meta name=\"twitter:label2\" content=\"Est. tempo de leitura\" \/>\n\t<meta name=\"twitter:data2\" content=\"4 minutos\" \/>\n<!-- \/ Yoast SEO plugin. -->","yoast_head_json":{"title":"O bot\u00e3o do ar-condicionado que quase ningu\u00e9m usa \u00e9 fundamental para otimizar seu desempenho e economizar energia - Estado de Minas - Em foco","description":"O modo Dry do ar-condicionado reduz a umidade e melhora o conforto t\u00e9rmico, ajudando a economizar energia. Veja como usar no dia a dia.","robots":{"index":"index","follow":"follow","max-snippet":"max-snippet:-1","max-image-preview":"max-image-preview:large","max-video-preview":"max-video-preview:-1"},"canonical":"https:\/\/www.em.com.br\/emfoco\/2025\/11\/25\/o-botao-do-ar-condicionado-que-quase-ninguem-usa-e-fundamental-para-otimizar-seu-desempenho-e-economizar-energia\/","og_locale":"pt_BR","og_type":"article","og_title":"O bot\u00e3o do ar-condicionado que quase ningu\u00e9m usa \u00e9 fundamental para otimizar seu desempenho e economizar energia - Estado de Minas - Em foco","og_description":"O modo Dry do ar-condicionado reduz a umidade e melhora o conforto t\u00e9rmico, ajudando a economizar energia. Veja como usar no dia a dia.","og_url":"https:\/\/www.em.com.br\/emfoco\/2025\/11\/25\/o-botao-do-ar-condicionado-que-quase-ninguem-usa-e-fundamental-para-otimizar-seu-desempenho-e-economizar-energia\/","og_site_name":"Estado de Minas - Em foco","article_published_time":"2025-11-25T20:45:00+00:00","article_modified_time":"2025-11-24T19:12:02+00:00","og_image":[{"width":1280,"height":720,"url":"https:\/\/www.em.com.br\/emfoco\/wp-content\/uploads\/2025\/11\/Gemini_Generated_Image_jt7pirjt7pirjt7p-1.png","type":"image\/png"}],"author":"Andre\u0301 Rangel\u00a0","twitter_card":"summary_large_image","twitter_misc":{"Escrito por":"Andre\u0301 Rangel\u00a0","Est. tempo de leitura":"4 minutos"},"schema":{"@context":"https:\/\/schema.org","@graph":[{"@type":"WebPage","@id":"https:\/\/www.em.com.br\/emfoco\/2025\/11\/25\/o-botao-do-ar-condicionado-que-quase-ninguem-usa-e-fundamental-para-otimizar-seu-desempenho-e-economizar-energia\/","url":"https:\/\/www.em.com.br\/emfoco\/2025\/11\/25\/o-botao-do-ar-condicionado-que-quase-ninguem-usa-e-fundamental-para-otimizar-seu-desempenho-e-economizar-energia\/","name":"O bot\u00e3o do ar-condicionado que quase ningu\u00e9m usa \u00e9 fundamental para otimizar seu desempenho e economizar energia - Estado de Minas - Em foco","isPartOf":{"@id":"https:\/\/www.em.com.br\/emfoco\/#website"},"primaryImageOfPage":{"@id":"https:\/\/www.em.com.br\/emfoco\/2025\/11\/25\/o-botao-do-ar-condicionado-que-quase-ninguem-usa-e-fundamental-para-otimizar-seu-desempenho-e-economizar-energia\/#primaryimage"},"image":{"@id":"https:\/\/www.em.com.br\/emfoco\/2025\/11\/25\/o-botao-do-ar-condicionado-que-quase-ninguem-usa-e-fundamental-para-otimizar-seu-desempenho-e-economizar-energia\/#primaryimage"},"thumbnailUrl":"https:\/\/www.em.com.br\/emfoco\/wp-content\/uploads\/2025\/11\/Gemini_Generated_Image_jt7pirjt7pirjt7p-1.png","datePublished":"2025-11-25T20:45:00+00:00","dateModified":"2025-11-24T19:12:02+00:00","author":{"@id":"https:\/\/www.em.com.br\/emfoco\/#\/schema\/person\/60eda09c1fedf0d6891f4cef4b60b8b8"},"description":"O modo Dry do ar-condicionado reduz a umidade e melhora o conforto t\u00e9rmico, ajudando a economizar energia. Veja como usar no dia a dia.","breadcrumb":{"@id":"https:\/\/www.em.com.br\/emfoco\/2025\/11\/25\/o-botao-do-ar-condicionado-que-quase-ninguem-usa-e-fundamental-para-otimizar-seu-desempenho-e-economizar-energia\/#breadcrumb"},"inLanguage":"pt-BR","potentialAction":[{"@type":"ReadAction","target":["https:\/\/www.em.com.br\/emfoco\/2025\/11\/25\/o-botao-do-ar-condicionado-que-quase-ninguem-usa-e-fundamental-para-otimizar-seu-desempenho-e-economizar-energia\/"]}]},{"@type":"ImageObject","inLanguage":"pt-BR","@id":"https:\/\/www.em.com.br\/emfoco\/2025\/11\/25\/o-botao-do-ar-condicionado-que-quase-ninguem-usa-e-fundamental-para-otimizar-seu-desempenho-e-economizar-energia\/#primaryimage","url":"https:\/\/www.em.com.br\/emfoco\/wp-content\/uploads\/2025\/11\/Gemini_Generated_Image_jt7pirjt7pirjt7p-1.png","contentUrl":"https:\/\/www.em.com.br\/emfoco\/wp-content\/uploads\/2025\/11\/Gemini_Generated_Image_jt7pirjt7pirjt7p-1.png","width":1280,"height":720,"caption":"A fun\u00e7\u00e3o discreta do ar que faz diferen\u00e7a no calor pesado"},{"@type":"BreadcrumbList","@id":"https:\/\/www.em.com.br\/emfoco\/2025\/11\/25\/o-botao-do-ar-condicionado-que-quase-ninguem-usa-e-fundamental-para-otimizar-seu-desempenho-e-economizar-energia\/#breadcrumb","itemListElement":[{"@type":"ListItem","position":1,"name":"In\u00edcio","item":"https:\/\/www.em.com.br\/emfoco\/"},{"@type":"ListItem","position":2,"name":"O bot\u00e3o do ar-condicionado que quase ningu\u00e9m usa \u00e9 fundamental para otimizar seu desempenho e economizar energia"}]},{"@type":"WebSite","@id":"https:\/\/www.em.com.br\/emfoco\/#website","url":"https:\/\/www.em.com.br\/emfoco\/","name":"Estado de Minas - Em foco","description":"Acompanhe as \u00faltimas not\u00edcias e fique bem informado sobre tudo o que acontece em Minas Gerais, Brasil e no mundo.","potentialAction":[{"@type":"SearchAction","target":{"@type":"EntryPoint","urlTemplate":"https:\/\/www.em.com.br\/emfoco\/?s={search_term_string}"},"query-input":{"@type":"PropertyValueSpecification","valueRequired":true,"valueName":"search_term_string"}}],"inLanguage":"pt-BR"},{"@type":"Person","@id":"https:\/\/www.em.com.br\/emfoco\/#\/schema\/person\/60eda09c1fedf0d6891f4cef4b60b8b8","name":"Andre\u0301 Rangel\u00a0","image":{"@type":"ImageObject","inLanguage":"pt-BR","@id":"https:\/\/www.em.com.br\/emfoco\/#\/schema\/person\/image\/","url":"https:\/\/secure.gravatar.com\/avatar\/6234dc814c77c8ef6d8bba622c787efc?s=96&d=mm&r=g","contentUrl":"https:\/\/secure.gravatar.com\/avatar\/6234dc814c77c8ef6d8bba622c787efc?s=96&d=mm&r=g","caption":"Andre\u0301 Rangel\u00a0"},"url":"https:\/\/www.em.com.br\/emfoco\/author\/luizmyth\/"}]}},"_links":{"self":[{"href":"https:\/\/www.em.com.br\/emfoco\/wp-json\/wp\/v2\/posts\/129297","targetHints":{"allow":["GET"]}}],"collection":[{"href":"https:\/\/www.em.com.br\/emfoco\/wp-json\/wp\/v2\/posts"}],"about":[{"href":"https:\/\/www.em.com.br\/emfoco\/wp-json\/wp\/v2\/types\/post"}],"author":[{"embeddable":true,"href":"https:\/\/www.em.com.br\/emfoco\/wp-json\/wp\/v2\/users\/11"}],"replies":[{"embeddable":true,"href":"https:\/\/www.em.com.br\/emfoco\/wp-json\/wp\/v2\/comments?post=129297"}],"version-history":[{"count":3,"href":"https:\/\/www.em.com.br\/emfoco\/wp-json\/wp\/v2\/posts\/129297\/revisions"}],"predecessor-version":[{"id":131359,"href":"https:\/\/www.em.com.br\/emfoco\/wp-json\/wp\/v2\/posts\/129297\/revisions\/131359"}],"wp:featuredmedia":[{"embeddable":true,"href":"https:\/\/www.em.com.br\/emfoco\/wp-json\/wp\/v2\/media\/131333"}],"wp:attachment":[{"href":"https:\/\/www.em.com.br\/emfoco\/wp-json\/wp\/v2\/media?parent=129297"}],"wp:term":[{"taxonomy":"category","embeddable":true,"href":"https:\/\/www.em.com.br\/emfoco\/wp-json\/wp\/v2\/categories?post=129297"},{"taxonomy":"post_tag","embeddable":true,"href":"https:\/\/www.em.com.br\/emfoco\/wp-json\/wp\/v2\/tags?post=129297"}],"curies":[{"name":"wp","href":"https:\/\/api.w.org\/{rel}","templated":true}]}}