{"id":129281,"date":"2025-11-23T19:25:00","date_gmt":"2025-11-23T22:25:00","guid":{"rendered":"https:\/\/www.em.com.br\/emfoco\/?p=129281"},"modified":"2025-11-21T22:42:08","modified_gmt":"2025-11-22T01:42:08","slug":"alho-o-ingrediente-que-voce-deve-usar-para-eliminar-pragas-que-danificam-as-rosas-do-seu-jardim","status":"publish","type":"post","link":"https:\/\/www.em.com.br\/emfoco\/2025\/11\/23\/alho-o-ingrediente-que-voce-deve-usar-para-eliminar-pragas-que-danificam-as-rosas-do-seu-jardim\/","title":{"rendered":"Alho, o ingrediente que voc\u00ea deve usar para eliminar pragas que danificam as rosas do seu jardim"},"content":{"rendered":"\n<p>As rosas, admiradas em jardins ao redor do mundo, n\u00e3o s\u00e3o apenas valorizadas por sua beleza e simbolismo, mas tamb\u00e9m pelos desafios que envolvem seu cuidado. Pragas e doen\u00e7as amea\u00e7am constantemente essas magn\u00edficas flores, levando muitos a buscar solu\u00e7\u00f5es naturais em vez de pesticidas convencionais. Um desses m\u00e9todos \u00e9 o uso do&nbsp;<strong>alho<\/strong>, um ingrediente dom\u00e9stico conhecido por suas propriedades repelentes.<\/p>\n\n\n\n<p>O alho, com seu aroma potente, atua de maneira eficaz como um repelente natural, tornando-se um aliado ideal no jardim. Ele n\u00e3o s\u00f3 combate insetos, mas tamb\u00e9m previne fungos, enriquecendo o solo no processo. Sua efetividade reside na capacidade de desorientar as pragas, interferindo em seus sistemas de detec\u00e7\u00e3o de odor.<\/p>\n\n\n\n<h2 class=\"wp-block-heading\">Como usar o alho no cuidado das rosas?<\/h2>\n\n\n\n<p>Existem diversas formas de utilizar o alho no jardim. Uma op\u00e7\u00e3o \u00e9 enterrar dentes de alho ao redor das plantas, criando uma barreira preventiva. Outra forma eficaz \u00e9 preparar um spray inseticida caseiro \u00e0 base de alho. Esse spray \u00e9 ideal para aplica\u00e7\u00e3o nas folhas e p\u00e9talas das rosas, garantindo que atue n\u00e3o apenas como repelente de pragas, mas tamb\u00e9m como nutriente para a planta.<\/p>\n\n\n\n<figure class=\"wp-block-image size-large\"><img loading=\"lazy\" decoding=\"async\" width=\"1024\" height=\"576\" src=\"https:\/\/www.em.com.br\/emfoco\/wp-content\/uploads\/2025\/11\/Gemini_Generated_Image_etl0vhetl0vhetl0-1-1024x576.png\" alt=\"\" class=\"wp-image-130710\" srcset=\"https:\/\/www.em.com.br\/emfoco\/wp-content\/uploads\/2025\/11\/Gemini_Generated_Image_etl0vhetl0vhetl0-1-1024x576.png 1024w, https:\/\/www.em.com.br\/emfoco\/wp-content\/uploads\/2025\/11\/Gemini_Generated_Image_etl0vhetl0vhetl0-1-300x169.png 300w, https:\/\/www.em.com.br\/emfoco\/wp-content\/uploads\/2025\/11\/Gemini_Generated_Image_etl0vhetl0vhetl0-1-768x432.png 768w, https:\/\/www.em.com.br\/emfoco\/wp-content\/uploads\/2025\/11\/Gemini_Generated_Image_etl0vhetl0vhetl0-1-750x422.png 750w, https:\/\/www.em.com.br\/emfoco\/wp-content\/uploads\/2025\/11\/Gemini_Generated_Image_etl0vhetl0vhetl0-1-1140x641.png 1140w, https:\/\/www.em.com.br\/emfoco\/wp-content\/uploads\/2025\/11\/Gemini_Generated_Image_etl0vhetl0vhetl0-1.png 1280w\" sizes=\"auto, (max-width: 1024px) 100vw, 1024px\" \/><figcaption class=\"wp-element-caption\">O detalhe que faz suas rosas ficarem mais fortes no jardim<\/figcaption><\/figure>\n\n\n\n<h2 class=\"wp-block-heading\">Misturas aprimoradas para combater pragas persistentes<\/h2>\n\n\n\n<p>Para lidar com pragas mais resistentes, o alho pode ser combinado com sab\u00e3o pot\u00e1ssico ou outros sabonetes neutros. Essa mistura ajuda o inseticida a aderir melhor \u00e0s superf\u00edcies das plantas, aumentando sua efic\u00e1cia. A aplica\u00e7\u00e3o regular dessa combina\u00e7\u00e3o pode ser uma excelente defesa contra insetos dif\u00edceis de eliminar.<\/p>\n\n\n\n<h2 class=\"wp-block-heading\">Dicas para potencializar a prote\u00e7\u00e3o natural das rosas<\/h2>\n\n\n\n<p>Al\u00e9m do uso do alho, \u00e9 recomendado realizar podas regulares para remover folhas e flores doentes, evitando, assim, a propaga\u00e7\u00e3o de pragas. Manter o solo bem drenado e adubar com compostos org\u00e2nicos tamb\u00e9m fortalece a planta, tornando-a menos suscet\u00edvel a ataques. A diversidade de plantas no jardim pode atrair insetos ben\u00e9ficos que contribuem para o controle biol\u00f3gico natural das pragas.<\/p>\n\n\n\n<h2 class=\"wp-block-heading\">Quais pragas s\u00e3o comuns nas rosas?<\/h2>\n\n\n\n<p>As&nbsp;<strong>rosas<\/strong>&nbsp;costumam ser v\u00edtimas de diferentes tipos de pragas, muitas das quais podem ser combatidas com alho. Entre as mais comuns est\u00e3o:<\/p>\n\n\n\n<ul class=\"wp-block-list\">\n<li>Pulg\u00f5es em suas varia\u00e7\u00f5es negras, verdes e brancas<\/li>\n\n\n\n<li>Carac\u00f3is e lesmas<\/li>\n\n\n\n<li>Lagartas<\/li>\n\n\n\n<li>Mosca-branca<\/li>\n\n\n\n<li>\u00c1caro-vermelho<\/li>\n\n\n\n<li>Fungos<\/li>\n<\/ul>\n\n\n\n<p>Esses problemas podem ser minimizados pelo uso regular de preparados \u00e0 base de alho, garantindo assim um jardim de rosas saud\u00e1vel e florescendo.<\/p>\n\n\n\n<p>Integrar pr\u00e1ticas naturais como o uso do alho n\u00e3o \u00e9 apenas uma op\u00e7\u00e3o econ\u00f4mica, mas tamb\u00e9m ecol\u00f3gica. Permite que os jardins prosperem com solu\u00e7\u00f5es que respeitam o meio ambiente, mostrando uma harmonia entre beleza e sustentabilidade.<\/p>\n","protected":false},"excerpt":{"rendered":"<p>As rosas, admiradas em jardins ao redor do mundo, n\u00e3o s\u00e3o apenas valorizadas por sua beleza e simbolismo, mas tamb\u00e9m pelos desafios que envolvem seu cuidado. Pragas e doen\u00e7as amea\u00e7am constantemente essas magn\u00edficas flores, levando muitos a buscar solu\u00e7\u00f5es naturais em vez de pesticidas convencionais. Um desses m\u00e9todos \u00e9 o uso do&nbsp;alho, um ingrediente dom\u00e9stico [&hellip;]<\/p>\n","protected":false},"author":11,"featured_media":130709,"comment_status":"open","ping_status":"open","sticky":false,"template":"","format":"standard","meta":{"jnews-multi-image_gallery":[],"jnews_single_post":{"format":"standard"},"jnews_primary_category":[],"jnews_social_meta":[],"jnews_override_counter":[],"footnotes":""},"categories":[8819,1],"tags":[3766,6029,3793],"class_list":["post-129281","post","type-post","status-publish","format-standard","has-post-thumbnail","hentry","category-curiosidades","category-noticias","tag-alho","tag-pragas","tag-rosas"],"yoast_head":"<!-- This site is optimized with the Yoast SEO plugin v23.8 - https:\/\/yoast.com\/wordpress\/plugins\/seo\/ -->\n<title>Alho, o ingrediente que voc\u00ea deve usar para eliminar pragas que danificam as rosas do seu jardim - Estado de Minas - Em foco<\/title>\n<meta name=\"description\" content=\"O uso do alho vem ganhando espa\u00e7o entre quem cultiva rosas, oferecendo prote\u00e7\u00e3o natural contra pragas e mantendo as flores mais fortes e saud\u00e1veis.\" \/>\n<meta name=\"robots\" content=\"index, follow, max-snippet:-1, max-image-preview:large, max-video-preview:-1\" \/>\n<link rel=\"canonical\" href=\"https:\/\/www.em.com.br\/emfoco\/2025\/11\/23\/alho-o-ingrediente-que-voce-deve-usar-para-eliminar-pragas-que-danificam-as-rosas-do-seu-jardim\/\" \/>\n<meta property=\"og:locale\" content=\"pt_BR\" \/>\n<meta property=\"og:type\" content=\"article\" \/>\n<meta property=\"og:title\" content=\"Alho, o ingrediente que voc\u00ea deve usar para eliminar pragas que danificam as rosas do seu jardim - Estado de Minas - Em foco\" \/>\n<meta property=\"og:description\" content=\"O uso do alho vem ganhando espa\u00e7o entre quem cultiva rosas, oferecendo prote\u00e7\u00e3o natural contra pragas e mantendo as flores mais fortes e saud\u00e1veis.\" \/>\n<meta property=\"og:url\" content=\"https:\/\/www.em.com.br\/emfoco\/2025\/11\/23\/alho-o-ingrediente-que-voce-deve-usar-para-eliminar-pragas-que-danificam-as-rosas-do-seu-jardim\/\" \/>\n<meta property=\"og:site_name\" content=\"Estado de Minas - Em foco\" \/>\n<meta property=\"article:published_time\" content=\"2025-11-23T22:25:00+00:00\" \/>\n<meta property=\"article:modified_time\" content=\"2025-11-22T01:42:08+00:00\" \/>\n<meta property=\"og:image\" content=\"https:\/\/www.em.com.br\/emfoco\/wp-content\/uploads\/2025\/11\/rosas-_1763779153716.jpg\" \/>\n\t<meta property=\"og:image:width\" content=\"1280\" \/>\n\t<meta property=\"og:image:height\" content=\"720\" \/>\n\t<meta property=\"og:image:type\" content=\"image\/jpeg\" \/>\n<meta name=\"author\" content=\"Andre\u0301 Rangel\u00a0\" \/>\n<meta name=\"twitter:card\" content=\"summary_large_image\" \/>\n<meta name=\"twitter:label1\" content=\"Escrito por\" \/>\n\t<meta name=\"twitter:data1\" content=\"Andre\u0301 Rangel\u00a0\" \/>\n\t<meta name=\"twitter:label2\" content=\"Est. tempo de leitura\" \/>\n\t<meta name=\"twitter:data2\" content=\"3 minutos\" \/>\n<!-- \/ Yoast SEO plugin. -->","yoast_head_json":{"title":"Alho, o ingrediente que voc\u00ea deve usar para eliminar pragas que danificam as rosas do seu jardim - Estado de Minas - Em foco","description":"O uso do alho vem ganhando espa\u00e7o entre quem cultiva rosas, oferecendo prote\u00e7\u00e3o natural contra pragas e mantendo as flores mais fortes e saud\u00e1veis.","robots":{"index":"index","follow":"follow","max-snippet":"max-snippet:-1","max-image-preview":"max-image-preview:large","max-video-preview":"max-video-preview:-1"},"canonical":"https:\/\/www.em.com.br\/emfoco\/2025\/11\/23\/alho-o-ingrediente-que-voce-deve-usar-para-eliminar-pragas-que-danificam-as-rosas-do-seu-jardim\/","og_locale":"pt_BR","og_type":"article","og_title":"Alho, o ingrediente que voc\u00ea deve usar para eliminar pragas que danificam as rosas do seu jardim - Estado de Minas - Em foco","og_description":"O uso do alho vem ganhando espa\u00e7o entre quem cultiva rosas, oferecendo prote\u00e7\u00e3o natural contra pragas e mantendo as flores mais fortes e saud\u00e1veis.","og_url":"https:\/\/www.em.com.br\/emfoco\/2025\/11\/23\/alho-o-ingrediente-que-voce-deve-usar-para-eliminar-pragas-que-danificam-as-rosas-do-seu-jardim\/","og_site_name":"Estado de Minas - Em foco","article_published_time":"2025-11-23T22:25:00+00:00","article_modified_time":"2025-11-22T01:42:08+00:00","og_image":[{"width":1280,"height":720,"url":"https:\/\/www.em.com.br\/emfoco\/wp-content\/uploads\/2025\/11\/rosas-_1763779153716.jpg","type":"image\/jpeg"}],"author":"Andre\u0301 Rangel\u00a0","twitter_card":"summary_large_image","twitter_misc":{"Escrito por":"Andre\u0301 Rangel\u00a0","Est. tempo de leitura":"3 minutos"},"schema":{"@context":"https:\/\/schema.org","@graph":[{"@type":"WebPage","@id":"https:\/\/www.em.com.br\/emfoco\/2025\/11\/23\/alho-o-ingrediente-que-voce-deve-usar-para-eliminar-pragas-que-danificam-as-rosas-do-seu-jardim\/","url":"https:\/\/www.em.com.br\/emfoco\/2025\/11\/23\/alho-o-ingrediente-que-voce-deve-usar-para-eliminar-pragas-que-danificam-as-rosas-do-seu-jardim\/","name":"Alho, o ingrediente que voc\u00ea deve usar para eliminar pragas que danificam as rosas do seu jardim - Estado de Minas - Em foco","isPartOf":{"@id":"https:\/\/www.em.com.br\/emfoco\/#website"},"primaryImageOfPage":{"@id":"https:\/\/www.em.com.br\/emfoco\/2025\/11\/23\/alho-o-ingrediente-que-voce-deve-usar-para-eliminar-pragas-que-danificam-as-rosas-do-seu-jardim\/#primaryimage"},"image":{"@id":"https:\/\/www.em.com.br\/emfoco\/2025\/11\/23\/alho-o-ingrediente-que-voce-deve-usar-para-eliminar-pragas-que-danificam-as-rosas-do-seu-jardim\/#primaryimage"},"thumbnailUrl":"https:\/\/www.em.com.br\/emfoco\/wp-content\/uploads\/2025\/11\/rosas-_1763779153716.jpg","datePublished":"2025-11-23T22:25:00+00:00","dateModified":"2025-11-22T01:42:08+00:00","author":{"@id":"https:\/\/www.em.com.br\/emfoco\/#\/schema\/person\/60eda09c1fedf0d6891f4cef4b60b8b8"},"description":"O uso do alho vem ganhando espa\u00e7o entre quem cultiva rosas, oferecendo prote\u00e7\u00e3o natural contra pragas e mantendo as flores mais fortes e saud\u00e1veis.","breadcrumb":{"@id":"https:\/\/www.em.com.br\/emfoco\/2025\/11\/23\/alho-o-ingrediente-que-voce-deve-usar-para-eliminar-pragas-que-danificam-as-rosas-do-seu-jardim\/#breadcrumb"},"inLanguage":"pt-BR","potentialAction":[{"@type":"ReadAction","target":["https:\/\/www.em.com.br\/emfoco\/2025\/11\/23\/alho-o-ingrediente-que-voce-deve-usar-para-eliminar-pragas-que-danificam-as-rosas-do-seu-jardim\/"]}]},{"@type":"ImageObject","inLanguage":"pt-BR","@id":"https:\/\/www.em.com.br\/emfoco\/2025\/11\/23\/alho-o-ingrediente-que-voce-deve-usar-para-eliminar-pragas-que-danificam-as-rosas-do-seu-jardim\/#primaryimage","url":"https:\/\/www.em.com.br\/emfoco\/wp-content\/uploads\/2025\/11\/rosas-_1763779153716.jpg","contentUrl":"https:\/\/www.em.com.br\/emfoco\/wp-content\/uploads\/2025\/11\/rosas-_1763779153716.jpg","width":1280,"height":720,"caption":"O uso de alho nas rosas vira xod\u00f3 dos jardineiros experientes - Cr\u00e9ditos: depositphotos.com \/ KateNovikova"},{"@type":"BreadcrumbList","@id":"https:\/\/www.em.com.br\/emfoco\/2025\/11\/23\/alho-o-ingrediente-que-voce-deve-usar-para-eliminar-pragas-que-danificam-as-rosas-do-seu-jardim\/#breadcrumb","itemListElement":[{"@type":"ListItem","position":1,"name":"In\u00edcio","item":"https:\/\/www.em.com.br\/emfoco\/"},{"@type":"ListItem","position":2,"name":"Alho, o ingrediente que voc\u00ea deve usar para eliminar pragas que danificam as rosas do seu jardim"}]},{"@type":"WebSite","@id":"https:\/\/www.em.com.br\/emfoco\/#website","url":"https:\/\/www.em.com.br\/emfoco\/","name":"Estado de Minas - Em foco","description":"Acompanhe as \u00faltimas not\u00edcias e fique bem informado sobre tudo o que acontece em Minas Gerais, Brasil e no mundo.","potentialAction":[{"@type":"SearchAction","target":{"@type":"EntryPoint","urlTemplate":"https:\/\/www.em.com.br\/emfoco\/?s={search_term_string}"},"query-input":{"@type":"PropertyValueSpecification","valueRequired":true,"valueName":"search_term_string"}}],"inLanguage":"pt-BR"},{"@type":"Person","@id":"https:\/\/www.em.com.br\/emfoco\/#\/schema\/person\/60eda09c1fedf0d6891f4cef4b60b8b8","name":"Andre\u0301 Rangel\u00a0","image":{"@type":"ImageObject","inLanguage":"pt-BR","@id":"https:\/\/www.em.com.br\/emfoco\/#\/schema\/person\/image\/","url":"https:\/\/secure.gravatar.com\/avatar\/6234dc814c77c8ef6d8bba622c787efc?s=96&d=mm&r=g","contentUrl":"https:\/\/secure.gravatar.com\/avatar\/6234dc814c77c8ef6d8bba622c787efc?s=96&d=mm&r=g","caption":"Andre\u0301 Rangel\u00a0"},"url":"https:\/\/www.em.com.br\/emfoco\/author\/luizmyth\/"}]}},"_links":{"self":[{"href":"https:\/\/www.em.com.br\/emfoco\/wp-json\/wp\/v2\/posts\/129281","targetHints":{"allow":["GET"]}}],"collection":[{"href":"https:\/\/www.em.com.br\/emfoco\/wp-json\/wp\/v2\/posts"}],"about":[{"href":"https:\/\/www.em.com.br\/emfoco\/wp-json\/wp\/v2\/types\/post"}],"author":[{"embeddable":true,"href":"https:\/\/www.em.com.br\/emfoco\/wp-json\/wp\/v2\/users\/11"}],"replies":[{"embeddable":true,"href":"https:\/\/www.em.com.br\/emfoco\/wp-json\/wp\/v2\/comments?post=129281"}],"version-history":[{"count":2,"href":"https:\/\/www.em.com.br\/emfoco\/wp-json\/wp\/v2\/posts\/129281\/revisions"}],"predecessor-version":[{"id":130711,"href":"https:\/\/www.em.com.br\/emfoco\/wp-json\/wp\/v2\/posts\/129281\/revisions\/130711"}],"wp:featuredmedia":[{"embeddable":true,"href":"https:\/\/www.em.com.br\/emfoco\/wp-json\/wp\/v2\/media\/130709"}],"wp:attachment":[{"href":"https:\/\/www.em.com.br\/emfoco\/wp-json\/wp\/v2\/media?parent=129281"}],"wp:term":[{"taxonomy":"category","embeddable":true,"href":"https:\/\/www.em.com.br\/emfoco\/wp-json\/wp\/v2\/categories?post=129281"},{"taxonomy":"post_tag","embeddable":true,"href":"https:\/\/www.em.com.br\/emfoco\/wp-json\/wp\/v2\/tags?post=129281"}],"curies":[{"name":"wp","href":"https:\/\/api.w.org\/{rel}","templated":true}]}}