{"id":129125,"date":"2025-11-19T17:45:00","date_gmt":"2025-11-19T20:45:00","guid":{"rendered":"https:\/\/www.em.com.br\/emfoco\/?p=129125"},"modified":"2025-11-18T20:36:21","modified_gmt":"2025-11-18T23:36:21","slug":"rotina-com-serum-para-os-olhos-transforma-a-pele-e-evidencia-resultados-ja-nas-primeiras-semanas","status":"publish","type":"post","link":"https:\/\/www.em.com.br\/emfoco\/2025\/11\/19\/rotina-com-serum-para-os-olhos-transforma-a-pele-e-evidencia-resultados-ja-nas-primeiras-semanas\/","title":{"rendered":"Rotina com s\u00e9rum para os olhos transforma a pele e evid\u00eancia resultados j\u00e1 nas primeiras semanas"},"content":{"rendered":"\n<p>A busca por um dos melhores s\u00e9runs para a \u00e1rea dos olhos \u00e9 uma jornada compartilhada por muitos ao redor do mundo, destacando-se como um passo essencial em uma rotina de cuidados com a pele, especialmente porque o envelhecimento, o estresse e a fadiga podem afetar bastante essa regi\u00e3o delicada do rosto.<\/p>\n\n\n\n<h2 class=\"wp-block-heading\">Como escolher um s\u00e9rum eficaz para a \u00e1rea dos olhos<\/h2>\n\n\n\n<p>Entender os principais ingredientes de um <a href=\"https:\/\/quintal-lab.com\/blogs\/quintal\/serum-para-olheiras-por-que-usar-e-como-escolher#:~:text=Com%20uma%20concentra%C3%A7%C3%A3o%20elevada%20de%20ingredientes%20ativos,por%20um%20olhar%20mais%20jovial%20e%20descansado.\" target=\"_blank\" rel=\"noreferrer noopener\">s\u00e9rum para os olhos<\/a> \u00e9 fundamental para obter os resultados desejados. O <a href=\"https:\/\/www.em.com.br\/emfoco\/2025\/10\/17\/receita-de-acido-hialuronico-com-casca-de-ovo-para-uma-pele-mais-firme\/\" target=\"_blank\" rel=\"noreferrer noopener\">\u00e1cido hialur\u00f4nico<\/a>, famoso pela hidrata\u00e7\u00e3o intensa, e a cafe\u00edna, que ajuda a reduzir olheiras, s\u00e3o muito utilizados nessas f\u00f3rmulas.<\/p>\n\n\n\n<p>Para facilitar a escolha, veja alguns dos componentes mais importantes a serem observados em um bom s\u00e9rum para a \u00e1rea dos olhos:<\/p>\n\n\n\n<ul class=\"wp-block-list\">\n<li>\u00c1cido hialur\u00f4nico: proporciona hidrata\u00e7\u00e3o e elasticidade;<\/li>\n\n\n\n<li>Cafe\u00edna: reduz incha\u00e7o e olheiras;<\/li>\n\n\n\n<li>P\u00e9ptidos: estimulam col\u00e1geno e elastina;<\/li>\n\n\n\n<li>Vitamina C: ilumina e combate apar\u00eancia cansada;<\/li>\n\n\n\n<li>Retinol em baixas concentra\u00e7\u00f5es: atua na renova\u00e7\u00e3o celular;<\/li>\n\n\n\n<li>Niacinamida: uniformiza o tom da pele;<\/li>\n\n\n\n<li>Antioxidantes como vitamina E ou extrato de ch\u00e1 verde: prote\u00e7\u00e3o contra estresse ambiental.<\/li>\n<\/ul>\n\n\n\n<figure class=\"wp-block-image\"><img decoding=\"async\" src=\"https:\/\/www.em.com.br\/emfoco\/wp-content\/uploads\/2025\/09\/creme-area-dos-olhos-_1757002704166-1024x576.jpg\" alt=\"\"\/><figcaption class=\"wp-element-caption\">A import\u00e2ncia de cuidar das \u00e1reas dos olhos &#8211; Cr\u00e9ditos: depositphotos.com \/ Milkos<\/figcaption><\/figure>\n\n\n\n<h2 class=\"wp-block-heading\">Quais s\u00e9runs para olhos t\u00eam maior destaque atualmente no mercado<\/h2>\n\n\n\n<p>No mercado, v\u00e1rias op\u00e7\u00f5es se destacam por benef\u00edcios espec\u00edficos para a \u00e1rea dos olhos. O&nbsp;<strong>S\u00e9rum Isdinceutics Retinal Eyes<\/strong>&nbsp;aposta em retinalde\u00eddo e bakuchiol para combater sinais de envelhecimento, enquanto o&nbsp;<strong>Double Serum Eye da Clarins<\/strong>&nbsp;traz extratos de plantas para redu\u00e7\u00e3o de bolsas e ilumina\u00e7\u00e3o da regi\u00e3o.<\/p>\n\n\n\n<p>Outra solu\u00e7\u00e3o reconhecida \u00e9 o&nbsp;<strong>Super Potent Eye Serum da Dior<\/strong>, que cuida de rugas e olheiras. Esses produtos oferecem diferentes tecnologias e propostas, atendendo diversas necessidades de cuidados para a \u00e1rea dos olhos.<\/p>\n\n\n\n<h2 class=\"wp-block-heading\">Os 10 melhores s\u00e9runs para a \u00e1rea dos olhos e como cada um atua<\/h2>\n\n\n\n<ol class=\"wp-block-list\">\n<li><strong>Isdinceutics Retinal Eyes<\/strong>: Combate sinais de envelhecimento com retinalde\u00eddo e bakuchiol, promovendo renova\u00e7\u00e3o celular e firmeza.<\/li>\n\n\n\n<li><strong>Double Serum Eye Clarins<\/strong>: Usa extratos de plantas antioxidantes para iluminar, suavizar bolsas e hidratar intensamente.<\/li>\n\n\n\n<li><strong>Super Potent Eye Serum Dior<\/strong>: Reduz rugas e olheiras com um complexo rico em \u00e1cido hialur\u00f4nico e outros ativos antifadiga.<\/li>\n\n\n\n<li><strong>Advanced Night Repair Eye Est\u00e9e Lauder<\/strong>: F\u00f3rmula com ChronoluxCB\u2122 Technology, repara danos celulares ao longo da noite e reduz linhas finas.<\/li>\n\n\n\n<li><strong>Lanc\u00f4me G\u00e9nifique Yeux Light-Pearl<\/strong>: Estimula a luminosidade e suavidade da pele dos olhos, gra\u00e7as a probi\u00f3ticos e p\u00e9ptidos.<\/li>\n\n\n\n<li><strong>Kiehl\u2019s Powerful-Strength Line-Reducing Eye-Brightening Concentrate<\/strong>: Enriquecido com vitamina C, combate olheiras e linhas de express\u00e3o.<\/li>\n\n\n\n<li><strong>La Roche-Posay Hyalu B5 Eyes<\/strong>: Cont\u00e9m vitamina B5 e \u00e1cido hialur\u00f4nico para hidrata\u00e7\u00e3o profunda e revitaliza\u00e7\u00e3o.<\/li>\n\n\n\n<li><strong>Olay Eyes Retinol 24<\/strong>: Retinol em baixa concentra\u00e7\u00e3o atua na renova\u00e7\u00e3o celular e clareamento do tom das olheiras.<\/li>\n\n\n\n<li><strong>Vichy Liftactiv Supreme Eyes<\/strong>: Reduz rugas, bolsas e sinais de cansa\u00e7o com ramnose e cafe\u00edna.<\/li>\n\n\n\n<li><strong>The Ordinary Caffeine Solution 5% + EGCG<\/strong>: Reduz visivelmente bolsas e olheiras usando cafe\u00edna e antioxidantes de ch\u00e1 verde.<\/li>\n<\/ol>\n\n\n\n<h2 class=\"wp-block-heading\">Por que vale a pena investir em um s\u00e9rum de qualidade para olhos<\/h2>\n\n\n\n<p>Investir em um s\u00e9rum de qualidade para a regi\u00e3o ocular traz benef\u00edcios al\u00e9m dos resultados est\u00e9ticos. Esses produtos promovem n\u00e3o s\u00f3 uma apar\u00eancia rejuvenescida, mas tamb\u00e9m protegem e fortalecem a pele a longo prazo.<\/p>\n\n\n\n<p>\u00c9 um cuidado que ajuda a prevenir danos futuros, mantendo a sa\u00fade e a vitalidade da pele ao redor dos olhos. Escolher uma f\u00f3rmula adequada pode garantir resultados vis\u00edveis, transformadores e duradouros, refor\u00e7ando a import\u00e2ncia desse passo na rotina de beleza.<\/p>\n","protected":false},"excerpt":{"rendered":"<p>A busca por um dos melhores s\u00e9runs para a \u00e1rea dos olhos \u00e9 uma jornada compartilhada por muitos ao redor do mundo, destacando-se como um passo essencial em uma rotina de cuidados com a pele, especialmente porque o envelhecimento, o estresse e a fadiga podem afetar bastante essa regi\u00e3o delicada do rosto. Como escolher um [&hellip;]<\/p>\n","protected":false},"author":11,"featured_media":100741,"comment_status":"open","ping_status":"open","sticky":false,"template":"","format":"standard","meta":{"jnews-multi-image_gallery":[],"jnews_single_post":{"format":"standard"},"jnews_primary_category":[],"jnews_social_meta":[],"jnews_override_counter":[],"footnotes":""},"categories":[8819,1],"tags":[4941,6542,5281,19045],"class_list":["post-129125","post","type-post","status-publish","format-standard","has-post-thumbnail","hentry","category-curiosidades","category-noticias","tag-hidratacao","tag-olheiras","tag-olhos","tag-serum-2"],"yoast_head":"<!-- This site is optimized with the Yoast SEO plugin v23.8 - https:\/\/yoast.com\/wordpress\/plugins\/seo\/ -->\n<title>Rotina com s\u00e9rum para os olhos transforma a pele e evid\u00eancia resultados j\u00e1 nas primeiras semanas - Estado de Minas - Em foco<\/title>\n<meta name=\"description\" content=\"Os s\u00e9runs para olhos viraram queridinhos por tratar olheiras e linhas finas. Um ativo espec\u00edfico tem surpreendido pelo efeito r\u00e1pido.\" \/>\n<meta name=\"robots\" content=\"index, follow, max-snippet:-1, max-image-preview:large, max-video-preview:-1\" \/>\n<link rel=\"canonical\" href=\"https:\/\/www.em.com.br\/emfoco\/2025\/11\/19\/rotina-com-serum-para-os-olhos-transforma-a-pele-e-evidencia-resultados-ja-nas-primeiras-semanas\/\" \/>\n<meta property=\"og:locale\" content=\"pt_BR\" \/>\n<meta property=\"og:type\" content=\"article\" \/>\n<meta property=\"og:title\" content=\"Rotina com s\u00e9rum para os olhos transforma a pele e evid\u00eancia resultados j\u00e1 nas primeiras semanas - Estado de Minas - Em foco\" \/>\n<meta property=\"og:description\" content=\"Os s\u00e9runs para olhos viraram queridinhos por tratar olheiras e linhas finas. Um ativo espec\u00edfico tem surpreendido pelo efeito r\u00e1pido.\" \/>\n<meta property=\"og:url\" content=\"https:\/\/www.em.com.br\/emfoco\/2025\/11\/19\/rotina-com-serum-para-os-olhos-transforma-a-pele-e-evidencia-resultados-ja-nas-primeiras-semanas\/\" \/>\n<meta property=\"og:site_name\" content=\"Estado de Minas - Em foco\" \/>\n<meta property=\"article:published_time\" content=\"2025-11-19T20:45:00+00:00\" \/>\n<meta property=\"article:modified_time\" content=\"2025-11-18T23:36:21+00:00\" \/>\n<meta property=\"og:image\" content=\"https:\/\/www.em.com.br\/emfoco\/wp-content\/uploads\/2025\/09\/creme-area-dos-olhos-_1757002772800.jpg\" \/>\n\t<meta property=\"og:image:width\" content=\"1280\" \/>\n\t<meta property=\"og:image:height\" content=\"720\" \/>\n\t<meta property=\"og:image:type\" content=\"image\/jpeg\" \/>\n<meta name=\"author\" content=\"Andre\u0301 Rangel\u00a0\" \/>\n<meta name=\"twitter:card\" content=\"summary_large_image\" \/>\n<meta name=\"twitter:label1\" content=\"Escrito por\" \/>\n\t<meta name=\"twitter:data1\" content=\"Andre\u0301 Rangel\u00a0\" \/>\n\t<meta name=\"twitter:label2\" content=\"Est. tempo de leitura\" \/>\n\t<meta name=\"twitter:data2\" content=\"4 minutos\" \/>\n<!-- \/ Yoast SEO plugin. -->","yoast_head_json":{"title":"Rotina com s\u00e9rum para os olhos transforma a pele e evid\u00eancia resultados j\u00e1 nas primeiras semanas - Estado de Minas - Em foco","description":"Os s\u00e9runs para olhos viraram queridinhos por tratar olheiras e linhas finas. Um ativo espec\u00edfico tem surpreendido pelo efeito r\u00e1pido.","robots":{"index":"index","follow":"follow","max-snippet":"max-snippet:-1","max-image-preview":"max-image-preview:large","max-video-preview":"max-video-preview:-1"},"canonical":"https:\/\/www.em.com.br\/emfoco\/2025\/11\/19\/rotina-com-serum-para-os-olhos-transforma-a-pele-e-evidencia-resultados-ja-nas-primeiras-semanas\/","og_locale":"pt_BR","og_type":"article","og_title":"Rotina com s\u00e9rum para os olhos transforma a pele e evid\u00eancia resultados j\u00e1 nas primeiras semanas - Estado de Minas - Em foco","og_description":"Os s\u00e9runs para olhos viraram queridinhos por tratar olheiras e linhas finas. Um ativo espec\u00edfico tem surpreendido pelo efeito r\u00e1pido.","og_url":"https:\/\/www.em.com.br\/emfoco\/2025\/11\/19\/rotina-com-serum-para-os-olhos-transforma-a-pele-e-evidencia-resultados-ja-nas-primeiras-semanas\/","og_site_name":"Estado de Minas - Em foco","article_published_time":"2025-11-19T20:45:00+00:00","article_modified_time":"2025-11-18T23:36:21+00:00","og_image":[{"width":1280,"height":720,"url":"https:\/\/www.em.com.br\/emfoco\/wp-content\/uploads\/2025\/09\/creme-area-dos-olhos-_1757002772800.jpg","type":"image\/jpeg"}],"author":"Andre\u0301 Rangel\u00a0","twitter_card":"summary_large_image","twitter_misc":{"Escrito por":"Andre\u0301 Rangel\u00a0","Est. tempo de leitura":"4 minutos"},"schema":{"@context":"https:\/\/schema.org","@graph":[{"@type":"WebPage","@id":"https:\/\/www.em.com.br\/emfoco\/2025\/11\/19\/rotina-com-serum-para-os-olhos-transforma-a-pele-e-evidencia-resultados-ja-nas-primeiras-semanas\/","url":"https:\/\/www.em.com.br\/emfoco\/2025\/11\/19\/rotina-com-serum-para-os-olhos-transforma-a-pele-e-evidencia-resultados-ja-nas-primeiras-semanas\/","name":"Rotina com s\u00e9rum para os olhos transforma a pele e evid\u00eancia resultados j\u00e1 nas primeiras semanas - Estado de Minas - Em foco","isPartOf":{"@id":"https:\/\/www.em.com.br\/emfoco\/#website"},"primaryImageOfPage":{"@id":"https:\/\/www.em.com.br\/emfoco\/2025\/11\/19\/rotina-com-serum-para-os-olhos-transforma-a-pele-e-evidencia-resultados-ja-nas-primeiras-semanas\/#primaryimage"},"image":{"@id":"https:\/\/www.em.com.br\/emfoco\/2025\/11\/19\/rotina-com-serum-para-os-olhos-transforma-a-pele-e-evidencia-resultados-ja-nas-primeiras-semanas\/#primaryimage"},"thumbnailUrl":"https:\/\/www.em.com.br\/emfoco\/wp-content\/uploads\/2025\/09\/creme-area-dos-olhos-_1757002772800.jpg","datePublished":"2025-11-19T20:45:00+00:00","dateModified":"2025-11-18T23:36:21+00:00","author":{"@id":"https:\/\/www.em.com.br\/emfoco\/#\/schema\/person\/60eda09c1fedf0d6891f4cef4b60b8b8"},"description":"Os s\u00e9runs para olhos viraram queridinhos por tratar olheiras e linhas finas. Um ativo espec\u00edfico tem surpreendido pelo efeito r\u00e1pido.","breadcrumb":{"@id":"https:\/\/www.em.com.br\/emfoco\/2025\/11\/19\/rotina-com-serum-para-os-olhos-transforma-a-pele-e-evidencia-resultados-ja-nas-primeiras-semanas\/#breadcrumb"},"inLanguage":"pt-BR","potentialAction":[{"@type":"ReadAction","target":["https:\/\/www.em.com.br\/emfoco\/2025\/11\/19\/rotina-com-serum-para-os-olhos-transforma-a-pele-e-evidencia-resultados-ja-nas-primeiras-semanas\/"]}]},{"@type":"ImageObject","inLanguage":"pt-BR","@id":"https:\/\/www.em.com.br\/emfoco\/2025\/11\/19\/rotina-com-serum-para-os-olhos-transforma-a-pele-e-evidencia-resultados-ja-nas-primeiras-semanas\/#primaryimage","url":"https:\/\/www.em.com.br\/emfoco\/wp-content\/uploads\/2025\/09\/creme-area-dos-olhos-_1757002772800.jpg","contentUrl":"https:\/\/www.em.com.br\/emfoco\/wp-content\/uploads\/2025\/09\/creme-area-dos-olhos-_1757002772800.jpg","width":1280,"height":720,"caption":"Cremes para cuidar da pele - Cr\u00e9ditos: depositphotos.com \/ Milkos"},{"@type":"BreadcrumbList","@id":"https:\/\/www.em.com.br\/emfoco\/2025\/11\/19\/rotina-com-serum-para-os-olhos-transforma-a-pele-e-evidencia-resultados-ja-nas-primeiras-semanas\/#breadcrumb","itemListElement":[{"@type":"ListItem","position":1,"name":"In\u00edcio","item":"https:\/\/www.em.com.br\/emfoco\/"},{"@type":"ListItem","position":2,"name":"Rotina com s\u00e9rum para os olhos transforma a pele e evid\u00eancia resultados j\u00e1 nas primeiras semanas"}]},{"@type":"WebSite","@id":"https:\/\/www.em.com.br\/emfoco\/#website","url":"https:\/\/www.em.com.br\/emfoco\/","name":"Estado de Minas - Em foco","description":"Acompanhe as \u00faltimas not\u00edcias e fique bem informado sobre tudo o que acontece em Minas Gerais, Brasil e no mundo.","potentialAction":[{"@type":"SearchAction","target":{"@type":"EntryPoint","urlTemplate":"https:\/\/www.em.com.br\/emfoco\/?s={search_term_string}"},"query-input":{"@type":"PropertyValueSpecification","valueRequired":true,"valueName":"search_term_string"}}],"inLanguage":"pt-BR"},{"@type":"Person","@id":"https:\/\/www.em.com.br\/emfoco\/#\/schema\/person\/60eda09c1fedf0d6891f4cef4b60b8b8","name":"Andre\u0301 Rangel\u00a0","image":{"@type":"ImageObject","inLanguage":"pt-BR","@id":"https:\/\/www.em.com.br\/emfoco\/#\/schema\/person\/image\/","url":"https:\/\/secure.gravatar.com\/avatar\/6234dc814c77c8ef6d8bba622c787efc?s=96&d=mm&r=g","contentUrl":"https:\/\/secure.gravatar.com\/avatar\/6234dc814c77c8ef6d8bba622c787efc?s=96&d=mm&r=g","caption":"Andre\u0301 Rangel\u00a0"},"url":"https:\/\/www.em.com.br\/emfoco\/author\/luizmyth\/"}]}},"_links":{"self":[{"href":"https:\/\/www.em.com.br\/emfoco\/wp-json\/wp\/v2\/posts\/129125","targetHints":{"allow":["GET"]}}],"collection":[{"href":"https:\/\/www.em.com.br\/emfoco\/wp-json\/wp\/v2\/posts"}],"about":[{"href":"https:\/\/www.em.com.br\/emfoco\/wp-json\/wp\/v2\/types\/post"}],"author":[{"embeddable":true,"href":"https:\/\/www.em.com.br\/emfoco\/wp-json\/wp\/v2\/users\/11"}],"replies":[{"embeddable":true,"href":"https:\/\/www.em.com.br\/emfoco\/wp-json\/wp\/v2\/comments?post=129125"}],"version-history":[{"count":5,"href":"https:\/\/www.em.com.br\/emfoco\/wp-json\/wp\/v2\/posts\/129125\/revisions"}],"predecessor-version":[{"id":129255,"href":"https:\/\/www.em.com.br\/emfoco\/wp-json\/wp\/v2\/posts\/129125\/revisions\/129255"}],"wp:featuredmedia":[{"embeddable":true,"href":"https:\/\/www.em.com.br\/emfoco\/wp-json\/wp\/v2\/media\/100741"}],"wp:attachment":[{"href":"https:\/\/www.em.com.br\/emfoco\/wp-json\/wp\/v2\/media?parent=129125"}],"wp:term":[{"taxonomy":"category","embeddable":true,"href":"https:\/\/www.em.com.br\/emfoco\/wp-json\/wp\/v2\/categories?post=129125"},{"taxonomy":"post_tag","embeddable":true,"href":"https:\/\/www.em.com.br\/emfoco\/wp-json\/wp\/v2\/tags?post=129125"}],"curies":[{"name":"wp","href":"https:\/\/api.w.org\/{rel}","templated":true}]}}