{"id":129119,"date":"2025-11-20T17:15:00","date_gmt":"2025-11-20T20:15:00","guid":{"rendered":"https:\/\/www.em.com.br\/emfoco\/?p=129119"},"modified":"2025-11-18T17:43:28","modified_gmt":"2025-11-18T20:43:28","slug":"a-temperatura-perfeita-do-ar-condicionado-existe-e-ela-faz-diferenca-no-seu-bolso","status":"publish","type":"post","link":"https:\/\/www.em.com.br\/emfoco\/2025\/11\/20\/a-temperatura-perfeita-do-ar-condicionado-existe-e-ela-faz-diferenca-no-seu-bolso\/","title":{"rendered":"A temperatura perfeita do ar condicionado existe e ela faz diferen\u00e7a no seu bolso"},"content":{"rendered":"\n<p>Com a chegada do calor, muitas casas recorrem ao ar condicionado para aliviar o clima abafado. O problema \u00e9 que o consumo pode disparar sem ajustes adequados. Por isso, entender qual \u00e9 a <strong>temperatura ideal<\/strong> faz diferen\u00e7a tanto no conforto quanto na economia mensal.<\/p>\n\n\n\n<h2 class=\"wp-block-heading\">Por que a temperatura errada aumenta tanto o consumo de energia?<\/h2>\n\n\n\n<p>Muitos moradores acreditam que <strong>apenas 24 \u00b0C<\/strong> \u00e9 o ponto perfeito do aparelho, mas especialistas explicam que essa regra n\u00e3o \u00e9 fixa. Cada grau reduzido exige maior esfor\u00e7o do equipamento, elevando o gasto e comprometendo a <a href=\"https:\/\/elysia.com.br\/casa-eficiencia-energetica-sustentavel\/\" target=\"_blank\" rel=\"noreferrer noopener\"><strong>efici\u00eancia energ\u00e9tica<\/strong><\/a> da casa.<\/p>\n\n\n\n<p>O impacto \u00e9 grande porque o compressor trabalha mais intensamente sempre que a temperatura \u00e9 muito baixa. Por isso, variar apenas alguns graus j\u00e1 influencia no valor da conta, tornando essencial encontrar um ajuste que mantenha o <strong>conforto t\u00e9rmico<\/strong> sem desperd\u00edcio.<\/p>\n\n\n\n<figure class=\"wp-block-image size-large\"><img loading=\"lazy\" decoding=\"async\" width=\"1024\" height=\"576\" src=\"https:\/\/www.em.com.br\/emfoco\/wp-content\/uploads\/2025\/11\/ar-condicionado_1763498562981-1024x576.jpg\" alt=\"A temperatura perfeita do ar condicionado existe e ela faz diferen\u00e7a no seu bolso\" class=\"wp-image-129147\" srcset=\"https:\/\/www.em.com.br\/emfoco\/wp-content\/uploads\/2025\/11\/ar-condicionado_1763498562981-1024x576.jpg 1024w, https:\/\/www.em.com.br\/emfoco\/wp-content\/uploads\/2025\/11\/ar-condicionado_1763498562981-300x169.jpg 300w, https:\/\/www.em.com.br\/emfoco\/wp-content\/uploads\/2025\/11\/ar-condicionado_1763498562981-768x432.jpg 768w, https:\/\/www.em.com.br\/emfoco\/wp-content\/uploads\/2025\/11\/ar-condicionado_1763498562981-750x422.jpg 750w, https:\/\/www.em.com.br\/emfoco\/wp-content\/uploads\/2025\/11\/ar-condicionado_1763498562981-1140x641.jpg 1140w, https:\/\/www.em.com.br\/emfoco\/wp-content\/uploads\/2025\/11\/ar-condicionado_1763498562981.jpg 1280w\" sizes=\"auto, (max-width: 1024px) 100vw, 1024px\" \/><figcaption class=\"wp-element-caption\">Cada grau a menos aumenta o esfor\u00e7o do compressor &#8211; Cr\u00e9ditos: depositphotos.com \/ Olivier26<\/figcaption><\/figure>\n\n\n\n<h2 class=\"wp-block-heading\">Quais s\u00e3o as melhores temperaturas para cada situa\u00e7\u00e3o do dia a dia?<\/h2>\n\n\n\n<p>A temperatura ideal muda conforme o uso, e escolher o ajuste correto evita consumo desnecess\u00e1rio. Para facilitar a decis\u00e3o, <strong>veja na lista abaixo as faixas mais recomendadas<\/strong> para equilibrar conforto e economia em diferentes momentos.<\/p>\n\n\n\n<ul class=\"wp-block-list\">\n<li><strong>Conforto di\u00e1rio:<\/strong> 25 \u00b0C ou 26 \u00b0C mant\u00eam o ambiente agrad\u00e1vel com baixo gasto.<\/li>\n\n\n\n<li><strong>Calor intenso:<\/strong> 22 \u00b0C ou 23 \u00b0C oferecem al\u00edvio r\u00e1pido, mas consomem mais.<\/li>\n\n\n\n<li><strong>Para dormir:<\/strong> 26 \u00b0C a 28 \u00b0C evitam choque t\u00e9rmico e reduzem resfriados.<\/li>\n<\/ul>\n\n\n\n<p><em>Leia mais: <strong><a href=\"https:\/\/www.em.com.br\/emfoco\/2025\/11\/09\/esse-e-o-eletrodomestico-responsavel-pela-sua-conta-de-energia-estar-tao-cara\/\" target=\"_blank\" rel=\"noreferrer noopener\">Esse \u00e9 o eletrodom\u00e9stico respons\u00e1vel pela sua conta de energia estar t\u00e3o cara<\/a><\/strong><\/em><\/p>\n\n\n\n<h2 class=\"wp-block-heading\">Por que ajustar alguns graus j\u00e1 transforma o desempenho do aparelho?<\/h2>\n\n\n\n<p>De acordo com especialistas, cada grau abaixo do necess\u00e1rio pode elevar o consumo em at\u00e9 8%. Isso acontece porque o compressor \u00e9 acionado repetidamente, reduzindo a durabilidade do aparelho e aumentando o uso de <strong>energia el\u00e9trica<\/strong> ao longo do dia.<\/p>\n\n\n\n<p>Por outro lado, temperaturas moderadas permitem que o sistema trabalhe com menos esfor\u00e7o. Esse equil\u00edbrio mant\u00e9m o ambiente fresco sem sobrecarregar o equipamento, prolongando sua vida \u00fatil e garantindo <strong>economia significativa<\/strong> durante os meses mais quentes.<\/p>\n\n\n\n<figure class=\"wp-block-image size-large\"><img loading=\"lazy\" decoding=\"async\" width=\"1024\" height=\"576\" src=\"https:\/\/www.em.com.br\/emfoco\/wp-content\/uploads\/2025\/11\/ar-condicionado_1763498589617-1024x576.jpg\" alt=\"A temperatura perfeita do ar condicionado existe e ela faz diferen\u00e7a no seu bolso\" class=\"wp-image-129148\" srcset=\"https:\/\/www.em.com.br\/emfoco\/wp-content\/uploads\/2025\/11\/ar-condicionado_1763498589617-1024x576.jpg 1024w, https:\/\/www.em.com.br\/emfoco\/wp-content\/uploads\/2025\/11\/ar-condicionado_1763498589617-300x169.jpg 300w, https:\/\/www.em.com.br\/emfoco\/wp-content\/uploads\/2025\/11\/ar-condicionado_1763498589617-768x432.jpg 768w, https:\/\/www.em.com.br\/emfoco\/wp-content\/uploads\/2025\/11\/ar-condicionado_1763498589617-750x422.jpg 750w, https:\/\/www.em.com.br\/emfoco\/wp-content\/uploads\/2025\/11\/ar-condicionado_1763498589617-1140x641.jpg 1140w, https:\/\/www.em.com.br\/emfoco\/wp-content\/uploads\/2025\/11\/ar-condicionado_1763498589617.jpg 1280w\" sizes=\"auto, (max-width: 1024px) 100vw, 1024px\" \/><figcaption class=\"wp-element-caption\">Ajustes moderados evitam sobrecarga e prolongam a vida \u00fatil &#8211; Cr\u00e9ditos: depositphotos.com \/ sbotas<\/figcaption><\/figure>\n\n\n\n<h2 class=\"wp-block-heading\">Quais ajustes extras ajudam a melhorar o desempenho do ar condicionado?<\/h2>\n\n\n\n<p>Alguns h\u00e1bitos simples potencializam a efici\u00eancia do aparelho e ajudam a preservar o conforto da casa. Para tornar isso mais pr\u00e1tico, <strong>veja na lista abaixo cuidados essenciais<\/strong> que reduzem gastos sem alterar a sensa\u00e7\u00e3o t\u00e9rmica.<\/p>\n\n\n\n<ul class=\"wp-block-list\">\n<li><strong>Fechar portas e janelas:<\/strong> impede a sa\u00edda de ar frio e aumenta a efici\u00eancia.<\/li>\n\n\n\n<li><strong>Usar modo autom\u00e1tico:<\/strong> ajusta o funcionamento conforme a necessidade real.<\/li>\n\n\n\n<li><strong>Limpar filtros regularmente:<\/strong> melhora o fluxo de ar e reduz esfor\u00e7o do compressor.<\/li>\n<\/ul>\n\n\n\n<p>Com escolhas simples e temperatura ajustada corretamente, o ar condicionado proporciona conforto sem comprometer o or\u00e7amento. \u00c9 uma forma pr\u00e1tica de enfrentar o calor com <strong>economia e efici\u00eancia<\/strong> durante toda a esta\u00e7\u00e3o quente.<\/p>\n","protected":false},"excerpt":{"rendered":"<p>Com a chegada do calor, muitas casas recorrem ao ar condicionado para aliviar o clima abafado. O problema \u00e9 que o consumo pode disparar sem ajustes adequados. Por isso, entender qual \u00e9 a temperatura ideal faz diferen\u00e7a tanto no conforto quanto na economia mensal. Por que a temperatura errada aumenta tanto o consumo de energia? [&hellip;]<\/p>\n","protected":false},"author":13,"featured_media":129146,"comment_status":"open","ping_status":"open","sticky":false,"template":"","format":"standard","meta":{"jnews-multi-image_gallery":[],"jnews_single_post":{"format":"standard"},"jnews_primary_category":[],"jnews_social_meta":[],"jnews_override_counter":[],"footnotes":""},"categories":[8819],"tags":[15755,6943,13619],"class_list":["post-129119","post","type-post","status-publish","format-standard","has-post-thumbnail","hentry","category-curiosidades","tag-ar-condicionado-2","tag-economia-de-energia","tag-temperatura-ideal"],"yoast_head":"<!-- This site is optimized with the Yoast SEO plugin v23.8 - https:\/\/yoast.com\/wordpress\/plugins\/seo\/ -->\n<title>A temperatura perfeita do ar condicionado existe e ela faz diferen\u00e7a no seu bolso - Estado de Minas - Em foco<\/title>\n<meta name=\"description\" content=\"Temperatura errada aumenta o gasto e desgasta o aparelho. Aprenda o ajuste certo para conforto e economia de verdade.\" \/>\n<meta name=\"robots\" content=\"index, follow, max-snippet:-1, max-image-preview:large, max-video-preview:-1\" \/>\n<link rel=\"canonical\" href=\"https:\/\/www.em.com.br\/emfoco\/2025\/11\/20\/a-temperatura-perfeita-do-ar-condicionado-existe-e-ela-faz-diferenca-no-seu-bolso\/\" \/>\n<meta property=\"og:locale\" content=\"pt_BR\" \/>\n<meta property=\"og:type\" content=\"article\" \/>\n<meta property=\"og:title\" content=\"A temperatura perfeita do ar condicionado existe e ela faz diferen\u00e7a no seu bolso - Estado de Minas - Em foco\" \/>\n<meta property=\"og:description\" content=\"Temperatura errada aumenta o gasto e desgasta o aparelho. Aprenda o ajuste certo para conforto e economia de verdade.\" \/>\n<meta property=\"og:url\" content=\"https:\/\/www.em.com.br\/emfoco\/2025\/11\/20\/a-temperatura-perfeita-do-ar-condicionado-existe-e-ela-faz-diferenca-no-seu-bolso\/\" \/>\n<meta property=\"og:site_name\" content=\"Estado de Minas - Em foco\" \/>\n<meta property=\"article:published_time\" content=\"2025-11-20T20:15:00+00:00\" \/>\n<meta property=\"article:modified_time\" content=\"2025-11-18T20:43:28+00:00\" \/>\n<meta property=\"og:image\" content=\"https:\/\/www.em.com.br\/emfoco\/wp-content\/uploads\/2025\/11\/mosaico_1763498525738.jpg\" \/>\n\t<meta property=\"og:image:width\" content=\"1280\" \/>\n\t<meta property=\"og:image:height\" content=\"720\" \/>\n\t<meta property=\"og:image:type\" content=\"image\/jpeg\" \/>\n<meta name=\"author\" content=\"Gabriel Martins\" \/>\n<meta name=\"twitter:card\" content=\"summary_large_image\" \/>\n<meta name=\"twitter:label1\" content=\"Escrito por\" \/>\n\t<meta name=\"twitter:data1\" content=\"Gabriel Martins\" \/>\n\t<meta name=\"twitter:label2\" content=\"Est. tempo de leitura\" \/>\n\t<meta name=\"twitter:data2\" content=\"4 minutos\" \/>\n<!-- \/ Yoast SEO plugin. -->","yoast_head_json":{"title":"A temperatura perfeita do ar condicionado existe e ela faz diferen\u00e7a no seu bolso - Estado de Minas - Em foco","description":"Temperatura errada aumenta o gasto e desgasta o aparelho. Aprenda o ajuste certo para conforto e economia de verdade.","robots":{"index":"index","follow":"follow","max-snippet":"max-snippet:-1","max-image-preview":"max-image-preview:large","max-video-preview":"max-video-preview:-1"},"canonical":"https:\/\/www.em.com.br\/emfoco\/2025\/11\/20\/a-temperatura-perfeita-do-ar-condicionado-existe-e-ela-faz-diferenca-no-seu-bolso\/","og_locale":"pt_BR","og_type":"article","og_title":"A temperatura perfeita do ar condicionado existe e ela faz diferen\u00e7a no seu bolso - Estado de Minas - Em foco","og_description":"Temperatura errada aumenta o gasto e desgasta o aparelho. Aprenda o ajuste certo para conforto e economia de verdade.","og_url":"https:\/\/www.em.com.br\/emfoco\/2025\/11\/20\/a-temperatura-perfeita-do-ar-condicionado-existe-e-ela-faz-diferenca-no-seu-bolso\/","og_site_name":"Estado de Minas - Em foco","article_published_time":"2025-11-20T20:15:00+00:00","article_modified_time":"2025-11-18T20:43:28+00:00","og_image":[{"width":1280,"height":720,"url":"https:\/\/www.em.com.br\/emfoco\/wp-content\/uploads\/2025\/11\/mosaico_1763498525738.jpg","type":"image\/jpeg"}],"author":"Gabriel Martins","twitter_card":"summary_large_image","twitter_misc":{"Escrito por":"Gabriel Martins","Est. tempo de leitura":"4 minutos"},"schema":{"@context":"https:\/\/schema.org","@graph":[{"@type":"WebPage","@id":"https:\/\/www.em.com.br\/emfoco\/2025\/11\/20\/a-temperatura-perfeita-do-ar-condicionado-existe-e-ela-faz-diferenca-no-seu-bolso\/","url":"https:\/\/www.em.com.br\/emfoco\/2025\/11\/20\/a-temperatura-perfeita-do-ar-condicionado-existe-e-ela-faz-diferenca-no-seu-bolso\/","name":"A temperatura perfeita do ar condicionado existe e ela faz diferen\u00e7a no seu bolso - Estado de Minas - Em foco","isPartOf":{"@id":"https:\/\/www.em.com.br\/emfoco\/#website"},"primaryImageOfPage":{"@id":"https:\/\/www.em.com.br\/emfoco\/2025\/11\/20\/a-temperatura-perfeita-do-ar-condicionado-existe-e-ela-faz-diferenca-no-seu-bolso\/#primaryimage"},"image":{"@id":"https:\/\/www.em.com.br\/emfoco\/2025\/11\/20\/a-temperatura-perfeita-do-ar-condicionado-existe-e-ela-faz-diferenca-no-seu-bolso\/#primaryimage"},"thumbnailUrl":"https:\/\/www.em.com.br\/emfoco\/wp-content\/uploads\/2025\/11\/mosaico_1763498525738.jpg","datePublished":"2025-11-20T20:15:00+00:00","dateModified":"2025-11-18T20:43:28+00:00","author":{"@id":"https:\/\/www.em.com.br\/emfoco\/#\/schema\/person\/1c9ddeab18b98abeffef834667bcf08a"},"description":"Temperatura errada aumenta o gasto e desgasta o aparelho. Aprenda o ajuste certo para conforto e economia de verdade.","breadcrumb":{"@id":"https:\/\/www.em.com.br\/emfoco\/2025\/11\/20\/a-temperatura-perfeita-do-ar-condicionado-existe-e-ela-faz-diferenca-no-seu-bolso\/#breadcrumb"},"inLanguage":"pt-BR","potentialAction":[{"@type":"ReadAction","target":["https:\/\/www.em.com.br\/emfoco\/2025\/11\/20\/a-temperatura-perfeita-do-ar-condicionado-existe-e-ela-faz-diferenca-no-seu-bolso\/"]}]},{"@type":"ImageObject","inLanguage":"pt-BR","@id":"https:\/\/www.em.com.br\/emfoco\/2025\/11\/20\/a-temperatura-perfeita-do-ar-condicionado-existe-e-ela-faz-diferenca-no-seu-bolso\/#primaryimage","url":"https:\/\/www.em.com.br\/emfoco\/wp-content\/uploads\/2025\/11\/mosaico_1763498525738.jpg","contentUrl":"https:\/\/www.em.com.br\/emfoco\/wp-content\/uploads\/2025\/11\/mosaico_1763498525738.jpg","width":1280,"height":720,"caption":"Temperatura correta mant\u00e9m conforto e reduz o consumo do ar condicionado - Cr\u00e9ditos: depositphotos.com \/ AllaSerebrina - depositphotos.com \/ sbotas"},{"@type":"BreadcrumbList","@id":"https:\/\/www.em.com.br\/emfoco\/2025\/11\/20\/a-temperatura-perfeita-do-ar-condicionado-existe-e-ela-faz-diferenca-no-seu-bolso\/#breadcrumb","itemListElement":[{"@type":"ListItem","position":1,"name":"In\u00edcio","item":"https:\/\/www.em.com.br\/emfoco\/"},{"@type":"ListItem","position":2,"name":"A temperatura perfeita do ar condicionado existe e ela faz diferen\u00e7a no seu bolso"}]},{"@type":"WebSite","@id":"https:\/\/www.em.com.br\/emfoco\/#website","url":"https:\/\/www.em.com.br\/emfoco\/","name":"Estado de Minas - Em foco","description":"Acompanhe as \u00faltimas not\u00edcias e fique bem informado sobre tudo o que acontece em Minas Gerais, Brasil e no mundo.","potentialAction":[{"@type":"SearchAction","target":{"@type":"EntryPoint","urlTemplate":"https:\/\/www.em.com.br\/emfoco\/?s={search_term_string}"},"query-input":{"@type":"PropertyValueSpecification","valueRequired":true,"valueName":"search_term_string"}}],"inLanguage":"pt-BR"},{"@type":"Person","@id":"https:\/\/www.em.com.br\/emfoco\/#\/schema\/person\/1c9ddeab18b98abeffef834667bcf08a","name":"Gabriel Martins","image":{"@type":"ImageObject","inLanguage":"pt-BR","@id":"https:\/\/www.em.com.br\/emfoco\/#\/schema\/person\/image\/","url":"https:\/\/secure.gravatar.com\/avatar\/f0f1e2efdfd88f1ad2cb08c5c2731e50?s=96&d=mm&r=g","contentUrl":"https:\/\/secure.gravatar.com\/avatar\/f0f1e2efdfd88f1ad2cb08c5c2731e50?s=96&d=mm&r=g","caption":"Gabriel Martins"},"sameAs":["https:\/\/www.em.com.br\/emfoco\/"],"url":"https:\/\/www.em.com.br\/emfoco\/author\/gabrielmartinsmyth\/"}]}},"_links":{"self":[{"href":"https:\/\/www.em.com.br\/emfoco\/wp-json\/wp\/v2\/posts\/129119","targetHints":{"allow":["GET"]}}],"collection":[{"href":"https:\/\/www.em.com.br\/emfoco\/wp-json\/wp\/v2\/posts"}],"about":[{"href":"https:\/\/www.em.com.br\/emfoco\/wp-json\/wp\/v2\/types\/post"}],"author":[{"embeddable":true,"href":"https:\/\/www.em.com.br\/emfoco\/wp-json\/wp\/v2\/users\/13"}],"replies":[{"embeddable":true,"href":"https:\/\/www.em.com.br\/emfoco\/wp-json\/wp\/v2\/comments?post=129119"}],"version-history":[{"count":1,"href":"https:\/\/www.em.com.br\/emfoco\/wp-json\/wp\/v2\/posts\/129119\/revisions"}],"predecessor-version":[{"id":129149,"href":"https:\/\/www.em.com.br\/emfoco\/wp-json\/wp\/v2\/posts\/129119\/revisions\/129149"}],"wp:featuredmedia":[{"embeddable":true,"href":"https:\/\/www.em.com.br\/emfoco\/wp-json\/wp\/v2\/media\/129146"}],"wp:attachment":[{"href":"https:\/\/www.em.com.br\/emfoco\/wp-json\/wp\/v2\/media?parent=129119"}],"wp:term":[{"taxonomy":"category","embeddable":true,"href":"https:\/\/www.em.com.br\/emfoco\/wp-json\/wp\/v2\/categories?post=129119"},{"taxonomy":"post_tag","embeddable":true,"href":"https:\/\/www.em.com.br\/emfoco\/wp-json\/wp\/v2\/tags?post=129119"}],"curies":[{"name":"wp","href":"https:\/\/api.w.org\/{rel}","templated":true}]}}