{"id":129073,"date":"2025-11-20T13:05:00","date_gmt":"2025-11-20T16:05:00","guid":{"rendered":"https:\/\/www.em.com.br\/emfoco\/?p=129073"},"modified":"2025-11-18T16:53:04","modified_gmt":"2025-11-18T19:53:04","slug":"quanto-custa-fazer-a-instalacao-de-led-embutido-na-sala-de-estar","status":"publish","type":"post","link":"https:\/\/www.em.com.br\/emfoco\/2025\/11\/20\/quanto-custa-fazer-a-instalacao-de-led-embutido-na-sala-de-estar\/","title":{"rendered":"Quanto custa fazer a instala\u00e7\u00e3o de LED embutido na sala de estar"},"content":{"rendered":"\n<p>Muitas salas ainda sofrem com <strong>ilumina\u00e7\u00e3o insuficiente<\/strong>, pontos mal distribu\u00eddos e alto consumo de energia. A instala\u00e7\u00e3o de <strong>LED embutido<\/strong> surge como solu\u00e7\u00e3o moderna que melhora o visual, reduz gastos e transforma o ambiente com efici\u00eancia.<\/p>\n\n\n\n<h2 class=\"wp-block-heading\">Quanto custa instalar LED embutido em uma sala padr\u00e3o?<\/h2>\n\n\n\n<p>Para uma sala de 20 a 25 m\u00b2, o investimento varia entre <strong>R$ 1.500 e R$ 6.000<\/strong> em 2025. A oscila\u00e7\u00e3o acontece conforme materiais escolhidos, complexidade do projeto e eventuais ajustes no forro de gesso ou na rede el\u00e9trica.<\/p>\n\n\n\n<p>Valores menores entre <strong>R$ 1.000 e R$ 2.000<\/strong> s\u00e3o comuns em trocas simples de lumin\u00e1rias. J\u00e1 projetos com sancas, dimmer, perfis e fitas de LED podem alcan\u00e7ar o limite superior da faixa quando envolvem personaliza\u00e7\u00e3o avan\u00e7ada.<\/p>\n\n\n\n<figure class=\"wp-block-image size-large\"><img loading=\"lazy\" decoding=\"async\" width=\"1024\" height=\"576\" src=\"https:\/\/www.em.com.br\/emfoco\/wp-content\/uploads\/2025\/11\/Sala-LED-Embutido-Variacao-1-1280x720-1-1024x576.jpg\" alt=\"Quanto custa fazer a instala\u00e7\u00e3o de LED embutido na sala de estar \" class=\"wp-image-129113\" srcset=\"https:\/\/www.em.com.br\/emfoco\/wp-content\/uploads\/2025\/11\/Sala-LED-Embutido-Variacao-1-1280x720-1-1024x576.jpg 1024w, https:\/\/www.em.com.br\/emfoco\/wp-content\/uploads\/2025\/11\/Sala-LED-Embutido-Variacao-1-1280x720-1-300x169.jpg 300w, https:\/\/www.em.com.br\/emfoco\/wp-content\/uploads\/2025\/11\/Sala-LED-Embutido-Variacao-1-1280x720-1-768x432.jpg 768w, https:\/\/www.em.com.br\/emfoco\/wp-content\/uploads\/2025\/11\/Sala-LED-Embutido-Variacao-1-1280x720-1-750x422.jpg 750w, https:\/\/www.em.com.br\/emfoco\/wp-content\/uploads\/2025\/11\/Sala-LED-Embutido-Variacao-1-1280x720-1-1140x641.jpg 1140w, https:\/\/www.em.com.br\/emfoco\/wp-content\/uploads\/2025\/11\/Sala-LED-Embutido-Variacao-1-1280x720-1.jpg 1280w\" sizes=\"auto, (max-width: 1024px) 100vw, 1024px\" \/><figcaption class=\"wp-element-caption\">Projetos variam conforme pontos, materiais e ajustes no forro existente &#8211; Cr\u00e9ditos: Lovart<\/figcaption><\/figure>\n\n\n\n<p><em>Leia mais: <strong><a href=\"https:\/\/www.em.com.br\/emfoco\/2025\/11\/12\/aparelho-novo-diminui-a-conta-de-luz-e-evita-que-voce-jogue-comida-fora\/\" target=\"_blank\" rel=\"noreferrer noopener\">Aparelho novo diminui a conta de luz e evita que voc\u00ea jogue comida fora<\/a><\/strong><\/em><\/p>\n\n\n\n<h2 class=\"wp-block-heading\">Quais fatores influenciam diretamente no pre\u00e7o final?<\/h2>\n\n\n\n<p>Os custos variam conforme n\u00famero de pontos de luz, <strong><a href=\"https:\/\/www.makerhero.com\/guia\/componentes-eletronicos\/led\/?srsltid=AfmBOorZ4dyqRtbbG8fQHWOaogB07Dpd6heborYP5v1yXZq06mc6aoFZ\" target=\"_blank\" rel=\"noreferrer noopener\">tipo de LED<\/a><\/strong>, necessidade de obra no teto, passagem de cabos e instala\u00e7\u00e3o de <strong>dimmer<\/strong> ou automa\u00e7\u00e3o. A complexidade altera tanto o tempo quanto o pre\u00e7o final da execu\u00e7\u00e3o.<\/p>\n\n\n\n<p>Antes de iniciar o projeto, confira abaixo os elementos que mais impactam o or\u00e7amento e ajudam a entender onde o investimento pode subir ou reduzir, dependendo das escolhas de acabamento.<\/p>\n\n\n\n<ul class=\"wp-block-list\">\n<li><strong>N\u00famero de pontos de luz<\/strong>: salas maiores exigem mais spots ou pain\u00e9is.<\/li>\n\n\n\n<li><strong>Tipo de LED<\/strong>: pot\u00eancia, temperatura de cor e CRI interferem no custo.<\/li>\n\n\n\n<li><strong>Obra extra<\/strong>: forro, cabeamento, nichos ou remo\u00e7\u00e3o de lumin\u00e1rias antigas.<\/li>\n<\/ul>\n\n\n\n<h2 class=\"wp-block-heading\">Quais s\u00e3o os custos m\u00e9dios por tamanho de sala?<\/h2>\n\n\n\n<p>Ambientes pequenos tendem a exigir menos pontos de ilumina\u00e7\u00e3o, enquanto salas grandes ou integradas demandam mais lumin\u00e1rias e ajustes estruturais. Isso cria faixas de valores bem definidas para cada metragem.<\/p>\n\n\n\n<p>Para facilitar a compara\u00e7\u00e3o, veja os custos t\u00edpicos estimados em 2025 e como eles variam conforme o espa\u00e7o, quantidade de pontos e tipo de tecnologia LED utilizada no projeto.<\/p>\n\n\n\n<figure class=\"wp-block-table\"><table class=\"has-fixed-layout\"><tbody><tr><th>Tamanho da sala<\/th><th>Pontos de luz estimados<\/th><th>Investimento m\u00e9dio<\/th><th>Tipo de LED instalado<\/th><\/tr><tr><td>At\u00e9 15 m\u00b2<\/td><td>4 a 6<\/td><td>R$ 1.500 a R$ 3.000<\/td><td>Spots LED b\u00e1sicos<\/td><\/tr><tr><td>20 a 30 m\u00b2<\/td><td>6 a 10<\/td><td>R$ 2.500 a R$ 4.500<\/td><td>Spots + pain\u00e9is embutidos<\/td><\/tr><tr><td>30 a 40 m\u00b2<\/td><td>10 a 14<\/td><td>R$ 4.000 a R$ 6.000<\/td><td>Sancas + fitas LED premium<\/td><\/tr><\/tbody><\/table><\/figure>\n\n\n\n<figure class=\"wp-block-image size-large\"><img loading=\"lazy\" decoding=\"async\" width=\"1024\" height=\"576\" src=\"https:\/\/www.em.com.br\/emfoco\/wp-content\/uploads\/2025\/11\/Sala-LED-Embutido-Variacao-2-1280x720-1-1024x576.jpg\" alt=\"Quanto custa fazer a instala\u00e7\u00e3o de LED embutido na sala de estar \" class=\"wp-image-129114\" srcset=\"https:\/\/www.em.com.br\/emfoco\/wp-content\/uploads\/2025\/11\/Sala-LED-Embutido-Variacao-2-1280x720-1-1024x576.jpg 1024w, https:\/\/www.em.com.br\/emfoco\/wp-content\/uploads\/2025\/11\/Sala-LED-Embutido-Variacao-2-1280x720-1-300x169.jpg 300w, https:\/\/www.em.com.br\/emfoco\/wp-content\/uploads\/2025\/11\/Sala-LED-Embutido-Variacao-2-1280x720-1-768x432.jpg 768w, https:\/\/www.em.com.br\/emfoco\/wp-content\/uploads\/2025\/11\/Sala-LED-Embutido-Variacao-2-1280x720-1-750x422.jpg 750w, https:\/\/www.em.com.br\/emfoco\/wp-content\/uploads\/2025\/11\/Sala-LED-Embutido-Variacao-2-1280x720-1-1140x641.jpg 1140w, https:\/\/www.em.com.br\/emfoco\/wp-content\/uploads\/2025\/11\/Sala-LED-Embutido-Variacao-2-1280x720-1.jpg 1280w\" sizes=\"auto, (max-width: 1024px) 100vw, 1024px\" \/><figcaption class=\"wp-element-caption\">LED de qualidade oferece maior durabilidade e economia garantida &#8211; Cr\u00e9ditos: Lovart<\/figcaption><\/figure>\n\n\n\n<h2 class=\"wp-block-heading\">Quais pontos extras ajudam a economizar no projeto?<\/h2>\n\n\n\n<p>Ao avaliar materiais e execu\u00e7\u00e3o, detalhes como boa distribui\u00e7\u00e3o dos pontos, escolha de drivers confi\u00e1veis e planejamento do forro influenciam diretamente no custo total. Ajustes simples evitam retrabalhos e gastos desnecess\u00e1rios.<\/p>\n\n\n\n<p>Antes de contratar, veja alguns pontos pr\u00e1ticos que otimizam o investimento e elevam o conforto visual da sala sem ultrapassar o or\u00e7amento estipulado.<\/p>\n\n\n\n<ul class=\"wp-block-list\">\n<li><strong>Planejamento pr\u00e9vio<\/strong>: reduz erros e evita instala\u00e7\u00e3o de pontos desnecess\u00e1rios.<\/li>\n\n\n\n<li><strong>LED de qualidade<\/strong>: maior durabilidade e economia de energia.<\/li>\n\n\n\n<li><strong>Profissional especializado<\/strong>: execu\u00e7\u00e3o correta e acabamento superior.<\/li>\n<\/ul>\n\n\n\n<p><\/p>\n","protected":false},"excerpt":{"rendered":"<p>Muitas salas ainda sofrem com ilumina\u00e7\u00e3o insuficiente, pontos mal distribu\u00eddos e alto consumo de energia. A instala\u00e7\u00e3o de LED embutido surge como solu\u00e7\u00e3o moderna que melhora o visual, reduz gastos e transforma o ambiente com efici\u00eancia. Quanto custa instalar LED embutido em uma sala padr\u00e3o? Para uma sala de 20 a 25 m\u00b2, o investimento [&hellip;]<\/p>\n","protected":false},"author":13,"featured_media":129112,"comment_status":"open","ping_status":"open","sticky":false,"template":"","format":"standard","meta":{"jnews-multi-image_gallery":[],"jnews_single_post":{"format":"standard"},"jnews_primary_category":[],"jnews_social_meta":[],"jnews_override_counter":[],"footnotes":""},"categories":[8819],"tags":[19024,19025,19023],"class_list":["post-129073","post","type-post","status-publish","format-standard","has-post-thumbnail","hentry","category-curiosidades","tag-fitas-de-led","tag-iluminacao-de-casa","tag-led-embutido"],"yoast_head":"<!-- This site is optimized with the Yoast SEO plugin v23.8 - https:\/\/yoast.com\/wordpress\/plugins\/seo\/ -->\n<title>Quanto custa fazer a instala\u00e7\u00e3o de LED embutido na sala de estar - Estado de Minas - Em foco<\/title>\n<meta name=\"description\" content=\"Ilumina\u00e7\u00e3o bem planejada deixa sua sala mais bonita, moderna e econ\u00f4mica. Veja quanto custa mudar tudo sem gastar demais.\" \/>\n<meta name=\"robots\" content=\"index, follow, max-snippet:-1, max-image-preview:large, max-video-preview:-1\" \/>\n<link rel=\"canonical\" href=\"https:\/\/www.em.com.br\/emfoco\/2025\/11\/20\/quanto-custa-fazer-a-instalacao-de-led-embutido-na-sala-de-estar\/\" \/>\n<meta property=\"og:locale\" content=\"pt_BR\" \/>\n<meta property=\"og:type\" content=\"article\" \/>\n<meta property=\"og:title\" content=\"Quanto custa fazer a instala\u00e7\u00e3o de LED embutido na sala de estar - Estado de Minas - Em foco\" \/>\n<meta property=\"og:description\" content=\"Ilumina\u00e7\u00e3o bem planejada deixa sua sala mais bonita, moderna e econ\u00f4mica. Veja quanto custa mudar tudo sem gastar demais.\" \/>\n<meta property=\"og:url\" content=\"https:\/\/www.em.com.br\/emfoco\/2025\/11\/20\/quanto-custa-fazer-a-instalacao-de-led-embutido-na-sala-de-estar\/\" \/>\n<meta property=\"og:site_name\" content=\"Estado de Minas - Em foco\" \/>\n<meta property=\"article:published_time\" content=\"2025-11-20T16:05:00+00:00\" \/>\n<meta property=\"article:modified_time\" content=\"2025-11-18T19:53:04+00:00\" \/>\n<meta property=\"og:image\" content=\"https:\/\/www.em.com.br\/emfoco\/wp-content\/uploads\/2025\/11\/Sala-Moderna-com-LED-Embutido-1280x720-1.jpg\" \/>\n\t<meta property=\"og:image:width\" content=\"1280\" \/>\n\t<meta property=\"og:image:height\" content=\"720\" \/>\n\t<meta property=\"og:image:type\" content=\"image\/jpeg\" \/>\n<meta name=\"author\" content=\"Gabriel Martins\" \/>\n<meta name=\"twitter:card\" content=\"summary_large_image\" \/>\n<meta name=\"twitter:label1\" content=\"Escrito por\" \/>\n\t<meta name=\"twitter:data1\" content=\"Gabriel Martins\" \/>\n\t<meta name=\"twitter:label2\" content=\"Est. tempo de leitura\" \/>\n\t<meta name=\"twitter:data2\" content=\"4 minutos\" \/>\n<!-- \/ Yoast SEO plugin. -->","yoast_head_json":{"title":"Quanto custa fazer a instala\u00e7\u00e3o de LED embutido na sala de estar - Estado de Minas - Em foco","description":"Ilumina\u00e7\u00e3o bem planejada deixa sua sala mais bonita, moderna e econ\u00f4mica. Veja quanto custa mudar tudo sem gastar demais.","robots":{"index":"index","follow":"follow","max-snippet":"max-snippet:-1","max-image-preview":"max-image-preview:large","max-video-preview":"max-video-preview:-1"},"canonical":"https:\/\/www.em.com.br\/emfoco\/2025\/11\/20\/quanto-custa-fazer-a-instalacao-de-led-embutido-na-sala-de-estar\/","og_locale":"pt_BR","og_type":"article","og_title":"Quanto custa fazer a instala\u00e7\u00e3o de LED embutido na sala de estar - Estado de Minas - Em foco","og_description":"Ilumina\u00e7\u00e3o bem planejada deixa sua sala mais bonita, moderna e econ\u00f4mica. Veja quanto custa mudar tudo sem gastar demais.","og_url":"https:\/\/www.em.com.br\/emfoco\/2025\/11\/20\/quanto-custa-fazer-a-instalacao-de-led-embutido-na-sala-de-estar\/","og_site_name":"Estado de Minas - Em foco","article_published_time":"2025-11-20T16:05:00+00:00","article_modified_time":"2025-11-18T19:53:04+00:00","og_image":[{"width":1280,"height":720,"url":"https:\/\/www.em.com.br\/emfoco\/wp-content\/uploads\/2025\/11\/Sala-Moderna-com-LED-Embutido-1280x720-1.jpg","type":"image\/jpeg"}],"author":"Gabriel Martins","twitter_card":"summary_large_image","twitter_misc":{"Escrito por":"Gabriel Martins","Est. tempo de leitura":"4 minutos"},"schema":{"@context":"https:\/\/schema.org","@graph":[{"@type":"WebPage","@id":"https:\/\/www.em.com.br\/emfoco\/2025\/11\/20\/quanto-custa-fazer-a-instalacao-de-led-embutido-na-sala-de-estar\/","url":"https:\/\/www.em.com.br\/emfoco\/2025\/11\/20\/quanto-custa-fazer-a-instalacao-de-led-embutido-na-sala-de-estar\/","name":"Quanto custa fazer a instala\u00e7\u00e3o de LED embutido na sala de estar - Estado de Minas - Em foco","isPartOf":{"@id":"https:\/\/www.em.com.br\/emfoco\/#website"},"primaryImageOfPage":{"@id":"https:\/\/www.em.com.br\/emfoco\/2025\/11\/20\/quanto-custa-fazer-a-instalacao-de-led-embutido-na-sala-de-estar\/#primaryimage"},"image":{"@id":"https:\/\/www.em.com.br\/emfoco\/2025\/11\/20\/quanto-custa-fazer-a-instalacao-de-led-embutido-na-sala-de-estar\/#primaryimage"},"thumbnailUrl":"https:\/\/www.em.com.br\/emfoco\/wp-content\/uploads\/2025\/11\/Sala-Moderna-com-LED-Embutido-1280x720-1.jpg","datePublished":"2025-11-20T16:05:00+00:00","dateModified":"2025-11-18T19:53:04+00:00","author":{"@id":"https:\/\/www.em.com.br\/emfoco\/#\/schema\/person\/1c9ddeab18b98abeffef834667bcf08a"},"description":"Ilumina\u00e7\u00e3o bem planejada deixa sua sala mais bonita, moderna e econ\u00f4mica. Veja quanto custa mudar tudo sem gastar demais.","breadcrumb":{"@id":"https:\/\/www.em.com.br\/emfoco\/2025\/11\/20\/quanto-custa-fazer-a-instalacao-de-led-embutido-na-sala-de-estar\/#breadcrumb"},"inLanguage":"pt-BR","potentialAction":[{"@type":"ReadAction","target":["https:\/\/www.em.com.br\/emfoco\/2025\/11\/20\/quanto-custa-fazer-a-instalacao-de-led-embutido-na-sala-de-estar\/"]}]},{"@type":"ImageObject","inLanguage":"pt-BR","@id":"https:\/\/www.em.com.br\/emfoco\/2025\/11\/20\/quanto-custa-fazer-a-instalacao-de-led-embutido-na-sala-de-estar\/#primaryimage","url":"https:\/\/www.em.com.br\/emfoco\/wp-content\/uploads\/2025\/11\/Sala-Moderna-com-LED-Embutido-1280x720-1.jpg","contentUrl":"https:\/\/www.em.com.br\/emfoco\/wp-content\/uploads\/2025\/11\/Sala-Moderna-com-LED-Embutido-1280x720-1.jpg","width":1280,"height":720,"caption":"Instalar LED embutido melhora a ilumina\u00e7\u00e3o e reduz gastos mensais - Cr\u00e9ditos: Lovart"},{"@type":"BreadcrumbList","@id":"https:\/\/www.em.com.br\/emfoco\/2025\/11\/20\/quanto-custa-fazer-a-instalacao-de-led-embutido-na-sala-de-estar\/#breadcrumb","itemListElement":[{"@type":"ListItem","position":1,"name":"In\u00edcio","item":"https:\/\/www.em.com.br\/emfoco\/"},{"@type":"ListItem","position":2,"name":"Quanto custa fazer a instala\u00e7\u00e3o de LED embutido na sala de estar"}]},{"@type":"WebSite","@id":"https:\/\/www.em.com.br\/emfoco\/#website","url":"https:\/\/www.em.com.br\/emfoco\/","name":"Estado de Minas - Em foco","description":"Acompanhe as \u00faltimas not\u00edcias e fique bem informado sobre tudo o que acontece em Minas Gerais, Brasil e no mundo.","potentialAction":[{"@type":"SearchAction","target":{"@type":"EntryPoint","urlTemplate":"https:\/\/www.em.com.br\/emfoco\/?s={search_term_string}"},"query-input":{"@type":"PropertyValueSpecification","valueRequired":true,"valueName":"search_term_string"}}],"inLanguage":"pt-BR"},{"@type":"Person","@id":"https:\/\/www.em.com.br\/emfoco\/#\/schema\/person\/1c9ddeab18b98abeffef834667bcf08a","name":"Gabriel Martins","image":{"@type":"ImageObject","inLanguage":"pt-BR","@id":"https:\/\/www.em.com.br\/emfoco\/#\/schema\/person\/image\/","url":"https:\/\/secure.gravatar.com\/avatar\/f0f1e2efdfd88f1ad2cb08c5c2731e50?s=96&d=mm&r=g","contentUrl":"https:\/\/secure.gravatar.com\/avatar\/f0f1e2efdfd88f1ad2cb08c5c2731e50?s=96&d=mm&r=g","caption":"Gabriel Martins"},"sameAs":["https:\/\/www.em.com.br\/emfoco\/"],"url":"https:\/\/www.em.com.br\/emfoco\/author\/gabrielmartinsmyth\/"}]}},"_links":{"self":[{"href":"https:\/\/www.em.com.br\/emfoco\/wp-json\/wp\/v2\/posts\/129073","targetHints":{"allow":["GET"]}}],"collection":[{"href":"https:\/\/www.em.com.br\/emfoco\/wp-json\/wp\/v2\/posts"}],"about":[{"href":"https:\/\/www.em.com.br\/emfoco\/wp-json\/wp\/v2\/types\/post"}],"author":[{"embeddable":true,"href":"https:\/\/www.em.com.br\/emfoco\/wp-json\/wp\/v2\/users\/13"}],"replies":[{"embeddable":true,"href":"https:\/\/www.em.com.br\/emfoco\/wp-json\/wp\/v2\/comments?post=129073"}],"version-history":[{"count":1,"href":"https:\/\/www.em.com.br\/emfoco\/wp-json\/wp\/v2\/posts\/129073\/revisions"}],"predecessor-version":[{"id":129115,"href":"https:\/\/www.em.com.br\/emfoco\/wp-json\/wp\/v2\/posts\/129073\/revisions\/129115"}],"wp:featuredmedia":[{"embeddable":true,"href":"https:\/\/www.em.com.br\/emfoco\/wp-json\/wp\/v2\/media\/129112"}],"wp:attachment":[{"href":"https:\/\/www.em.com.br\/emfoco\/wp-json\/wp\/v2\/media?parent=129073"}],"wp:term":[{"taxonomy":"category","embeddable":true,"href":"https:\/\/www.em.com.br\/emfoco\/wp-json\/wp\/v2\/categories?post=129073"},{"taxonomy":"post_tag","embeddable":true,"href":"https:\/\/www.em.com.br\/emfoco\/wp-json\/wp\/v2\/tags?post=129073"}],"curies":[{"name":"wp","href":"https:\/\/api.w.org\/{rel}","templated":true}]}}