{"id":129067,"date":"2025-11-19T07:55:00","date_gmt":"2025-11-19T10:55:00","guid":{"rendered":"https:\/\/www.em.com.br\/emfoco\/?p=129067"},"modified":"2025-11-18T19:20:21","modified_gmt":"2025-11-18T22:20:21","slug":"lei-de-transito-endurece-punicoes-por-habito-popular-e-pode-surpreender-motoristas-desavisados-com-habilitacao-suspensa-por-2-anos-e-multa-de-ate-r-5-86940","status":"publish","type":"post","link":"https:\/\/www.em.com.br\/emfoco\/2025\/11\/19\/lei-de-transito-endurece-punicoes-por-habito-popular-e-pode-surpreender-motoristas-desavisados-com-habilitacao-suspensa-por-2-anos-e-multa-de-ate-r-5-86940\/","title":{"rendered":"Lei de tr\u00e2nsito endurece puni\u00e7\u00f5es por h\u00e1bito popular e pode surpreender motoristas desavisados com habilita\u00e7\u00e3o suspensa por 2 anos e multa de at\u00e9 R$ 5.869,40"},"content":{"rendered":"\n<p>As normas de tr\u00e2nsito no <strong>Brasil <\/strong>v\u00eam passando por revis\u00f5es frequentes para promover a seguran\u00e7a de motoristas e pedestres. O <strong>C\u00f3digo de Tr\u00e2nsito Brasileiro<\/strong> (CTB), institu\u00eddo pela&nbsp;<strong>Lei n\u00ba 9.503, de 23 de setembro de 1997<\/strong>, traz diretrizes rigorosas, como a suspens\u00e3o da <strong>Carteira Nacional de Habilita\u00e7\u00e3o <\/strong>(CNH) para quem dirige sob efeito de \u00e1lcool, demonstrando um compromisso cada vez maior com a redu\u00e7\u00e3o de acidentes e preserva\u00e7\u00e3o da vida.<\/p>\n\n\n\n<h2 class=\"wp-block-heading\">Penalidades para motoristas que dirigem alcoolizados no Brasil<\/h2>\n\n\n\n<p>Dirigir sob a influ\u00eancia de \u00e1lcool permanece como uma das principais causas de acidentes graves nas vias brasileiras. Segundo estat\u00edsticas recentes, incidentes envolvendo motoristas alcoolizados resultaram em um expressivo aumento no n\u00famero de ocorr\u00eancias, principalmente em&nbsp;<strong>2022<\/strong>.<\/p>\n\n\n\n<p>No Brasil, a puni\u00e7\u00e3o para quem dirige alcoolizado est\u00e1 prevista no <a href=\"https:\/\/www.ctbdigital.com.br\/artigo\/art165\" target=\"_blank\" rel=\"noreferrer noopener\">artigo 165<\/a> do C\u00f3digo de Tr\u00e2nsito Brasileiro (<a href=\"https:\/\/www.jusbrasil.com.br\/legislacao\/1882011874\/codigo-de-transito-brasileiro-lei-9503-97\" target=\"_blank\" rel=\"noreferrer noopener\">Lei n\u00ba 9.503\/1997<\/a>), e inclui a suspens\u00e3o da CNH por doze meses e multa de R$ 2.934,70. Em caso de reincid\u00eancia, a penalidade \u00e9 ainda mais severa, com multa dobrada, chegando a R$ 5.869,40, e suspens\u00e3o de at\u00e9 24 meses. Al\u00e9m disso, caso o teste de baf\u00f4metro seja igual ou superior a <strong>0,34 miligramas por litro de ar alveolar<\/strong>, o motorista pode responder criminalmente, com reclus\u00e3o que varia entre seis meses a tr\u00eas anos conforme o <a href=\"https:\/\/www.ctbdigital.com.br\/artigo\/art306\" target=\"_blank\" rel=\"noreferrer noopener\">artigo 306 do CTB<\/a>.<\/p>\n\n\n\n<figure class=\"wp-block-image\"><img decoding=\"async\" src=\"https:\/\/www.em.com.br\/emfoco\/wp-content\/uploads\/2025\/03\/multa_1741284933630-1024x576.jpg\" alt=\"\"\/><figcaption class=\"wp-element-caption\">A regra que est\u00e1 tirando o sono de muitos motoristas no tr\u00e2nsito &#8211; Cr\u00e9ditos: depositphotos.com \/ tonodiaz<\/figcaption><\/figure>\n\n\n\n<p>Vale ressaltar que, de fato, o motorista n\u00e3o \u00e9 obrigado a realizar o teste do baf\u00f4metro, podendo exercer o direito de recusa; por\u00e9m, o CTB prev\u00ea que, mesmo assim, o condutor est\u00e1 sujeito \u00e0s penalidades administrativas \u2013 como a suspens\u00e3o da CNH por 12 meses e multa de R$ 2.934,70, tamb\u00e9m aplicada em casos de recusa ao teste, mantendo o rigor da legisla\u00e7\u00e3o para garantir maior seguran\u00e7a no tr\u00e2nsito.<\/p>\n\n\n\n<h2 class=\"wp-block-heading\">O \u00e1lcool afeta a dire\u00e7\u00e3o e aumenta riscos no tr\u00e2nsito<\/h2>\n\n\n\n<p>A ingest\u00e3o de \u00e1lcool compromete a capacidade de resposta, aten\u00e7\u00e3o e julgamento fundamentais para a dire\u00e7\u00e3o segura. Isso aumenta o risco de acidentes nas estradas e coloca em perigo motoristas, passageiros e pedestres em todo o pa\u00eds.<\/p>\n\n\n\n<p>\u00c9 fundamental ressaltar alguns dos principais efeitos do \u00e1lcool na condu\u00e7\u00e3o e as consequ\u00eancias que trazem para o tr\u00e2nsito:<\/p>\n\n\n\n<ul class=\"wp-block-list\">\n<li>Diminui\u00e7\u00e3o da concentra\u00e7\u00e3o e do tempo de rea\u00e7\u00e3o;<\/li>\n\n\n\n<li>Comprometimento da percep\u00e7\u00e3o espacial;<\/li>\n\n\n\n<li>Aumento significativo da probabilidade de colis\u00f5es e acidentes;<\/li>\n\n\n\n<li>Eleva\u00e7\u00e3o do risco de ferimentos graves e fatais para todos os envolvidos.<\/li>\n<\/ul>\n\n\n\n<h2 class=\"wp-block-heading\">Novas leis de tr\u00e2nsito entram em vigor em 2025<\/h2>\n\n\n\n<p>No in\u00edcio de\u00a0<strong>2025<\/strong>, novas regulamenta\u00e7\u00f5es de tr\u00e2nsito ser\u00e3o implementadas no Brasil, buscando ampliar a seguran\u00e7a nas rodovias. Entre as mudan\u00e7as, destaca-se a exig\u00eancia de um exame espec\u00edfico para a renova\u00e7\u00e3o da <a href=\"https:\/\/www.em.com.br\/emfoco\/2025\/11\/11\/o-programa-cnh-social-libera-a-carteira-de-motorista-de-graca-para-todos\/\" target=\"_blank\" rel=\"noreferrer noopener\">CNH<\/a>, assegurando que os motoristas mantenham boas condi\u00e7\u00f5es f\u00edsicas e mentais para dirigir.<\/p>\n\n\n\n<p>Al\u00e9m disso, as condi\u00e7\u00f5es dos retrovisores dos ve\u00edculos ser\u00e3o fiscalizadas com maior rigor. Multas poder\u00e3o ser aplicadas em caso de n\u00e3o conformidade, conforme aprova\u00e7\u00e3o do&nbsp;<strong>Conselho Nacional de Tr\u00e2nsito<\/strong>&nbsp;em&nbsp;<strong>2023<\/strong>.<\/p>\n\n\n\n<h2 class=\"wp-block-heading\">Dicas essenciais para garantir mais seguran\u00e7a no tr\u00e2nsito<\/h2>\n\n\n\n<p>A seguran\u00e7a nas vias depende do respeito \u00e0s leis, da fiscaliza\u00e7\u00e3o constante e de campanhas educativas voltadas \u00e0 conscientiza\u00e7\u00e3o dos condutores. Manter atitudes respons\u00e1veis ao dirigir \u00e9 uma das formas mais eficazes de preservar vidas e reduzir acidentes.<\/p>\n\n\n\n<p>Veja algumas recomenda\u00e7\u00f5es importantes para aumentar a seguran\u00e7a de todos:<\/p>\n\n\n\n<ul class=\"wp-block-list\">\n<li>Respeite sempre os limites de velocidade;<\/li>\n\n\n\n<li>Nunca dirija sob influ\u00eancia de \u00e1lcool ou outras subst\u00e2ncias;<\/li>\n\n\n\n<li>Realize a manuten\u00e7\u00e3o regular do ve\u00edculo;<\/li>\n\n\n\n<li>Acompanhe campanhas educativas e mantenha-se informado sobre as regras de tr\u00e2nsito.<\/li>\n<\/ul>\n","protected":false},"excerpt":{"rendered":"<p>As normas de tr\u00e2nsito no Brasil v\u00eam passando por revis\u00f5es frequentes para promover a seguran\u00e7a de motoristas e pedestres. O C\u00f3digo de Tr\u00e2nsito Brasileiro (CTB), institu\u00eddo pela&nbsp;Lei n\u00ba 9.503, de 23 de setembro de 1997, traz diretrizes rigorosas, como a suspens\u00e3o da Carteira Nacional de Habilita\u00e7\u00e3o (CNH) para quem dirige sob efeito de \u00e1lcool, demonstrando [&hellip;]<\/p>\n","protected":false},"author":11,"featured_media":129230,"comment_status":"open","ping_status":"open","sticky":false,"template":"","format":"standard","meta":{"jnews-multi-image_gallery":[],"jnews_single_post":{"format":"standard"},"jnews_primary_category":[],"jnews_social_meta":[],"jnews_override_counter":[],"footnotes":""},"categories":[28,1],"tags":[14845,830,9442,765],"class_list":["post-129067","post","type-post","status-publish","format-standard","has-post-thumbnail","hentry","category-economia","category-noticias","tag-alcool-2","tag-cnh","tag-multa","tag-transito"],"yoast_head":"<!-- This site is optimized with the Yoast SEO plugin v23.8 - https:\/\/yoast.com\/wordpress\/plugins\/seo\/ -->\n<title>Lei de tr\u00e2nsito endurece puni\u00e7\u00f5es por h\u00e1bito popular e pode surpreender motoristas desavisados com habilita\u00e7\u00e3o suspensa por 2 anos e multa de at\u00e9 R$ 5.869,40 - Estado de Minas - Em foco<\/title>\n<meta name=\"description\" content=\"As novas regras de tr\u00e2nsito chegam com puni\u00e7\u00f5es mais duras e um detalhe espec\u00edfico est\u00e1 chamando aten\u00e7\u00e3o de quem dirige no pa\u00eds.\" \/>\n<meta name=\"robots\" content=\"index, follow, max-snippet:-1, max-image-preview:large, max-video-preview:-1\" \/>\n<link rel=\"canonical\" href=\"https:\/\/www.em.com.br\/emfoco\/2025\/11\/19\/lei-de-transito-endurece-punicoes-por-habito-popular-e-pode-surpreender-motoristas-desavisados-com-habilitacao-suspensa-por-2-anos-e-multa-de-ate-r-5-86940\/\" \/>\n<meta property=\"og:locale\" content=\"pt_BR\" \/>\n<meta property=\"og:type\" content=\"article\" \/>\n<meta property=\"og:title\" content=\"Lei de tr\u00e2nsito endurece puni\u00e7\u00f5es por h\u00e1bito popular e pode surpreender motoristas desavisados com habilita\u00e7\u00e3o suspensa por 2 anos e multa de at\u00e9 R$ 5.869,40 - Estado de Minas - Em foco\" \/>\n<meta property=\"og:description\" content=\"As novas regras de tr\u00e2nsito chegam com puni\u00e7\u00f5es mais duras e um detalhe espec\u00edfico est\u00e1 chamando aten\u00e7\u00e3o de quem dirige no pa\u00eds.\" \/>\n<meta property=\"og:url\" content=\"https:\/\/www.em.com.br\/emfoco\/2025\/11\/19\/lei-de-transito-endurece-punicoes-por-habito-popular-e-pode-surpreender-motoristas-desavisados-com-habilitacao-suspensa-por-2-anos-e-multa-de-ate-r-5-86940\/\" \/>\n<meta property=\"og:site_name\" content=\"Estado de Minas - Em foco\" \/>\n<meta property=\"article:published_time\" content=\"2025-11-19T10:55:00+00:00\" \/>\n<meta property=\"article:modified_time\" content=\"2025-11-18T22:20:21+00:00\" \/>\n<meta property=\"og:image\" content=\"https:\/\/www.em.com.br\/emfoco\/wp-content\/uploads\/2025\/11\/Gemini_Generated_Image_yllcukyllcukyllc-1.png\" \/>\n\t<meta property=\"og:image:width\" content=\"1280\" \/>\n\t<meta property=\"og:image:height\" content=\"720\" \/>\n\t<meta property=\"og:image:type\" content=\"image\/png\" \/>\n<meta name=\"author\" content=\"Andre\u0301 Rangel\u00a0\" \/>\n<meta name=\"twitter:card\" content=\"summary_large_image\" \/>\n<meta name=\"twitter:label1\" content=\"Escrito por\" \/>\n\t<meta name=\"twitter:data1\" content=\"Andre\u0301 Rangel\u00a0\" \/>\n\t<meta name=\"twitter:label2\" content=\"Est. tempo de leitura\" \/>\n\t<meta name=\"twitter:data2\" content=\"4 minutos\" \/>\n<!-- \/ Yoast SEO plugin. -->","yoast_head_json":{"title":"Lei de tr\u00e2nsito endurece puni\u00e7\u00f5es por h\u00e1bito popular e pode surpreender motoristas desavisados com habilita\u00e7\u00e3o suspensa por 2 anos e multa de at\u00e9 R$ 5.869,40 - Estado de Minas - Em foco","description":"As novas regras de tr\u00e2nsito chegam com puni\u00e7\u00f5es mais duras e um detalhe espec\u00edfico est\u00e1 chamando aten\u00e7\u00e3o de quem dirige no pa\u00eds.","robots":{"index":"index","follow":"follow","max-snippet":"max-snippet:-1","max-image-preview":"max-image-preview:large","max-video-preview":"max-video-preview:-1"},"canonical":"https:\/\/www.em.com.br\/emfoco\/2025\/11\/19\/lei-de-transito-endurece-punicoes-por-habito-popular-e-pode-surpreender-motoristas-desavisados-com-habilitacao-suspensa-por-2-anos-e-multa-de-ate-r-5-86940\/","og_locale":"pt_BR","og_type":"article","og_title":"Lei de tr\u00e2nsito endurece puni\u00e7\u00f5es por h\u00e1bito popular e pode surpreender motoristas desavisados com habilita\u00e7\u00e3o suspensa por 2 anos e multa de at\u00e9 R$ 5.869,40 - Estado de Minas - Em foco","og_description":"As novas regras de tr\u00e2nsito chegam com puni\u00e7\u00f5es mais duras e um detalhe espec\u00edfico est\u00e1 chamando aten\u00e7\u00e3o de quem dirige no pa\u00eds.","og_url":"https:\/\/www.em.com.br\/emfoco\/2025\/11\/19\/lei-de-transito-endurece-punicoes-por-habito-popular-e-pode-surpreender-motoristas-desavisados-com-habilitacao-suspensa-por-2-anos-e-multa-de-ate-r-5-86940\/","og_site_name":"Estado de Minas - Em foco","article_published_time":"2025-11-19T10:55:00+00:00","article_modified_time":"2025-11-18T22:20:21+00:00","og_image":[{"width":1280,"height":720,"url":"https:\/\/www.em.com.br\/emfoco\/wp-content\/uploads\/2025\/11\/Gemini_Generated_Image_yllcukyllcukyllc-1.png","type":"image\/png"}],"author":"Andre\u0301 Rangel\u00a0","twitter_card":"summary_large_image","twitter_misc":{"Escrito por":"Andre\u0301 Rangel\u00a0","Est. tempo de leitura":"4 minutos"},"schema":{"@context":"https:\/\/schema.org","@graph":[{"@type":"WebPage","@id":"https:\/\/www.em.com.br\/emfoco\/2025\/11\/19\/lei-de-transito-endurece-punicoes-por-habito-popular-e-pode-surpreender-motoristas-desavisados-com-habilitacao-suspensa-por-2-anos-e-multa-de-ate-r-5-86940\/","url":"https:\/\/www.em.com.br\/emfoco\/2025\/11\/19\/lei-de-transito-endurece-punicoes-por-habito-popular-e-pode-surpreender-motoristas-desavisados-com-habilitacao-suspensa-por-2-anos-e-multa-de-ate-r-5-86940\/","name":"Lei de tr\u00e2nsito endurece puni\u00e7\u00f5es por h\u00e1bito popular e pode surpreender motoristas desavisados com habilita\u00e7\u00e3o suspensa por 2 anos e multa de at\u00e9 R$ 5.869,40 - Estado de Minas - Em foco","isPartOf":{"@id":"https:\/\/www.em.com.br\/emfoco\/#website"},"primaryImageOfPage":{"@id":"https:\/\/www.em.com.br\/emfoco\/2025\/11\/19\/lei-de-transito-endurece-punicoes-por-habito-popular-e-pode-surpreender-motoristas-desavisados-com-habilitacao-suspensa-por-2-anos-e-multa-de-ate-r-5-86940\/#primaryimage"},"image":{"@id":"https:\/\/www.em.com.br\/emfoco\/2025\/11\/19\/lei-de-transito-endurece-punicoes-por-habito-popular-e-pode-surpreender-motoristas-desavisados-com-habilitacao-suspensa-por-2-anos-e-multa-de-ate-r-5-86940\/#primaryimage"},"thumbnailUrl":"https:\/\/www.em.com.br\/emfoco\/wp-content\/uploads\/2025\/11\/Gemini_Generated_Image_yllcukyllcukyllc-1.png","datePublished":"2025-11-19T10:55:00+00:00","dateModified":"2025-11-18T22:20:21+00:00","author":{"@id":"https:\/\/www.em.com.br\/emfoco\/#\/schema\/person\/60eda09c1fedf0d6891f4cef4b60b8b8"},"description":"As novas regras de tr\u00e2nsito chegam com puni\u00e7\u00f5es mais duras e um detalhe espec\u00edfico est\u00e1 chamando aten\u00e7\u00e3o de quem dirige no pa\u00eds.","breadcrumb":{"@id":"https:\/\/www.em.com.br\/emfoco\/2025\/11\/19\/lei-de-transito-endurece-punicoes-por-habito-popular-e-pode-surpreender-motoristas-desavisados-com-habilitacao-suspensa-por-2-anos-e-multa-de-ate-r-5-86940\/#breadcrumb"},"inLanguage":"pt-BR","potentialAction":[{"@type":"ReadAction","target":["https:\/\/www.em.com.br\/emfoco\/2025\/11\/19\/lei-de-transito-endurece-punicoes-por-habito-popular-e-pode-surpreender-motoristas-desavisados-com-habilitacao-suspensa-por-2-anos-e-multa-de-ate-r-5-86940\/"]}]},{"@type":"ImageObject","inLanguage":"pt-BR","@id":"https:\/\/www.em.com.br\/emfoco\/2025\/11\/19\/lei-de-transito-endurece-punicoes-por-habito-popular-e-pode-surpreender-motoristas-desavisados-com-habilitacao-suspensa-por-2-anos-e-multa-de-ate-r-5-86940\/#primaryimage","url":"https:\/\/www.em.com.br\/emfoco\/wp-content\/uploads\/2025\/11\/Gemini_Generated_Image_yllcukyllcukyllc-1.png","contentUrl":"https:\/\/www.em.com.br\/emfoco\/wp-content\/uploads\/2025\/11\/Gemini_Generated_Image_yllcukyllcukyllc-1.png","width":1280,"height":720,"caption":"Novas regras ambientais deixam motoristas em alerta"},{"@type":"BreadcrumbList","@id":"https:\/\/www.em.com.br\/emfoco\/2025\/11\/19\/lei-de-transito-endurece-punicoes-por-habito-popular-e-pode-surpreender-motoristas-desavisados-com-habilitacao-suspensa-por-2-anos-e-multa-de-ate-r-5-86940\/#breadcrumb","itemListElement":[{"@type":"ListItem","position":1,"name":"In\u00edcio","item":"https:\/\/www.em.com.br\/emfoco\/"},{"@type":"ListItem","position":2,"name":"Lei de tr\u00e2nsito endurece puni\u00e7\u00f5es por h\u00e1bito popular e pode surpreender motoristas desavisados com habilita\u00e7\u00e3o suspensa por 2 anos e multa de at\u00e9 R$ 5.869,40"}]},{"@type":"WebSite","@id":"https:\/\/www.em.com.br\/emfoco\/#website","url":"https:\/\/www.em.com.br\/emfoco\/","name":"Estado de Minas - Em foco","description":"Acompanhe as \u00faltimas not\u00edcias e fique bem informado sobre tudo o que acontece em Minas Gerais, Brasil e no mundo.","potentialAction":[{"@type":"SearchAction","target":{"@type":"EntryPoint","urlTemplate":"https:\/\/www.em.com.br\/emfoco\/?s={search_term_string}"},"query-input":{"@type":"PropertyValueSpecification","valueRequired":true,"valueName":"search_term_string"}}],"inLanguage":"pt-BR"},{"@type":"Person","@id":"https:\/\/www.em.com.br\/emfoco\/#\/schema\/person\/60eda09c1fedf0d6891f4cef4b60b8b8","name":"Andre\u0301 Rangel\u00a0","image":{"@type":"ImageObject","inLanguage":"pt-BR","@id":"https:\/\/www.em.com.br\/emfoco\/#\/schema\/person\/image\/","url":"https:\/\/secure.gravatar.com\/avatar\/6234dc814c77c8ef6d8bba622c787efc?s=96&d=mm&r=g","contentUrl":"https:\/\/secure.gravatar.com\/avatar\/6234dc814c77c8ef6d8bba622c787efc?s=96&d=mm&r=g","caption":"Andre\u0301 Rangel\u00a0"},"url":"https:\/\/www.em.com.br\/emfoco\/author\/luizmyth\/"}]}},"_links":{"self":[{"href":"https:\/\/www.em.com.br\/emfoco\/wp-json\/wp\/v2\/posts\/129067","targetHints":{"allow":["GET"]}}],"collection":[{"href":"https:\/\/www.em.com.br\/emfoco\/wp-json\/wp\/v2\/posts"}],"about":[{"href":"https:\/\/www.em.com.br\/emfoco\/wp-json\/wp\/v2\/types\/post"}],"author":[{"embeddable":true,"href":"https:\/\/www.em.com.br\/emfoco\/wp-json\/wp\/v2\/users\/11"}],"replies":[{"embeddable":true,"href":"https:\/\/www.em.com.br\/emfoco\/wp-json\/wp\/v2\/comments?post=129067"}],"version-history":[{"count":3,"href":"https:\/\/www.em.com.br\/emfoco\/wp-json\/wp\/v2\/posts\/129067\/revisions"}],"predecessor-version":[{"id":129232,"href":"https:\/\/www.em.com.br\/emfoco\/wp-json\/wp\/v2\/posts\/129067\/revisions\/129232"}],"wp:featuredmedia":[{"embeddable":true,"href":"https:\/\/www.em.com.br\/emfoco\/wp-json\/wp\/v2\/media\/129230"}],"wp:attachment":[{"href":"https:\/\/www.em.com.br\/emfoco\/wp-json\/wp\/v2\/media?parent=129067"}],"wp:term":[{"taxonomy":"category","embeddable":true,"href":"https:\/\/www.em.com.br\/emfoco\/wp-json\/wp\/v2\/categories?post=129067"},{"taxonomy":"post_tag","embeddable":true,"href":"https:\/\/www.em.com.br\/emfoco\/wp-json\/wp\/v2\/tags?post=129067"}],"curies":[{"name":"wp","href":"https:\/\/api.w.org\/{rel}","templated":true}]}}