{"id":129007,"date":"2025-11-19T17:25:00","date_gmt":"2025-11-19T20:25:00","guid":{"rendered":"https:\/\/www.em.com.br\/emfoco\/?p=129007"},"modified":"2025-11-18T14:51:22","modified_gmt":"2025-11-18T17:51:22","slug":"stf-libera-a-isencao-do-imposto-de-renda-para-aposentados","status":"publish","type":"post","link":"https:\/\/www.em.com.br\/emfoco\/2025\/11\/19\/stf-libera-a-isencao-do-imposto-de-renda-para-aposentados\/","title":{"rendered":"STF libera a isen\u00e7\u00e3o do imposto de renda para aposentados"},"content":{"rendered":"\n<p>Uma recente decis\u00e3o do <strong>Supremo Tribunal Federal<\/strong> alterou significativamente o cen\u00e1rio fiscal dos brasileiros aposentados que vivem no exterior, ao considerar, no <strong>Tema 1.174<\/strong>, que benef\u00edcios de aposentadoria e pens\u00e3o pagos a residentes fora do <strong>Brasil <\/strong>s\u00e3o isentos de imposto de renda, repercutindo em diversas senten\u00e7as judiciais pelo pa\u00eds.<\/p>\n\n\n\n<h2 class=\"wp-block-heading\">Qual \u00e9 o impacto da decis\u00e3o do STF nas finan\u00e7as de brasileiros no exterior?<\/h2>\n\n\n<div class=\"wp-block-image\">\n<figure class=\"aligncenter size-large\"><img loading=\"lazy\" decoding=\"async\" width=\"1024\" height=\"576\" src=\"https:\/\/www.em.com.br\/emfoco\/wp-content\/uploads\/2025\/07\/stf_1751534488335-1024x576.jpg\" alt=\"STF confirma fim autom\u00e1tico do aux\u00edlio-doen\u00e7a ap\u00f3s 120 dias\" class=\"wp-image-70848\" srcset=\"https:\/\/www.em.com.br\/emfoco\/wp-content\/uploads\/2025\/07\/stf_1751534488335-1024x576.jpg 1024w, https:\/\/www.em.com.br\/emfoco\/wp-content\/uploads\/2025\/07\/stf_1751534488335-300x169.jpg 300w, https:\/\/www.em.com.br\/emfoco\/wp-content\/uploads\/2025\/07\/stf_1751534488335-768x432.jpg 768w, https:\/\/www.em.com.br\/emfoco\/wp-content\/uploads\/2025\/07\/stf_1751534488335-750x422.jpg 750w, https:\/\/www.em.com.br\/emfoco\/wp-content\/uploads\/2025\/07\/stf_1751534488335-1140x641.jpg 1140w, https:\/\/www.em.com.br\/emfoco\/wp-content\/uploads\/2025\/07\/stf_1751534488335.jpg 1280w\" sizes=\"auto, (max-width: 1024px) 100vw, 1024px\" \/><figcaption class=\"wp-element-caption\">Use o segredo do STF agora &#8211; Cr\u00e9ditos: depositphotos.com \/ diegograndi<\/figcaption><\/figure><\/div>\n\n\n<p>O entendimento firmado pelo <strong>STF <\/strong>considerou inconstitucional a cobran\u00e7a do imposto sobre aposentadorias de residentes fora do pa\u00eds. Esse posicionamento foi determinante para que a <strong>Justi\u00e7a Federal<\/strong>, como exemplificado na senten\u00e7a do juiz <strong>S\u00f3crates Le\u00e3o Vieira<\/strong> em <strong>An\u00e1polis<\/strong>, anulasse cobran\u00e7as passadas contra aposentados que vivem no exterior.<\/p>\n\n\n\n<p>No caso analisado, a autora buscou afastar a obriga\u00e7\u00e3o de pagar imposto de renda sobre sua aposentadoria e a restitui\u00e7\u00e3o dos valores pagos desde 2020. Apesar da resist\u00eancia inicial da <strong>Uni\u00e3o<\/strong>, o <strong>STF <\/strong>j\u00e1 havia consolidado entendimento contra a al\u00edquota de 25%, levando \u00e0 decis\u00e3o em favor da contribuinte.<\/p>\n\n\n\n<h2 class=\"wp-block-heading\">Como a Justi\u00e7a est\u00e1 aplicando a isen\u00e7\u00e3o para aposentados fora do Brasil?<\/h2>\n\n\n\n<p>A <strong>Justi\u00e7a <\/strong>tem reconhecido integralmente o direito dos aposentados no exterior de n\u00e3o serem tributados pelo imposto de renda em seus benef\u00edcios. Recentemente, decis\u00f5es em primeira inst\u00e2ncia anularam a cobran\u00e7a e determinaram a devolu\u00e7\u00e3o de valores pagos a maior, dando efeito imediato \u00e0s orienta\u00e7\u00f5es do <strong>STF<\/strong>.<\/p>\n\n\n\n<p>Essas decis\u00f5es tamb\u00e9m determinam a interrup\u00e7\u00e3o imediata da reten\u00e7\u00e3o do imposto sobre os proventos dos benefici\u00e1rios, fortalecendo o car\u00e1ter protetivo da regra fiscal rec\u00e9m-consolidada. Isso incentiva outros brasileiros em situa\u00e7\u00e3o semelhante a buscarem a devida repara\u00e7\u00e3o.<\/p>\n\n\n\n<h2 class=\"wp-block-heading\">Essas decis\u00f5es afetam diretamente todos os aposentados que moram fora do Brasil?<\/h2>\n\n\n\n<p>Sim, a interpreta\u00e7\u00e3o do <strong><a href=\"https:\/\/portal.stf.jus.br\/jurisprudenciaRepercussao\/verAndamentoProcesso.asp?incidente=6179161&amp;numeroProcesso=1327491&amp;classeProcesso=ARE&amp;numeroTema=1174\" target=\"_blank\" rel=\"noreferrer noopener\">Tema 1.174<\/a><\/strong> \u00e9 v\u00e1lida para todos os brasileiros aposentados residentes no exterior, desde que seus rendimentos estejam enquadrados conforme os crit\u00e9rios definidos pelo <strong>STF<\/strong>. Isso vale inclusive para aposentadorias equivalentes a um sal\u00e1rio m\u00ednimo, j\u00e1 automaticamente isentas do imposto.<\/p>\n\n\n\n<p>Para quem se enquadra nessas situa\u00e7\u00f5es, \u00e9 recomend\u00e1vel observar alguns pontos ao buscar a repara\u00e7\u00e3o judicial, de acordo com as novas orienta\u00e7\u00f5es:<\/p>\n\n\n\n<ul class=\"wp-block-list\">\n<li>Comprovar resid\u00eancia oficial fora do <strong>Brasil<\/strong>.<\/li>\n\n\n\n<li>Verificar se o benef\u00edcio previdenci\u00e1rio \u00e9 de aposentadoria ou pens\u00e3o.<\/li>\n\n\n\n<li>Observar prazos para solicitar restitui\u00e7\u00e3o (m\u00e1ximo cinco anos retroativos).<\/li>\n\n\n\n<li>Buscar assist\u00eancia jur\u00eddica especializada para a\u00e7\u00e3o adequada.<\/li>\n<\/ul>\n\n\n\n<p>Leia mais: <a href=\"https:\/\/www.em.com.br\/emfoco\/2025\/10\/18\/stf-confirma-fim-automatico-do-auxilio-doenca-apos-120-dias\/\" target=\"_blank\" rel=\"noreferrer noopener\">STF confirma fim autom\u00e1tico do aux\u00edlio-doen\u00e7a ap\u00f3s 120 dias<\/a><\/p>\n\n\n\n<h2 class=\"wp-block-heading\">Quais s\u00e3o as pr\u00f3ximas etapas para os aposentados do exterior ap\u00f3s a decis\u00e3o do STF?<\/h2>\n\n\n\n<p>Ap\u00f3s a decis\u00e3o, cada aposentado que foi tributado indevidamente pode ingressar com a\u00e7\u00e3o judicial para pedir a restitui\u00e7\u00e3o dos valores pagos nos \u00faltimos cinco anos, sendo essas quantias corrigidas pela <strong>taxa Selic<\/strong>. Al\u00e9m disso, os tribunais v\u00eam garantindo a interrup\u00e7\u00e3o imediata das reten\u00e7\u00f5es futuras.<\/p>\n\n\n\n<p>O acompanhamento jur\u00eddico se tornou essencial para garantir o fim da tributa\u00e7\u00e3o indevida. A decis\u00e3o tamb\u00e9m destaca a necessidade de aten\u00e7\u00e3o aos pr\u00f3ximos julgamentos e poss\u00edveis altera\u00e7\u00f5es na legisla\u00e7\u00e3o, tornando o suporte especializado um diferencial para manter a estabilidade financeira desses brasileiros no exterior.<\/p>\n","protected":false},"excerpt":{"rendered":"<p>Uma recente decis\u00e3o do Supremo Tribunal Federal alterou significativamente o cen\u00e1rio fiscal dos brasileiros aposentados que vivem no exterior, ao considerar, no Tema 1.174, que benef\u00edcios de aposentadoria e pens\u00e3o pagos a residentes fora do Brasil s\u00e3o isentos de imposto de renda, repercutindo em diversas senten\u00e7as judiciais pelo pa\u00eds. Qual \u00e9 o impacto da decis\u00e3o [&hellip;]<\/p>\n","protected":false},"author":20,"featured_media":54988,"comment_status":"open","ping_status":"open","sticky":false,"template":"","format":"standard","meta":{"jnews-multi-image_gallery":[],"jnews_single_post":{"format":"standard"},"jnews_primary_category":[],"jnews_social_meta":[],"jnews_override_counter":[],"footnotes":""},"categories":[28,1],"tags":[529,713,173],"class_list":["post-129007","post","type-post","status-publish","format-standard","has-post-thumbnail","hentry","category-economia","category-noticias","tag-aposentados","tag-imposto-de-renda","tag-stf"],"yoast_head":"<!-- This site is optimized with the Yoast SEO plugin v23.8 - https:\/\/yoast.com\/wordpress\/plugins\/seo\/ -->\n<title>STF libera a isen\u00e7\u00e3o do imposto de renda para aposentados - Estado de Minas - Em foco<\/title>\n<meta name=\"description\" content=\"STF aprova isen\u00e7\u00e3o de imposto de renda para aposentados, garantindo mais renda dispon\u00edvel e al\u00edvio financeiro para quem j\u00e1 contribuiu a vida.\" \/>\n<meta name=\"robots\" content=\"index, follow, max-snippet:-1, max-image-preview:large, max-video-preview:-1\" \/>\n<link rel=\"canonical\" href=\"https:\/\/www.em.com.br\/emfoco\/2025\/11\/19\/stf-libera-a-isencao-do-imposto-de-renda-para-aposentados\/\" \/>\n<meta property=\"og:locale\" content=\"pt_BR\" \/>\n<meta property=\"og:type\" content=\"article\" \/>\n<meta property=\"og:title\" content=\"STF libera a isen\u00e7\u00e3o do imposto de renda para aposentados - Estado de Minas - Em foco\" \/>\n<meta property=\"og:description\" content=\"STF aprova isen\u00e7\u00e3o de imposto de renda para aposentados, garantindo mais renda dispon\u00edvel e al\u00edvio financeiro para quem j\u00e1 contribuiu a vida.\" \/>\n<meta property=\"og:url\" content=\"https:\/\/www.em.com.br\/emfoco\/2025\/11\/19\/stf-libera-a-isencao-do-imposto-de-renda-para-aposentados\/\" \/>\n<meta property=\"og:site_name\" content=\"Estado de Minas - Em foco\" \/>\n<meta property=\"article:published_time\" content=\"2025-11-19T20:25:00+00:00\" \/>\n<meta property=\"article:modified_time\" content=\"2025-11-18T17:51:22+00:00\" \/>\n<meta property=\"og:image\" content=\"https:\/\/www.em.com.br\/emfoco\/wp-content\/uploads\/2025\/06\/aposentado-dinheiro-reais_1743473135543.jpg\" \/>\n\t<meta property=\"og:image:width\" content=\"1280\" \/>\n\t<meta property=\"og:image:height\" content=\"720\" \/>\n\t<meta property=\"og:image:type\" content=\"image\/jpeg\" \/>\n<meta name=\"author\" content=\"Ingrid Diniz\" \/>\n<meta name=\"twitter:card\" content=\"summary_large_image\" \/>\n<meta name=\"twitter:label1\" content=\"Escrito por\" \/>\n\t<meta name=\"twitter:data1\" content=\"Ingrid Diniz\" \/>\n\t<meta name=\"twitter:label2\" content=\"Est. tempo de leitura\" \/>\n\t<meta name=\"twitter:data2\" content=\"4 minutos\" \/>\n<!-- \/ Yoast SEO plugin. -->","yoast_head_json":{"title":"STF libera a isen\u00e7\u00e3o do imposto de renda para aposentados - Estado de Minas - Em foco","description":"STF aprova isen\u00e7\u00e3o de imposto de renda para aposentados, garantindo mais renda dispon\u00edvel e al\u00edvio financeiro para quem j\u00e1 contribuiu a vida.","robots":{"index":"index","follow":"follow","max-snippet":"max-snippet:-1","max-image-preview":"max-image-preview:large","max-video-preview":"max-video-preview:-1"},"canonical":"https:\/\/www.em.com.br\/emfoco\/2025\/11\/19\/stf-libera-a-isencao-do-imposto-de-renda-para-aposentados\/","og_locale":"pt_BR","og_type":"article","og_title":"STF libera a isen\u00e7\u00e3o do imposto de renda para aposentados - Estado de Minas - Em foco","og_description":"STF aprova isen\u00e7\u00e3o de imposto de renda para aposentados, garantindo mais renda dispon\u00edvel e al\u00edvio financeiro para quem j\u00e1 contribuiu a vida.","og_url":"https:\/\/www.em.com.br\/emfoco\/2025\/11\/19\/stf-libera-a-isencao-do-imposto-de-renda-para-aposentados\/","og_site_name":"Estado de Minas - Em foco","article_published_time":"2025-11-19T20:25:00+00:00","article_modified_time":"2025-11-18T17:51:22+00:00","og_image":[{"width":1280,"height":720,"url":"https:\/\/www.em.com.br\/emfoco\/wp-content\/uploads\/2025\/06\/aposentado-dinheiro-reais_1743473135543.jpg","type":"image\/jpeg"}],"author":"Ingrid Diniz","twitter_card":"summary_large_image","twitter_misc":{"Escrito por":"Ingrid Diniz","Est. tempo de leitura":"4 minutos"},"schema":{"@context":"https:\/\/schema.org","@graph":[{"@type":"WebPage","@id":"https:\/\/www.em.com.br\/emfoco\/2025\/11\/19\/stf-libera-a-isencao-do-imposto-de-renda-para-aposentados\/","url":"https:\/\/www.em.com.br\/emfoco\/2025\/11\/19\/stf-libera-a-isencao-do-imposto-de-renda-para-aposentados\/","name":"STF libera a isen\u00e7\u00e3o do imposto de renda para aposentados - Estado de Minas - Em foco","isPartOf":{"@id":"https:\/\/www.em.com.br\/emfoco\/#website"},"primaryImageOfPage":{"@id":"https:\/\/www.em.com.br\/emfoco\/2025\/11\/19\/stf-libera-a-isencao-do-imposto-de-renda-para-aposentados\/#primaryimage"},"image":{"@id":"https:\/\/www.em.com.br\/emfoco\/2025\/11\/19\/stf-libera-a-isencao-do-imposto-de-renda-para-aposentados\/#primaryimage"},"thumbnailUrl":"https:\/\/www.em.com.br\/emfoco\/wp-content\/uploads\/2025\/06\/aposentado-dinheiro-reais_1743473135543.jpg","datePublished":"2025-11-19T20:25:00+00:00","dateModified":"2025-11-18T17:51:22+00:00","author":{"@id":"https:\/\/www.em.com.br\/emfoco\/#\/schema\/person\/649e610b4eb8fff87ff394e54fe17b2b"},"description":"STF aprova isen\u00e7\u00e3o de imposto de renda para aposentados, garantindo mais renda dispon\u00edvel e al\u00edvio financeiro para quem j\u00e1 contribuiu a vida.","breadcrumb":{"@id":"https:\/\/www.em.com.br\/emfoco\/2025\/11\/19\/stf-libera-a-isencao-do-imposto-de-renda-para-aposentados\/#breadcrumb"},"inLanguage":"pt-BR","potentialAction":[{"@type":"ReadAction","target":["https:\/\/www.em.com.br\/emfoco\/2025\/11\/19\/stf-libera-a-isencao-do-imposto-de-renda-para-aposentados\/"]}]},{"@type":"ImageObject","inLanguage":"pt-BR","@id":"https:\/\/www.em.com.br\/emfoco\/2025\/11\/19\/stf-libera-a-isencao-do-imposto-de-renda-para-aposentados\/#primaryimage","url":"https:\/\/www.em.com.br\/emfoco\/wp-content\/uploads\/2025\/06\/aposentado-dinheiro-reais_1743473135543.jpg","contentUrl":"https:\/\/www.em.com.br\/emfoco\/wp-content\/uploads\/2025\/06\/aposentado-dinheiro-reais_1743473135543.jpg","width":1280,"height":720,"caption":"Novas regras do INSS que podem antecipar sua aposentadoria - Cr\u00e9ditos: depositphotos.com \/ rochu_2008"},{"@type":"BreadcrumbList","@id":"https:\/\/www.em.com.br\/emfoco\/2025\/11\/19\/stf-libera-a-isencao-do-imposto-de-renda-para-aposentados\/#breadcrumb","itemListElement":[{"@type":"ListItem","position":1,"name":"In\u00edcio","item":"https:\/\/www.em.com.br\/emfoco\/"},{"@type":"ListItem","position":2,"name":"STF libera a isen\u00e7\u00e3o do imposto de renda para aposentados"}]},{"@type":"WebSite","@id":"https:\/\/www.em.com.br\/emfoco\/#website","url":"https:\/\/www.em.com.br\/emfoco\/","name":"Estado de Minas - Em foco","description":"Acompanhe as \u00faltimas not\u00edcias e fique bem informado sobre tudo o que acontece em Minas Gerais, Brasil e no mundo.","potentialAction":[{"@type":"SearchAction","target":{"@type":"EntryPoint","urlTemplate":"https:\/\/www.em.com.br\/emfoco\/?s={search_term_string}"},"query-input":{"@type":"PropertyValueSpecification","valueRequired":true,"valueName":"search_term_string"}}],"inLanguage":"pt-BR"},{"@type":"Person","@id":"https:\/\/www.em.com.br\/emfoco\/#\/schema\/person\/649e610b4eb8fff87ff394e54fe17b2b","name":"Ingrid Diniz","image":{"@type":"ImageObject","inLanguage":"pt-BR","@id":"https:\/\/www.em.com.br\/emfoco\/#\/schema\/person\/image\/","url":"https:\/\/secure.gravatar.com\/avatar\/a3baa1449ec5c39b4c42babc9d4f3951?s=96&d=mm&r=g","contentUrl":"https:\/\/secure.gravatar.com\/avatar\/a3baa1449ec5c39b4c42babc9d4f3951?s=96&d=mm&r=g","caption":"Ingrid Diniz"},"sameAs":["https:\/\/www.em.com.br\/"],"url":"https:\/\/www.em.com.br\/emfoco\/author\/ingridmyth\/"}]}},"_links":{"self":[{"href":"https:\/\/www.em.com.br\/emfoco\/wp-json\/wp\/v2\/posts\/129007","targetHints":{"allow":["GET"]}}],"collection":[{"href":"https:\/\/www.em.com.br\/emfoco\/wp-json\/wp\/v2\/posts"}],"about":[{"href":"https:\/\/www.em.com.br\/emfoco\/wp-json\/wp\/v2\/types\/post"}],"author":[{"embeddable":true,"href":"https:\/\/www.em.com.br\/emfoco\/wp-json\/wp\/v2\/users\/20"}],"replies":[{"embeddable":true,"href":"https:\/\/www.em.com.br\/emfoco\/wp-json\/wp\/v2\/comments?post=129007"}],"version-history":[{"count":1,"href":"https:\/\/www.em.com.br\/emfoco\/wp-json\/wp\/v2\/posts\/129007\/revisions"}],"predecessor-version":[{"id":129026,"href":"https:\/\/www.em.com.br\/emfoco\/wp-json\/wp\/v2\/posts\/129007\/revisions\/129026"}],"wp:featuredmedia":[{"embeddable":true,"href":"https:\/\/www.em.com.br\/emfoco\/wp-json\/wp\/v2\/media\/54988"}],"wp:attachment":[{"href":"https:\/\/www.em.com.br\/emfoco\/wp-json\/wp\/v2\/media?parent=129007"}],"wp:term":[{"taxonomy":"category","embeddable":true,"href":"https:\/\/www.em.com.br\/emfoco\/wp-json\/wp\/v2\/categories?post=129007"},{"taxonomy":"post_tag","embeddable":true,"href":"https:\/\/www.em.com.br\/emfoco\/wp-json\/wp\/v2\/tags?post=129007"}],"curies":[{"name":"wp","href":"https:\/\/api.w.org\/{rel}","templated":true}]}}