{"id":129000,"date":"2025-11-19T17:55:00","date_gmt":"2025-11-19T20:55:00","guid":{"rendered":"https:\/\/www.em.com.br\/emfoco\/?p=129000"},"modified":"2025-11-18T14:49:37","modified_gmt":"2025-11-18T17:49:37","slug":"a-partir-de-quantos-kwh-comeca-a-valer-a-pena-instalar-energia-solar-em-casa","status":"publish","type":"post","link":"https:\/\/www.em.com.br\/emfoco\/2025\/11\/19\/a-partir-de-quantos-kwh-comeca-a-valer-a-pena-instalar-energia-solar-em-casa\/","title":{"rendered":"A partir de quantos kWh come\u00e7a a valer a pena instalar energia solar em casa"},"content":{"rendered":"\n<p>Muita gente com consumo baixo ainda tem d\u00favida se <strong>energia solar<\/strong> realmente compensa, especialmente quem acredita que o sistema s\u00f3 vale para casas grandes. A alta nas tarifas deixou essa avalia\u00e7\u00e3o mais urgente e faz mais fam\u00edlias questionarem o ponto em que o investimento come\u00e7a a gerar vantagem.<\/p>\n\n\n\n<h2 class=\"wp-block-heading\">Qual \u00e9 o consumo m\u00ednimo para come\u00e7ar a valer a pena?<\/h2>\n\n\n\n<p>A partir de cerca de <strong>150 kWh mensais<\/strong>, o sistema come\u00e7a a trazer economia significativa, pois essa faixa j\u00e1 permite gera\u00e7\u00e3o suficiente para compensar boa parte da conta. \u00c9 nesse ponto que o investimento passa a ter retorno financeiro mais claro ao longo dos meses.<\/p>\n\n\n\n<p>Entre 150 e 250 kWh\/m\u00eas est\u00e1 a faixa mais comum de resid\u00eancias pequenas que conseguem reduzir entre 50% e 90% do gasto. Quanto maior a <strong>tarifa da concession\u00e1ria<\/strong>, mais r\u00e1pido ocorre o <strong><a href=\"https:\/\/www.salesforce.com\/br\/blog\/payback\/\" target=\"_blank\" rel=\"noreferrer noopener\">payback<\/a><\/strong>, j\u00e1 que a energia compensada passa a valer mais.<\/p>\n\n\n\n<figure class=\"wp-block-image size-large\"><img loading=\"lazy\" decoding=\"async\" width=\"1024\" height=\"576\" src=\"https:\/\/www.em.com.br\/emfoco\/wp-content\/uploads\/2025\/11\/Conta-de-energia_1763488103724-1024x576.jpg\" alt=\"A partir de quantos kWh come\u00e7a a valer a pena instalar energia solar em casa\" class=\"wp-image-129022\" srcset=\"https:\/\/www.em.com.br\/emfoco\/wp-content\/uploads\/2025\/11\/Conta-de-energia_1763488103724-1024x576.jpg 1024w, https:\/\/www.em.com.br\/emfoco\/wp-content\/uploads\/2025\/11\/Conta-de-energia_1763488103724-300x169.jpg 300w, https:\/\/www.em.com.br\/emfoco\/wp-content\/uploads\/2025\/11\/Conta-de-energia_1763488103724-768x432.jpg 768w, https:\/\/www.em.com.br\/emfoco\/wp-content\/uploads\/2025\/11\/Conta-de-energia_1763488103724-750x422.jpg 750w, https:\/\/www.em.com.br\/emfoco\/wp-content\/uploads\/2025\/11\/Conta-de-energia_1763488103724-1140x641.jpg 1140w, https:\/\/www.em.com.br\/emfoco\/wp-content\/uploads\/2025\/11\/Conta-de-energia_1763488103724.jpg 1280w\" sizes=\"auto, (max-width: 1024px) 100vw, 1024px\" \/><figcaption class=\"wp-element-caption\">Consumo moderado j\u00e1 gera economia significativa ao longo dos meses &#8211; Cr\u00e9ditos: depositphotos.com \/ volgariver<\/figcaption><\/figure>\n\n\n\n<h2 class=\"wp-block-heading\">Como calcular quando o sistema come\u00e7a a gerar vantagem real?<\/h2>\n\n\n\n<p>Para entender seu ponto de benef\u00edcio, vale observar elementos como consumo m\u00e9dio, custo estimado do kit fotovoltaico, gera\u00e7\u00e3o esperada e economia mensal. Essas vari\u00e1veis ajudam a visualizar se o <strong>payback<\/strong> ser\u00e1 r\u00e1pido ou n\u00e3o no seu caso espec\u00edfico.<\/p>\n\n\n\n<ul class=\"wp-block-list\">\n<li><strong>100 kWh<\/strong>: economia pequena, payback mais longo devido ao baixo uso.<\/li>\n\n\n\n<li><strong>150 kWh<\/strong>: equil\u00edbrio ideal entre consumo e retorno financeiro.<\/li>\n\n\n\n<li><strong>200 kWh<\/strong>: forte potencial de economia com retorno mais acelerado.<\/li>\n<\/ul>\n\n\n\n<p><em>Leia mais: <strong><a href=\"https:\/\/www.em.com.br\/emfoco\/2025\/11\/16\/r15-que-mudaram-minha-conta-de-luz-mais-do-que-eu-esperava\/\" target=\"_blank\" rel=\"noreferrer noopener\">R$15 que mudaram minha conta de luz mais do que eu esperava<\/a><\/strong><\/em><\/p>\n\n\n\n<h2 class=\"wp-block-heading\">Por que casas pequenas tamb\u00e9m conseguem economizar muito?<\/h2>\n\n\n\n<p>Muita gente acredita que apenas resid\u00eancias grandes se beneficiam, mas fam\u00edlias com consumo moderado tamb\u00e9m reduzem bastante a conta. Isso ocorre porque o sistema gera cr\u00e9ditos que diminuem o valor final pago \u00e0 distribuidora, aumentando a <strong>efici\u00eancia do investimento<\/strong>.<\/p>\n\n\n\n<p>Mesmo consumos abaixo de 120 kWh podem compensar, dependendo do pre\u00e7o da energia e da radia\u00e7\u00e3o solar da regi\u00e3o. Em localidades com tarifas altas, o retorno se torna mais r\u00e1pido, tornando o investimento ainda mais <strong>vantajoso<\/strong>.<\/p>\n\n\n\n<figure class=\"wp-block-image size-large\"><img loading=\"lazy\" decoding=\"async\" width=\"1024\" height=\"576\" src=\"https:\/\/www.em.com.br\/emfoco\/wp-content\/uploads\/2025\/11\/Energia-solar_1763488153350-1024x576.jpg\" alt=\"A partir de quantos kWh come\u00e7a a valer a pena instalar energia solar em casa\" class=\"wp-image-129023\" srcset=\"https:\/\/www.em.com.br\/emfoco\/wp-content\/uploads\/2025\/11\/Energia-solar_1763488153350-1024x576.jpg 1024w, https:\/\/www.em.com.br\/emfoco\/wp-content\/uploads\/2025\/11\/Energia-solar_1763488153350-300x169.jpg 300w, https:\/\/www.em.com.br\/emfoco\/wp-content\/uploads\/2025\/11\/Energia-solar_1763488153350-768x432.jpg 768w, https:\/\/www.em.com.br\/emfoco\/wp-content\/uploads\/2025\/11\/Energia-solar_1763488153350-750x422.jpg 750w, https:\/\/www.em.com.br\/emfoco\/wp-content\/uploads\/2025\/11\/Energia-solar_1763488153350-1140x641.jpg 1140w, https:\/\/www.em.com.br\/emfoco\/wp-content\/uploads\/2025\/11\/Energia-solar_1763488153350.jpg 1280w\" sizes=\"auto, (max-width: 1024px) 100vw, 1024px\" \/><figcaption class=\"wp-element-caption\">Cr\u00e9ditos energ\u00e9ticos reduzem quase toda a conta mensal &#8211; Cr\u00e9ditos: depositphotos.com \/ AndrewLozovyi<\/figcaption><\/figure>\n\n\n\n<h2 class=\"wp-block-heading\">Quais fatores ajudam a identificar a melhor hora para investir?<\/h2>\n\n\n\n<p>Para decidir o momento certo, \u00e9 importante analisar elementos que influenciam diretamente o retorno financeiro, considerando desde o comportamento da conta de luz at\u00e9 caracter\u00edsticas do im\u00f3vel e da regi\u00e3o. Esses pontos ajudam a prever a <strong>economia mensal<\/strong>.<\/p>\n\n\n\n<ul class=\"wp-block-list\">\n<li><strong>Tarifa local<\/strong>: quanto maior o valor do kWh, mais r\u00e1pido o retorno.<\/li>\n\n\n\n<li><strong>Radia\u00e7\u00e3o solar<\/strong>: regi\u00f5es ensolaradas aumentam a gera\u00e7\u00e3o.<\/li>\n\n\n\n<li><strong>Meta financeira<\/strong>: quem busca reduzir gastos fixos tende a se beneficiar mais.<\/li>\n<\/ul>\n\n\n\n<p>A combina\u00e7\u00e3o certa desses fatores revela quando o investimento compensa de verdade, especialmente para quem paga caro pela eletricidade.<\/p>\n\n\n\n<p>A decis\u00e3o n\u00e3o depende s\u00f3 do consumo, mas da jun\u00e7\u00e3o entre tarifa, clima e objetivo financeiro. At\u00e9 casas pequenas podem transformar um gasto fixo alto em <strong>economia real<\/strong> com o sistema adequado e planejamento correto.<\/p>\n","protected":false},"excerpt":{"rendered":"<p>Muita gente com consumo baixo ainda tem d\u00favida se energia solar realmente compensa, especialmente quem acredita que o sistema s\u00f3 vale para casas grandes. A alta nas tarifas deixou essa avalia\u00e7\u00e3o mais urgente e faz mais fam\u00edlias questionarem o ponto em que o investimento come\u00e7a a gerar vantagem. Qual \u00e9 o consumo m\u00ednimo para come\u00e7ar [&hellip;]<\/p>\n","protected":false},"author":13,"featured_media":129021,"comment_status":"open","ping_status":"open","sticky":false,"template":"","format":"standard","meta":{"jnews-multi-image_gallery":[],"jnews_single_post":{"format":"standard"},"jnews_primary_category":[],"jnews_social_meta":[],"jnews_override_counter":[],"footnotes":""},"categories":[8819],"tags":[160,2120,4316,1449],"class_list":["post-129000","post","type-post","status-publish","format-standard","has-post-thumbnail","hentry","category-curiosidades","tag-economia","tag-energia-limpa","tag-energia-renovavel","tag-energia-solar"],"yoast_head":"<!-- This site is optimized with the Yoast SEO plugin v23.8 - https:\/\/yoast.com\/wordpress\/plugins\/seo\/ -->\n<title>A partir de quantos kWh come\u00e7a a valer a pena instalar energia solar em casa - Estado de Minas - Em foco<\/title>\n<meta name=\"description\" content=\"Consome pouco e paga caro na conta de luz? Energia solar est\u00e1 mudando a realidade de casas pequenas com economia de at\u00e9 90%.\" \/>\n<meta name=\"robots\" content=\"index, follow, max-snippet:-1, max-image-preview:large, max-video-preview:-1\" \/>\n<link rel=\"canonical\" href=\"https:\/\/www.em.com.br\/emfoco\/2025\/11\/19\/a-partir-de-quantos-kwh-comeca-a-valer-a-pena-instalar-energia-solar-em-casa\/\" \/>\n<meta property=\"og:locale\" content=\"pt_BR\" \/>\n<meta property=\"og:type\" content=\"article\" \/>\n<meta property=\"og:title\" content=\"A partir de quantos kWh come\u00e7a a valer a pena instalar energia solar em casa - Estado de Minas - Em foco\" \/>\n<meta property=\"og:description\" content=\"Consome pouco e paga caro na conta de luz? Energia solar est\u00e1 mudando a realidade de casas pequenas com economia de at\u00e9 90%.\" \/>\n<meta property=\"og:url\" content=\"https:\/\/www.em.com.br\/emfoco\/2025\/11\/19\/a-partir-de-quantos-kwh-comeca-a-valer-a-pena-instalar-energia-solar-em-casa\/\" \/>\n<meta property=\"og:site_name\" content=\"Estado de Minas - Em foco\" \/>\n<meta property=\"article:published_time\" content=\"2025-11-19T20:55:00+00:00\" \/>\n<meta property=\"article:modified_time\" content=\"2025-11-18T17:49:37+00:00\" \/>\n<meta property=\"og:image\" content=\"https:\/\/www.em.com.br\/emfoco\/wp-content\/uploads\/2025\/11\/Energia-solar_1763488076014.jpg\" \/>\n\t<meta property=\"og:image:width\" content=\"1280\" \/>\n\t<meta property=\"og:image:height\" content=\"720\" \/>\n\t<meta property=\"og:image:type\" content=\"image\/jpeg\" \/>\n<meta name=\"author\" content=\"Gabriel Martins\" \/>\n<meta name=\"twitter:card\" content=\"summary_large_image\" \/>\n<meta name=\"twitter:label1\" content=\"Escrito por\" \/>\n\t<meta name=\"twitter:data1\" content=\"Gabriel Martins\" \/>\n\t<meta name=\"twitter:label2\" content=\"Est. tempo de leitura\" \/>\n\t<meta name=\"twitter:data2\" content=\"4 minutos\" \/>\n<!-- \/ Yoast SEO plugin. -->","yoast_head_json":{"title":"A partir de quantos kWh come\u00e7a a valer a pena instalar energia solar em casa - Estado de Minas - Em foco","description":"Consome pouco e paga caro na conta de luz? Energia solar est\u00e1 mudando a realidade de casas pequenas com economia de at\u00e9 90%.","robots":{"index":"index","follow":"follow","max-snippet":"max-snippet:-1","max-image-preview":"max-image-preview:large","max-video-preview":"max-video-preview:-1"},"canonical":"https:\/\/www.em.com.br\/emfoco\/2025\/11\/19\/a-partir-de-quantos-kwh-comeca-a-valer-a-pena-instalar-energia-solar-em-casa\/","og_locale":"pt_BR","og_type":"article","og_title":"A partir de quantos kWh come\u00e7a a valer a pena instalar energia solar em casa - Estado de Minas - Em foco","og_description":"Consome pouco e paga caro na conta de luz? Energia solar est\u00e1 mudando a realidade de casas pequenas com economia de at\u00e9 90%.","og_url":"https:\/\/www.em.com.br\/emfoco\/2025\/11\/19\/a-partir-de-quantos-kwh-comeca-a-valer-a-pena-instalar-energia-solar-em-casa\/","og_site_name":"Estado de Minas - Em foco","article_published_time":"2025-11-19T20:55:00+00:00","article_modified_time":"2025-11-18T17:49:37+00:00","og_image":[{"width":1280,"height":720,"url":"https:\/\/www.em.com.br\/emfoco\/wp-content\/uploads\/2025\/11\/Energia-solar_1763488076014.jpg","type":"image\/jpeg"}],"author":"Gabriel Martins","twitter_card":"summary_large_image","twitter_misc":{"Escrito por":"Gabriel Martins","Est. tempo de leitura":"4 minutos"},"schema":{"@context":"https:\/\/schema.org","@graph":[{"@type":"WebPage","@id":"https:\/\/www.em.com.br\/emfoco\/2025\/11\/19\/a-partir-de-quantos-kwh-comeca-a-valer-a-pena-instalar-energia-solar-em-casa\/","url":"https:\/\/www.em.com.br\/emfoco\/2025\/11\/19\/a-partir-de-quantos-kwh-comeca-a-valer-a-pena-instalar-energia-solar-em-casa\/","name":"A partir de quantos kWh come\u00e7a a valer a pena instalar energia solar em casa - Estado de Minas - Em foco","isPartOf":{"@id":"https:\/\/www.em.com.br\/emfoco\/#website"},"primaryImageOfPage":{"@id":"https:\/\/www.em.com.br\/emfoco\/2025\/11\/19\/a-partir-de-quantos-kwh-comeca-a-valer-a-pena-instalar-energia-solar-em-casa\/#primaryimage"},"image":{"@id":"https:\/\/www.em.com.br\/emfoco\/2025\/11\/19\/a-partir-de-quantos-kwh-comeca-a-valer-a-pena-instalar-energia-solar-em-casa\/#primaryimage"},"thumbnailUrl":"https:\/\/www.em.com.br\/emfoco\/wp-content\/uploads\/2025\/11\/Energia-solar_1763488076014.jpg","datePublished":"2025-11-19T20:55:00+00:00","dateModified":"2025-11-18T17:49:37+00:00","author":{"@id":"https:\/\/www.em.com.br\/emfoco\/#\/schema\/person\/1c9ddeab18b98abeffef834667bcf08a"},"description":"Consome pouco e paga caro na conta de luz? Energia solar est\u00e1 mudando a realidade de casas pequenas com economia de at\u00e9 90%.","breadcrumb":{"@id":"https:\/\/www.em.com.br\/emfoco\/2025\/11\/19\/a-partir-de-quantos-kwh-comeca-a-valer-a-pena-instalar-energia-solar-em-casa\/#breadcrumb"},"inLanguage":"pt-BR","potentialAction":[{"@type":"ReadAction","target":["https:\/\/www.em.com.br\/emfoco\/2025\/11\/19\/a-partir-de-quantos-kwh-comeca-a-valer-a-pena-instalar-energia-solar-em-casa\/"]}]},{"@type":"ImageObject","inLanguage":"pt-BR","@id":"https:\/\/www.em.com.br\/emfoco\/2025\/11\/19\/a-partir-de-quantos-kwh-comeca-a-valer-a-pena-instalar-energia-solar-em-casa\/#primaryimage","url":"https:\/\/www.em.com.br\/emfoco\/wp-content\/uploads\/2025\/11\/Energia-solar_1763488076014.jpg","contentUrl":"https:\/\/www.em.com.br\/emfoco\/wp-content\/uploads\/2025\/11\/Energia-solar_1763488076014.jpg","width":1280,"height":720,"caption":"Energia solar compensa mesmo em casas pequenas com consumo moderado - Cr\u00e9ditos: depositphotos.com \/ manfredxy"},{"@type":"BreadcrumbList","@id":"https:\/\/www.em.com.br\/emfoco\/2025\/11\/19\/a-partir-de-quantos-kwh-comeca-a-valer-a-pena-instalar-energia-solar-em-casa\/#breadcrumb","itemListElement":[{"@type":"ListItem","position":1,"name":"In\u00edcio","item":"https:\/\/www.em.com.br\/emfoco\/"},{"@type":"ListItem","position":2,"name":"A partir de quantos kWh come\u00e7a a valer a pena instalar energia solar em casa"}]},{"@type":"WebSite","@id":"https:\/\/www.em.com.br\/emfoco\/#website","url":"https:\/\/www.em.com.br\/emfoco\/","name":"Estado de Minas - Em foco","description":"Acompanhe as \u00faltimas not\u00edcias e fique bem informado sobre tudo o que acontece em Minas Gerais, Brasil e no mundo.","potentialAction":[{"@type":"SearchAction","target":{"@type":"EntryPoint","urlTemplate":"https:\/\/www.em.com.br\/emfoco\/?s={search_term_string}"},"query-input":{"@type":"PropertyValueSpecification","valueRequired":true,"valueName":"search_term_string"}}],"inLanguage":"pt-BR"},{"@type":"Person","@id":"https:\/\/www.em.com.br\/emfoco\/#\/schema\/person\/1c9ddeab18b98abeffef834667bcf08a","name":"Gabriel Martins","image":{"@type":"ImageObject","inLanguage":"pt-BR","@id":"https:\/\/www.em.com.br\/emfoco\/#\/schema\/person\/image\/","url":"https:\/\/secure.gravatar.com\/avatar\/f0f1e2efdfd88f1ad2cb08c5c2731e50?s=96&d=mm&r=g","contentUrl":"https:\/\/secure.gravatar.com\/avatar\/f0f1e2efdfd88f1ad2cb08c5c2731e50?s=96&d=mm&r=g","caption":"Gabriel Martins"},"sameAs":["https:\/\/www.em.com.br\/emfoco\/"],"url":"https:\/\/www.em.com.br\/emfoco\/author\/gabrielmartinsmyth\/"}]}},"_links":{"self":[{"href":"https:\/\/www.em.com.br\/emfoco\/wp-json\/wp\/v2\/posts\/129000","targetHints":{"allow":["GET"]}}],"collection":[{"href":"https:\/\/www.em.com.br\/emfoco\/wp-json\/wp\/v2\/posts"}],"about":[{"href":"https:\/\/www.em.com.br\/emfoco\/wp-json\/wp\/v2\/types\/post"}],"author":[{"embeddable":true,"href":"https:\/\/www.em.com.br\/emfoco\/wp-json\/wp\/v2\/users\/13"}],"replies":[{"embeddable":true,"href":"https:\/\/www.em.com.br\/emfoco\/wp-json\/wp\/v2\/comments?post=129000"}],"version-history":[{"count":1,"href":"https:\/\/www.em.com.br\/emfoco\/wp-json\/wp\/v2\/posts\/129000\/revisions"}],"predecessor-version":[{"id":129024,"href":"https:\/\/www.em.com.br\/emfoco\/wp-json\/wp\/v2\/posts\/129000\/revisions\/129024"}],"wp:featuredmedia":[{"embeddable":true,"href":"https:\/\/www.em.com.br\/emfoco\/wp-json\/wp\/v2\/media\/129021"}],"wp:attachment":[{"href":"https:\/\/www.em.com.br\/emfoco\/wp-json\/wp\/v2\/media?parent=129000"}],"wp:term":[{"taxonomy":"category","embeddable":true,"href":"https:\/\/www.em.com.br\/emfoco\/wp-json\/wp\/v2\/categories?post=129000"},{"taxonomy":"post_tag","embeddable":true,"href":"https:\/\/www.em.com.br\/emfoco\/wp-json\/wp\/v2\/tags?post=129000"}],"curies":[{"name":"wp","href":"https:\/\/api.w.org\/{rel}","templated":true}]}}