{"id":128953,"date":"2025-11-19T07:15:00","date_gmt":"2025-11-19T10:15:00","guid":{"rendered":"https:\/\/www.em.com.br\/emfoco\/?p=128953"},"modified":"2025-11-19T09:18:29","modified_gmt":"2025-11-19T12:18:29","slug":"o-segredo-da-limpeza-correta-prolonga-a-vida-util-dos-seus-eletronicos","status":"publish","type":"post","link":"https:\/\/www.em.com.br\/emfoco\/2025\/11\/19\/o-segredo-da-limpeza-correta-prolonga-a-vida-util-dos-seus-eletronicos\/","title":{"rendered":"O segredo da limpeza correta prolonga a vida \u00fatil dos seus eletr\u00f4nicos"},"content":{"rendered":"\n<p>Manter aparelhos eletr\u00f4nicos funcionando de forma eficiente exige cuidados pr\u00e1ticos no dia a dia, indo al\u00e9m do uso cuidadoso e valorizando rotinas simples de manuten\u00e7\u00e3o preventiva, capazes de prolongar a vida \u00fatil e garantir o bom desempenho dos dispositivos mesmo ap\u00f3s anos de uso.<\/p>\n\n\n\n<h2 class=\"wp-block-heading\">Como limpar eletr\u00f4nicos com seguran\u00e7a?<\/h2>\n\n\n\n<p>A limpeza \u00e9 um dos pilares da <a href=\"https:\/\/www.santos.sp.gov.br\/static\/files_www\/conteudo\/SEDUC\/EducaSatos\/higienizacao_de_eletronicos.pdf\" target=\"_blank\" rel=\"noreferrer noopener\">manuten\u00e7\u00e3o preventiva dos eletr\u00f4nicos<\/a>, pois o ac\u00famulo de poeira e sujeira pode prejudicar o desempenho e gerar falhas. Antes de limpar, \u00e9 fundamental desligar os aparelhos e remover todos os cabos para evitar acidentes ou danos involunt\u00e1rios.<\/p>\n\n\n\n<p>Utilize sempre panos de microfibra levemente umedecidos, evitando produtos abrasivos e excesso de \u00e1gua, que podem comprometer componentes sens\u00edveis. A limpeza regular contribui para a efici\u00eancia t\u00e9rmica e pode evitar superaquecimento, al\u00e9m de manter os dispositivos com boa apar\u00eancia.<\/p>\n\n\n<div class=\"wp-block-image\">\n<figure class=\"aligncenter size-large\"><img loading=\"lazy\" decoding=\"async\" width=\"1024\" height=\"576\" src=\"https:\/\/www.em.com.br\/emfoco\/wp-content\/uploads\/2025\/11\/limpeza-de-eletronicos_1761461485459-1024x576.jpg\" alt=\"\" class=\"wp-image-126648\" srcset=\"https:\/\/www.em.com.br\/emfoco\/wp-content\/uploads\/2025\/11\/limpeza-de-eletronicos_1761461485459-1024x576.jpg 1024w, https:\/\/www.em.com.br\/emfoco\/wp-content\/uploads\/2025\/11\/limpeza-de-eletronicos_1761461485459-300x169.jpg 300w, https:\/\/www.em.com.br\/emfoco\/wp-content\/uploads\/2025\/11\/limpeza-de-eletronicos_1761461485459-768x432.jpg 768w, https:\/\/www.em.com.br\/emfoco\/wp-content\/uploads\/2025\/11\/limpeza-de-eletronicos_1761461485459-750x422.jpg 750w, https:\/\/www.em.com.br\/emfoco\/wp-content\/uploads\/2025\/11\/limpeza-de-eletronicos_1761461485459-1140x641.jpg 1140w, https:\/\/www.em.com.br\/emfoco\/wp-content\/uploads\/2025\/11\/limpeza-de-eletronicos_1761461485459.jpg 1280w\" sizes=\"auto, (max-width: 1024px) 100vw, 1024px\" \/><figcaption class=\"wp-element-caption\">Cuidados ao limpar aparelhos el\u00e9tricos para evitar choques e preju\u00edzos financeiros &#8211; Cr\u00e9ditos: depositphotos.com \/ AndresSernaPulido<\/figcaption><\/figure><\/div>\n\n\n<p>Cotonetes secos ou pinc\u00e9is antieletrost\u00e1ticos tamb\u00e9m podem ajudar na remo\u00e7\u00e3o de sujeiras mais dif\u00edceis em regi\u00f5es como teclados e entradas USB, sem arriscar a integridade dos componentes.<\/p>\n\n\n\n<h2 class=\"wp-block-heading\">Como cuidar das baterias adequadamente?<\/h2>\n\n\n\n<p>Baterias bem cuidadas garantem maior durabilidade dos aparelhos e evitam trocas prematuras. Pr\u00e1ticas simples podem fazer grande diferen\u00e7a na vida \u00fatil desse componente fundamental.<\/p>\n\n\n\n<p>Veja h\u00e1bitos recomendados para manter suas baterias em bom estado:<\/p>\n\n\n\n<ul class=\"wp-block-list\">\n<li>Evite a descarga completa frequente, mantendo carga <strong>entre 20% e 80%<\/strong>;<\/li>\n\n\n\n<li>Recarregue o dispositivo antes de per\u00edodos longos sem uso;<\/li>\n\n\n\n<li>N\u00e3o exponha o aparelho a temperaturas extremas durante a recarga;<\/li>\n\n\n\n<li>Utilize carregadores originais ou certificados pelo fabricante.<\/li>\n<\/ul>\n\n\n\n<p>Lembre-se de evitar o uso de fun\u00e7\u00f5es que consomem muita energia, como brilho m\u00e1ximo de tela, de modo cont\u00ednuo, para poupar ciclos de carga.<\/p>\n\n\n\n<p>Leia mais: <a href=\"https:\/\/www.em.com.br\/emfoco\/2025\/11\/18\/o-que-fazer-quando-a-pressao-esta-baixa\/\" target=\"_blank\" rel=\"noreferrer noopener\">O que fazer quando a press\u00e3o est\u00e1 baixa<\/a><\/p>\n\n\n\n<h2 class=\"wp-block-heading\">Quais cuidados com a temperatura dos aparelhos?<\/h2>\n\n\n\n<p>A exposi\u00e7\u00e3o prolongada a temperaturas muito altas ou baixas compromete o desempenho e pode causar <strong>preju\u00edzos irrevers\u00edveis<\/strong>. Manter os dispositivos em ambientes ventilados e longe de fontes de calor \u00e9 uma precau\u00e7\u00e3o essencial.<\/p>\n\n\n\n<p>A recomenda\u00e7\u00e3o \u00e9 tamb\u00e9m evitar o uso sobre superf\u00edcies que bloqueiem sa\u00eddas de ar e retirar capas durante o carregamento, facilitando assim a dissipa\u00e7\u00e3o do calor gerado pelo aparelho durante o uso intenso.<\/p>\n\n\n\n<p>Atente para desligar os aparelhos caso apresentem superaquecimento e aguarde esfriar antes de retomar o uso.<\/p>\n\n\n\n<h2 class=\"wp-block-heading\">Como armazenar eletr\u00f4nicos corretamente?<\/h2>\n\n\n\n<p>Armazenar aparelhos eletr\u00f4nicos da forma adequada \u00e9 indispens\u00e1vel para preservar tanto circuitos internos quanto partes externas. A umidade, por exemplo, \u00e9 um grande inimigo, pois pode provocar corros\u00e3o.<\/p>\n\n\n\n<p>Use cases ou capas protetoras para evitar riscos, impactos e poeira. Em ambientes \u00famidos, considere o uso de sach\u00eas de s\u00edlica gel para proteger contra a umidade durante o armazenamento mais prolongado.<\/p>\n\n\n\n<p>Evite lugares abafados, propensos \u00e0 exposi\u00e7\u00e3o solar ou pr\u00f3ximos a produtos que soltem l\u00edquidos e vapores.<\/p>\n\n\n\n<p>Leia mais: <a href=\"https:\/\/www.em.com.br\/emfoco\/2025\/11\/18\/entenda-por-que-o-calor-de-31c-duplica-o-risco-de-acidente-no-transito\/\" target=\"_blank\" rel=\"noreferrer noopener\">Confira a previs\u00e3o do clima para hoje em Belo Horizonte<\/a><\/p>\n\n\n\n<h2 class=\"wp-block-heading\">Como proteger eletr\u00f4nicos de quedas?<\/h2>\n\n\n\n<p>Acidentes como quedas podem ser prevenidos com medidas simples do cotidiano. Utilizar capas protetoras e pel\u00edculas ajuda a absorver impactos, reduzindo o risco de danos severos aos aparelhos port\u00e1teis.<\/p>\n\n\n\n<p>Uma boa estrat\u00e9gia para minimizar riscos \u00e9 adotar precau\u00e7\u00f5es durante o uso e transporte dos dispositivos, como:<\/p>\n\n\n\n<ul class=\"wp-block-list\">\n<li>Manter dist\u00e2ncia segura das bordas de mesas ou prateleiras;<\/li>\n\n\n\n<li>Utilizar mochilas ou bolsas acolchoadas ao transportar;<\/li>\n\n\n\n<li>Evitar empilhar objetos pesados sobre eletr\u00f4nicos;<\/li>\n\n\n\n<li>Ensinar crian\u00e7as sobre manuseio cuidadoso dos dispositivos.<\/li>\n<\/ul>\n\n\n\n<p>Em resumo, incorporar cuidados simples ao dia a dia contribui significativamente para a longevidade dos eletr\u00f4nicos. Limpeza regular, aten\u00e7\u00e3o \u00e0 bateria, controle de temperatura e prote\u00e7\u00e3o f\u00edsica s\u00e3o pr\u00e1ticas acess\u00edveis a todos e fazem toda a diferen\u00e7a no desempenho e durabilidade dos seus aparelhos.<\/p>\n","protected":false},"excerpt":{"rendered":"<p>Manter aparelhos eletr\u00f4nicos funcionando de forma eficiente exige cuidados pr\u00e1ticos no dia a dia, indo al\u00e9m do uso cuidadoso e valorizando rotinas simples de manuten\u00e7\u00e3o preventiva, capazes de prolongar a vida \u00fatil e garantir o bom desempenho dos dispositivos mesmo ap\u00f3s anos de uso. Como limpar eletr\u00f4nicos com seguran\u00e7a? A limpeza \u00e9 um dos pilares [&hellip;]<\/p>\n","protected":false},"author":20,"featured_media":126650,"comment_status":"open","ping_status":"open","sticky":false,"template":"","format":"standard","meta":{"jnews-multi-image_gallery":[],"jnews_single_post":{"format":"standard"},"jnews_primary_category":[],"jnews_social_meta":[],"jnews_override_counter":[],"footnotes":""},"categories":[28,1],"tags":[2624,3337],"class_list":["post-128953","post","type-post","status-publish","format-standard","has-post-thumbnail","hentry","category-economia","category-noticias","tag-eletronicos","tag-limpeza"],"yoast_head":"<!-- This site is optimized with the Yoast SEO plugin v23.8 - https:\/\/yoast.com\/wordpress\/plugins\/seo\/ -->\n<title>O segredo da limpeza correta prolonga a vida \u00fatil dos seus eletr\u00f4nicos - Estado de Minas - Em foco<\/title>\n<meta name=\"description\" content=\"Higiene correta, cuidado com bateria, controle de temperatura e prote\u00e7\u00e3o f\u00edsica garantem mais durabilidade aos eletr\u00f4nicos e evitam preju\u00edzos.\" \/>\n<meta name=\"robots\" content=\"index, follow, max-snippet:-1, max-image-preview:large, max-video-preview:-1\" \/>\n<link rel=\"canonical\" href=\"https:\/\/www.em.com.br\/emfoco\/2025\/11\/19\/o-segredo-da-limpeza-correta-prolonga-a-vida-util-dos-seus-eletronicos\/\" \/>\n<meta property=\"og:locale\" content=\"pt_BR\" \/>\n<meta property=\"og:type\" content=\"article\" \/>\n<meta property=\"og:title\" content=\"O segredo da limpeza correta prolonga a vida \u00fatil dos seus eletr\u00f4nicos - Estado de Minas - Em foco\" \/>\n<meta property=\"og:description\" content=\"Higiene correta, cuidado com bateria, controle de temperatura e prote\u00e7\u00e3o f\u00edsica garantem mais durabilidade aos eletr\u00f4nicos e evitam preju\u00edzos.\" \/>\n<meta property=\"og:url\" content=\"https:\/\/www.em.com.br\/emfoco\/2025\/11\/19\/o-segredo-da-limpeza-correta-prolonga-a-vida-util-dos-seus-eletronicos\/\" \/>\n<meta property=\"og:site_name\" content=\"Estado de Minas - Em foco\" \/>\n<meta property=\"article:published_time\" content=\"2025-11-19T10:15:00+00:00\" \/>\n<meta property=\"article:modified_time\" content=\"2025-11-19T12:18:29+00:00\" \/>\n<meta property=\"og:image\" content=\"https:\/\/www.em.com.br\/emfoco\/wp-content\/uploads\/2025\/11\/limpeza-de-eletronicos_1761461529458.jpg\" \/>\n\t<meta property=\"og:image:width\" content=\"1280\" \/>\n\t<meta property=\"og:image:height\" content=\"720\" \/>\n\t<meta property=\"og:image:type\" content=\"image\/jpeg\" \/>\n<meta name=\"author\" content=\"Ingrid Diniz\" \/>\n<meta name=\"twitter:card\" content=\"summary_large_image\" \/>\n<meta name=\"twitter:label1\" content=\"Escrito por\" \/>\n\t<meta name=\"twitter:data1\" content=\"Ingrid Diniz\" \/>\n\t<meta name=\"twitter:label2\" content=\"Est. tempo de leitura\" \/>\n\t<meta name=\"twitter:data2\" content=\"4 minutos\" \/>\n<!-- \/ Yoast SEO plugin. -->","yoast_head_json":{"title":"O segredo da limpeza correta prolonga a vida \u00fatil dos seus eletr\u00f4nicos - Estado de Minas - Em foco","description":"Higiene correta, cuidado com bateria, controle de temperatura e prote\u00e7\u00e3o f\u00edsica garantem mais durabilidade aos eletr\u00f4nicos e evitam preju\u00edzos.","robots":{"index":"index","follow":"follow","max-snippet":"max-snippet:-1","max-image-preview":"max-image-preview:large","max-video-preview":"max-video-preview:-1"},"canonical":"https:\/\/www.em.com.br\/emfoco\/2025\/11\/19\/o-segredo-da-limpeza-correta-prolonga-a-vida-util-dos-seus-eletronicos\/","og_locale":"pt_BR","og_type":"article","og_title":"O segredo da limpeza correta prolonga a vida \u00fatil dos seus eletr\u00f4nicos - Estado de Minas - Em foco","og_description":"Higiene correta, cuidado com bateria, controle de temperatura e prote\u00e7\u00e3o f\u00edsica garantem mais durabilidade aos eletr\u00f4nicos e evitam preju\u00edzos.","og_url":"https:\/\/www.em.com.br\/emfoco\/2025\/11\/19\/o-segredo-da-limpeza-correta-prolonga-a-vida-util-dos-seus-eletronicos\/","og_site_name":"Estado de Minas - Em foco","article_published_time":"2025-11-19T10:15:00+00:00","article_modified_time":"2025-11-19T12:18:29+00:00","og_image":[{"width":1280,"height":720,"url":"https:\/\/www.em.com.br\/emfoco\/wp-content\/uploads\/2025\/11\/limpeza-de-eletronicos_1761461529458.jpg","type":"image\/jpeg"}],"author":"Ingrid Diniz","twitter_card":"summary_large_image","twitter_misc":{"Escrito por":"Ingrid Diniz","Est. tempo de leitura":"4 minutos"},"schema":{"@context":"https:\/\/schema.org","@graph":[{"@type":"WebPage","@id":"https:\/\/www.em.com.br\/emfoco\/2025\/11\/19\/o-segredo-da-limpeza-correta-prolonga-a-vida-util-dos-seus-eletronicos\/","url":"https:\/\/www.em.com.br\/emfoco\/2025\/11\/19\/o-segredo-da-limpeza-correta-prolonga-a-vida-util-dos-seus-eletronicos\/","name":"O segredo da limpeza correta prolonga a vida \u00fatil dos seus eletr\u00f4nicos - Estado de Minas - Em foco","isPartOf":{"@id":"https:\/\/www.em.com.br\/emfoco\/#website"},"primaryImageOfPage":{"@id":"https:\/\/www.em.com.br\/emfoco\/2025\/11\/19\/o-segredo-da-limpeza-correta-prolonga-a-vida-util-dos-seus-eletronicos\/#primaryimage"},"image":{"@id":"https:\/\/www.em.com.br\/emfoco\/2025\/11\/19\/o-segredo-da-limpeza-correta-prolonga-a-vida-util-dos-seus-eletronicos\/#primaryimage"},"thumbnailUrl":"https:\/\/www.em.com.br\/emfoco\/wp-content\/uploads\/2025\/11\/limpeza-de-eletronicos_1761461529458.jpg","datePublished":"2025-11-19T10:15:00+00:00","dateModified":"2025-11-19T12:18:29+00:00","author":{"@id":"https:\/\/www.em.com.br\/emfoco\/#\/schema\/person\/649e610b4eb8fff87ff394e54fe17b2b"},"description":"Higiene correta, cuidado com bateria, controle de temperatura e prote\u00e7\u00e3o f\u00edsica garantem mais durabilidade aos eletr\u00f4nicos e evitam preju\u00edzos.","breadcrumb":{"@id":"https:\/\/www.em.com.br\/emfoco\/2025\/11\/19\/o-segredo-da-limpeza-correta-prolonga-a-vida-util-dos-seus-eletronicos\/#breadcrumb"},"inLanguage":"pt-BR","potentialAction":[{"@type":"ReadAction","target":["https:\/\/www.em.com.br\/emfoco\/2025\/11\/19\/o-segredo-da-limpeza-correta-prolonga-a-vida-util-dos-seus-eletronicos\/"]}]},{"@type":"ImageObject","inLanguage":"pt-BR","@id":"https:\/\/www.em.com.br\/emfoco\/2025\/11\/19\/o-segredo-da-limpeza-correta-prolonga-a-vida-util-dos-seus-eletronicos\/#primaryimage","url":"https:\/\/www.em.com.br\/emfoco\/wp-content\/uploads\/2025\/11\/limpeza-de-eletronicos_1761461529458.jpg","contentUrl":"https:\/\/www.em.com.br\/emfoco\/wp-content\/uploads\/2025\/11\/limpeza-de-eletronicos_1761461529458.jpg","width":1280,"height":720,"caption":"Faxina r\u00e1pida com limpeza por processos - Cr\u00e9ditos: depositphotos.com \/ AlexShadyuk"},{"@type":"BreadcrumbList","@id":"https:\/\/www.em.com.br\/emfoco\/2025\/11\/19\/o-segredo-da-limpeza-correta-prolonga-a-vida-util-dos-seus-eletronicos\/#breadcrumb","itemListElement":[{"@type":"ListItem","position":1,"name":"In\u00edcio","item":"https:\/\/www.em.com.br\/emfoco\/"},{"@type":"ListItem","position":2,"name":"O segredo da limpeza correta prolonga a vida \u00fatil dos seus eletr\u00f4nicos"}]},{"@type":"WebSite","@id":"https:\/\/www.em.com.br\/emfoco\/#website","url":"https:\/\/www.em.com.br\/emfoco\/","name":"Estado de Minas - Em foco","description":"Acompanhe as \u00faltimas not\u00edcias e fique bem informado sobre tudo o que acontece em Minas Gerais, Brasil e no mundo.","potentialAction":[{"@type":"SearchAction","target":{"@type":"EntryPoint","urlTemplate":"https:\/\/www.em.com.br\/emfoco\/?s={search_term_string}"},"query-input":{"@type":"PropertyValueSpecification","valueRequired":true,"valueName":"search_term_string"}}],"inLanguage":"pt-BR"},{"@type":"Person","@id":"https:\/\/www.em.com.br\/emfoco\/#\/schema\/person\/649e610b4eb8fff87ff394e54fe17b2b","name":"Ingrid Diniz","image":{"@type":"ImageObject","inLanguage":"pt-BR","@id":"https:\/\/www.em.com.br\/emfoco\/#\/schema\/person\/image\/","url":"https:\/\/secure.gravatar.com\/avatar\/a3baa1449ec5c39b4c42babc9d4f3951?s=96&d=mm&r=g","contentUrl":"https:\/\/secure.gravatar.com\/avatar\/a3baa1449ec5c39b4c42babc9d4f3951?s=96&d=mm&r=g","caption":"Ingrid Diniz"},"sameAs":["https:\/\/www.em.com.br\/"],"url":"https:\/\/www.em.com.br\/emfoco\/author\/ingridmyth\/"}]}},"_links":{"self":[{"href":"https:\/\/www.em.com.br\/emfoco\/wp-json\/wp\/v2\/posts\/128953","targetHints":{"allow":["GET"]}}],"collection":[{"href":"https:\/\/www.em.com.br\/emfoco\/wp-json\/wp\/v2\/posts"}],"about":[{"href":"https:\/\/www.em.com.br\/emfoco\/wp-json\/wp\/v2\/types\/post"}],"author":[{"embeddable":true,"href":"https:\/\/www.em.com.br\/emfoco\/wp-json\/wp\/v2\/users\/20"}],"replies":[{"embeddable":true,"href":"https:\/\/www.em.com.br\/emfoco\/wp-json\/wp\/v2\/comments?post=128953"}],"version-history":[{"count":2,"href":"https:\/\/www.em.com.br\/emfoco\/wp-json\/wp\/v2\/posts\/128953\/revisions"}],"predecessor-version":[{"id":129273,"href":"https:\/\/www.em.com.br\/emfoco\/wp-json\/wp\/v2\/posts\/128953\/revisions\/129273"}],"wp:featuredmedia":[{"embeddable":true,"href":"https:\/\/www.em.com.br\/emfoco\/wp-json\/wp\/v2\/media\/126650"}],"wp:attachment":[{"href":"https:\/\/www.em.com.br\/emfoco\/wp-json\/wp\/v2\/media?parent=128953"}],"wp:term":[{"taxonomy":"category","embeddable":true,"href":"https:\/\/www.em.com.br\/emfoco\/wp-json\/wp\/v2\/categories?post=128953"},{"taxonomy":"post_tag","embeddable":true,"href":"https:\/\/www.em.com.br\/emfoco\/wp-json\/wp\/v2\/tags?post=128953"}],"curies":[{"name":"wp","href":"https:\/\/api.w.org\/{rel}","templated":true}]}}