{"id":128891,"date":"2025-11-19T08:15:28","date_gmt":"2025-11-19T11:15:28","guid":{"rendered":"https:\/\/www.em.com.br\/emfoco\/?p=128891"},"modified":"2025-11-18T09:49:59","modified_gmt":"2025-11-18T12:49:59","slug":"o-que-voce-precisa-saber-sobre-o-encolhimento-antes-de-cortar-a-franja-cacheada","status":"publish","type":"post","link":"https:\/\/www.em.com.br\/emfoco\/2025\/11\/19\/o-que-voce-precisa-saber-sobre-o-encolhimento-antes-de-cortar-a-franja-cacheada\/","title":{"rendered":"O que voc\u00ea precisa saber sobre o encolhimento antes de cortar a franja cacheada"},"content":{"rendered":"\n<p>Escolher uma nova <strong>franja<\/strong> pode ser um passo estiloso e transformador, especialmente para quem tem <strong>cabelo cacheado<\/strong>. As op\u00e7\u00f5es entre franjas curtas ou longas se tornam ainda mais interessantes ao considerar a textura dos cachos, possibilitando visuais \u00fanicos. No entanto, muitas pessoas se preocupam em como manter a <strong>defini\u00e7\u00e3o<\/strong> dos cachos ao adotar esse estilo.<\/p>\n\n\n\n<h2 class=\"wp-block-heading\">Como avaliar o melhor formato e comprimento da franja para cabelo cacheado<\/h2>\n\n\n\n<p>O primeiro passo \u00e9 analisar o formato do seu <strong>rosto<\/strong> e como a franja pode valoriz\u00e1-lo. Algumas pessoas preferem franjas longas e vers\u00e1teis que podem ser jogadas de lado, enquanto outras optam por franjas curtas que destacam os tra\u00e7os faciais, especialmente os <strong>olhos<\/strong>. \u00c9 fundamental que a escolha do corte esteja em harmonia com o <em>look<\/em> geral.<\/p>\n\n\n\n<p>Considere pedir a opini\u00e3o de um cabeleireiro especializado em <strong>cachos<\/strong> antes de cortar, pois o volume e o encolhimento dos fios podem surpreender ap\u00f3s o corte. Avaliar tudo isso ajuda a evitar arrependimentos e garante um visual <strong>natural<\/strong> e equilibrado.<\/p>\n\n\n<div class=\"wp-block-image\">\n<figure class=\"aligncenter size-large\"><img loading=\"lazy\" decoding=\"async\" width=\"1024\" height=\"576\" src=\"https:\/\/www.em.com.br\/emfoco\/wp-content\/uploads\/2025\/11\/Gemini_Generated_Image_xb9pnjxb9pnjxb9p-1-1024x576.png\" alt=\"\" class=\"wp-image-126241\" srcset=\"https:\/\/www.em.com.br\/emfoco\/wp-content\/uploads\/2025\/11\/Gemini_Generated_Image_xb9pnjxb9pnjxb9p-1-1024x576.png 1024w, https:\/\/www.em.com.br\/emfoco\/wp-content\/uploads\/2025\/11\/Gemini_Generated_Image_xb9pnjxb9pnjxb9p-1-300x169.png 300w, https:\/\/www.em.com.br\/emfoco\/wp-content\/uploads\/2025\/11\/Gemini_Generated_Image_xb9pnjxb9pnjxb9p-1-768x432.png 768w, https:\/\/www.em.com.br\/emfoco\/wp-content\/uploads\/2025\/11\/Gemini_Generated_Image_xb9pnjxb9pnjxb9p-1-750x422.png 750w, https:\/\/www.em.com.br\/emfoco\/wp-content\/uploads\/2025\/11\/Gemini_Generated_Image_xb9pnjxb9pnjxb9p-1-1140x641.png 1140w, https:\/\/www.em.com.br\/emfoco\/wp-content\/uploads\/2025\/11\/Gemini_Generated_Image_xb9pnjxb9pnjxb9p-1.png 1280w\" sizes=\"auto, (max-width: 1024px) 100vw, 1024px\" \/><figcaption class=\"wp-element-caption\">Cortes que respeitam a individualidade dos fios ajudam a real\u00e7ar a beleza natural do cabelo<\/figcaption><\/figure><\/div>\n\n\n<p>Leia tamb\u00e9m:&nbsp;<a href=\"https:\/\/www.em.com.br\/emfoco\/2025\/11\/15\/como-mudar-o-visual-depois-dos-50-com-cortes-que-afinam-o-rosto-e-dao-volume\/\" target=\"_blank\" rel=\"noopener\">Como mudar o visual depois dos 50 com cortes que afinam o rosto e d\u00e3o volume<\/a><\/p>\n\n\n\n<h2 class=\"wp-block-heading\">Como realizar uma rotina eficiente de cuidados para a franja cacheada<\/h2>\n\n\n\n<p>Manter uma <strong>franja cacheada<\/strong> definida e estilosa pede aten\u00e7\u00e3o extra ao cuidado com os cachos. A <strong>hidrata\u00e7\u00e3o<\/strong> \u00e9 essencial para que os fios n\u00e3o fiquem ressecados ou armados. Utilize produtos espec\u00edficos para <strong>cabelo cacheado<\/strong> que auxiliam na defini\u00e7\u00e3o sem pesar.<\/p>\n\n\n\n<p>Inclua na sua rotina di\u00e1ria itens que potencializam os cuidados. Veja abaixo alguns <strong>produtos<\/strong> indispens\u00e1veis para manter a franja bonita e saud\u00e1vel:<\/p>\n\n\n\n<ul class=\"wp-block-list\">\n<li><strong>Cremes<\/strong> para pentear leves;<\/li>\n\n\n\n<li>\u00d3leos capilares para pontas;<\/li>\n\n\n\n<li>Ativadores de <strong>cachos<\/strong>;<\/li>\n\n\n\n<li>Spray de \u00e1gua para revitalizar no <strong>day after<\/strong>.<\/li>\n<\/ul>\n\n\n\n<figure class=\"wp-block-embed is-type-rich is-provider-pinterest wp-block-embed-pinterest\"><div class=\"wp-block-embed__wrapper\">\n<iframe loading=\"lazy\" title=\" \" src=\"https:\/\/assets.pinterest.com\/ext\/embed.html?id=914862419455289&#038;src=oembed\" height=\"743\" width=\"450\" frameborder=\"0\" scrolling=\"no\" ><\/iframe>\n<\/div><\/figure>\n\n\n\n<h2 class=\"wp-block-heading\">Quais s\u00e3o as t\u00e9cnicas ideais para definir cachos na franja<\/h2>\n\n\n\n<p>Algumas t\u00e9cnicas simples podem ajudar a conquistar a <strong>defini\u00e7\u00e3o<\/strong> perfeita para a franja cacheada. A <strong>fitagem<\/strong> ainda \u00e9 uma das preferidas, pois separa os fios em fitas e modela cada cacho, proporcionando um acabamento impec\u00e1vel. O m\u00e9todo do <em>plopping<\/em> tamb\u00e9m se destaca por preservar os cachos na <strong>secagem<\/strong>.<\/p>\n\n\n\n<p>Testar diferentes m\u00e9todos \u00e9 fundamental para conhecer qual traz o melhor resultado ao seu tipo de <strong>cacho<\/strong>. Adaptar as t\u00e9cnicas de acordo com o <strong>clima<\/strong> e o comprimento da franja pode fazer toda a diferen\u00e7a.<\/p>\n\n\n\n<h2 class=\"wp-block-heading\">Como estilizar uma franja cacheada no dia a dia<\/h2>\n\n\n\n<p>No processo de estiliza\u00e7\u00e3o, o uso do <strong>difusor<\/strong> em baixa temperatura \u00e9 recomendado para garantir a forma dos cachos e facilitar a rotina. Para inovar ou lidar com dias de <strong>frizz<\/strong>, os acess\u00f3rios s\u00e3o grandes aliados.<\/p>\n\n\n\n<p>Experimente tiaras, presilhas e <strong>len\u00e7os<\/strong> para variar o visual, garantir praticidade e transformar a franja em protagonista at\u00e9 mesmo nos dias em que os fios acordam menos definidos. Veja um v\u00eddeo do canal da <a class=\"yt-simple-endpoint style-scope yt-formatted-string\" spellcheck=\"false\" href=\"https:\/\/www.youtube.com\/@hello.gallera\" target=\"_blank\" rel=\"noopener\">Heloize Galera<\/a> falando sobre o encolhimento da franja:<\/p>\n\n\n\n<figure class=\"wp-block-embed is-type-video is-provider-youtube wp-block-embed-youtube wp-embed-aspect-16-9 wp-has-aspect-ratio\"><div class=\"wp-block-embed__wrapper\">\n<div class=\"jeg_video_container jeg_video_content\"><iframe loading=\"lazy\" title=\"O QUE NINGU\u00c9M TE CONTA SOBRE FRANJA EM CABELO CACHEADO\" width=\"500\" height=\"281\" src=\"https:\/\/www.youtube.com\/embed\/1OW5EN3TQD0?feature=oembed\" frameborder=\"0\" allow=\"accelerometer; autoplay; clipboard-write; encrypted-media; gyroscope; picture-in-picture; web-share\" referrerpolicy=\"strict-origin-when-cross-origin\" allowfullscreen><\/iframe><\/div>\n<\/div><\/figure>\n\n\n\n<h2 class=\"wp-block-heading\">Por que manter a manuten\u00e7\u00e3o do corte \u00e9 t\u00e3o importante<\/h2>\n\n\n\n<p>Manter a <strong>franja cacheada<\/strong> sempre com o corte em dia \u00e9 fundamental para n\u00e3o perder o formato. Como os cachos crescem de maneira desigual, ela pode desalinhar com facilidade e comprometer o <strong>visual<\/strong>.<\/p>\n\n\n\n<p>Agendar visitas ao cabeleireiro a cada seis a oito semanas contribui para manter os cachos saud\u00e1veis, o corte valorizando o rosto e evita <strong>pontas duplas<\/strong>.<\/p>\n\n\n\n<p>Adotar a <strong>franja<\/strong> em cabelos cacheados vai al\u00e9m de uma mudan\u00e7a de look: \u00e9 um compromisso com a sa\u00fade capilar e a autoexpress\u00e3o. Ao escolher bons produtos, <strong>t\u00e9cnicas<\/strong> adequadas e investir na manuten\u00e7\u00e3o, \u00e9 poss\u00edvel manter franjas bem definidas e cheias de personalidade, sem renunciar \u00e0 beleza dos <strong>cachos<\/strong> naturais.<\/p>\n","protected":false},"excerpt":{"rendered":"<p>Escolher uma nova franja pode ser um passo estiloso e transformador, especialmente para quem tem cabelo cacheado. As op\u00e7\u00f5es entre franjas curtas ou longas se tornam ainda mais interessantes ao considerar a textura dos cachos, possibilitando visuais \u00fanicos. No entanto, muitas pessoas se preocupam em como manter a defini\u00e7\u00e3o dos cachos ao adotar esse estilo. [&hellip;]<\/p>\n","protected":false},"author":9,"featured_media":128939,"comment_status":"open","ping_status":"open","sticky":false,"template":"","format":"standard","meta":{"jnews-multi-image_gallery":[],"jnews_single_post":{"format":"standard"},"jnews_primary_category":[],"jnews_social_meta":[],"jnews_override_counter":[],"footnotes":""},"categories":[8819,1],"tags":[2616,4906,17564],"class_list":["post-128891","post","type-post","status-publish","format-standard","has-post-thumbnail","hentry","category-curiosidades","category-noticias","tag-beleza","tag-corte-de-cabelo","tag-franjas"],"yoast_head":"<!-- This site is optimized with the Yoast SEO plugin v23.8 - https:\/\/yoast.com\/wordpress\/plugins\/seo\/ -->\n<title>O que voc\u00ea precisa saber sobre o encolhimento antes de cortar a franja cacheada - Estado de Minas - Em foco<\/title>\n<meta name=\"description\" content=\"A franja cacheada valoriza o rosto, mas exige cuidados. Saiba como manter a defini\u00e7\u00e3o dos cachos e evitar o encolhimento.\" \/>\n<meta name=\"robots\" content=\"index, follow, max-snippet:-1, max-image-preview:large, max-video-preview:-1\" \/>\n<link rel=\"canonical\" href=\"https:\/\/www.em.com.br\/emfoco\/2025\/11\/19\/o-que-voce-precisa-saber-sobre-o-encolhimento-antes-de-cortar-a-franja-cacheada\/\" \/>\n<meta property=\"og:locale\" content=\"pt_BR\" \/>\n<meta property=\"og:type\" content=\"article\" \/>\n<meta property=\"og:title\" content=\"O que voc\u00ea precisa saber sobre o encolhimento antes de cortar a franja cacheada - Estado de Minas - Em foco\" \/>\n<meta property=\"og:description\" content=\"A franja cacheada valoriza o rosto, mas exige cuidados. Saiba como manter a defini\u00e7\u00e3o dos cachos e evitar o encolhimento.\" \/>\n<meta property=\"og:url\" content=\"https:\/\/www.em.com.br\/emfoco\/2025\/11\/19\/o-que-voce-precisa-saber-sobre-o-encolhimento-antes-de-cortar-a-franja-cacheada\/\" \/>\n<meta property=\"og:site_name\" content=\"Estado de Minas - Em foco\" \/>\n<meta property=\"article:published_time\" content=\"2025-11-19T11:15:28+00:00\" \/>\n<meta property=\"article:modified_time\" content=\"2025-11-18T12:49:59+00:00\" \/>\n<meta property=\"og:image\" content=\"https:\/\/www.em.com.br\/emfoco\/wp-content\/uploads\/2025\/11\/Design-sem-nome-20-1.png\" \/>\n\t<meta property=\"og:image:width\" content=\"1280\" \/>\n\t<meta property=\"og:image:height\" content=\"720\" \/>\n\t<meta property=\"og:image:type\" content=\"image\/png\" \/>\n<meta name=\"author\" content=\"Daniely Cardoso\" \/>\n<meta name=\"twitter:card\" content=\"summary_large_image\" \/>\n<meta name=\"twitter:label1\" content=\"Escrito por\" \/>\n\t<meta name=\"twitter:data1\" content=\"Daniely Cardoso\" \/>\n\t<meta name=\"twitter:label2\" content=\"Est. tempo de leitura\" \/>\n\t<meta name=\"twitter:data2\" content=\"4 minutos\" \/>\n<!-- \/ Yoast SEO plugin. -->","yoast_head_json":{"title":"O que voc\u00ea precisa saber sobre o encolhimento antes de cortar a franja cacheada - Estado de Minas - Em foco","description":"A franja cacheada valoriza o rosto, mas exige cuidados. Saiba como manter a defini\u00e7\u00e3o dos cachos e evitar o encolhimento.","robots":{"index":"index","follow":"follow","max-snippet":"max-snippet:-1","max-image-preview":"max-image-preview:large","max-video-preview":"max-video-preview:-1"},"canonical":"https:\/\/www.em.com.br\/emfoco\/2025\/11\/19\/o-que-voce-precisa-saber-sobre-o-encolhimento-antes-de-cortar-a-franja-cacheada\/","og_locale":"pt_BR","og_type":"article","og_title":"O que voc\u00ea precisa saber sobre o encolhimento antes de cortar a franja cacheada - Estado de Minas - Em foco","og_description":"A franja cacheada valoriza o rosto, mas exige cuidados. Saiba como manter a defini\u00e7\u00e3o dos cachos e evitar o encolhimento.","og_url":"https:\/\/www.em.com.br\/emfoco\/2025\/11\/19\/o-que-voce-precisa-saber-sobre-o-encolhimento-antes-de-cortar-a-franja-cacheada\/","og_site_name":"Estado de Minas - Em foco","article_published_time":"2025-11-19T11:15:28+00:00","article_modified_time":"2025-11-18T12:49:59+00:00","og_image":[{"width":1280,"height":720,"url":"https:\/\/www.em.com.br\/emfoco\/wp-content\/uploads\/2025\/11\/Design-sem-nome-20-1.png","type":"image\/png"}],"author":"Daniely Cardoso","twitter_card":"summary_large_image","twitter_misc":{"Escrito por":"Daniely Cardoso","Est. tempo de leitura":"4 minutos"},"schema":{"@context":"https:\/\/schema.org","@graph":[{"@type":"WebPage","@id":"https:\/\/www.em.com.br\/emfoco\/2025\/11\/19\/o-que-voce-precisa-saber-sobre-o-encolhimento-antes-de-cortar-a-franja-cacheada\/","url":"https:\/\/www.em.com.br\/emfoco\/2025\/11\/19\/o-que-voce-precisa-saber-sobre-o-encolhimento-antes-de-cortar-a-franja-cacheada\/","name":"O que voc\u00ea precisa saber sobre o encolhimento antes de cortar a franja cacheada - Estado de Minas - Em foco","isPartOf":{"@id":"https:\/\/www.em.com.br\/emfoco\/#website"},"primaryImageOfPage":{"@id":"https:\/\/www.em.com.br\/emfoco\/2025\/11\/19\/o-que-voce-precisa-saber-sobre-o-encolhimento-antes-de-cortar-a-franja-cacheada\/#primaryimage"},"image":{"@id":"https:\/\/www.em.com.br\/emfoco\/2025\/11\/19\/o-que-voce-precisa-saber-sobre-o-encolhimento-antes-de-cortar-a-franja-cacheada\/#primaryimage"},"thumbnailUrl":"https:\/\/www.em.com.br\/emfoco\/wp-content\/uploads\/2025\/11\/Design-sem-nome-20-1.png","datePublished":"2025-11-19T11:15:28+00:00","dateModified":"2025-11-18T12:49:59+00:00","author":{"@id":"https:\/\/www.em.com.br\/emfoco\/#\/schema\/person\/0a8186d72f2c3a5c6276d90b41f271a0"},"description":"A franja cacheada valoriza o rosto, mas exige cuidados. Saiba como manter a defini\u00e7\u00e3o dos cachos e evitar o encolhimento.","breadcrumb":{"@id":"https:\/\/www.em.com.br\/emfoco\/2025\/11\/19\/o-que-voce-precisa-saber-sobre-o-encolhimento-antes-de-cortar-a-franja-cacheada\/#breadcrumb"},"inLanguage":"pt-BR","potentialAction":[{"@type":"ReadAction","target":["https:\/\/www.em.com.br\/emfoco\/2025\/11\/19\/o-que-voce-precisa-saber-sobre-o-encolhimento-antes-de-cortar-a-franja-cacheada\/"]}]},{"@type":"ImageObject","inLanguage":"pt-BR","@id":"https:\/\/www.em.com.br\/emfoco\/2025\/11\/19\/o-que-voce-precisa-saber-sobre-o-encolhimento-antes-de-cortar-a-franja-cacheada\/#primaryimage","url":"https:\/\/www.em.com.br\/emfoco\/wp-content\/uploads\/2025\/11\/Design-sem-nome-20-1.png","contentUrl":"https:\/\/www.em.com.br\/emfoco\/wp-content\/uploads\/2025\/11\/Design-sem-nome-20-1.png","width":1280,"height":720,"caption":"O primeiro passo \u00e9 analisar o formato do seu rosto e como a franja pode valoriz\u00e1-lo"},{"@type":"BreadcrumbList","@id":"https:\/\/www.em.com.br\/emfoco\/2025\/11\/19\/o-que-voce-precisa-saber-sobre-o-encolhimento-antes-de-cortar-a-franja-cacheada\/#breadcrumb","itemListElement":[{"@type":"ListItem","position":1,"name":"In\u00edcio","item":"https:\/\/www.em.com.br\/emfoco\/"},{"@type":"ListItem","position":2,"name":"O que voc\u00ea precisa saber sobre o encolhimento antes de cortar a franja cacheada"}]},{"@type":"WebSite","@id":"https:\/\/www.em.com.br\/emfoco\/#website","url":"https:\/\/www.em.com.br\/emfoco\/","name":"Estado de Minas - Em foco","description":"Acompanhe as \u00faltimas not\u00edcias e fique bem informado sobre tudo o que acontece em Minas Gerais, Brasil e no mundo.","potentialAction":[{"@type":"SearchAction","target":{"@type":"EntryPoint","urlTemplate":"https:\/\/www.em.com.br\/emfoco\/?s={search_term_string}"},"query-input":{"@type":"PropertyValueSpecification","valueRequired":true,"valueName":"search_term_string"}}],"inLanguage":"pt-BR"},{"@type":"Person","@id":"https:\/\/www.em.com.br\/emfoco\/#\/schema\/person\/0a8186d72f2c3a5c6276d90b41f271a0","name":"Daniely Cardoso","image":{"@type":"ImageObject","inLanguage":"pt-BR","@id":"https:\/\/www.em.com.br\/emfoco\/#\/schema\/person\/image\/","url":"https:\/\/secure.gravatar.com\/avatar\/4b80ddbd124d1f071b626d52d62e5dff?s=96&d=mm&r=g","contentUrl":"https:\/\/secure.gravatar.com\/avatar\/4b80ddbd124d1f071b626d52d62e5dff?s=96&d=mm&r=g","caption":"Daniely Cardoso"},"url":"https:\/\/www.em.com.br\/emfoco\/author\/danielymyth\/"}]}},"_links":{"self":[{"href":"https:\/\/www.em.com.br\/emfoco\/wp-json\/wp\/v2\/posts\/128891","targetHints":{"allow":["GET"]}}],"collection":[{"href":"https:\/\/www.em.com.br\/emfoco\/wp-json\/wp\/v2\/posts"}],"about":[{"href":"https:\/\/www.em.com.br\/emfoco\/wp-json\/wp\/v2\/types\/post"}],"author":[{"embeddable":true,"href":"https:\/\/www.em.com.br\/emfoco\/wp-json\/wp\/v2\/users\/9"}],"replies":[{"embeddable":true,"href":"https:\/\/www.em.com.br\/emfoco\/wp-json\/wp\/v2\/comments?post=128891"}],"version-history":[{"count":4,"href":"https:\/\/www.em.com.br\/emfoco\/wp-json\/wp\/v2\/posts\/128891\/revisions"}],"predecessor-version":[{"id":128941,"href":"https:\/\/www.em.com.br\/emfoco\/wp-json\/wp\/v2\/posts\/128891\/revisions\/128941"}],"wp:featuredmedia":[{"embeddable":true,"href":"https:\/\/www.em.com.br\/emfoco\/wp-json\/wp\/v2\/media\/128939"}],"wp:attachment":[{"href":"https:\/\/www.em.com.br\/emfoco\/wp-json\/wp\/v2\/media?parent=128891"}],"wp:term":[{"taxonomy":"category","embeddable":true,"href":"https:\/\/www.em.com.br\/emfoco\/wp-json\/wp\/v2\/categories?post=128891"},{"taxonomy":"post_tag","embeddable":true,"href":"https:\/\/www.em.com.br\/emfoco\/wp-json\/wp\/v2\/tags?post=128891"}],"curies":[{"name":"wp","href":"https:\/\/api.w.org\/{rel}","templated":true}]}}