{"id":128843,"date":"2025-11-19T20:05:40","date_gmt":"2025-11-19T23:05:40","guid":{"rendered":"https:\/\/www.em.com.br\/emfoco\/?p=128843"},"modified":"2025-11-18T12:25:21","modified_gmt":"2025-11-18T15:25:21","slug":"o-suco-que-muitas-mulheres-estao-usando-para-ter-mais-disposicao","status":"publish","type":"post","link":"https:\/\/www.em.com.br\/emfoco\/2025\/11\/19\/o-suco-que-muitas-mulheres-estao-usando-para-ter-mais-disposicao\/","title":{"rendered":"O suco que muitas mulheres est\u00e3o usando para ter mais disposi\u00e7\u00e3o"},"content":{"rendered":"\n<p>Conhecido por suas propriedades <strong>refrescantes<\/strong> e sabor \u00fanico, o suco de <strong>abacaxi<\/strong> com gengibre tem ganhado notoriedade entre aqueles que buscam op\u00e7\u00f5es saud\u00e1veis para incorporar em sua rotina, oferecendo n\u00e3o s\u00f3 sabor, mas tamb\u00e9m uma variedade de <strong>benef\u00edcios<\/strong> \u00e0 sa\u00fade.<\/p>\n\n\n\n<h2 class=\"wp-block-heading\">Descubra os benef\u00edcios do gengibre para o organismo<\/h2>\n\n\n\n<p>O <strong>gengibre<\/strong>, tradicional na medicina desde a antiguidade, se destaca por suas propriedades anti-inflamat\u00f3rias e antioxidantes. Este rizoma auxilia no al\u00edvio de <strong>n\u00e1useas<\/strong>, na redu\u00e7\u00e3o de dores musculares e ainda fortalece o sistema imunol\u00f3gico devido ao <strong>gingerol<\/strong>, seu composto ativo principal.<\/p>\n\n\n\n<p>Al\u00e9m disso, evid\u00eancias sugerem que o <strong>gengibre<\/strong> pode contribuir na regula\u00e7\u00e3o dos n\u00edveis de a\u00e7\u00facar no sangue e apoiar fun\u00e7\u00f5es <strong>cardiovasculares<\/strong>. Pessoas que buscam alternativas naturais para o bem-estar encontram nesse ingrediente um grande aliado.<\/p>\n\n\n<div class=\"wp-block-image\">\n<figure class=\"aligncenter size-large\"><img loading=\"lazy\" decoding=\"async\" width=\"1024\" height=\"576\" src=\"https:\/\/www.em.com.br\/emfoco\/wp-content\/uploads\/2025\/03\/gengibre-plantacao_1743260324886-1024x576.jpg\" alt=\"Aprenda a plantar 5 ervas que combatem os sintomas da TPM\" class=\"wp-image-33585\" srcset=\"https:\/\/www.em.com.br\/emfoco\/wp-content\/uploads\/2025\/03\/gengibre-plantacao_1743260324886-1024x576.jpg 1024w, https:\/\/www.em.com.br\/emfoco\/wp-content\/uploads\/2025\/03\/gengibre-plantacao_1743260324886-300x169.jpg 300w, https:\/\/www.em.com.br\/emfoco\/wp-content\/uploads\/2025\/03\/gengibre-plantacao_1743260324886-768x432.jpg 768w, https:\/\/www.em.com.br\/emfoco\/wp-content\/uploads\/2025\/03\/gengibre-plantacao_1743260324886-750x422.jpg 750w, https:\/\/www.em.com.br\/emfoco\/wp-content\/uploads\/2025\/03\/gengibre-plantacao_1743260324886-1140x642.jpg 1140w, https:\/\/www.em.com.br\/emfoco\/wp-content\/uploads\/2025\/03\/gengibre-plantacao_1743260324886.jpg 1279w\" sizes=\"auto, (max-width: 1024px) 100vw, 1024px\" \/><figcaption class=\"wp-element-caption\">O gengibre oferece propriedades anti-inflamat\u00f3rias significativas &#8211; Cr\u00e9ditos: depositphotos.com \/ Torychemistry<\/figcaption><\/figure><\/div>\n\n\n<p>Leia tamb\u00e9m:&nbsp;<a href=\"https:\/\/www.em.com.br\/emfoco\/2025\/11\/02\/aprenda-a-plantar-abacaxi-usando-a-coroa-da-fruta-e-colha-frutos-doces-em-casa\/\" target=\"_blank\" rel=\"noopener\">Aprenda a plantar abacaxi usando a coroa da fruta e colha frutos doces em casa<\/a><\/p>\n\n\n\n<h2 class=\"wp-block-heading\">Veja como o suco de abacaxi com gengibre pode beneficiar a sa\u00fade<\/h2>\n\n\n\n<p>Unindo os poderes do <strong>abacaxi<\/strong> e do gengibre, o suco potencializa os efeitos positivos de ambos os ingredientes. Ele auxilia o processo <strong>digestivo<\/strong> e ajuda no controle do peso, gra\u00e7as \u00e0 a\u00e7\u00e3o termog\u00eanica do gengibre, que acelera o <strong>metabolismo<\/strong>.<\/p>\n\n\n\n<p>Para melhor elucidar os principais benef\u00edcios dessa combina\u00e7\u00e3o, confira abaixo uma lista com seus efeitos mais not\u00e1veis:<\/p>\n\n\n\n<ul class=\"wp-block-list\">\n<li>Fortalece a <strong>imunidade<\/strong> devido \u00e0 alta concentra\u00e7\u00e3o de vitamina C;<\/li>\n\n\n\n<li>Oferece a\u00e7\u00e3o <strong>antioxidante<\/strong>, combatendo o estresse oxidativo;<\/li>\n\n\n\n<li>Promove a <strong>digest\u00e3o<\/strong> saud\u00e1vel por unir bromelina e gingerol;<\/li>\n\n\n\n<li>Contribui para a redu\u00e7\u00e3o de <strong>inflama\u00e7\u00f5es<\/strong> no organismo.<\/li>\n<\/ul>\n\n\n\n<h2 class=\"wp-block-heading\">Veja outras vantagens do suco de abacaxi com gengibre<\/h2>\n\n\n\n<p>Al\u00e9m dos benef\u00edcios digestivos e antioxidantes, a combina\u00e7\u00e3o funciona como <strong>anti-inflamat\u00f3rio<\/strong> natural, podendo aliviar dores articulares e musculares. O suco ainda pode ser inclu\u00eddo em dietas de <strong>desintoxica\u00e7\u00e3o<\/strong>, promovendo a limpeza do organismo de maneira suave.<\/p>\n\n\n\n<p>Seu consumo regular, aliado a um estilo de vida saud\u00e1vel, potencializa seus efeitos, tornando-se um aliado interessante para quem busca <strong>qualidade de vida<\/strong> com recursos naturais. Abaixo voc\u00ea encontra um v\u00eddeo do canal <a class=\"yt-simple-endpoint style-scope yt-formatted-string\" spellcheck=\"false\" href=\"https:\/\/www.youtube.com\/@receitassemblablabla\" target=\"_blank\" rel=\"noopener\">Receitas sem Bl\u00e1 Bl\u00e1 Bl\u00e1&nbsp;<\/a>sobre como fazer esse suco e seus benef\u00edcios:<\/p>\n\n\n\n<figure class=\"wp-block-embed is-type-video is-provider-youtube wp-block-embed-youtube wp-embed-aspect-16-9 wp-has-aspect-ratio\"><div class=\"wp-block-embed__wrapper\">\n<div class=\"jeg_video_container jeg_video_content\"><iframe loading=\"lazy\" title=\"PRA QUE SERVE O SUCO DE ABACAXI COM HORTEL\u00c3? CONHE\u00c7A OS BENEF\u00cdCIOS E APRENDA COMO FAZER!\" width=\"500\" height=\"281\" src=\"https:\/\/www.youtube.com\/embed\/kEJf3LrcWyQ?feature=oembed\" frameborder=\"0\" allow=\"accelerometer; autoplay; clipboard-write; encrypted-media; gyroscope; picture-in-picture; web-share\" referrerpolicy=\"strict-origin-when-cross-origin\" allowfullscreen><\/iframe><\/div>\n<\/div><\/figure>\n\n\n\n<h2 class=\"wp-block-heading\">Saiba como preparar e consumir de forma eficaz o suco<\/h2>\n\n\n\n<p>Preparar o suco em casa \u00e9 simples: basta descascar e cortar um <strong>abacaxi<\/strong> fresco, juntar uma colher de ch\u00e1 de gengibre ralado e bater tudo no liquidificador at\u00e9 ficar homog\u00eaneo. Recomenda-se consumir imediatamente para preservar ao m\u00e1ximo os <strong>nutrientes<\/strong>.<\/p>\n\n\n\n<p>Incorporar este suco \u00e0 rotina pode ser feito ao iniciar o dia ou como refor\u00e7o em <strong>lanches<\/strong>. Consuma com modera\u00e7\u00e3o e sempre complemente com uma <strong>alimenta\u00e7\u00e3o<\/strong> equilibrada para potencializar os benef\u00edcios desse alimento funcional.<\/p>\n","protected":false},"excerpt":{"rendered":"<p>Conhecido por suas propriedades refrescantes e sabor \u00fanico, o suco de abacaxi com gengibre tem ganhado notoriedade entre aqueles que buscam op\u00e7\u00f5es saud\u00e1veis para incorporar em sua rotina, oferecendo n\u00e3o s\u00f3 sabor, mas tamb\u00e9m uma variedade de benef\u00edcios \u00e0 sa\u00fade. Descubra os benef\u00edcios do gengibre para o organismo O gengibre, tradicional na medicina desde a [&hellip;]<\/p>\n","protected":false},"author":9,"featured_media":128986,"comment_status":"open","ping_status":"open","sticky":false,"template":"","format":"standard","meta":{"jnews-multi-image_gallery":[],"jnews_single_post":{"format":"standard"},"jnews_primary_category":[],"jnews_social_meta":[],"jnews_override_counter":[],"footnotes":""},"categories":[8691,8819,1,9053],"tags":[3785,4205,3981,3078],"class_list":["post-128843","post","type-post","status-publish","format-standard","has-post-thumbnail","hentry","category-bem-estar","category-curiosidades","category-noticias","category-saude","tag-abacaxi","tag-digestao","tag-hortela","tag-suco"],"yoast_head":"<!-- This site is optimized with the Yoast SEO plugin v23.8 - https:\/\/yoast.com\/wordpress\/plugins\/seo\/ -->\n<title>O suco que muitas mulheres est\u00e3o usando para ter mais disposi\u00e7\u00e3o - Estado de Minas - Em foco<\/title>\n<meta name=\"description\" content=\"Uma bebida une uma fruta e uma raiz para desinflamar o corpo. Este suco melhora a digest\u00e3o, acelera o metabolismo e fortalece a imunidade.\" \/>\n<meta name=\"robots\" content=\"index, follow, max-snippet:-1, max-image-preview:large, max-video-preview:-1\" \/>\n<link rel=\"canonical\" href=\"https:\/\/www.em.com.br\/emfoco\/2025\/11\/19\/o-suco-que-muitas-mulheres-estao-usando-para-ter-mais-disposicao\/\" \/>\n<meta property=\"og:locale\" content=\"pt_BR\" \/>\n<meta property=\"og:type\" content=\"article\" \/>\n<meta property=\"og:title\" content=\"O suco que muitas mulheres est\u00e3o usando para ter mais disposi\u00e7\u00e3o - Estado de Minas - Em foco\" \/>\n<meta property=\"og:description\" content=\"Uma bebida une uma fruta e uma raiz para desinflamar o corpo. Este suco melhora a digest\u00e3o, acelera o metabolismo e fortalece a imunidade.\" \/>\n<meta property=\"og:url\" content=\"https:\/\/www.em.com.br\/emfoco\/2025\/11\/19\/o-suco-que-muitas-mulheres-estao-usando-para-ter-mais-disposicao\/\" \/>\n<meta property=\"og:site_name\" content=\"Estado de Minas - Em foco\" \/>\n<meta property=\"article:published_time\" content=\"2025-11-19T23:05:40+00:00\" \/>\n<meta property=\"article:modified_time\" content=\"2025-11-18T15:25:21+00:00\" \/>\n<meta property=\"og:image\" content=\"https:\/\/www.em.com.br\/emfoco\/wp-content\/uploads\/2025\/11\/mulher-tomando-suco_1763479496674.jpg\" \/>\n\t<meta property=\"og:image:width\" content=\"1280\" \/>\n\t<meta property=\"og:image:height\" content=\"720\" \/>\n\t<meta property=\"og:image:type\" content=\"image\/jpeg\" \/>\n<meta name=\"author\" content=\"Daniely Cardoso\" \/>\n<meta name=\"twitter:card\" content=\"summary_large_image\" \/>\n<meta name=\"twitter:label1\" content=\"Escrito por\" \/>\n\t<meta name=\"twitter:data1\" content=\"Daniely Cardoso\" \/>\n\t<meta name=\"twitter:label2\" content=\"Est. tempo de leitura\" \/>\n\t<meta name=\"twitter:data2\" content=\"3 minutos\" \/>\n<!-- \/ Yoast SEO plugin. -->","yoast_head_json":{"title":"O suco que muitas mulheres est\u00e3o usando para ter mais disposi\u00e7\u00e3o - Estado de Minas - Em foco","description":"Uma bebida une uma fruta e uma raiz para desinflamar o corpo. Este suco melhora a digest\u00e3o, acelera o metabolismo e fortalece a imunidade.","robots":{"index":"index","follow":"follow","max-snippet":"max-snippet:-1","max-image-preview":"max-image-preview:large","max-video-preview":"max-video-preview:-1"},"canonical":"https:\/\/www.em.com.br\/emfoco\/2025\/11\/19\/o-suco-que-muitas-mulheres-estao-usando-para-ter-mais-disposicao\/","og_locale":"pt_BR","og_type":"article","og_title":"O suco que muitas mulheres est\u00e3o usando para ter mais disposi\u00e7\u00e3o - Estado de Minas - Em foco","og_description":"Uma bebida une uma fruta e uma raiz para desinflamar o corpo. Este suco melhora a digest\u00e3o, acelera o metabolismo e fortalece a imunidade.","og_url":"https:\/\/www.em.com.br\/emfoco\/2025\/11\/19\/o-suco-que-muitas-mulheres-estao-usando-para-ter-mais-disposicao\/","og_site_name":"Estado de Minas - Em foco","article_published_time":"2025-11-19T23:05:40+00:00","article_modified_time":"2025-11-18T15:25:21+00:00","og_image":[{"width":1280,"height":720,"url":"https:\/\/www.em.com.br\/emfoco\/wp-content\/uploads\/2025\/11\/mulher-tomando-suco_1763479496674.jpg","type":"image\/jpeg"}],"author":"Daniely Cardoso","twitter_card":"summary_large_image","twitter_misc":{"Escrito por":"Daniely Cardoso","Est. tempo de leitura":"3 minutos"},"schema":{"@context":"https:\/\/schema.org","@graph":[{"@type":"WebPage","@id":"https:\/\/www.em.com.br\/emfoco\/2025\/11\/19\/o-suco-que-muitas-mulheres-estao-usando-para-ter-mais-disposicao\/","url":"https:\/\/www.em.com.br\/emfoco\/2025\/11\/19\/o-suco-que-muitas-mulheres-estao-usando-para-ter-mais-disposicao\/","name":"O suco que muitas mulheres est\u00e3o usando para ter mais disposi\u00e7\u00e3o - Estado de Minas - Em foco","isPartOf":{"@id":"https:\/\/www.em.com.br\/emfoco\/#website"},"primaryImageOfPage":{"@id":"https:\/\/www.em.com.br\/emfoco\/2025\/11\/19\/o-suco-que-muitas-mulheres-estao-usando-para-ter-mais-disposicao\/#primaryimage"},"image":{"@id":"https:\/\/www.em.com.br\/emfoco\/2025\/11\/19\/o-suco-que-muitas-mulheres-estao-usando-para-ter-mais-disposicao\/#primaryimage"},"thumbnailUrl":"https:\/\/www.em.com.br\/emfoco\/wp-content\/uploads\/2025\/11\/mulher-tomando-suco_1763479496674.jpg","datePublished":"2025-11-19T23:05:40+00:00","dateModified":"2025-11-18T15:25:21+00:00","author":{"@id":"https:\/\/www.em.com.br\/emfoco\/#\/schema\/person\/0a8186d72f2c3a5c6276d90b41f271a0"},"description":"Uma bebida une uma fruta e uma raiz para desinflamar o corpo. Este suco melhora a digest\u00e3o, acelera o metabolismo e fortalece a imunidade.","breadcrumb":{"@id":"https:\/\/www.em.com.br\/emfoco\/2025\/11\/19\/o-suco-que-muitas-mulheres-estao-usando-para-ter-mais-disposicao\/#breadcrumb"},"inLanguage":"pt-BR","potentialAction":[{"@type":"ReadAction","target":["https:\/\/www.em.com.br\/emfoco\/2025\/11\/19\/o-suco-que-muitas-mulheres-estao-usando-para-ter-mais-disposicao\/"]}]},{"@type":"ImageObject","inLanguage":"pt-BR","@id":"https:\/\/www.em.com.br\/emfoco\/2025\/11\/19\/o-suco-que-muitas-mulheres-estao-usando-para-ter-mais-disposicao\/#primaryimage","url":"https:\/\/www.em.com.br\/emfoco\/wp-content\/uploads\/2025\/11\/mulher-tomando-suco_1763479496674.jpg","contentUrl":"https:\/\/www.em.com.br\/emfoco\/wp-content\/uploads\/2025\/11\/mulher-tomando-suco_1763479496674.jpg","width":1280,"height":720,"caption":"O gengibre, tradicional na medicina desde a antiguidade, se destaca por suas propriedades anti-inflamat\u00f3rias e antioxidantes - Cr\u00e9ditos: depositphotos.com \/ Implementar"},{"@type":"BreadcrumbList","@id":"https:\/\/www.em.com.br\/emfoco\/2025\/11\/19\/o-suco-que-muitas-mulheres-estao-usando-para-ter-mais-disposicao\/#breadcrumb","itemListElement":[{"@type":"ListItem","position":1,"name":"In\u00edcio","item":"https:\/\/www.em.com.br\/emfoco\/"},{"@type":"ListItem","position":2,"name":"O suco que muitas mulheres est\u00e3o usando para ter mais disposi\u00e7\u00e3o"}]},{"@type":"WebSite","@id":"https:\/\/www.em.com.br\/emfoco\/#website","url":"https:\/\/www.em.com.br\/emfoco\/","name":"Estado de Minas - Em foco","description":"Acompanhe as \u00faltimas not\u00edcias e fique bem informado sobre tudo o que acontece em Minas Gerais, Brasil e no mundo.","potentialAction":[{"@type":"SearchAction","target":{"@type":"EntryPoint","urlTemplate":"https:\/\/www.em.com.br\/emfoco\/?s={search_term_string}"},"query-input":{"@type":"PropertyValueSpecification","valueRequired":true,"valueName":"search_term_string"}}],"inLanguage":"pt-BR"},{"@type":"Person","@id":"https:\/\/www.em.com.br\/emfoco\/#\/schema\/person\/0a8186d72f2c3a5c6276d90b41f271a0","name":"Daniely Cardoso","image":{"@type":"ImageObject","inLanguage":"pt-BR","@id":"https:\/\/www.em.com.br\/emfoco\/#\/schema\/person\/image\/","url":"https:\/\/secure.gravatar.com\/avatar\/4b80ddbd124d1f071b626d52d62e5dff?s=96&d=mm&r=g","contentUrl":"https:\/\/secure.gravatar.com\/avatar\/4b80ddbd124d1f071b626d52d62e5dff?s=96&d=mm&r=g","caption":"Daniely Cardoso"},"url":"https:\/\/www.em.com.br\/emfoco\/author\/danielymyth\/"}]}},"_links":{"self":[{"href":"https:\/\/www.em.com.br\/emfoco\/wp-json\/wp\/v2\/posts\/128843","targetHints":{"allow":["GET"]}}],"collection":[{"href":"https:\/\/www.em.com.br\/emfoco\/wp-json\/wp\/v2\/posts"}],"about":[{"href":"https:\/\/www.em.com.br\/emfoco\/wp-json\/wp\/v2\/types\/post"}],"author":[{"embeddable":true,"href":"https:\/\/www.em.com.br\/emfoco\/wp-json\/wp\/v2\/users\/9"}],"replies":[{"embeddable":true,"href":"https:\/\/www.em.com.br\/emfoco\/wp-json\/wp\/v2\/comments?post=128843"}],"version-history":[{"count":3,"href":"https:\/\/www.em.com.br\/emfoco\/wp-json\/wp\/v2\/posts\/128843\/revisions"}],"predecessor-version":[{"id":128987,"href":"https:\/\/www.em.com.br\/emfoco\/wp-json\/wp\/v2\/posts\/128843\/revisions\/128987"}],"wp:featuredmedia":[{"embeddable":true,"href":"https:\/\/www.em.com.br\/emfoco\/wp-json\/wp\/v2\/media\/128986"}],"wp:attachment":[{"href":"https:\/\/www.em.com.br\/emfoco\/wp-json\/wp\/v2\/media?parent=128843"}],"wp:term":[{"taxonomy":"category","embeddable":true,"href":"https:\/\/www.em.com.br\/emfoco\/wp-json\/wp\/v2\/categories?post=128843"},{"taxonomy":"post_tag","embeddable":true,"href":"https:\/\/www.em.com.br\/emfoco\/wp-json\/wp\/v2\/tags?post=128843"}],"curies":[{"name":"wp","href":"https:\/\/api.w.org\/{rel}","templated":true}]}}