{"id":128838,"date":"2025-11-19T17:35:58","date_gmt":"2025-11-19T20:35:58","guid":{"rendered":"https:\/\/www.em.com.br\/emfoco\/?p=128838"},"modified":"2025-11-18T11:36:02","modified_gmt":"2025-11-18T14:36:02","slug":"o-jeito-mais-facil-de-ter-temperos-frescos-e-saborosos-todos-os-dias-na-sua-cozinha","status":"publish","type":"post","link":"https:\/\/www.em.com.br\/emfoco\/2025\/11\/19\/o-jeito-mais-facil-de-ter-temperos-frescos-e-saborosos-todos-os-dias-na-sua-cozinha\/","title":{"rendered":"O jeito mais f\u00e1cil de ter temperos frescos e saborosos todos os dias na sua cozinha"},"content":{"rendered":"\n<p>As casas modernas est\u00e3o cada vez mais focadas em pr\u00e1ticas <strong>sustent\u00e1veis,<\/strong> e isso se reflete especialmente nas <strong>cozinhas<\/strong> dom\u00e9sticas. Um dos fen\u00f4menos que tende a crescer at\u00e9 2026 \u00e9 o uso de <strong>plantas<\/strong>&nbsp;que n\u00e3o apenas decoram, mas tamb\u00e9m promovem bem-estar e adicionam sabor \u00e0 rotina culin\u00e1ria, unindo utilidade e est\u00e9tica para transformar a cozinha em um o\u00e1sis verde e funcional.<\/p>\n\n\n\n<h2 class=\"wp-block-heading\">Como as plantas influenciam positivamente na qualidade do ar da cozinha<\/h2>\n\n\n\n<p>As plantas possuem a capacidade de purificar o <strong>ar,<\/strong> eliminando toxinas e compostos prejudiciais. A <strong>lavanda<\/strong> se destaca por seu aroma relaxante e por ajudar a reduzir compostos org\u00e2nicos vol\u00e1teis, proporcionando um ambiente mais saud\u00e1vel e agrad\u00e1vel.<\/p>\n\n\n\n<p>Al\u00e9m disso, a <strong>lavanda<\/strong>&nbsp;pode ser explorada em infus\u00f5es e sobremesas, trazendo n\u00e3o s\u00f3 frescor ao ar mas tamb\u00e9m um toque arom\u00e1tico a diversas receitas. Outras plantas, como a <strong>espada-de-s\u00e3o-jorge,<\/strong> tamb\u00e9m s\u00e3o reconhecidas pela efici\u00eancia na filtragem de poluentes dom\u00e9sticos.<\/p>\n\n\n<div class=\"wp-block-image\">\n<figure class=\"aligncenter size-large\"><img loading=\"lazy\" decoding=\"async\" width=\"1024\" height=\"576\" src=\"https:\/\/www.em.com.br\/emfoco\/wp-content\/uploads\/2025\/04\/Manjericao-_1745018681168-1024x576.jpg\" alt=\"Aprenda a cultivar plantas que espantam formigas do jardim\" class=\"wp-image-39741\" srcset=\"https:\/\/www.em.com.br\/emfoco\/wp-content\/uploads\/2025\/04\/Manjericao-_1745018681168-1024x576.jpg 1024w, https:\/\/www.em.com.br\/emfoco\/wp-content\/uploads\/2025\/04\/Manjericao-_1745018681168-300x169.jpg 300w, https:\/\/www.em.com.br\/emfoco\/wp-content\/uploads\/2025\/04\/Manjericao-_1745018681168-768x432.jpg 768w, https:\/\/www.em.com.br\/emfoco\/wp-content\/uploads\/2025\/04\/Manjericao-_1745018681168-750x422.jpg 750w, https:\/\/www.em.com.br\/emfoco\/wp-content\/uploads\/2025\/04\/Manjericao-_1745018681168-1140x641.jpg 1140w, https:\/\/www.em.com.br\/emfoco\/wp-content\/uploads\/2025\/04\/Manjericao-_1745018681168.jpg 1280w\" sizes=\"auto, (max-width: 1024px) 100vw, 1024px\" \/><figcaption class=\"wp-element-caption\">Manjeric\u00e3o perfeito para massas, molhos e saladas &#8211; Cr\u00e9ditos: depositphotos.com \/ serezniy<\/figcaption><\/figure><\/div>\n\n\n<p>Leia tamb\u00e9m:&nbsp;<a href=\"https:\/\/www.em.com.br\/emfoco\/2025\/11\/17\/as-ervas-mais-poderosas-que-ja-cultivei-para-ansiedade-e-noites-melhores\/\" target=\"_blank\" rel=\"noopener\">As ervas mais poderosas que j\u00e1 cultivei para ansiedade e noites melhores<\/a><\/p>\n\n\n\n<h2 class=\"wp-block-heading\">Conhe\u00e7a plantas essenciais para o cultivo de ervas frescas na cozinha<\/h2>\n\n\n\n<p>Ter <strong>ervas<\/strong> frescas sempre \u00e0 m\u00e3o \u00e9 uma praticidade ineg\u00e1vel em cozinhas modernas. O <strong>manjeric\u00e3o<\/strong> e o <strong>alecrim<\/strong> s\u00e3o exemplos de plantas que se adaptam bem a ambientes internos e valorizam diferentes tipos de pratos.<\/p>\n\n\n\n<p>Veja algumas op\u00e7\u00f5es de cultivos indispens\u00e1veis para otimizar o espa\u00e7o e o <strong>sabor<\/strong> na cozinha:<\/p>\n\n\n\n<ul class=\"wp-block-list\">\n<li><strong>Manjeric\u00e3o<\/strong>: perfeito para massas, molhos e saladas.<\/li>\n\n\n\n<li><strong>Alecrim<\/strong>: adiciona aroma a carnes, p\u00e3es e drinks.<\/li>\n\n\n\n<li><strong>Salsinha<\/strong>: f\u00e1cil de cultivar, vers\u00e1til em receitas frescas.<\/li>\n\n\n\n<li><strong>Cebolinha<\/strong>: ideal para finalizar pratos e trazer cor.<\/li>\n<\/ul>\n\n\n\n<h2 class=\"wp-block-heading\">Por que as plantas contribuem para uma alimenta\u00e7\u00e3o mais saud\u00e1vel<\/h2>\n\n\n\n<p>Introduzir <strong>ervas<\/strong> frescas na alimenta\u00e7\u00e3o di\u00e1ria \u00e9 uma forma simples de potencializar nutrientes e sabores. O <strong>tomilho<\/strong> e a <strong>hortel\u00e3<\/strong> s\u00e3o aliados nesse processo, ambos ricos em <strong>antioxidantes<\/strong> e componentes que favorecem uma dieta equilibrada.<\/p>\n\n\n\n<p>Al\u00e9m disso, essas plantas s\u00e3o fontes naturais de <strong>vitaminas<\/strong> e minerais, contribuindo para a manuten\u00e7\u00e3o da sa\u00fade e permitindo uma alimenta\u00e7\u00e3o mais consciente e diversificada, sem depender de temperos industrializados. Veja um v\u00eddeo abaixo do canal <a class=\"yt-simple-endpoint style-scope yt-formatted-string\" spellcheck=\"false\" href=\"https:\/\/www.youtube.com\/@cultivando-canal\" target=\"_blank\" rel=\"noopener\">Cultivando<\/a> <span style=\"font-size: revert;\">sobre o plantio de manjeric\u00e3o:<\/span><\/p>\n\n\n\n<figure class=\"wp-block-embed is-type-video is-provider-youtube wp-block-embed-youtube wp-embed-aspect-16-9 wp-has-aspect-ratio\"><div class=\"wp-block-embed__wrapper\">\n<div class=\"jeg_video_container jeg_video_content\"><iframe loading=\"lazy\" title=\"6 Dicas para Cultivar MANJERIC\u00c3O\" width=\"500\" height=\"281\" src=\"https:\/\/www.youtube.com\/embed\/0lXmoxACKeo?start=115&#038;feature=oembed\" frameborder=\"0\" allow=\"accelerometer; autoplay; clipboard-write; encrypted-media; gyroscope; picture-in-picture; web-share\" referrerpolicy=\"strict-origin-when-cross-origin\" allowfullscreen><\/iframe><\/div>\n<\/div><\/figure>\n\n\n\n<h2 class=\"wp-block-heading\">Como voc\u00ea pode integrar essas plantas \u00e0 rotina di\u00e1ria da cozinha<\/h2>\n\n\n\n<p>Adotar o cultivo de plantas <strong>culin\u00e1rias<\/strong> exige planejamento, mas \u00e9 totalmente vi\u00e1vel com alguns ajustes. Invista em pequenas hortas verticais, vasos em <strong>janelas<\/strong> ensolaradas ou prateleiras que aproveitem bem o ambiente interno.<\/p>\n\n\n\n<p>Antes de iniciar, fa\u00e7a uma lista das <strong>ervas<\/strong> que melhor se adaptam ao espa\u00e7o e atendem ao seu estilo de cozinha. Assim, \u00e9 poss\u00edvel transformar o espa\u00e7o culin\u00e1rio em um ambiente mais saud\u00e1vel, pr\u00e1tico e agrad\u00e1vel para toda a fam\u00edlia.<\/p>\n\n\n\n<p>Desta maneira, perceber a cozinha tamb\u00e9m como um <strong>jardim<\/strong> promove uma conviv\u00eancia harm\u00f4nica e sustent\u00e1vel. As cinco plantas destacadas aqui \u2014 <strong>lavanda<\/strong>, <strong>manjeric\u00e3o<\/strong>, <strong>alecrim<\/strong>, <strong>tomilho<\/strong> e <strong>hortel\u00e3<\/strong> \u2014 oferecem benef\u00edcios que extrapolam o sabor, tornando o lar mais acolhedor e saud\u00e1vel e estimulando uma vida mais consciente.<\/p>\n","protected":false},"excerpt":{"rendered":"<p>As casas modernas est\u00e3o cada vez mais focadas em pr\u00e1ticas sustent\u00e1veis, e isso se reflete especialmente nas cozinhas dom\u00e9sticas. Um dos fen\u00f4menos que tende a crescer at\u00e9 2026 \u00e9 o uso de plantas&nbsp;que n\u00e3o apenas decoram, mas tamb\u00e9m promovem bem-estar e adicionam sabor \u00e0 rotina culin\u00e1ria, unindo utilidade e est\u00e9tica para transformar a cozinha em [&hellip;]<\/p>\n","protected":false},"author":9,"featured_media":128972,"comment_status":"open","ping_status":"open","sticky":false,"template":"","format":"standard","meta":{"jnews-multi-image_gallery":[],"jnews_single_post":{"format":"standard"},"jnews_primary_category":[],"jnews_social_meta":[],"jnews_override_counter":[],"footnotes":""},"categories":[8691,8819,1],"tags":[7701,3563,12986],"class_list":["post-128838","post","type-post","status-publish","format-standard","has-post-thumbnail","hentry","category-bem-estar","category-curiosidades","category-noticias","tag-como-plantar","tag-cozinha","tag-plantas-decorativas"],"yoast_head":"<!-- This site is optimized with the Yoast SEO plugin v23.8 - https:\/\/yoast.com\/wordpress\/plugins\/seo\/ -->\n<title>O jeito mais f\u00e1cil de ter temperos frescos e saborosos todos os dias na sua cozinha - Estado de Minas - Em foco<\/title>\n<meta name=\"description\" content=\"A tend\u00eancia de 2026 \u00e9 ter plantas na cozinha. Elas purificam o ar e oferecem ervas frescas, unindo bem-estar com uma alimenta\u00e7\u00e3o saud\u00e1vel.\" \/>\n<meta name=\"robots\" content=\"index, follow, max-snippet:-1, max-image-preview:large, max-video-preview:-1\" \/>\n<link rel=\"canonical\" href=\"https:\/\/www.em.com.br\/emfoco\/2025\/11\/19\/o-jeito-mais-facil-de-ter-temperos-frescos-e-saborosos-todos-os-dias-na-sua-cozinha\/\" \/>\n<meta property=\"og:locale\" content=\"pt_BR\" \/>\n<meta property=\"og:type\" content=\"article\" \/>\n<meta property=\"og:title\" content=\"O jeito mais f\u00e1cil de ter temperos frescos e saborosos todos os dias na sua cozinha - Estado de Minas - Em foco\" \/>\n<meta property=\"og:description\" content=\"A tend\u00eancia de 2026 \u00e9 ter plantas na cozinha. Elas purificam o ar e oferecem ervas frescas, unindo bem-estar com uma alimenta\u00e7\u00e3o saud\u00e1vel.\" \/>\n<meta property=\"og:url\" content=\"https:\/\/www.em.com.br\/emfoco\/2025\/11\/19\/o-jeito-mais-facil-de-ter-temperos-frescos-e-saborosos-todos-os-dias-na-sua-cozinha\/\" \/>\n<meta property=\"og:site_name\" content=\"Estado de Minas - Em foco\" \/>\n<meta property=\"article:published_time\" content=\"2025-11-19T20:35:58+00:00\" \/>\n<meta property=\"article:modified_time\" content=\"2025-11-18T14:36:02+00:00\" \/>\n<meta property=\"og:image\" content=\"https:\/\/www.em.com.br\/emfoco\/wp-content\/uploads\/2025\/11\/Gemini_Generated_Image_f1nvotf1nvotf1nv-1.png\" \/>\n\t<meta property=\"og:image:width\" content=\"1280\" \/>\n\t<meta property=\"og:image:height\" content=\"720\" \/>\n\t<meta property=\"og:image:type\" content=\"image\/png\" \/>\n<meta name=\"author\" content=\"Daniely Cardoso\" \/>\n<meta name=\"twitter:card\" content=\"summary_large_image\" \/>\n<meta name=\"twitter:label1\" content=\"Escrito por\" \/>\n\t<meta name=\"twitter:data1\" content=\"Daniely Cardoso\" \/>\n\t<meta name=\"twitter:label2\" content=\"Est. tempo de leitura\" \/>\n\t<meta name=\"twitter:data2\" content=\"4 minutos\" \/>\n<!-- \/ Yoast SEO plugin. -->","yoast_head_json":{"title":"O jeito mais f\u00e1cil de ter temperos frescos e saborosos todos os dias na sua cozinha - Estado de Minas - Em foco","description":"A tend\u00eancia de 2026 \u00e9 ter plantas na cozinha. Elas purificam o ar e oferecem ervas frescas, unindo bem-estar com uma alimenta\u00e7\u00e3o saud\u00e1vel.","robots":{"index":"index","follow":"follow","max-snippet":"max-snippet:-1","max-image-preview":"max-image-preview:large","max-video-preview":"max-video-preview:-1"},"canonical":"https:\/\/www.em.com.br\/emfoco\/2025\/11\/19\/o-jeito-mais-facil-de-ter-temperos-frescos-e-saborosos-todos-os-dias-na-sua-cozinha\/","og_locale":"pt_BR","og_type":"article","og_title":"O jeito mais f\u00e1cil de ter temperos frescos e saborosos todos os dias na sua cozinha - Estado de Minas - Em foco","og_description":"A tend\u00eancia de 2026 \u00e9 ter plantas na cozinha. Elas purificam o ar e oferecem ervas frescas, unindo bem-estar com uma alimenta\u00e7\u00e3o saud\u00e1vel.","og_url":"https:\/\/www.em.com.br\/emfoco\/2025\/11\/19\/o-jeito-mais-facil-de-ter-temperos-frescos-e-saborosos-todos-os-dias-na-sua-cozinha\/","og_site_name":"Estado de Minas - Em foco","article_published_time":"2025-11-19T20:35:58+00:00","article_modified_time":"2025-11-18T14:36:02+00:00","og_image":[{"width":1280,"height":720,"url":"https:\/\/www.em.com.br\/emfoco\/wp-content\/uploads\/2025\/11\/Gemini_Generated_Image_f1nvotf1nvotf1nv-1.png","type":"image\/png"}],"author":"Daniely Cardoso","twitter_card":"summary_large_image","twitter_misc":{"Escrito por":"Daniely Cardoso","Est. tempo de leitura":"4 minutos"},"schema":{"@context":"https:\/\/schema.org","@graph":[{"@type":"WebPage","@id":"https:\/\/www.em.com.br\/emfoco\/2025\/11\/19\/o-jeito-mais-facil-de-ter-temperos-frescos-e-saborosos-todos-os-dias-na-sua-cozinha\/","url":"https:\/\/www.em.com.br\/emfoco\/2025\/11\/19\/o-jeito-mais-facil-de-ter-temperos-frescos-e-saborosos-todos-os-dias-na-sua-cozinha\/","name":"O jeito mais f\u00e1cil de ter temperos frescos e saborosos todos os dias na sua cozinha - Estado de Minas - Em foco","isPartOf":{"@id":"https:\/\/www.em.com.br\/emfoco\/#website"},"primaryImageOfPage":{"@id":"https:\/\/www.em.com.br\/emfoco\/2025\/11\/19\/o-jeito-mais-facil-de-ter-temperos-frescos-e-saborosos-todos-os-dias-na-sua-cozinha\/#primaryimage"},"image":{"@id":"https:\/\/www.em.com.br\/emfoco\/2025\/11\/19\/o-jeito-mais-facil-de-ter-temperos-frescos-e-saborosos-todos-os-dias-na-sua-cozinha\/#primaryimage"},"thumbnailUrl":"https:\/\/www.em.com.br\/emfoco\/wp-content\/uploads\/2025\/11\/Gemini_Generated_Image_f1nvotf1nvotf1nv-1.png","datePublished":"2025-11-19T20:35:58+00:00","dateModified":"2025-11-18T14:36:02+00:00","author":{"@id":"https:\/\/www.em.com.br\/emfoco\/#\/schema\/person\/0a8186d72f2c3a5c6276d90b41f271a0"},"description":"A tend\u00eancia de 2026 \u00e9 ter plantas na cozinha. Elas purificam o ar e oferecem ervas frescas, unindo bem-estar com uma alimenta\u00e7\u00e3o saud\u00e1vel.","breadcrumb":{"@id":"https:\/\/www.em.com.br\/emfoco\/2025\/11\/19\/o-jeito-mais-facil-de-ter-temperos-frescos-e-saborosos-todos-os-dias-na-sua-cozinha\/#breadcrumb"},"inLanguage":"pt-BR","potentialAction":[{"@type":"ReadAction","target":["https:\/\/www.em.com.br\/emfoco\/2025\/11\/19\/o-jeito-mais-facil-de-ter-temperos-frescos-e-saborosos-todos-os-dias-na-sua-cozinha\/"]}]},{"@type":"ImageObject","inLanguage":"pt-BR","@id":"https:\/\/www.em.com.br\/emfoco\/2025\/11\/19\/o-jeito-mais-facil-de-ter-temperos-frescos-e-saborosos-todos-os-dias-na-sua-cozinha\/#primaryimage","url":"https:\/\/www.em.com.br\/emfoco\/wp-content\/uploads\/2025\/11\/Gemini_Generated_Image_f1nvotf1nvotf1nv-1.png","contentUrl":"https:\/\/www.em.com.br\/emfoco\/wp-content\/uploads\/2025\/11\/Gemini_Generated_Image_f1nvotf1nvotf1nv-1.png","width":1280,"height":720,"caption":"As plantas possuem a capacidade de purificar o ar, eliminando toxinas e compostos prejudiciais"},{"@type":"BreadcrumbList","@id":"https:\/\/www.em.com.br\/emfoco\/2025\/11\/19\/o-jeito-mais-facil-de-ter-temperos-frescos-e-saborosos-todos-os-dias-na-sua-cozinha\/#breadcrumb","itemListElement":[{"@type":"ListItem","position":1,"name":"In\u00edcio","item":"https:\/\/www.em.com.br\/emfoco\/"},{"@type":"ListItem","position":2,"name":"O jeito mais f\u00e1cil de ter temperos frescos e saborosos todos os dias na sua cozinha"}]},{"@type":"WebSite","@id":"https:\/\/www.em.com.br\/emfoco\/#website","url":"https:\/\/www.em.com.br\/emfoco\/","name":"Estado de Minas - Em foco","description":"Acompanhe as \u00faltimas not\u00edcias e fique bem informado sobre tudo o que acontece em Minas Gerais, Brasil e no mundo.","potentialAction":[{"@type":"SearchAction","target":{"@type":"EntryPoint","urlTemplate":"https:\/\/www.em.com.br\/emfoco\/?s={search_term_string}"},"query-input":{"@type":"PropertyValueSpecification","valueRequired":true,"valueName":"search_term_string"}}],"inLanguage":"pt-BR"},{"@type":"Person","@id":"https:\/\/www.em.com.br\/emfoco\/#\/schema\/person\/0a8186d72f2c3a5c6276d90b41f271a0","name":"Daniely Cardoso","image":{"@type":"ImageObject","inLanguage":"pt-BR","@id":"https:\/\/www.em.com.br\/emfoco\/#\/schema\/person\/image\/","url":"https:\/\/secure.gravatar.com\/avatar\/4b80ddbd124d1f071b626d52d62e5dff?s=96&d=mm&r=g","contentUrl":"https:\/\/secure.gravatar.com\/avatar\/4b80ddbd124d1f071b626d52d62e5dff?s=96&d=mm&r=g","caption":"Daniely Cardoso"},"url":"https:\/\/www.em.com.br\/emfoco\/author\/danielymyth\/"}]}},"_links":{"self":[{"href":"https:\/\/www.em.com.br\/emfoco\/wp-json\/wp\/v2\/posts\/128838","targetHints":{"allow":["GET"]}}],"collection":[{"href":"https:\/\/www.em.com.br\/emfoco\/wp-json\/wp\/v2\/posts"}],"about":[{"href":"https:\/\/www.em.com.br\/emfoco\/wp-json\/wp\/v2\/types\/post"}],"author":[{"embeddable":true,"href":"https:\/\/www.em.com.br\/emfoco\/wp-json\/wp\/v2\/users\/9"}],"replies":[{"embeddable":true,"href":"https:\/\/www.em.com.br\/emfoco\/wp-json\/wp\/v2\/comments?post=128838"}],"version-history":[{"count":3,"href":"https:\/\/www.em.com.br\/emfoco\/wp-json\/wp\/v2\/posts\/128838\/revisions"}],"predecessor-version":[{"id":128973,"href":"https:\/\/www.em.com.br\/emfoco\/wp-json\/wp\/v2\/posts\/128838\/revisions\/128973"}],"wp:featuredmedia":[{"embeddable":true,"href":"https:\/\/www.em.com.br\/emfoco\/wp-json\/wp\/v2\/media\/128972"}],"wp:attachment":[{"href":"https:\/\/www.em.com.br\/emfoco\/wp-json\/wp\/v2\/media?parent=128838"}],"wp:term":[{"taxonomy":"category","embeddable":true,"href":"https:\/\/www.em.com.br\/emfoco\/wp-json\/wp\/v2\/categories?post=128838"},{"taxonomy":"post_tag","embeddable":true,"href":"https:\/\/www.em.com.br\/emfoco\/wp-json\/wp\/v2\/tags?post=128838"}],"curies":[{"name":"wp","href":"https:\/\/api.w.org\/{rel}","templated":true}]}}