{"id":12883,"date":"2025-02-03T10:40:00","date_gmt":"2025-02-03T13:40:00","guid":{"rendered":"https:\/\/www.em.com.br\/emfoco\/?p=12883"},"modified":"2025-01-31T22:39:57","modified_gmt":"2025-02-01T01:39:57","slug":"atencao-usuarios-samsung-prepare-seu-celular-para-a-nova-atualizacao","status":"publish","type":"post","link":"https:\/\/www.em.com.br\/emfoco\/2025\/02\/03\/atencao-usuarios-samsung-prepare-seu-celular-para-a-nova-atualizacao\/","title":{"rendered":"Aten\u00e7\u00e3o Usu\u00e1rios Samsung! Prepare seu celular para a nova atualiza\u00e7\u00e3o"},"content":{"rendered":"\n<p>Com o an\u00fancio do <strong><a href=\"https:\/\/www.em.com.br\/emfoco\/2025\/01\/10\/one-ui-7-a-nova-interface-da-samsung-chega-com-o-android-15-o-que-muda\/\" target=\"_blank\" rel=\"noreferrer noopener\">Android 15<\/a><\/strong> e sua interface personalizada <strong>One UI 7<\/strong>, os usu\u00e1rios de celulares <strong><a href=\"https:\/\/www.googleadservices.com\/pagead\/aclk?sa=L&amp;ai=DChcSEwiziPjVpoqLAxXcJ0QIHclRDlkYABAOGgJkeg&amp;ae=2&amp;aspm=1&amp;co=1&amp;ase=5&amp;gclid=Cj0KCQiAy8K8BhCZARIsAKJ8sfTSfWs2-qkrBGIg8wziY48uZBqrJ-prgQxsKNUTbFWQyLVhq1P0IDwaAjMaEALw_wcB&amp;ohost=www.google.com&amp;cid=CAESV-D2rB2khNC56Jhgq1raHvJnZtcOKBwR_AlWkZIoXAOGe2n6IFrncYXiwFoG2hJXx3nEqlSP5bayQRqLDFb_g1iwpBxlTk4v2D2JR1gzgouNpYOwZzaHNA&amp;sig=AOD64_1dpNeqJMK5ckNXBTBr4VEmIIZ5wQ&amp;q&amp;adurl&amp;ved=2ahUKEwjn7ezVpoqLAxUqrpUCHT3NNFMQ0Qx6BAgIEAE\" target=\"_blank\" rel=\"noreferrer noopener\">Samsung<\/a><\/strong> est\u00e3o ansiosos para saber quais modelos ter\u00e3o acesso \u00e0s novas atualiza\u00e7\u00f5es. Esta vers\u00e3o promete trazer funcionalidades aprimoradas, como uma ilha din\u00e2mica semelhante \u00e0 do <strong>iPhone<\/strong>, al\u00e9m de melhorias no design do aplicativo de c\u00e2mera e anima\u00e7\u00f5es de carregamento.<\/p>\n\n\n\n<p>A Samsung ainda n\u00e3o divulgou oficialmente a lista de dispositivos que receber\u00e3o o Android 15, mas surgem especula\u00e7\u00f5es em sites especializados. Muitas expectativas giram em torno de quais <em>smartphones<\/em> e <em>tablets<\/em> da marca estar\u00e3o entre os compat\u00edveis.<\/p>\n\n\n\n<h2 class=\"wp-block-heading\">Quais s\u00e3o os dispositivos da s\u00e9rie Galaxy S com potencial atualiza\u00e7\u00e3o?<\/h2>\n\n\n\n<p>A s\u00e9rie <strong>Galaxy S<\/strong> \u00e9 tradicionalmente a linha de celulares premium da Samsung. Portanto, espera-se que diversos modelos dessa s\u00e9rie sejam compat\u00edveis com o Android 15. Entre os principais candidatos est\u00e3o os dispositivos mais recentes, como o <strong>Galaxy S24 Ultra, Galaxy S23 Ultra e a linha Galaxy S22<\/strong>. Modelos anteriores, como o <strong>Galaxy S21<\/strong>, tamb\u00e9m s\u00e3o considerados poss\u00edveis receptores da atualiza\u00e7\u00e3o.<\/p>\n\n\n\n<p>Outros dispositivos da s\u00e9rie S, como o <strong>Galaxy S23<\/strong> e suas varia\u00e7\u00f5es <strong>FE, Plus e Ultra<\/strong>, tamb\u00e9m podem ser inclu\u00eddos na lista. Historicamente, a Samsung tem mantido esses aparelhos atualizados com as \u00faltimas vers\u00f5es de seu sistema operacional.<\/p>\n\n\n\n<figure class=\"wp-block-image size-full\"><img loading=\"lazy\" decoding=\"async\" width=\"1280\" height=\"720\" src=\"https:\/\/www.em.com.br\/emfoco\/wp-content\/uploads\/2025\/01\/esse-1-5.jpg\" alt=\"Galaxy S25 Ultra vende 70% das unidades na Coreia do Sul e impressiona especialistas\" class=\"wp-image-15286\" srcset=\"https:\/\/www.em.com.br\/emfoco\/wp-content\/uploads\/2025\/01\/esse-1-5.jpg 1280w, https:\/\/www.em.com.br\/emfoco\/wp-content\/uploads\/2025\/01\/esse-1-5-300x169.jpg 300w, https:\/\/www.em.com.br\/emfoco\/wp-content\/uploads\/2025\/01\/esse-1-5-1024x576.jpg 1024w, https:\/\/www.em.com.br\/emfoco\/wp-content\/uploads\/2025\/01\/esse-1-5-768x432.jpg 768w, https:\/\/www.em.com.br\/emfoco\/wp-content\/uploads\/2025\/01\/esse-1-5-750x422.jpg 750w, https:\/\/www.em.com.br\/emfoco\/wp-content\/uploads\/2025\/01\/esse-1-5-1140x641.jpg 1140w\" sizes=\"auto, (max-width: 1280px) 100vw, 1280px\" \/><figcaption class=\"wp-element-caption\">Galaxy S24 Ultra &#8211; Imagem Divulga\u00e7\u00e3o Samsung<\/figcaption><\/figure>\n\n\n\n<h2 class=\"wp-block-heading\">Qual a previs\u00e3o para atualiza\u00e7\u00f5es dos Galaxy Z e Galaxy A?<\/h2>\n\n\n\n<p>Os modelos dobr\u00e1veis da s\u00e9rie <strong>Galaxy Z<\/strong>, como o <strong>Galaxy Z Fold 6 e Galaxy Z Flip 6<\/strong>, s\u00e3o candidatos fortes \u00e0 atualiza\u00e7\u00e3o para o Android 15. Isso porque eles utilizam tecnologias de ponta e representam a inova\u00e7\u00e3o da Samsung no mercado de smartphones dobr\u00e1veis.<\/p>\n\n\n\n<p>J\u00e1 a s\u00e9rie <strong>Galaxy A<\/strong>, que abrange dispositivos de gama m\u00e9dia, tamb\u00e9m deve receber a atualiza\u00e7\u00e3o em alguns modelos. Os mais recentes da linha, como <strong>Galaxy A54 e Galaxy A73<\/strong>, s\u00e3o vistos como os mais prov\u00e1veis de serem atualizados, enquanto os modelos mais antigos podem ou n\u00e3o ser contemplados, dependendo das especifica\u00e7\u00f5es t\u00e9cnicas e da pol\u00edtica de atualiza\u00e7\u00e3o da Samsung.<\/p>\n\n\n\n<h2 class=\"wp-block-heading\">Como os tablets Galaxy Tab ser\u00e3o afetados pelo Android 15?<\/h2>\n\n\n\n<p>Os <strong>tablets Samsung<\/strong> da s\u00e9rie <strong>Galaxy Tab<\/strong>, especialmente os modelos mais recentes, como o <strong>Galaxy Tab S10 Ultra e o Galaxy Tab S9<\/strong> inicialmente lan\u00e7ados com o <strong>Android 14<\/strong>, devem ser atualizados para o Android 15. A atualiza\u00e7\u00e3o traria n\u00e3o s\u00f3 vantagens visuais, mas tamb\u00e9m suporte para novos aplicativos e servi\u00e7os que acompanham o avan\u00e7o tecnol\u00f3gico dos dispositivos m\u00f3veis.<\/p>\n\n\n\n<p>Os modelos anteriores que se destacaram em vendas, como <strong>Galaxy Tab S8<\/strong>, tamb\u00e9m est\u00e3o no radar para poss\u00edveis atualiza\u00e7\u00f5es, garantindo que usu\u00e1rios de tablets comecem a experimentar os novos recursos assim que dispon\u00edveis.<\/p>\n\n\n\n<h2 class=\"wp-block-heading\">A s\u00e9rie Galaxy F e Galaxy M receber\u00e3o o Android 15?<\/h2>\n\n\n\n<p>A <strong>s\u00e9rie Galaxy F<\/strong> e <strong>Galaxy M<\/strong>, direcionadas principalmente a mercados espec\u00edficos e usu\u00e1rios que buscam uma rela\u00e7\u00e3o custo-benef\u00edcio, s\u00e3o linhas que podem ou n\u00e3o ser inclu\u00eddas nas atualiza\u00e7\u00f5es para o Android 15. No entanto, alguns de seus membros mais recentes, como o <strong>Galaxy F55 e Galaxy M55<\/strong>, t\u00eam maiores chances de serem contemplados.<\/p>\n\n\n\n<p>Com todas essas especula\u00e7\u00f5es, resta aguardar uma confirma\u00e7\u00e3o oficial da Samsung para saber exatamente quais modelos estar\u00e3o lado a lado com as novidades do Android 15, mantendo sempre os consumidores conectados ao que h\u00e1 de mais novo no mundo da tecnologia.<\/p>\n","protected":false},"excerpt":{"rendered":"<p>Com o an\u00fancio do Android 15 e sua interface personalizada One UI 7, os usu\u00e1rios de celulares Samsung est\u00e3o ansiosos para saber quais modelos ter\u00e3o acesso \u00e0s novas atualiza\u00e7\u00f5es. Esta vers\u00e3o promete trazer funcionalidades aprimoradas, como uma ilha din\u00e2mica semelhante \u00e0 do iPhone, al\u00e9m de melhorias no design do aplicativo de c\u00e2mera e anima\u00e7\u00f5es de [&hellip;]<\/p>\n","protected":false},"author":5,"featured_media":8145,"comment_status":"open","ping_status":"open","sticky":false,"template":"","format":"standard","meta":{"jnews-multi-image_gallery":[],"jnews_single_post":{"format":"standard"},"jnews_primary_category":[],"jnews_social_meta":[],"jnews_override_counter":[],"footnotes":""},"categories":[29,1],"tags":[2950,1413,2598,161],"class_list":["post-12883","post","type-post","status-publish","format-standard","has-post-thumbnail","hentry","category-entretenimento","category-noticias","tag-android-15","tag-atualizacoes","tag-samsung","tag-tecnologia"],"yoast_head":"<!-- This site is optimized with the Yoast SEO plugin v23.8 - https:\/\/yoast.com\/wordpress\/plugins\/seo\/ -->\n<title>Aten\u00e7\u00e3o Usu\u00e1rios Samsung! Prepare seu celular para a nova atualiza\u00e7\u00e3o - Estado de Minas - Em foco<\/title>\n<meta name=\"description\" content=\"Celulares Samsung v\u00e3o receber o Android 15? Confira a lista completa e saiba quais s\u00e3o as novidades da nova vers\u00e3o do sistema operacional.\" \/>\n<meta name=\"robots\" content=\"index, follow, max-snippet:-1, max-image-preview:large, max-video-preview:-1\" \/>\n<link rel=\"canonical\" href=\"https:\/\/www.em.com.br\/emfoco\/2025\/02\/03\/atencao-usuarios-samsung-prepare-seu-celular-para-a-nova-atualizacao\/\" \/>\n<meta property=\"og:locale\" content=\"pt_BR\" \/>\n<meta property=\"og:type\" content=\"article\" \/>\n<meta property=\"og:title\" content=\"Aten\u00e7\u00e3o Usu\u00e1rios Samsung! Prepare seu celular para a nova atualiza\u00e7\u00e3o - Estado de Minas - Em foco\" \/>\n<meta property=\"og:description\" content=\"Celulares Samsung v\u00e3o receber o Android 15? Confira a lista completa e saiba quais s\u00e3o as novidades da nova vers\u00e3o do sistema operacional.\" \/>\n<meta property=\"og:url\" content=\"https:\/\/www.em.com.br\/emfoco\/2025\/02\/03\/atencao-usuarios-samsung-prepare-seu-celular-para-a-nova-atualizacao\/\" \/>\n<meta property=\"og:site_name\" content=\"Estado de Minas - Em foco\" \/>\n<meta property=\"article:published_time\" content=\"2025-02-03T13:40:00+00:00\" \/>\n<meta property=\"article:modified_time\" content=\"2025-02-01T01:39:57+00:00\" \/>\n<meta property=\"og:image\" content=\"https:\/\/www.em.com.br\/emfoco\/wp-content\/uploads\/2025\/01\/android_1735861933015.jpg\" \/>\n\t<meta property=\"og:image:width\" content=\"1280\" \/>\n\t<meta property=\"og:image:height\" content=\"720\" \/>\n\t<meta property=\"og:image:type\" content=\"image\/jpeg\" \/>\n<meta name=\"author\" content=\"N\u00fabia Rangel\" \/>\n<meta name=\"twitter:card\" content=\"summary_large_image\" \/>\n<meta name=\"twitter:label1\" content=\"Escrito por\" \/>\n\t<meta name=\"twitter:data1\" content=\"N\u00fabia Rangel\" \/>\n\t<meta name=\"twitter:label2\" content=\"Est. tempo de leitura\" \/>\n\t<meta name=\"twitter:data2\" content=\"4 minutos\" \/>\n<!-- \/ Yoast SEO plugin. -->","yoast_head_json":{"title":"Aten\u00e7\u00e3o Usu\u00e1rios Samsung! Prepare seu celular para a nova atualiza\u00e7\u00e3o - Estado de Minas - Em foco","description":"Celulares Samsung v\u00e3o receber o Android 15? Confira a lista completa e saiba quais s\u00e3o as novidades da nova vers\u00e3o do sistema operacional.","robots":{"index":"index","follow":"follow","max-snippet":"max-snippet:-1","max-image-preview":"max-image-preview:large","max-video-preview":"max-video-preview:-1"},"canonical":"https:\/\/www.em.com.br\/emfoco\/2025\/02\/03\/atencao-usuarios-samsung-prepare-seu-celular-para-a-nova-atualizacao\/","og_locale":"pt_BR","og_type":"article","og_title":"Aten\u00e7\u00e3o Usu\u00e1rios Samsung! Prepare seu celular para a nova atualiza\u00e7\u00e3o - Estado de Minas - Em foco","og_description":"Celulares Samsung v\u00e3o receber o Android 15? Confira a lista completa e saiba quais s\u00e3o as novidades da nova vers\u00e3o do sistema operacional.","og_url":"https:\/\/www.em.com.br\/emfoco\/2025\/02\/03\/atencao-usuarios-samsung-prepare-seu-celular-para-a-nova-atualizacao\/","og_site_name":"Estado de Minas - Em foco","article_published_time":"2025-02-03T13:40:00+00:00","article_modified_time":"2025-02-01T01:39:57+00:00","og_image":[{"width":1280,"height":720,"url":"https:\/\/www.em.com.br\/emfoco\/wp-content\/uploads\/2025\/01\/android_1735861933015.jpg","type":"image\/jpeg"}],"author":"N\u00fabia Rangel","twitter_card":"summary_large_image","twitter_misc":{"Escrito por":"N\u00fabia Rangel","Est. tempo de leitura":"4 minutos"},"schema":{"@context":"https:\/\/schema.org","@graph":[{"@type":"WebPage","@id":"https:\/\/www.em.com.br\/emfoco\/2025\/02\/03\/atencao-usuarios-samsung-prepare-seu-celular-para-a-nova-atualizacao\/","url":"https:\/\/www.em.com.br\/emfoco\/2025\/02\/03\/atencao-usuarios-samsung-prepare-seu-celular-para-a-nova-atualizacao\/","name":"Aten\u00e7\u00e3o Usu\u00e1rios Samsung! Prepare seu celular para a nova atualiza\u00e7\u00e3o - Estado de Minas - Em foco","isPartOf":{"@id":"https:\/\/www.em.com.br\/emfoco\/#website"},"primaryImageOfPage":{"@id":"https:\/\/www.em.com.br\/emfoco\/2025\/02\/03\/atencao-usuarios-samsung-prepare-seu-celular-para-a-nova-atualizacao\/#primaryimage"},"image":{"@id":"https:\/\/www.em.com.br\/emfoco\/2025\/02\/03\/atencao-usuarios-samsung-prepare-seu-celular-para-a-nova-atualizacao\/#primaryimage"},"thumbnailUrl":"https:\/\/www.em.com.br\/emfoco\/wp-content\/uploads\/2025\/01\/android_1735861933015.jpg","datePublished":"2025-02-03T13:40:00+00:00","dateModified":"2025-02-01T01:39:57+00:00","author":{"@id":"https:\/\/www.em.com.br\/emfoco\/#\/schema\/person\/524437ef54f8a5d32591b143307f2e20"},"description":"Celulares Samsung v\u00e3o receber o Android 15? Confira a lista completa e saiba quais s\u00e3o as novidades da nova vers\u00e3o do sistema operacional.","breadcrumb":{"@id":"https:\/\/www.em.com.br\/emfoco\/2025\/02\/03\/atencao-usuarios-samsung-prepare-seu-celular-para-a-nova-atualizacao\/#breadcrumb"},"inLanguage":"pt-BR","potentialAction":[{"@type":"ReadAction","target":["https:\/\/www.em.com.br\/emfoco\/2025\/02\/03\/atencao-usuarios-samsung-prepare-seu-celular-para-a-nova-atualizacao\/"]}]},{"@type":"ImageObject","inLanguage":"pt-BR","@id":"https:\/\/www.em.com.br\/emfoco\/2025\/02\/03\/atencao-usuarios-samsung-prepare-seu-celular-para-a-nova-atualizacao\/#primaryimage","url":"https:\/\/www.em.com.br\/emfoco\/wp-content\/uploads\/2025\/01\/android_1735861933015.jpg","contentUrl":"https:\/\/www.em.com.br\/emfoco\/wp-content\/uploads\/2025\/01\/android_1735861933015.jpg","width":1280,"height":720,"caption":"Imagem Ilustrativa do Android - Cr\u00e9ditos: depositphotos.com \/ rafapress"},{"@type":"BreadcrumbList","@id":"https:\/\/www.em.com.br\/emfoco\/2025\/02\/03\/atencao-usuarios-samsung-prepare-seu-celular-para-a-nova-atualizacao\/#breadcrumb","itemListElement":[{"@type":"ListItem","position":1,"name":"In\u00edcio","item":"https:\/\/www.em.com.br\/emfoco\/"},{"@type":"ListItem","position":2,"name":"Aten\u00e7\u00e3o Usu\u00e1rios Samsung! Prepare seu celular para a nova atualiza\u00e7\u00e3o"}]},{"@type":"WebSite","@id":"https:\/\/www.em.com.br\/emfoco\/#website","url":"https:\/\/www.em.com.br\/emfoco\/","name":"Estado de Minas - Em foco","description":"Acompanhe as \u00faltimas not\u00edcias e fique bem informado sobre tudo o que acontece em Minas Gerais, Brasil e no mundo.","potentialAction":[{"@type":"SearchAction","target":{"@type":"EntryPoint","urlTemplate":"https:\/\/www.em.com.br\/emfoco\/?s={search_term_string}"},"query-input":{"@type":"PropertyValueSpecification","valueRequired":true,"valueName":"search_term_string"}}],"inLanguage":"pt-BR"},{"@type":"Person","@id":"https:\/\/www.em.com.br\/emfoco\/#\/schema\/person\/524437ef54f8a5d32591b143307f2e20","name":"N\u00fabia Rangel","image":{"@type":"ImageObject","inLanguage":"pt-BR","@id":"https:\/\/www.em.com.br\/emfoco\/#\/schema\/person\/image\/","url":"https:\/\/secure.gravatar.com\/avatar\/47cff2827a5ba23c37e8068c86817ea4?s=96&d=mm&r=g","contentUrl":"https:\/\/secure.gravatar.com\/avatar\/47cff2827a5ba23c37e8068c86817ea4?s=96&d=mm&r=g","caption":"N\u00fabia Rangel"},"sameAs":["https:\/\/www.em.com.br\/emfoco\/"],"url":"https:\/\/www.em.com.br\/emfoco\/author\/nubiamyth\/"}]}},"_links":{"self":[{"href":"https:\/\/www.em.com.br\/emfoco\/wp-json\/wp\/v2\/posts\/12883","targetHints":{"allow":["GET"]}}],"collection":[{"href":"https:\/\/www.em.com.br\/emfoco\/wp-json\/wp\/v2\/posts"}],"about":[{"href":"https:\/\/www.em.com.br\/emfoco\/wp-json\/wp\/v2\/types\/post"}],"author":[{"embeddable":true,"href":"https:\/\/www.em.com.br\/emfoco\/wp-json\/wp\/v2\/users\/5"}],"replies":[{"embeddable":true,"href":"https:\/\/www.em.com.br\/emfoco\/wp-json\/wp\/v2\/comments?post=12883"}],"version-history":[{"count":3,"href":"https:\/\/www.em.com.br\/emfoco\/wp-json\/wp\/v2\/posts\/12883\/revisions"}],"predecessor-version":[{"id":15597,"href":"https:\/\/www.em.com.br\/emfoco\/wp-json\/wp\/v2\/posts\/12883\/revisions\/15597"}],"wp:featuredmedia":[{"embeddable":true,"href":"https:\/\/www.em.com.br\/emfoco\/wp-json\/wp\/v2\/media\/8145"}],"wp:attachment":[{"href":"https:\/\/www.em.com.br\/emfoco\/wp-json\/wp\/v2\/media?parent=12883"}],"wp:term":[{"taxonomy":"category","embeddable":true,"href":"https:\/\/www.em.com.br\/emfoco\/wp-json\/wp\/v2\/categories?post=12883"},{"taxonomy":"post_tag","embeddable":true,"href":"https:\/\/www.em.com.br\/emfoco\/wp-json\/wp\/v2\/tags?post=12883"}],"curies":[{"name":"wp","href":"https:\/\/api.w.org\/{rel}","templated":true}]}}