{"id":128823,"date":"2025-11-19T10:45:17","date_gmt":"2025-11-19T13:45:17","guid":{"rendered":"https:\/\/www.em.com.br\/emfoco\/?p=128823"},"modified":"2025-11-18T10:02:41","modified_gmt":"2025-11-18T13:02:41","slug":"a-razao-oculta-que-deixa-suas-olheiras-mais-escuras-com-o-tempo","status":"publish","type":"post","link":"https:\/\/www.em.com.br\/emfoco\/2025\/11\/19\/a-razao-oculta-que-deixa-suas-olheiras-mais-escuras-com-o-tempo\/","title":{"rendered":"A raz\u00e3o oculta que deixa suas olheiras mais escuras com o tempo"},"content":{"rendered":"\n<p><b>Olheiras<\/b> s\u00e3o uma preocupa\u00e7\u00e3o est\u00e9tica comum que pode afetar a confian\u00e7a das pessoas, manifestando-se como c\u00edrculos escuros ou descolora\u00e7\u00e3o ao redor dos olhos e dando uma apar\u00eancia de cansa\u00e7o ou envelhecimento.<\/p>\n\n\n\n<h2 class=\"wp-block-heading\">Por que as olheiras aparecem?<\/h2>\n\n\n\n<p>Diversos fatores contribuem para o surgimento das <b>olheiras<\/b>. As causas internas envolvem principalmente predisposi\u00e7\u00e3o <b>gen\u00e9tica<\/b>, anatomia da pele e vasculariza\u00e7\u00e3o espec\u00edfica da regi\u00e3o dos olhos. J\u00e1 entre os fatores externos, h\u00e1bitos de vida, exposi\u00e7\u00e3o solar e envelhecimento natural da pele podem agravar a apar\u00eancia das olheiras, al\u00e9m do estresse e do consumo de \u00e1lcool.<\/p>\n\n\n\n<p>Quest\u00f5es como <b>alergias respirat\u00f3rias<\/b> e uso excessivo de eletr\u00f4nicos tamb\u00e9m podem influenciar na forma\u00e7\u00e3o dessas marcas, evidenciando que o problema pode ter m\u00faltiplas origens e agravantes ao longo do tempo.<\/p>\n\n\n<div class=\"wp-block-image\">\n<figure class=\"aligncenter size-large\"><img loading=\"lazy\" decoding=\"async\" width=\"1024\" height=\"576\" src=\"https:\/\/www.em.com.br\/emfoco\/wp-content\/uploads\/2025\/11\/olheiras_1762795802732-1024x576.jpg\" alt=\"\" class=\"wp-image-125580\" srcset=\"https:\/\/www.em.com.br\/emfoco\/wp-content\/uploads\/2025\/11\/olheiras_1762795802732-1024x576.jpg 1024w, https:\/\/www.em.com.br\/emfoco\/wp-content\/uploads\/2025\/11\/olheiras_1762795802732-300x169.jpg 300w, https:\/\/www.em.com.br\/emfoco\/wp-content\/uploads\/2025\/11\/olheiras_1762795802732-768x432.jpg 768w, https:\/\/www.em.com.br\/emfoco\/wp-content\/uploads\/2025\/11\/olheiras_1762795802732-750x422.jpg 750w, https:\/\/www.em.com.br\/emfoco\/wp-content\/uploads\/2025\/11\/olheiras_1762795802732-1140x641.jpg 1140w, https:\/\/www.em.com.br\/emfoco\/wp-content\/uploads\/2025\/11\/olheiras_1762795802732.jpg 1280w\" sizes=\"auto, (max-width: 1024px) 100vw, 1024px\" \/><figcaption class=\"wp-element-caption\">Diversos fatores contribuem para o surgimento das <b>olheiras<\/b> &#8211; Cr\u00e9ditos: depositphotos.com \/ VGeorgiev<\/figcaption><\/figure><\/div>\n\n\n<p>Leia tamb\u00e9m:&nbsp;<a href=\"https:\/\/www.em.com.br\/emfoco\/2025\/10\/25\/voce-tem-sardas-saiba-como-prevenir-o-surgimento-delas\/\" target=\"_blank\" rel=\"noopener\">Voc\u00ea tem sardas? Saiba como prevenir o surgimento delas<\/a><\/p>\n\n\n\n<h2 class=\"wp-block-heading\">Como o sono afeta diretamente as olheiras?<\/h2>\n\n\n\n<p>A qualidade e quantidade de <b>sono<\/b> desempenham papel fundamental na apar\u00eancia da pele ao redor dos olhos. Durante o descanso, ocorrem processos de reparo <b>celular<\/b> importantes para a sa\u00fade da pele, e a falta de sono pode comprometer esses mecanismos naturais.<\/p>\n\n\n\n<p>Quando n\u00e3o se dorme adequadamente, h\u00e1 maior ac\u00famulo de l\u00edquido sob os olhos, tornando os <b>vasos sangu\u00edneos<\/b> mais evidentes e as olheiras ainda mais pronunciadas, o que refor\u00e7a a import\u00e2ncia de desenvolver uma rotina de sono adequada.<\/p>\n\n\n\n<h2 class=\"wp-block-heading\">Quais s\u00e3o as melhores estrat\u00e9gias para minimizar olheiras?<\/h2>\n\n\n\n<p><b>Reduzir<\/b> olheiras envolve tanto a ado\u00e7\u00e3o de h\u00e1bitos saud\u00e1veis no dia a dia quanto o uso de tratamentos t\u00f3picos. Melhorar o padr\u00e3o de sono, hidratar-se regularmente e investir em <b>alimenta\u00e7\u00e3o balanceada<\/b> favorecem a sa\u00fade da pele e podem contribuir para amenizar as olheiras.<\/p>\n\n\n\n<p>Algumas <b>pr\u00e1ticas simples<\/b> e produtos espec\u00edficos podem ser aliados importantes na rotina de cuidados di\u00e1rios para quem busca minimizar o problema:<\/p>\n\n\n\n<ul class=\"wp-block-list\">\n<li><b>Uso<\/b> de compressas frias: Ajuda a diminuir incha\u00e7o e ativa a circula\u00e7\u00e3o local.<\/li>\n\n\n\n<li><b>Creme<\/b> para a \u00e1rea dos olhos: Ingredientes como vitamina K, cafe\u00edna e \u00e1cido hialur\u00f4nico auxiliam no clareamento da regi\u00e3o.<\/li>\n\n\n\n<li><b>Protetor solar<\/b>: Essencial para proteger a pele sens\u00edvel ao redor dos olhos e evitar o escurecimento pela radia\u00e7\u00e3o solar.<\/li>\n\n\n\n<li><b>Evitar esfregar<\/b> a regi\u00e3o: Reduz a irrita\u00e7\u00e3o e previne o agravamento da pigmenta\u00e7\u00e3o.<\/li>\n<\/ul>\n\n\n\n<p>Veja um v\u00eddeo abaixo do canal <a class=\"yt-simple-endpoint style-scope yt-formatted-string\" spellcheck=\"false\" href=\"https:\/\/www.youtube.com\/@DraMarinaHayashida\" target=\"_blank\" rel=\"noopener\">Dra. Marina Hayashida<\/a> sobre tratamentos para olheira:<\/p>\n\n\n\n<figure class=\"wp-block-embed is-type-video is-provider-youtube wp-block-embed-youtube wp-embed-aspect-16-9 wp-has-aspect-ratio\"><div class=\"wp-block-embed__wrapper\">\n<div class=\"jeg_video_container jeg_video_content\"><iframe loading=\"lazy\" title=\"Melhores TRATAMENTOS para OLHEIRAS escuras e profundas!\" width=\"500\" height=\"281\" src=\"https:\/\/www.youtube.com\/embed\/ttPvR5dD2oA?feature=oembed\" frameborder=\"0\" allow=\"accelerometer; autoplay; clipboard-write; encrypted-media; gyroscope; picture-in-picture; web-share\" referrerpolicy=\"strict-origin-when-cross-origin\" allowfullscreen><\/iframe><\/div>\n<\/div><\/figure>\n\n\n\n<h2 class=\"wp-block-heading\">Quando \u00e9 indicado procurar um especialista para tratar olheiras?<\/h2>\n\n\n\n<p>Persist\u00eancia das <b>olheiras<\/b>, apesar da ado\u00e7\u00e3o de bons h\u00e1bitos e cuidados t\u00f3picos, pode indicar a necessidade de avalia\u00e7\u00e3o profissional. <b>Dermatologistas<\/b> e especialistas em est\u00e9tica podem identificar causas espec\u00edficas e recomendar procedimentos indicados para cada caso.<\/p>\n\n\n\n<p>Tratamentos <b>cl\u00ednicos<\/b>, como preenchimentos, laser e luz pulsada, est\u00e3o entre as op\u00e7\u00f5es dispon\u00edveis para casos associados \u00e0 <b>gen\u00e9tica<\/b>, altera\u00e7\u00e3o vascular ou pigmenta\u00e7\u00e3o resistente, proporcionando resultados mais duradouros e satisfat\u00f3rios.<\/p>\n","protected":false},"excerpt":{"rendered":"<p>Olheiras s\u00e3o uma preocupa\u00e7\u00e3o est\u00e9tica comum que pode afetar a confian\u00e7a das pessoas, manifestando-se como c\u00edrculos escuros ou descolora\u00e7\u00e3o ao redor dos olhos e dando uma apar\u00eancia de cansa\u00e7o ou envelhecimento. Por que as olheiras aparecem? Diversos fatores contribuem para o surgimento das olheiras. As causas internas envolvem principalmente predisposi\u00e7\u00e3o gen\u00e9tica, anatomia da pele e [&hellip;]<\/p>\n","protected":false},"author":9,"featured_media":125578,"comment_status":"open","ping_status":"open","sticky":false,"template":"","format":"standard","meta":{"jnews-multi-image_gallery":[],"jnews_single_post":{"format":"standard"},"jnews_primary_category":[],"jnews_social_meta":[],"jnews_override_counter":[],"footnotes":""},"categories":[8691,8819,1],"tags":[712,2616,17237,17448],"class_list":["post-128823","post","type-post","status-publish","format-standard","has-post-thumbnail","hentry","category-bem-estar","category-curiosidades","category-noticias","tag-autocuidado","tag-beleza","tag-eliminar-olheiras","tag-produto-natural"],"yoast_head":"<!-- This site is optimized with the Yoast SEO plugin v23.8 - https:\/\/yoast.com\/wordpress\/plugins\/seo\/ -->\n<title>A raz\u00e3o oculta que deixa suas olheiras mais escuras com o tempo - Estado de Minas - Em foco<\/title>\n<meta name=\"description\" content=\"C\u00edrculos escuros ao redor dos olhos podem ter causas gen\u00e9ticas ou de rotina. Cuidados di\u00e1rios e prote\u00e7\u00e3o solar amenizam a apar\u00eancia.\" \/>\n<meta name=\"robots\" content=\"index, follow, max-snippet:-1, max-image-preview:large, max-video-preview:-1\" \/>\n<link rel=\"canonical\" href=\"https:\/\/www.em.com.br\/emfoco\/2025\/11\/19\/a-razao-oculta-que-deixa-suas-olheiras-mais-escuras-com-o-tempo\/\" \/>\n<meta property=\"og:locale\" content=\"pt_BR\" \/>\n<meta property=\"og:type\" content=\"article\" \/>\n<meta property=\"og:title\" content=\"A raz\u00e3o oculta que deixa suas olheiras mais escuras com o tempo - Estado de Minas - Em foco\" \/>\n<meta property=\"og:description\" content=\"C\u00edrculos escuros ao redor dos olhos podem ter causas gen\u00e9ticas ou de rotina. Cuidados di\u00e1rios e prote\u00e7\u00e3o solar amenizam a apar\u00eancia.\" \/>\n<meta property=\"og:url\" content=\"https:\/\/www.em.com.br\/emfoco\/2025\/11\/19\/a-razao-oculta-que-deixa-suas-olheiras-mais-escuras-com-o-tempo\/\" \/>\n<meta property=\"og:site_name\" content=\"Estado de Minas - Em foco\" \/>\n<meta property=\"article:published_time\" content=\"2025-11-19T13:45:17+00:00\" \/>\n<meta property=\"article:modified_time\" content=\"2025-11-18T13:02:41+00:00\" \/>\n<meta property=\"og:image\" content=\"https:\/\/www.em.com.br\/emfoco\/wp-content\/uploads\/2025\/11\/olheiras_1762795761841.jpg\" \/>\n\t<meta property=\"og:image:width\" content=\"1280\" \/>\n\t<meta property=\"og:image:height\" content=\"720\" \/>\n\t<meta property=\"og:image:type\" content=\"image\/jpeg\" \/>\n<meta name=\"author\" content=\"Daniely Cardoso\" \/>\n<meta name=\"twitter:card\" content=\"summary_large_image\" \/>\n<meta name=\"twitter:label1\" content=\"Escrito por\" \/>\n\t<meta name=\"twitter:data1\" content=\"Daniely Cardoso\" \/>\n\t<meta name=\"twitter:label2\" content=\"Est. tempo de leitura\" \/>\n\t<meta name=\"twitter:data2\" content=\"3 minutos\" \/>\n<!-- \/ Yoast SEO plugin. -->","yoast_head_json":{"title":"A raz\u00e3o oculta que deixa suas olheiras mais escuras com o tempo - Estado de Minas - Em foco","description":"C\u00edrculos escuros ao redor dos olhos podem ter causas gen\u00e9ticas ou de rotina. Cuidados di\u00e1rios e prote\u00e7\u00e3o solar amenizam a apar\u00eancia.","robots":{"index":"index","follow":"follow","max-snippet":"max-snippet:-1","max-image-preview":"max-image-preview:large","max-video-preview":"max-video-preview:-1"},"canonical":"https:\/\/www.em.com.br\/emfoco\/2025\/11\/19\/a-razao-oculta-que-deixa-suas-olheiras-mais-escuras-com-o-tempo\/","og_locale":"pt_BR","og_type":"article","og_title":"A raz\u00e3o oculta que deixa suas olheiras mais escuras com o tempo - Estado de Minas - Em foco","og_description":"C\u00edrculos escuros ao redor dos olhos podem ter causas gen\u00e9ticas ou de rotina. Cuidados di\u00e1rios e prote\u00e7\u00e3o solar amenizam a apar\u00eancia.","og_url":"https:\/\/www.em.com.br\/emfoco\/2025\/11\/19\/a-razao-oculta-que-deixa-suas-olheiras-mais-escuras-com-o-tempo\/","og_site_name":"Estado de Minas - Em foco","article_published_time":"2025-11-19T13:45:17+00:00","article_modified_time":"2025-11-18T13:02:41+00:00","og_image":[{"width":1280,"height":720,"url":"https:\/\/www.em.com.br\/emfoco\/wp-content\/uploads\/2025\/11\/olheiras_1762795761841.jpg","type":"image\/jpeg"}],"author":"Daniely Cardoso","twitter_card":"summary_large_image","twitter_misc":{"Escrito por":"Daniely Cardoso","Est. tempo de leitura":"3 minutos"},"schema":{"@context":"https:\/\/schema.org","@graph":[{"@type":"WebPage","@id":"https:\/\/www.em.com.br\/emfoco\/2025\/11\/19\/a-razao-oculta-que-deixa-suas-olheiras-mais-escuras-com-o-tempo\/","url":"https:\/\/www.em.com.br\/emfoco\/2025\/11\/19\/a-razao-oculta-que-deixa-suas-olheiras-mais-escuras-com-o-tempo\/","name":"A raz\u00e3o oculta que deixa suas olheiras mais escuras com o tempo - Estado de Minas - Em foco","isPartOf":{"@id":"https:\/\/www.em.com.br\/emfoco\/#website"},"primaryImageOfPage":{"@id":"https:\/\/www.em.com.br\/emfoco\/2025\/11\/19\/a-razao-oculta-que-deixa-suas-olheiras-mais-escuras-com-o-tempo\/#primaryimage"},"image":{"@id":"https:\/\/www.em.com.br\/emfoco\/2025\/11\/19\/a-razao-oculta-que-deixa-suas-olheiras-mais-escuras-com-o-tempo\/#primaryimage"},"thumbnailUrl":"https:\/\/www.em.com.br\/emfoco\/wp-content\/uploads\/2025\/11\/olheiras_1762795761841.jpg","datePublished":"2025-11-19T13:45:17+00:00","dateModified":"2025-11-18T13:02:41+00:00","author":{"@id":"https:\/\/www.em.com.br\/emfoco\/#\/schema\/person\/0a8186d72f2c3a5c6276d90b41f271a0"},"description":"C\u00edrculos escuros ao redor dos olhos podem ter causas gen\u00e9ticas ou de rotina. Cuidados di\u00e1rios e prote\u00e7\u00e3o solar amenizam a apar\u00eancia.","breadcrumb":{"@id":"https:\/\/www.em.com.br\/emfoco\/2025\/11\/19\/a-razao-oculta-que-deixa-suas-olheiras-mais-escuras-com-o-tempo\/#breadcrumb"},"inLanguage":"pt-BR","potentialAction":[{"@type":"ReadAction","target":["https:\/\/www.em.com.br\/emfoco\/2025\/11\/19\/a-razao-oculta-que-deixa-suas-olheiras-mais-escuras-com-o-tempo\/"]}]},{"@type":"ImageObject","inLanguage":"pt-BR","@id":"https:\/\/www.em.com.br\/emfoco\/2025\/11\/19\/a-razao-oculta-que-deixa-suas-olheiras-mais-escuras-com-o-tempo\/#primaryimage","url":"https:\/\/www.em.com.br\/emfoco\/wp-content\/uploads\/2025\/11\/olheiras_1762795761841.jpg","contentUrl":"https:\/\/www.em.com.br\/emfoco\/wp-content\/uploads\/2025\/11\/olheiras_1762795761841.jpg","width":1280,"height":720,"caption":"Muitos fatores al\u00e9m do cansa\u00e7o explicam a dificuldade em tratar olheiras profundas no rosto feminino atualmente - Cr\u00e9ditos: depositphotos.com \/ TanyaLovus"},{"@type":"BreadcrumbList","@id":"https:\/\/www.em.com.br\/emfoco\/2025\/11\/19\/a-razao-oculta-que-deixa-suas-olheiras-mais-escuras-com-o-tempo\/#breadcrumb","itemListElement":[{"@type":"ListItem","position":1,"name":"In\u00edcio","item":"https:\/\/www.em.com.br\/emfoco\/"},{"@type":"ListItem","position":2,"name":"A raz\u00e3o oculta que deixa suas olheiras mais escuras com o tempo"}]},{"@type":"WebSite","@id":"https:\/\/www.em.com.br\/emfoco\/#website","url":"https:\/\/www.em.com.br\/emfoco\/","name":"Estado de Minas - Em foco","description":"Acompanhe as \u00faltimas not\u00edcias e fique bem informado sobre tudo o que acontece em Minas Gerais, Brasil e no mundo.","potentialAction":[{"@type":"SearchAction","target":{"@type":"EntryPoint","urlTemplate":"https:\/\/www.em.com.br\/emfoco\/?s={search_term_string}"},"query-input":{"@type":"PropertyValueSpecification","valueRequired":true,"valueName":"search_term_string"}}],"inLanguage":"pt-BR"},{"@type":"Person","@id":"https:\/\/www.em.com.br\/emfoco\/#\/schema\/person\/0a8186d72f2c3a5c6276d90b41f271a0","name":"Daniely Cardoso","image":{"@type":"ImageObject","inLanguage":"pt-BR","@id":"https:\/\/www.em.com.br\/emfoco\/#\/schema\/person\/image\/","url":"https:\/\/secure.gravatar.com\/avatar\/4b80ddbd124d1f071b626d52d62e5dff?s=96&d=mm&r=g","contentUrl":"https:\/\/secure.gravatar.com\/avatar\/4b80ddbd124d1f071b626d52d62e5dff?s=96&d=mm&r=g","caption":"Daniely Cardoso"},"url":"https:\/\/www.em.com.br\/emfoco\/author\/danielymyth\/"}]}},"_links":{"self":[{"href":"https:\/\/www.em.com.br\/emfoco\/wp-json\/wp\/v2\/posts\/128823","targetHints":{"allow":["GET"]}}],"collection":[{"href":"https:\/\/www.em.com.br\/emfoco\/wp-json\/wp\/v2\/posts"}],"about":[{"href":"https:\/\/www.em.com.br\/emfoco\/wp-json\/wp\/v2\/types\/post"}],"author":[{"embeddable":true,"href":"https:\/\/www.em.com.br\/emfoco\/wp-json\/wp\/v2\/users\/9"}],"replies":[{"embeddable":true,"href":"https:\/\/www.em.com.br\/emfoco\/wp-json\/wp\/v2\/comments?post=128823"}],"version-history":[{"count":4,"href":"https:\/\/www.em.com.br\/emfoco\/wp-json\/wp\/v2\/posts\/128823\/revisions"}],"predecessor-version":[{"id":129276,"href":"https:\/\/www.em.com.br\/emfoco\/wp-json\/wp\/v2\/posts\/128823\/revisions\/129276"}],"wp:featuredmedia":[{"embeddable":true,"href":"https:\/\/www.em.com.br\/emfoco\/wp-json\/wp\/v2\/media\/125578"}],"wp:attachment":[{"href":"https:\/\/www.em.com.br\/emfoco\/wp-json\/wp\/v2\/media?parent=128823"}],"wp:term":[{"taxonomy":"category","embeddable":true,"href":"https:\/\/www.em.com.br\/emfoco\/wp-json\/wp\/v2\/categories?post=128823"},{"taxonomy":"post_tag","embeddable":true,"href":"https:\/\/www.em.com.br\/emfoco\/wp-json\/wp\/v2\/tags?post=128823"}],"curies":[{"name":"wp","href":"https:\/\/api.w.org\/{rel}","templated":true}]}}