{"id":128817,"date":"2025-11-19T07:25:18","date_gmt":"2025-11-19T10:25:18","guid":{"rendered":"https:\/\/www.em.com.br\/emfoco\/?p=128817"},"modified":"2025-11-18T09:42:48","modified_gmt":"2025-11-18T12:42:48","slug":"o-passo-a-passo-para-uma-pele-lisinha-e-hidratada-usando-o-que-voce-tem-em-casa","status":"publish","type":"post","link":"https:\/\/www.em.com.br\/emfoco\/2025\/11\/19\/o-passo-a-passo-para-uma-pele-lisinha-e-hidratada-usando-o-que-voce-tem-em-casa\/","title":{"rendered":"O passo a passo para uma pele lisinha e hidratada usando o que voc\u00ea tem em casa"},"content":{"rendered":"\n<p>Os cuidados com a <strong>pele<\/strong> fazem parte da rotina de muitas pessoas, buscando n\u00e3o apenas a est\u00e9tica, mas tamb\u00e9m a sa\u00fade. Entre os in\u00fameros produtos dispon\u00edveis, os esfoliantes corporais se destacam por remover c\u00e9lulas mortas e renovar a pele. Por isso, alternativas <strong>caseiras<\/strong> e naturais t\u00eam ganhado popularidade, j\u00e1 que utilizam ingredientes simples, acess\u00edveis e eficazes, promovendo economia e evitando o uso excessivo de industrializados.<\/p>\n\n\n\n<h2 class=\"wp-block-heading\">Quais benef\u00edcios os esfoliantes corporais caseiros realmente oferecem?<\/h2>\n\n\n\n<p>Al\u00e9m de uma alternativa <strong>econ\u00f4mica<\/strong>, os esfoliantes corporais feitos em casa permitem controlar os ingredientes, reduzindo a exposi\u00e7\u00e3o a subst\u00e2ncias qu\u00edmicas encontradas em produtos comerciais. Com eles, voc\u00ea pode adaptar a receita conforme as necessidades da sua pele, trazendo mais seguran\u00e7a e exclusividade ao cuidado di\u00e1rio.<\/p>\n\n\n<div class=\"wp-block-image\">\n<figure class=\"aligncenter size-large\"><img loading=\"lazy\" decoding=\"async\" width=\"1024\" height=\"576\" src=\"https:\/\/www.em.com.br\/emfoco\/wp-content\/uploads\/2025\/10\/esfoliante-caseiro-_1760014569691-1024x576.jpg\" alt=\"\" class=\"wp-image-113193\" srcset=\"https:\/\/www.em.com.br\/emfoco\/wp-content\/uploads\/2025\/10\/esfoliante-caseiro-_1760014569691-1024x576.jpg 1024w, https:\/\/www.em.com.br\/emfoco\/wp-content\/uploads\/2025\/10\/esfoliante-caseiro-_1760014569691-300x169.jpg 300w, https:\/\/www.em.com.br\/emfoco\/wp-content\/uploads\/2025\/10\/esfoliante-caseiro-_1760014569691-768x432.jpg 768w, https:\/\/www.em.com.br\/emfoco\/wp-content\/uploads\/2025\/10\/esfoliante-caseiro-_1760014569691-750x422.jpg 750w, https:\/\/www.em.com.br\/emfoco\/wp-content\/uploads\/2025\/10\/esfoliante-caseiro-_1760014569691-1140x641.jpg 1140w, https:\/\/www.em.com.br\/emfoco\/wp-content\/uploads\/2025\/10\/esfoliante-caseiro-_1760014569691.jpg 1280w\" sizes=\"auto, (max-width: 1024px) 100vw, 1024px\" \/><figcaption class=\"wp-element-caption\">Preparar este esfoliante natural \u00e9 extremamente simples e r\u00e1pido &#8211; Cr\u00e9ditos: depositphotos.com \/ julimail81<\/figcaption><\/figure><\/div>\n\n\n<p>Leia tamb\u00e9m:&nbsp;<a href=\"https:\/\/www.em.com.br\/emfoco\/2025\/11\/08\/esse-esfoliante-feito-em-casa-esta-conquistando-quem-busca-pele-macia-e-luminosa\/\" target=\"_blank\" rel=\"noopener\">Esse esfoliante feito em casa est\u00e1 conquistando quem busca pele macia e luminosa<\/a><\/p>\n\n\n\n<p>Esses esfoliantes tamb\u00e9m possibilitam a <strong>personaliza\u00e7\u00e3o<\/strong>, como a adi\u00e7\u00e3o de \u00f3leos essenciais ou ingredientes variados. Dessa forma, cada pessoa consegue criar f\u00f3rmulas \u00fanicas, potencializando benef\u00edcios e atendendo gostos e sensibilidades espec\u00edficas.<\/p>\n\n\n\n<h2 class=\"wp-block-heading\">Quais ingredientes naturais podem ser usados em esfoliantes corporais?<\/h2>\n\n\n\n<p>Ao buscar alternativas<strong> caseiras<\/strong>, muitos recorrem a ingredientes naturais que proporcionam \u00f3timos resultados. A escolha desses componentes depende do tipo de pele e dos benef\u00edcios que se deseja obter, sendo poss\u00edvel realizar misturas simples e eficazes.<\/p>\n\n\n\n<p>Confira alguns <strong>ingredientes<\/strong> populares e suas principais fun\u00e7\u00f5es nos esfoliantes caseiros:<\/p>\n\n\n\n<ul class=\"wp-block-list\">\n<li><strong>A\u00e7\u00facar:<\/strong> agente esfoliante natural que ajuda a remover c\u00e9lulas mortas.<\/li>\n\n\n\n<li><strong>Mel:<\/strong> hidrata e tem propriedades antibacterianas.<\/li>\n\n\n\n<li><strong>Caf\u00e9 mo\u00eddo:<\/strong> antioxidante e estimulante.<\/li>\n\n\n\n<li><strong>\u00d3leo de coco:<\/strong> hidrata profundamente.<\/li>\n\n\n\n<li><strong>Aveia:<\/strong> esfoliante suave para peles sens\u00edveis.<\/li>\n<\/ul>\n\n\n\n<h2 class=\"wp-block-heading\">Como fa\u00e7o para preparar um esfoliante corporal com caf\u00e9?<\/h2>\n\n\n\n<p>Preparar um esfoliante com <strong>caf\u00e9<\/strong> \u00e9 simples e r\u00e1pido. Misture meia x\u00edcara de caf\u00e9 mo\u00eddo com um quarto de x\u00edcara de \u00f3leo de coco e tr\u00eas colheres de sopa de <strong>a\u00e7\u00facar<\/strong>, at\u00e9 obter uma pasta homog\u00eanea. A aplica\u00e7\u00e3o deve ser feita com o corpo \u00famido, usando movimentos circulares suaves durante o banho.<\/p>\n\n\n\n<p>Esse m\u00e9todo, al\u00e9m de esfoliar profundamente, estimula a <strong>circula\u00e7\u00e3o<\/strong> sangu\u00ednea e pode deixar a pele visivelmente mais macia. O uso do caf\u00e9 tamb\u00e9m proporciona a\u00e7\u00e3o antioxidante, auxiliando na revitaliza\u00e7\u00e3o cut\u00e2nea. Veja abaixo um v\u00eddeo da <a class=\"yt-simple-endpoint style-scope yt-formatted-string\" spellcheck=\"false\" href=\"https:\/\/www.youtube.com\/@DraMarinaHayashida\" target=\"_blank\" rel=\"noopener\">Dra. Marina Hayashida&nbsp;<\/a>onde ela fala sobre alguns esfoliantes naturais:<\/p>\n\n\n\n<figure class=\"wp-block-embed is-type-video is-provider-youtube wp-block-embed-youtube wp-embed-aspect-16-9 wp-has-aspect-ratio\"><div class=\"wp-block-embed__wrapper\">\n<div class=\"jeg_video_container jeg_video_content\"><iframe loading=\"lazy\" title=\"ESFOLIANTE FACIAL | Como e quando utilizar no SKIN CARE\" width=\"500\" height=\"281\" src=\"https:\/\/www.youtube.com\/embed\/BrSOIjRpzak?start=1&#038;feature=oembed\" frameborder=\"0\" allow=\"accelerometer; autoplay; clipboard-write; encrypted-media; gyroscope; picture-in-picture; web-share\" referrerpolicy=\"strict-origin-when-cross-origin\" allowfullscreen><\/iframe><\/div>\n<\/div><\/figure>\n\n\n\n<h2 class=\"wp-block-heading\">Quais cuidados devo ter ao usar esfoliantes caseiros?<\/h2>\n\n\n\n<p>Antes de aderir \u00e0 esfolia\u00e7\u00e3o <strong>caseira<\/strong>, \u00e9 fundamental adotar alguns cuidados para garantir uma experi\u00eancia segura. Realize sempre um teste em uma pequena regi\u00e3o do corpo para descartar poss\u00edveis rea\u00e7\u00f5es al\u00e9rgicas ou irrita\u00e7\u00f5es.<\/p>\n\n\n\n<p>Para otimizar os <strong>resultados<\/strong>, utilize os esfoliantes uma ou duas vezes por semana. \u00c9 importante hidratar a pele logo ap\u00f3s a esfolia\u00e7\u00e3o, usando cremes ou \u00f3leos vegetais, para manter a maciez e o equil\u00edbrio da barreira cut\u00e2nea.<\/p>\n\n\n\n<p>Concluindo, esfoliantes corporais <strong>caseiros<\/strong> s\u00e3o op\u00e7\u00f5es vi\u00e1veis e sustent\u00e1veis para o cuidado da pele, oferecendo m\u00faltiplos benef\u00edcios e permitindo uma experi\u00eancia personalizada e segura. Simples e eficientes, esses produtos caseiros contribuem para a sa\u00fade e beleza da pele com economia e naturalidade.<\/p>\n","protected":false},"excerpt":{"rendered":"<p>Os cuidados com a pele fazem parte da rotina de muitas pessoas, buscando n\u00e3o apenas a est\u00e9tica, mas tamb\u00e9m a sa\u00fade. Entre os in\u00fameros produtos dispon\u00edveis, os esfoliantes corporais se destacam por remover c\u00e9lulas mortas e renovar a pele. Por isso, alternativas caseiras e naturais t\u00eam ganhado popularidade, j\u00e1 que utilizam ingredientes simples, acess\u00edveis e [&hellip;]<\/p>\n","protected":false},"author":9,"featured_media":128863,"comment_status":"open","ping_status":"open","sticky":false,"template":"","format":"standard","meta":{"jnews-multi-image_gallery":[],"jnews_single_post":{"format":"standard"},"jnews_primary_category":[],"jnews_social_meta":[],"jnews_override_counter":[],"footnotes":""},"categories":[1],"tags":[4939,18992,7177],"class_list":["post-128817","post","type-post","status-publish","format-standard","has-post-thumbnail","hentry","category-noticias","tag-cuidados-com-a-pele","tag-esfoliantes-corporais","tag-produtos-naturais"],"yoast_head":"<!-- This site is optimized with the Yoast SEO plugin v23.8 - https:\/\/yoast.com\/wordpress\/plugins\/seo\/ -->\n<title>O passo a passo para uma pele lisinha e hidratada usando o que voc\u00ea tem em casa - Estado de Minas - Em foco<\/title>\n<meta name=\"description\" content=\"Ingredientes da cozinha viram esfoliantes que renovam a pele. Veja como usar com seguran\u00e7a para ter uma pele macia e luminosa.\" \/>\n<meta name=\"robots\" content=\"index, follow, max-snippet:-1, max-image-preview:large, max-video-preview:-1\" \/>\n<link rel=\"canonical\" href=\"https:\/\/www.em.com.br\/emfoco\/2025\/11\/19\/o-passo-a-passo-para-uma-pele-lisinha-e-hidratada-usando-o-que-voce-tem-em-casa\/\" \/>\n<meta property=\"og:locale\" content=\"pt_BR\" \/>\n<meta property=\"og:type\" content=\"article\" \/>\n<meta property=\"og:title\" content=\"O passo a passo para uma pele lisinha e hidratada usando o que voc\u00ea tem em casa - Estado de Minas - Em foco\" \/>\n<meta property=\"og:description\" content=\"Ingredientes da cozinha viram esfoliantes que renovam a pele. Veja como usar com seguran\u00e7a para ter uma pele macia e luminosa.\" \/>\n<meta property=\"og:url\" content=\"https:\/\/www.em.com.br\/emfoco\/2025\/11\/19\/o-passo-a-passo-para-uma-pele-lisinha-e-hidratada-usando-o-que-voce-tem-em-casa\/\" \/>\n<meta property=\"og:site_name\" content=\"Estado de Minas - Em foco\" \/>\n<meta property=\"article:published_time\" content=\"2025-11-19T10:25:18+00:00\" \/>\n<meta property=\"article:modified_time\" content=\"2025-11-18T12:42:48+00:00\" \/>\n<meta property=\"og:image\" content=\"https:\/\/www.em.com.br\/emfoco\/wp-content\/uploads\/2025\/11\/esfoliante_1763414564638.jpg\" \/>\n\t<meta property=\"og:image:width\" content=\"1280\" \/>\n\t<meta property=\"og:image:height\" content=\"720\" \/>\n\t<meta property=\"og:image:type\" content=\"image\/jpeg\" \/>\n<meta name=\"author\" content=\"Daniely Cardoso\" \/>\n<meta name=\"twitter:card\" content=\"summary_large_image\" \/>\n<meta name=\"twitter:label1\" content=\"Escrito por\" \/>\n\t<meta name=\"twitter:data1\" content=\"Daniely Cardoso\" \/>\n\t<meta name=\"twitter:label2\" content=\"Est. tempo de leitura\" \/>\n\t<meta name=\"twitter:data2\" content=\"4 minutos\" \/>\n<!-- \/ Yoast SEO plugin. -->","yoast_head_json":{"title":"O passo a passo para uma pele lisinha e hidratada usando o que voc\u00ea tem em casa - Estado de Minas - Em foco","description":"Ingredientes da cozinha viram esfoliantes que renovam a pele. Veja como usar com seguran\u00e7a para ter uma pele macia e luminosa.","robots":{"index":"index","follow":"follow","max-snippet":"max-snippet:-1","max-image-preview":"max-image-preview:large","max-video-preview":"max-video-preview:-1"},"canonical":"https:\/\/www.em.com.br\/emfoco\/2025\/11\/19\/o-passo-a-passo-para-uma-pele-lisinha-e-hidratada-usando-o-que-voce-tem-em-casa\/","og_locale":"pt_BR","og_type":"article","og_title":"O passo a passo para uma pele lisinha e hidratada usando o que voc\u00ea tem em casa - Estado de Minas - Em foco","og_description":"Ingredientes da cozinha viram esfoliantes que renovam a pele. Veja como usar com seguran\u00e7a para ter uma pele macia e luminosa.","og_url":"https:\/\/www.em.com.br\/emfoco\/2025\/11\/19\/o-passo-a-passo-para-uma-pele-lisinha-e-hidratada-usando-o-que-voce-tem-em-casa\/","og_site_name":"Estado de Minas - Em foco","article_published_time":"2025-11-19T10:25:18+00:00","article_modified_time":"2025-11-18T12:42:48+00:00","og_image":[{"width":1280,"height":720,"url":"https:\/\/www.em.com.br\/emfoco\/wp-content\/uploads\/2025\/11\/esfoliante_1763414564638.jpg","type":"image\/jpeg"}],"author":"Daniely Cardoso","twitter_card":"summary_large_image","twitter_misc":{"Escrito por":"Daniely Cardoso","Est. tempo de leitura":"4 minutos"},"schema":{"@context":"https:\/\/schema.org","@graph":[{"@type":"WebPage","@id":"https:\/\/www.em.com.br\/emfoco\/2025\/11\/19\/o-passo-a-passo-para-uma-pele-lisinha-e-hidratada-usando-o-que-voce-tem-em-casa\/","url":"https:\/\/www.em.com.br\/emfoco\/2025\/11\/19\/o-passo-a-passo-para-uma-pele-lisinha-e-hidratada-usando-o-que-voce-tem-em-casa\/","name":"O passo a passo para uma pele lisinha e hidratada usando o que voc\u00ea tem em casa - Estado de Minas - Em foco","isPartOf":{"@id":"https:\/\/www.em.com.br\/emfoco\/#website"},"primaryImageOfPage":{"@id":"https:\/\/www.em.com.br\/emfoco\/2025\/11\/19\/o-passo-a-passo-para-uma-pele-lisinha-e-hidratada-usando-o-que-voce-tem-em-casa\/#primaryimage"},"image":{"@id":"https:\/\/www.em.com.br\/emfoco\/2025\/11\/19\/o-passo-a-passo-para-uma-pele-lisinha-e-hidratada-usando-o-que-voce-tem-em-casa\/#primaryimage"},"thumbnailUrl":"https:\/\/www.em.com.br\/emfoco\/wp-content\/uploads\/2025\/11\/esfoliante_1763414564638.jpg","datePublished":"2025-11-19T10:25:18+00:00","dateModified":"2025-11-18T12:42:48+00:00","author":{"@id":"https:\/\/www.em.com.br\/emfoco\/#\/schema\/person\/0a8186d72f2c3a5c6276d90b41f271a0"},"description":"Ingredientes da cozinha viram esfoliantes que renovam a pele. Veja como usar com seguran\u00e7a para ter uma pele macia e luminosa.","breadcrumb":{"@id":"https:\/\/www.em.com.br\/emfoco\/2025\/11\/19\/o-passo-a-passo-para-uma-pele-lisinha-e-hidratada-usando-o-que-voce-tem-em-casa\/#breadcrumb"},"inLanguage":"pt-BR","potentialAction":[{"@type":"ReadAction","target":["https:\/\/www.em.com.br\/emfoco\/2025\/11\/19\/o-passo-a-passo-para-uma-pele-lisinha-e-hidratada-usando-o-que-voce-tem-em-casa\/"]}]},{"@type":"ImageObject","inLanguage":"pt-BR","@id":"https:\/\/www.em.com.br\/emfoco\/2025\/11\/19\/o-passo-a-passo-para-uma-pele-lisinha-e-hidratada-usando-o-que-voce-tem-em-casa\/#primaryimage","url":"https:\/\/www.em.com.br\/emfoco\/wp-content\/uploads\/2025\/11\/esfoliante_1763414564638.jpg","contentUrl":"https:\/\/www.em.com.br\/emfoco\/wp-content\/uploads\/2025\/11\/esfoliante_1763414564638.jpg","width":1280,"height":720,"caption":"Os cuidados com a pele fazem parte da rotina de muitas pessoas - Cr\u00e9ditos: depositphotos.com \/ IgorVetushko"},{"@type":"BreadcrumbList","@id":"https:\/\/www.em.com.br\/emfoco\/2025\/11\/19\/o-passo-a-passo-para-uma-pele-lisinha-e-hidratada-usando-o-que-voce-tem-em-casa\/#breadcrumb","itemListElement":[{"@type":"ListItem","position":1,"name":"In\u00edcio","item":"https:\/\/www.em.com.br\/emfoco\/"},{"@type":"ListItem","position":2,"name":"O passo a passo para uma pele lisinha e hidratada usando o que voc\u00ea tem em casa"}]},{"@type":"WebSite","@id":"https:\/\/www.em.com.br\/emfoco\/#website","url":"https:\/\/www.em.com.br\/emfoco\/","name":"Estado de Minas - Em foco","description":"Acompanhe as \u00faltimas not\u00edcias e fique bem informado sobre tudo o que acontece em Minas Gerais, Brasil e no mundo.","potentialAction":[{"@type":"SearchAction","target":{"@type":"EntryPoint","urlTemplate":"https:\/\/www.em.com.br\/emfoco\/?s={search_term_string}"},"query-input":{"@type":"PropertyValueSpecification","valueRequired":true,"valueName":"search_term_string"}}],"inLanguage":"pt-BR"},{"@type":"Person","@id":"https:\/\/www.em.com.br\/emfoco\/#\/schema\/person\/0a8186d72f2c3a5c6276d90b41f271a0","name":"Daniely Cardoso","image":{"@type":"ImageObject","inLanguage":"pt-BR","@id":"https:\/\/www.em.com.br\/emfoco\/#\/schema\/person\/image\/","url":"https:\/\/secure.gravatar.com\/avatar\/4b80ddbd124d1f071b626d52d62e5dff?s=96&d=mm&r=g","contentUrl":"https:\/\/secure.gravatar.com\/avatar\/4b80ddbd124d1f071b626d52d62e5dff?s=96&d=mm&r=g","caption":"Daniely Cardoso"},"url":"https:\/\/www.em.com.br\/emfoco\/author\/danielymyth\/"}]}},"_links":{"self":[{"href":"https:\/\/www.em.com.br\/emfoco\/wp-json\/wp\/v2\/posts\/128817","targetHints":{"allow":["GET"]}}],"collection":[{"href":"https:\/\/www.em.com.br\/emfoco\/wp-json\/wp\/v2\/posts"}],"about":[{"href":"https:\/\/www.em.com.br\/emfoco\/wp-json\/wp\/v2\/types\/post"}],"author":[{"embeddable":true,"href":"https:\/\/www.em.com.br\/emfoco\/wp-json\/wp\/v2\/users\/9"}],"replies":[{"embeddable":true,"href":"https:\/\/www.em.com.br\/emfoco\/wp-json\/wp\/v2\/comments?post=128817"}],"version-history":[{"count":3,"href":"https:\/\/www.em.com.br\/emfoco\/wp-json\/wp\/v2\/posts\/128817\/revisions"}],"predecessor-version":[{"id":128937,"href":"https:\/\/www.em.com.br\/emfoco\/wp-json\/wp\/v2\/posts\/128817\/revisions\/128937"}],"wp:featuredmedia":[{"embeddable":true,"href":"https:\/\/www.em.com.br\/emfoco\/wp-json\/wp\/v2\/media\/128863"}],"wp:attachment":[{"href":"https:\/\/www.em.com.br\/emfoco\/wp-json\/wp\/v2\/media?parent=128817"}],"wp:term":[{"taxonomy":"category","embeddable":true,"href":"https:\/\/www.em.com.br\/emfoco\/wp-json\/wp\/v2\/categories?post=128817"},{"taxonomy":"post_tag","embeddable":true,"href":"https:\/\/www.em.com.br\/emfoco\/wp-json\/wp\/v2\/tags?post=128817"}],"curies":[{"name":"wp","href":"https:\/\/api.w.org\/{rel}","templated":true}]}}