{"id":128735,"date":"2025-11-18T21:45:00","date_gmt":"2025-11-19T00:45:00","guid":{"rendered":"https:\/\/www.em.com.br\/emfoco\/?p=128735"},"modified":"2025-11-17T17:25:20","modified_gmt":"2025-11-17T20:25:20","slug":"ia-atinge-94-de-precisao-para-detectar-melanoma-e-pode-salvar-vidas","status":"publish","type":"post","link":"https:\/\/www.em.com.br\/emfoco\/2025\/11\/18\/ia-atinge-94-de-precisao-para-detectar-melanoma-e-pode-salvar-vidas\/","title":{"rendered":"IA atinge 94% de precis\u00e3o para detectar melanoma e pode salvar vidas"},"content":{"rendered":"\n<p>A detec\u00e7\u00e3o precoce do <strong>melanoma<\/strong> \u00e9 fundamental para aumentar as chances de sobreviv\u00eancia, e um novo avan\u00e7o chamou aten\u00e7\u00e3o ao mostrar que a intelig\u00eancia artificial pode acelerar esse processo. Em 2025, pesquisadores apresentaram um modelo capaz de identificar sinais iniciais da doen\u00e7a com precis\u00e3o superior a 90%, despertando interesse mundial.<\/p>\n\n\n\n<h2 class=\"wp-block-heading\">Como a IA conseguiu alcan\u00e7ar tamanha precis\u00e3o na detec\u00e7\u00e3o do melanoma?<\/h2>\n\n\n\n<p>O melanoma \u00e9 considerado o <strong>c\u00e2ncer de pele mais agressivo<\/strong>, e especialistas refor\u00e7am que a identifica\u00e7\u00e3o precoce \u00e9 decisiva. Segundo o professor <strong>Gwangill Jeon<\/strong>, da <strong><a href=\"https:\/\/www.inu.ac.kr\/inuengl\/8509\/subview.do\" target=\"_blank\" rel=\"noreferrer noopener\">Universidade Nacional de Incheon<\/a><\/strong>, apenas caracter\u00edsticas visuais dificultam o diagn\u00f3stico, o que torna essencial combinar imagens e dados cl\u00ednicos para an\u00e1lises mais completas.<\/p>\n\n\n\n<p>O novo modelo de intelig\u00eancia artificial demonstrou <strong>94,5% de precis\u00e3o <\/strong>ao analisar imagens dermatol\u00f3gicas associadas a informa\u00e7\u00f5es como idade, sexo e localiza\u00e7\u00e3o da les\u00e3o. De acordo com os pesquisadores respons\u00e1veis, o sistema integra esses elementos em um est\u00e1gio intermedi\u00e1rio, permitindo decis\u00f5es mais precisas e contextualizadas.<\/p>\n\n\n\n<figure class=\"wp-block-image size-large\"><img loading=\"lazy\" decoding=\"async\" width=\"1024\" height=\"576\" src=\"https:\/\/www.em.com.br\/emfoco\/wp-content\/uploads\/2025\/11\/cancer-de-melanoma_1763407608113-1024x576.jpg\" alt=\"IA detecta melanoma com 94% de precis\u00e3o e promete revolucionar diagn\u00f3sticos\" class=\"wp-image-128771\" srcset=\"https:\/\/www.em.com.br\/emfoco\/wp-content\/uploads\/2025\/11\/cancer-de-melanoma_1763407608113-1024x576.jpg 1024w, https:\/\/www.em.com.br\/emfoco\/wp-content\/uploads\/2025\/11\/cancer-de-melanoma_1763407608113-300x169.jpg 300w, https:\/\/www.em.com.br\/emfoco\/wp-content\/uploads\/2025\/11\/cancer-de-melanoma_1763407608113-768x432.jpg 768w, https:\/\/www.em.com.br\/emfoco\/wp-content\/uploads\/2025\/11\/cancer-de-melanoma_1763407608113-750x422.jpg 750w, https:\/\/www.em.com.br\/emfoco\/wp-content\/uploads\/2025\/11\/cancer-de-melanoma_1763407608113-1140x641.jpg 1140w, https:\/\/www.em.com.br\/emfoco\/wp-content\/uploads\/2025\/11\/cancer-de-melanoma_1763407608113.jpg 1280w\" sizes=\"auto, (max-width: 1024px) 100vw, 1024px\" \/><figcaption class=\"wp-element-caption\">A fus\u00e3o intermedi\u00e1ria melhorou decis\u00f5es em tempo real &#8211; Cr\u00e9ditos: depositphotos.com \/ bertys30<\/figcaption><\/figure>\n\n\n\n<p><em>Leia mais: <strong><a href=\"https:\/\/www.em.com.br\/emfoco\/2025\/11\/09\/esse-simples-exame-pode-detectar-o-cancer-de-prostata-cedo\/\" target=\"_blank\" rel=\"noreferrer noopener\">Esse simples exame pode detectar o c\u00e2ncer de pr\u00f3stata cedo<\/a><\/strong><\/em><\/p>\n\n\n\n<h2 class=\"wp-block-heading\">Quais elementos tornam essa ferramenta mais eficiente que modelos anteriores?<\/h2>\n\n\n\n<p>Os autores explicam que grande parte dos sistemas anteriores utilizava apenas imagens para prever riscos, ignorando fatores cl\u00ednicos importantes. Para entender o diferencial dessa tecnologia, vale observar os aspectos que ampliam sua capacidade de prever com rigor o <strong>risco de melanoma<\/strong>.<\/p>\n\n\n\n<ul class=\"wp-block-list\">\n<li><strong>Dados cl\u00ednicos:<\/strong> idade, sexo e localiza\u00e7\u00e3o aumentam a precis\u00e3o da an\u00e1lise.<\/li>\n\n\n\n<li><strong>Rede neural convolucional:<\/strong> interpreta padr\u00f5es visuais com alta sensibilidade.<\/li>\n\n\n\n<li><strong>Fus\u00e3o de informa\u00e7\u00f5es:<\/strong> integra imagem e contexto cl\u00ednico em um \u00fanico modelo.<\/li>\n<\/ul>\n\n\n\n<h2 class=\"wp-block-heading\">O que o conjunto de dados revela sobre o perfil mais comum de pacientes?<\/h2>\n\n\n\n<p>O estudo utilizou mais de <strong>33 mil imagens<\/strong> do conjunto <strong>SIIM-ISIC<\/strong>, todas acompanhadas de informa\u00e7\u00f5es cl\u00ednicas validadas por histopatologia ou consenso de especialistas. A an\u00e1lise epidemiol\u00f3gica mostrou que a maioria dos casos ocorre entre 40 e 60 anos, com maior incid\u00eancia em homens e predomin\u00e2ncia de les\u00f5es localizadas no tronco.<\/p>\n\n\n\n<p>Esses padr\u00f5es foram incorporados ao treinamento da IA, permitindo que ela aprendesse a ponderar vari\u00e1veis de acordo com sua relev\u00e2ncia estat\u00edstica. Isso contribuiu diretamente para o desempenho superior do modelo, que superou ferramentas que dependem exclusivamente de imagens para prever o risco de <strong>c\u00e2ncer de pele<\/strong>.<\/p>\n\n\n\n<figure class=\"wp-block-image size-large\"><img loading=\"lazy\" decoding=\"async\" width=\"1024\" height=\"576\" src=\"https:\/\/www.em.com.br\/emfoco\/wp-content\/uploads\/2025\/11\/Inteligencia-artificial_1763407860096-1024x576.jpg\" alt=\"IA detecta melanoma com 94% de precis\u00e3o e promete revolucionar diagn\u00f3sticos\" class=\"wp-image-128776\" srcset=\"https:\/\/www.em.com.br\/emfoco\/wp-content\/uploads\/2025\/11\/Inteligencia-artificial_1763407860096-1024x576.jpg 1024w, https:\/\/www.em.com.br\/emfoco\/wp-content\/uploads\/2025\/11\/Inteligencia-artificial_1763407860096-300x169.jpg 300w, https:\/\/www.em.com.br\/emfoco\/wp-content\/uploads\/2025\/11\/Inteligencia-artificial_1763407860096-768x432.jpg 768w, https:\/\/www.em.com.br\/emfoco\/wp-content\/uploads\/2025\/11\/Inteligencia-artificial_1763407860096-750x422.jpg 750w, https:\/\/www.em.com.br\/emfoco\/wp-content\/uploads\/2025\/11\/Inteligencia-artificial_1763407860096-1140x641.jpg 1140w, https:\/\/www.em.com.br\/emfoco\/wp-content\/uploads\/2025\/11\/Inteligencia-artificial_1763407860096.jpg 1280w\" sizes=\"auto, (max-width: 1024px) 100vw, 1024px\" \/><figcaption class=\"wp-element-caption\">Dados validados por especialistas aumentaram confian\u00e7a epidemiol\u00f3gica &#8211; Cr\u00e9ditos: depositphotos.com \/ HayDmitriy<\/figcaption><\/figure>\n\n\n\n<h2 class=\"wp-block-heading\">Quais desafios ainda limitam o uso da IA em diagn\u00f3sticos de melanoma?<\/h2>\n\n\n\n<p>Mesmo com resultados encorajadores, os pesquisadores apontam limita\u00e7\u00f5es que precisam ser superadas antes da aplica\u00e7\u00e3o massiva da ferramenta. A seguir est\u00e3o os principais pontos que ainda exigem aten\u00e7\u00e3o antes de integrar totalmente o modelo \u00e0 pr\u00e1tica cl\u00ednica.<\/p>\n\n\n\n<ul class=\"wp-block-list\">\n<li><strong>Tend\u00eancia ao sobreajuste:<\/strong> pequena diferen\u00e7a entre desempenho em treino e valida\u00e7\u00e3o.<\/li>\n\n\n\n<li><strong>Generaliza\u00e7\u00e3o limitada:<\/strong> falta testar o modelo em popula\u00e7\u00f5es externas.<\/li>\n\n\n\n<li><strong>Complexidade dos dados:<\/strong> necessidade de fus\u00f5es mais avan\u00e7adas e explica\u00e7\u00f5es transparentes.<\/li>\n<\/ul>\n\n\n\n<p>Segundo o professor <strong>Jeon<\/strong>, o objetivo \u00e9 transformar o modelo em uma ferramenta pr\u00e1tica que analise imagens e dados b\u00e1sicos do paciente, acelerando a detec\u00e7\u00e3o precoce do <strong>melanoma<\/strong>. Com ajustes futuros, a tecnologia pode se tornar um marco no diagn\u00f3stico e preven\u00e7\u00e3o do c\u00e2ncer de pele.<\/p>\n","protected":false},"excerpt":{"rendered":"<p>A detec\u00e7\u00e3o precoce do melanoma \u00e9 fundamental para aumentar as chances de sobreviv\u00eancia, e um novo avan\u00e7o chamou aten\u00e7\u00e3o ao mostrar que a intelig\u00eancia artificial pode acelerar esse processo. Em 2025, pesquisadores apresentaram um modelo capaz de identificar sinais iniciais da doen\u00e7a com precis\u00e3o superior a 90%, despertando interesse mundial. Como a IA conseguiu alcan\u00e7ar [&hellip;]<\/p>\n","protected":false},"author":13,"featured_media":128770,"comment_status":"open","ping_status":"open","sticky":false,"template":"","format":"standard","meta":{"jnews-multi-image_gallery":[],"jnews_single_post":{"format":"standard"},"jnews_primary_category":[],"jnews_social_meta":[],"jnews_override_counter":[],"footnotes":""},"categories":[8819],"tags":[18984,1249,14060],"class_list":["post-128735","post","type-post","status-publish","format-standard","has-post-thumbnail","hentry","category-curiosidades","tag-deteccao-de-cancer","tag-inteligencia-artificial","tag-melanoma"],"yoast_head":"<!-- This site is optimized with the Yoast SEO plugin v23.8 - https:\/\/yoast.com\/wordpress\/plugins\/seo\/ -->\n<title>IA atinge 94% de precis\u00e3o para detectar melanoma e pode salvar vidas - Estado de Minas - Em foco<\/title>\n<meta name=\"description\" content=\"Intelig\u00eancia artificial identifica melanoma ao analisar imagens e dados cl\u00ednicos. Confira por que esse avan\u00e7o pode salvar milhares de vidas.\" \/>\n<meta name=\"robots\" content=\"index, follow, max-snippet:-1, max-image-preview:large, max-video-preview:-1\" \/>\n<link rel=\"canonical\" href=\"https:\/\/www.em.com.br\/emfoco\/2025\/11\/18\/ia-atinge-94-de-precisao-para-detectar-melanoma-e-pode-salvar-vidas\/\" \/>\n<meta property=\"og:locale\" content=\"pt_BR\" \/>\n<meta property=\"og:type\" content=\"article\" \/>\n<meta property=\"og:title\" content=\"IA atinge 94% de precis\u00e3o para detectar melanoma e pode salvar vidas - Estado de Minas - Em foco\" \/>\n<meta property=\"og:description\" content=\"Intelig\u00eancia artificial identifica melanoma ao analisar imagens e dados cl\u00ednicos. Confira por que esse avan\u00e7o pode salvar milhares de vidas.\" \/>\n<meta property=\"og:url\" content=\"https:\/\/www.em.com.br\/emfoco\/2025\/11\/18\/ia-atinge-94-de-precisao-para-detectar-melanoma-e-pode-salvar-vidas\/\" \/>\n<meta property=\"og:site_name\" content=\"Estado de Minas - Em foco\" \/>\n<meta property=\"article:published_time\" content=\"2025-11-19T00:45:00+00:00\" \/>\n<meta property=\"article:modified_time\" content=\"2025-11-17T20:25:20+00:00\" \/>\n<meta property=\"og:image\" content=\"https:\/\/www.em.com.br\/emfoco\/wp-content\/uploads\/2025\/11\/IA-IMG-4-3.jpg\" \/>\n\t<meta property=\"og:image:width\" content=\"1280\" \/>\n\t<meta property=\"og:image:height\" content=\"720\" \/>\n\t<meta property=\"og:image:type\" content=\"image\/jpeg\" \/>\n<meta name=\"author\" content=\"Gabriel Martins\" \/>\n<meta name=\"twitter:card\" content=\"summary_large_image\" \/>\n<meta name=\"twitter:label1\" content=\"Escrito por\" \/>\n\t<meta name=\"twitter:data1\" content=\"Gabriel Martins\" \/>\n\t<meta name=\"twitter:label2\" content=\"Est. tempo de leitura\" \/>\n\t<meta name=\"twitter:data2\" content=\"4 minutos\" \/>\n<!-- \/ Yoast SEO plugin. -->","yoast_head_json":{"title":"IA atinge 94% de precis\u00e3o para detectar melanoma e pode salvar vidas - Estado de Minas - Em foco","description":"Intelig\u00eancia artificial identifica melanoma ao analisar imagens e dados cl\u00ednicos. Confira por que esse avan\u00e7o pode salvar milhares de vidas.","robots":{"index":"index","follow":"follow","max-snippet":"max-snippet:-1","max-image-preview":"max-image-preview:large","max-video-preview":"max-video-preview:-1"},"canonical":"https:\/\/www.em.com.br\/emfoco\/2025\/11\/18\/ia-atinge-94-de-precisao-para-detectar-melanoma-e-pode-salvar-vidas\/","og_locale":"pt_BR","og_type":"article","og_title":"IA atinge 94% de precis\u00e3o para detectar melanoma e pode salvar vidas - Estado de Minas - Em foco","og_description":"Intelig\u00eancia artificial identifica melanoma ao analisar imagens e dados cl\u00ednicos. Confira por que esse avan\u00e7o pode salvar milhares de vidas.","og_url":"https:\/\/www.em.com.br\/emfoco\/2025\/11\/18\/ia-atinge-94-de-precisao-para-detectar-melanoma-e-pode-salvar-vidas\/","og_site_name":"Estado de Minas - Em foco","article_published_time":"2025-11-19T00:45:00+00:00","article_modified_time":"2025-11-17T20:25:20+00:00","og_image":[{"width":1280,"height":720,"url":"https:\/\/www.em.com.br\/emfoco\/wp-content\/uploads\/2025\/11\/IA-IMG-4-3.jpg","type":"image\/jpeg"}],"author":"Gabriel Martins","twitter_card":"summary_large_image","twitter_misc":{"Escrito por":"Gabriel Martins","Est. tempo de leitura":"4 minutos"},"schema":{"@context":"https:\/\/schema.org","@graph":[{"@type":"WebPage","@id":"https:\/\/www.em.com.br\/emfoco\/2025\/11\/18\/ia-atinge-94-de-precisao-para-detectar-melanoma-e-pode-salvar-vidas\/","url":"https:\/\/www.em.com.br\/emfoco\/2025\/11\/18\/ia-atinge-94-de-precisao-para-detectar-melanoma-e-pode-salvar-vidas\/","name":"IA atinge 94% de precis\u00e3o para detectar melanoma e pode salvar vidas - Estado de Minas - Em foco","isPartOf":{"@id":"https:\/\/www.em.com.br\/emfoco\/#website"},"primaryImageOfPage":{"@id":"https:\/\/www.em.com.br\/emfoco\/2025\/11\/18\/ia-atinge-94-de-precisao-para-detectar-melanoma-e-pode-salvar-vidas\/#primaryimage"},"image":{"@id":"https:\/\/www.em.com.br\/emfoco\/2025\/11\/18\/ia-atinge-94-de-precisao-para-detectar-melanoma-e-pode-salvar-vidas\/#primaryimage"},"thumbnailUrl":"https:\/\/www.em.com.br\/emfoco\/wp-content\/uploads\/2025\/11\/IA-IMG-4-3.jpg","datePublished":"2025-11-19T00:45:00+00:00","dateModified":"2025-11-17T20:25:20+00:00","author":{"@id":"https:\/\/www.em.com.br\/emfoco\/#\/schema\/person\/1c9ddeab18b98abeffef834667bcf08a"},"description":"Intelig\u00eancia artificial identifica melanoma ao analisar imagens e dados cl\u00ednicos. Confira por que esse avan\u00e7o pode salvar milhares de vidas.","breadcrumb":{"@id":"https:\/\/www.em.com.br\/emfoco\/2025\/11\/18\/ia-atinge-94-de-precisao-para-detectar-melanoma-e-pode-salvar-vidas\/#breadcrumb"},"inLanguage":"pt-BR","potentialAction":[{"@type":"ReadAction","target":["https:\/\/www.em.com.br\/emfoco\/2025\/11\/18\/ia-atinge-94-de-precisao-para-detectar-melanoma-e-pode-salvar-vidas\/"]}]},{"@type":"ImageObject","inLanguage":"pt-BR","@id":"https:\/\/www.em.com.br\/emfoco\/2025\/11\/18\/ia-atinge-94-de-precisao-para-detectar-melanoma-e-pode-salvar-vidas\/#primaryimage","url":"https:\/\/www.em.com.br\/emfoco\/wp-content\/uploads\/2025\/11\/IA-IMG-4-3.jpg","contentUrl":"https:\/\/www.em.com.br\/emfoco\/wp-content\/uploads\/2025\/11\/IA-IMG-4-3.jpg","width":1280,"height":720,"caption":"A IA alcan\u00e7ou alta precis\u00e3o na detec\u00e7\u00e3o precoce do melanoma - Cr\u00e9ditos: Lovart"},{"@type":"BreadcrumbList","@id":"https:\/\/www.em.com.br\/emfoco\/2025\/11\/18\/ia-atinge-94-de-precisao-para-detectar-melanoma-e-pode-salvar-vidas\/#breadcrumb","itemListElement":[{"@type":"ListItem","position":1,"name":"In\u00edcio","item":"https:\/\/www.em.com.br\/emfoco\/"},{"@type":"ListItem","position":2,"name":"IA atinge 94% de precis\u00e3o para detectar melanoma e pode salvar vidas"}]},{"@type":"WebSite","@id":"https:\/\/www.em.com.br\/emfoco\/#website","url":"https:\/\/www.em.com.br\/emfoco\/","name":"Estado de Minas - Em foco","description":"Acompanhe as \u00faltimas not\u00edcias e fique bem informado sobre tudo o que acontece em Minas Gerais, Brasil e no mundo.","potentialAction":[{"@type":"SearchAction","target":{"@type":"EntryPoint","urlTemplate":"https:\/\/www.em.com.br\/emfoco\/?s={search_term_string}"},"query-input":{"@type":"PropertyValueSpecification","valueRequired":true,"valueName":"search_term_string"}}],"inLanguage":"pt-BR"},{"@type":"Person","@id":"https:\/\/www.em.com.br\/emfoco\/#\/schema\/person\/1c9ddeab18b98abeffef834667bcf08a","name":"Gabriel Martins","image":{"@type":"ImageObject","inLanguage":"pt-BR","@id":"https:\/\/www.em.com.br\/emfoco\/#\/schema\/person\/image\/","url":"https:\/\/secure.gravatar.com\/avatar\/f0f1e2efdfd88f1ad2cb08c5c2731e50?s=96&d=mm&r=g","contentUrl":"https:\/\/secure.gravatar.com\/avatar\/f0f1e2efdfd88f1ad2cb08c5c2731e50?s=96&d=mm&r=g","caption":"Gabriel Martins"},"sameAs":["https:\/\/www.em.com.br\/emfoco\/"],"url":"https:\/\/www.em.com.br\/emfoco\/author\/gabrielmartinsmyth\/"}]}},"_links":{"self":[{"href":"https:\/\/www.em.com.br\/emfoco\/wp-json\/wp\/v2\/posts\/128735","targetHints":{"allow":["GET"]}}],"collection":[{"href":"https:\/\/www.em.com.br\/emfoco\/wp-json\/wp\/v2\/posts"}],"about":[{"href":"https:\/\/www.em.com.br\/emfoco\/wp-json\/wp\/v2\/types\/post"}],"author":[{"embeddable":true,"href":"https:\/\/www.em.com.br\/emfoco\/wp-json\/wp\/v2\/users\/13"}],"replies":[{"embeddable":true,"href":"https:\/\/www.em.com.br\/emfoco\/wp-json\/wp\/v2\/comments?post=128735"}],"version-history":[{"count":2,"href":"https:\/\/www.em.com.br\/emfoco\/wp-json\/wp\/v2\/posts\/128735\/revisions"}],"predecessor-version":[{"id":128797,"href":"https:\/\/www.em.com.br\/emfoco\/wp-json\/wp\/v2\/posts\/128735\/revisions\/128797"}],"wp:featuredmedia":[{"embeddable":true,"href":"https:\/\/www.em.com.br\/emfoco\/wp-json\/wp\/v2\/media\/128770"}],"wp:attachment":[{"href":"https:\/\/www.em.com.br\/emfoco\/wp-json\/wp\/v2\/media?parent=128735"}],"wp:term":[{"taxonomy":"category","embeddable":true,"href":"https:\/\/www.em.com.br\/emfoco\/wp-json\/wp\/v2\/categories?post=128735"},{"taxonomy":"post_tag","embeddable":true,"href":"https:\/\/www.em.com.br\/emfoco\/wp-json\/wp\/v2\/tags?post=128735"}],"curies":[{"name":"wp","href":"https:\/\/api.w.org\/{rel}","templated":true}]}}