{"id":12872,"date":"2025-02-03T07:40:00","date_gmt":"2025-02-03T10:40:00","guid":{"rendered":"https:\/\/www.em.com.br\/emfoco\/?p=12872"},"modified":"2025-01-31T22:28:27","modified_gmt":"2025-02-01T01:28:27","slug":"conheca-agora-o-seu-proximo-destino-turistico","status":"publish","type":"post","link":"https:\/\/www.em.com.br\/emfoco\/2025\/02\/03\/conheca-agora-o-seu-proximo-destino-turistico\/","title":{"rendered":"Conhe\u00e7a Agora o seu pr\u00f3ximo destino tur\u00edstico"},"content":{"rendered":"\n<p><strong><a href=\"https:\/\/www.em.com.br\/emfoco\/2024\/11\/27\/sete-lagoas-tradicao-e-modernidade-em-uma-cidade-de-minas-gerais\/\" target=\"_blank\" rel=\"noreferrer noopener\">Sete Lagoas<\/a><\/strong> se revela como um munic\u00edpio que harmoniza belezas naturais com um not\u00e1vel crescimento urbano. Localizada em <strong><a href=\"https:\/\/pt.wikipedia.org\/wiki\/Minas_Gerais\" target=\"_blank\" rel=\"noreferrer noopener\">Minas Gerais<\/a><\/strong>, a cidade est\u00e1 estrategicamente posicionada pr\u00f3xima a <strong>Belo Horizonte<\/strong>, o que facilita o acesso \u00e0s principais conex\u00f5es rodovi\u00e1rias. Esse posicionamento estrat\u00e9gico auxilia n\u00e3o apenas o tr\u00e2nsito de pessoas, mas tamb\u00e9m o movimento de mercadorias, impulsionando neg\u00f3cios locais.<\/p>\n\n\n\n<p>Com uma popula\u00e7\u00e3o que ultrapassa os 240 mil habitantes e em constante crescimento, Sete Lagoas apresenta um desenvolvimento diversificado e vibrante. Este dinamismo \u00e9 alimentado por uma rica tape\u00e7aria cultural, fruto da conflu\u00eancia de hist\u00f3rias e tradi\u00e7\u00f5es variadas que contribuem para um ambiente acolhedor e din\u00e2mico.<\/p>\n\n\n\n<h2 class=\"wp-block-heading\">Qual \u00e9 a hist\u00f3ria por tr\u00e1s de Sete Lagoas?<\/h2>\n\n\n\n<p>A hist\u00f3ria de Sete Lagoas fundada em 1867, quando a cidade foi estabelecida em torno de sete formid\u00e1veis lagoas que lhe deram o nome. Estas lagoas n\u00e3o s\u00f3 marcaram a identidade da cidade, como tamb\u00e9m desempenharam um papel crucial em seu crescimento inicial, sendo um ponto de apoio para o com\u00e9rcio e a ind\u00fastria locais.<\/p>\n\n\n\n<p>No decorrer das d\u00e9cadas, Sete Lagoas se desenvolveu como um polo comercial e industrial, aproveitando-se de sua localiza\u00e7\u00e3o e das condi\u00e7\u00f5es naturais caracter\u00edsticas. Este avan\u00e7o econ\u00f4mico foi fundamental para transformar a cidade em um centro de interesse econ\u00f4mico na regi\u00e3o.<\/p>\n\n\n\n<figure class=\"wp-block-image size-full\"><img loading=\"lazy\" decoding=\"async\" width=\"1280\" height=\"720\" src=\"https:\/\/www.em.com.br\/emfoco\/wp-content\/uploads\/2025\/02\/esse-9.jpg\" alt=\"Conhe\u00e7a Agora o seu pr\u00f3ximo destino tur\u00edstico\" class=\"wp-image-15583\" srcset=\"https:\/\/www.em.com.br\/emfoco\/wp-content\/uploads\/2025\/02\/esse-9.jpg 1280w, https:\/\/www.em.com.br\/emfoco\/wp-content\/uploads\/2025\/02\/esse-9-300x169.jpg 300w, https:\/\/www.em.com.br\/emfoco\/wp-content\/uploads\/2025\/02\/esse-9-1024x576.jpg 1024w, https:\/\/www.em.com.br\/emfoco\/wp-content\/uploads\/2025\/02\/esse-9-768x432.jpg 768w, https:\/\/www.em.com.br\/emfoco\/wp-content\/uploads\/2025\/02\/esse-9-750x422.jpg 750w, https:\/\/www.em.com.br\/emfoco\/wp-content\/uploads\/2025\/02\/esse-9-1140x641.jpg 1140w\" sizes=\"auto, (max-width: 1280px) 100vw, 1280px\" \/><figcaption class=\"wp-element-caption\">Sete Lagoas &#8211; Cr\u00e9ditos: Flickr<\/figcaption><\/figure>\n\n\n\n<h2 class=\"wp-block-heading\">O que impulsiona a economia de Sete Lagoas?<\/h2>\n\n\n\n<p>Sete Lagoas \u00e9 marcada por uma economia pr\u00f3spera, destacada pela diversidade de seus setores industriais. A cidade \u00e9 um importante n\u00facleo para as ind\u00fastrias de cimento e bebidas, entre outras \u00e1reas de atua\u00e7\u00e3o. Grandes empresas estabeleceram suas opera\u00e7\u00f5es no munic\u00edpio, reconhecendo sua import\u00e2ncia estrat\u00e9gica para o desenvolvimento econ\u00f4mico regional.<\/p>\n\n\n\n<p>Esse cen\u00e1rio industrial diversificado proporciona um impacto positivo na gera\u00e7\u00e3o de empregos e no fortalecimento econ\u00f4mico, evidenciando a vitalidade de Sete Lagoas no contexto mineiro.<\/p>\n\n\n\n<h2 class=\"wp-block-heading\">Quais s\u00e3o as dimens\u00f5es culturais e tur\u00edsticas de Sete Lagoas?<\/h2>\n\n\n\n<p>Sete Lagoas n\u00e3o \u00e9 apenas um centro econ\u00f4mico; ela tamb\u00e9m se destaca culturalmente, sendo rica em eventos e atra\u00e7\u00f5es que s\u00e3o um convite para turistas e residentes. O <strong>Centro Cultural Nh\u00f4 Quim Drummond e o Museu Ferrovi\u00e1rio<\/strong> s\u00e3o marcos significativos que preservam a riqueza hist\u00f3rica e as tradi\u00e7\u00f5es culturais da cidade.<\/p>\n\n\n\n<p>Al\u00e9m disso, os festivais folcl\u00f3ricos permitem uma imers\u00e3o nas tradi\u00e7\u00f5es locais, mantendo vivas as manifesta\u00e7\u00f5es culturais que s\u00e3o parte integrante da identidade de Sete Lagoas.<\/p>\n\n\n\n<h2 class=\"wp-block-heading\">Como Sete Lagoas se destaca na educa\u00e7\u00e3o e sa\u00fade?<\/h2>\n\n\n\n<p>Sete Lagoas investe fortemente na educa\u00e7\u00e3o, com um sistema educacional robusto que inclui institui\u00e7\u00f5es de ensino superior de renome. Estas institui\u00e7\u00f5es n\u00e3o apenas atraem estudantes de todo o estado, mas tamb\u00e9m contribuem para a forma\u00e7\u00e3o acad\u00eamica de excel\u00eancia.<\/p>\n\n\n\n<p>Na \u00e1rea da sa\u00fade, a cidade disp\u00f5e de uma infraestrutura ampla e de qualidade, composta por hospitais e cl\u00ednicas bem equipadas que prestam servi\u00e7os m\u00e9dicos essenciais \u00e0 popula\u00e7\u00e3o local.<\/p>\n\n\n\n<h2 class=\"wp-block-heading\">Quais s\u00e3o as op\u00e7\u00f5es de lazer em Sete Lagoas?<\/h2>\n\n\n\n<p>As op\u00e7\u00f5es de lazer em Sete Lagoas s\u00e3o variadas, contemplando parques, \u00e1reas de recrea\u00e7\u00e3o e modernas instala\u00e7\u00f5es esportivas. Esses espa\u00e7os s\u00e3o parte do compromisso da cidade em promover a qualidade de vida dos habitantes.<\/p>\n\n\n\n<p>Al\u00e9m disso, projetos urban\u00edsticos cont\u00ednuos apoiam o crescimento demogr\u00e1fico e comercial, refor\u00e7ando o status de Sete Lagoas como destino atrativo em <strong>Minas Gerais<\/strong>, ideal para viver e investir.<\/p>\n","protected":false},"excerpt":{"rendered":"<p>Sete Lagoas se revela como um munic\u00edpio que harmoniza belezas naturais com um not\u00e1vel crescimento urbano. Localizada em Minas Gerais, a cidade est\u00e1 estrategicamente posicionada pr\u00f3xima a Belo Horizonte, o que facilita o acesso \u00e0s principais conex\u00f5es rodovi\u00e1rias. Esse posicionamento estrat\u00e9gico auxilia n\u00e3o apenas o tr\u00e2nsito de pessoas, mas tamb\u00e9m o movimento de mercadorias, impulsionando [&hellip;]<\/p>\n","protected":false},"author":5,"featured_media":15585,"comment_status":"open","ping_status":"open","sticky":false,"template":"","format":"standard","meta":{"jnews-multi-image_gallery":[],"jnews_single_post":{"format":"standard"},"jnews_primary_category":[],"jnews_social_meta":[],"jnews_override_counter":[],"footnotes":""},"categories":[26,1],"tags":[158,310,1023,157],"class_list":["post-12872","post","type-post","status-publish","format-standard","has-post-thumbnail","hentry","category-cidades","category-noticias","tag-brasil","tag-cidade","tag-sete-lagoas","tag-turismo"],"yoast_head":"<!-- This site is optimized with the Yoast SEO plugin v23.8 - https:\/\/yoast.com\/wordpress\/plugins\/seo\/ -->\n<title>Conhe\u00e7a Agora o seu pr\u00f3ximo destino tur\u00edstico - Estado de Minas - Em foco<\/title>\n<meta name=\"description\" content=\"Sete Lagoas oferece uma excelente qualidade de vida, com diversas op\u00e7\u00f5es de lazer, educa\u00e7\u00e3o e um custo de vida acess\u00edvel. Venha conhecer!\" \/>\n<meta name=\"robots\" content=\"index, follow, max-snippet:-1, max-image-preview:large, max-video-preview:-1\" \/>\n<link rel=\"canonical\" href=\"https:\/\/www.em.com.br\/emfoco\/2025\/02\/03\/conheca-agora-o-seu-proximo-destino-turistico\/\" \/>\n<meta property=\"og:locale\" content=\"pt_BR\" \/>\n<meta property=\"og:type\" content=\"article\" \/>\n<meta property=\"og:title\" content=\"Conhe\u00e7a Agora o seu pr\u00f3ximo destino tur\u00edstico - Estado de Minas - Em foco\" \/>\n<meta property=\"og:description\" content=\"Sete Lagoas oferece uma excelente qualidade de vida, com diversas op\u00e7\u00f5es de lazer, educa\u00e7\u00e3o e um custo de vida acess\u00edvel. Venha conhecer!\" \/>\n<meta property=\"og:url\" content=\"https:\/\/www.em.com.br\/emfoco\/2025\/02\/03\/conheca-agora-o-seu-proximo-destino-turistico\/\" \/>\n<meta property=\"og:site_name\" content=\"Estado de Minas - Em foco\" \/>\n<meta property=\"article:published_time\" content=\"2025-02-03T10:40:00+00:00\" \/>\n<meta property=\"article:modified_time\" content=\"2025-02-01T01:28:27+00:00\" \/>\n<meta property=\"og:image\" content=\"https:\/\/www.em.com.br\/emfoco\/wp-content\/uploads\/2025\/02\/esse-1-8.jpg\" \/>\n\t<meta property=\"og:image:width\" content=\"1280\" \/>\n\t<meta property=\"og:image:height\" content=\"720\" \/>\n\t<meta property=\"og:image:type\" content=\"image\/jpeg\" \/>\n<meta name=\"author\" content=\"N\u00fabia Rangel\" \/>\n<meta name=\"twitter:card\" content=\"summary_large_image\" \/>\n<meta name=\"twitter:label1\" content=\"Escrito por\" \/>\n\t<meta name=\"twitter:data1\" content=\"N\u00fabia Rangel\" \/>\n\t<meta name=\"twitter:label2\" content=\"Est. tempo de leitura\" \/>\n\t<meta name=\"twitter:data2\" content=\"4 minutos\" \/>\n<!-- \/ Yoast SEO plugin. -->","yoast_head_json":{"title":"Conhe\u00e7a Agora o seu pr\u00f3ximo destino tur\u00edstico - Estado de Minas - Em foco","description":"Sete Lagoas oferece uma excelente qualidade de vida, com diversas op\u00e7\u00f5es de lazer, educa\u00e7\u00e3o e um custo de vida acess\u00edvel. Venha conhecer!","robots":{"index":"index","follow":"follow","max-snippet":"max-snippet:-1","max-image-preview":"max-image-preview:large","max-video-preview":"max-video-preview:-1"},"canonical":"https:\/\/www.em.com.br\/emfoco\/2025\/02\/03\/conheca-agora-o-seu-proximo-destino-turistico\/","og_locale":"pt_BR","og_type":"article","og_title":"Conhe\u00e7a Agora o seu pr\u00f3ximo destino tur\u00edstico - Estado de Minas - Em foco","og_description":"Sete Lagoas oferece uma excelente qualidade de vida, com diversas op\u00e7\u00f5es de lazer, educa\u00e7\u00e3o e um custo de vida acess\u00edvel. Venha conhecer!","og_url":"https:\/\/www.em.com.br\/emfoco\/2025\/02\/03\/conheca-agora-o-seu-proximo-destino-turistico\/","og_site_name":"Estado de Minas - Em foco","article_published_time":"2025-02-03T10:40:00+00:00","article_modified_time":"2025-02-01T01:28:27+00:00","og_image":[{"width":1280,"height":720,"url":"https:\/\/www.em.com.br\/emfoco\/wp-content\/uploads\/2025\/02\/esse-1-8.jpg","type":"image\/jpeg"}],"author":"N\u00fabia Rangel","twitter_card":"summary_large_image","twitter_misc":{"Escrito por":"N\u00fabia Rangel","Est. tempo de leitura":"4 minutos"},"schema":{"@context":"https:\/\/schema.org","@graph":[{"@type":"WebPage","@id":"https:\/\/www.em.com.br\/emfoco\/2025\/02\/03\/conheca-agora-o-seu-proximo-destino-turistico\/","url":"https:\/\/www.em.com.br\/emfoco\/2025\/02\/03\/conheca-agora-o-seu-proximo-destino-turistico\/","name":"Conhe\u00e7a Agora o seu pr\u00f3ximo destino tur\u00edstico - Estado de Minas - Em foco","isPartOf":{"@id":"https:\/\/www.em.com.br\/emfoco\/#website"},"primaryImageOfPage":{"@id":"https:\/\/www.em.com.br\/emfoco\/2025\/02\/03\/conheca-agora-o-seu-proximo-destino-turistico\/#primaryimage"},"image":{"@id":"https:\/\/www.em.com.br\/emfoco\/2025\/02\/03\/conheca-agora-o-seu-proximo-destino-turistico\/#primaryimage"},"thumbnailUrl":"https:\/\/www.em.com.br\/emfoco\/wp-content\/uploads\/2025\/02\/esse-1-8.jpg","datePublished":"2025-02-03T10:40:00+00:00","dateModified":"2025-02-01T01:28:27+00:00","author":{"@id":"https:\/\/www.em.com.br\/emfoco\/#\/schema\/person\/524437ef54f8a5d32591b143307f2e20"},"description":"Sete Lagoas oferece uma excelente qualidade de vida, com diversas op\u00e7\u00f5es de lazer, educa\u00e7\u00e3o e um custo de vida acess\u00edvel. Venha conhecer!","breadcrumb":{"@id":"https:\/\/www.em.com.br\/emfoco\/2025\/02\/03\/conheca-agora-o-seu-proximo-destino-turistico\/#breadcrumb"},"inLanguage":"pt-BR","potentialAction":[{"@type":"ReadAction","target":["https:\/\/www.em.com.br\/emfoco\/2025\/02\/03\/conheca-agora-o-seu-proximo-destino-turistico\/"]}]},{"@type":"ImageObject","inLanguage":"pt-BR","@id":"https:\/\/www.em.com.br\/emfoco\/2025\/02\/03\/conheca-agora-o-seu-proximo-destino-turistico\/#primaryimage","url":"https:\/\/www.em.com.br\/emfoco\/wp-content\/uploads\/2025\/02\/esse-1-8.jpg","contentUrl":"https:\/\/www.em.com.br\/emfoco\/wp-content\/uploads\/2025\/02\/esse-1-8.jpg","width":1280,"height":720,"caption":"Sete Lagoas - Cr\u00e9dito: Wikimedia Commons"},{"@type":"BreadcrumbList","@id":"https:\/\/www.em.com.br\/emfoco\/2025\/02\/03\/conheca-agora-o-seu-proximo-destino-turistico\/#breadcrumb","itemListElement":[{"@type":"ListItem","position":1,"name":"In\u00edcio","item":"https:\/\/www.em.com.br\/emfoco\/"},{"@type":"ListItem","position":2,"name":"Conhe\u00e7a Agora o seu pr\u00f3ximo destino tur\u00edstico"}]},{"@type":"WebSite","@id":"https:\/\/www.em.com.br\/emfoco\/#website","url":"https:\/\/www.em.com.br\/emfoco\/","name":"Estado de Minas - Em foco","description":"Acompanhe as \u00faltimas not\u00edcias e fique bem informado sobre tudo o que acontece em Minas Gerais, Brasil e no mundo.","potentialAction":[{"@type":"SearchAction","target":{"@type":"EntryPoint","urlTemplate":"https:\/\/www.em.com.br\/emfoco\/?s={search_term_string}"},"query-input":{"@type":"PropertyValueSpecification","valueRequired":true,"valueName":"search_term_string"}}],"inLanguage":"pt-BR"},{"@type":"Person","@id":"https:\/\/www.em.com.br\/emfoco\/#\/schema\/person\/524437ef54f8a5d32591b143307f2e20","name":"N\u00fabia Rangel","image":{"@type":"ImageObject","inLanguage":"pt-BR","@id":"https:\/\/www.em.com.br\/emfoco\/#\/schema\/person\/image\/","url":"https:\/\/secure.gravatar.com\/avatar\/47cff2827a5ba23c37e8068c86817ea4?s=96&d=mm&r=g","contentUrl":"https:\/\/secure.gravatar.com\/avatar\/47cff2827a5ba23c37e8068c86817ea4?s=96&d=mm&r=g","caption":"N\u00fabia Rangel"},"sameAs":["https:\/\/www.em.com.br\/emfoco\/"],"url":"https:\/\/www.em.com.br\/emfoco\/author\/nubiamyth\/"}]}},"_links":{"self":[{"href":"https:\/\/www.em.com.br\/emfoco\/wp-json\/wp\/v2\/posts\/12872","targetHints":{"allow":["GET"]}}],"collection":[{"href":"https:\/\/www.em.com.br\/emfoco\/wp-json\/wp\/v2\/posts"}],"about":[{"href":"https:\/\/www.em.com.br\/emfoco\/wp-json\/wp\/v2\/types\/post"}],"author":[{"embeddable":true,"href":"https:\/\/www.em.com.br\/emfoco\/wp-json\/wp\/v2\/users\/5"}],"replies":[{"embeddable":true,"href":"https:\/\/www.em.com.br\/emfoco\/wp-json\/wp\/v2\/comments?post=12872"}],"version-history":[{"count":3,"href":"https:\/\/www.em.com.br\/emfoco\/wp-json\/wp\/v2\/posts\/12872\/revisions"}],"predecessor-version":[{"id":15586,"href":"https:\/\/www.em.com.br\/emfoco\/wp-json\/wp\/v2\/posts\/12872\/revisions\/15586"}],"wp:featuredmedia":[{"embeddable":true,"href":"https:\/\/www.em.com.br\/emfoco\/wp-json\/wp\/v2\/media\/15585"}],"wp:attachment":[{"href":"https:\/\/www.em.com.br\/emfoco\/wp-json\/wp\/v2\/media?parent=12872"}],"wp:term":[{"taxonomy":"category","embeddable":true,"href":"https:\/\/www.em.com.br\/emfoco\/wp-json\/wp\/v2\/categories?post=12872"},{"taxonomy":"post_tag","embeddable":true,"href":"https:\/\/www.em.com.br\/emfoco\/wp-json\/wp\/v2\/tags?post=12872"}],"curies":[{"name":"wp","href":"https:\/\/api.w.org\/{rel}","templated":true}]}}