{"id":128564,"date":"2025-11-18T11:45:00","date_gmt":"2025-11-18T14:45:00","guid":{"rendered":"https:\/\/www.em.com.br\/emfoco\/?p=128564"},"modified":"2025-11-17T23:23:26","modified_gmt":"2025-11-18T02:23:26","slug":"entenda-o-bloqueio-e-saiba-5-passos-para-nao-perder-o-seu-dinheiro","status":"publish","type":"post","link":"https:\/\/www.em.com.br\/emfoco\/2025\/11\/18\/entenda-o-bloqueio-e-saiba-5-passos-para-nao-perder-o-seu-dinheiro\/","title":{"rendered":"Erro comum que suspende o Bolsa Fam\u00edlia e saiba os passos para n\u00e3o perder o seu dinheiro"},"content":{"rendered":"\n<p>O <strong>Bolsa Fam\u00edlia<\/strong>, considerado um dos principais programas sociais do <strong>Brasil<\/strong>, oferece apoio financeiro para fam\u00edlias em situa\u00e7\u00e3o de pobreza e extrema pobreza, mas muitos benefici\u00e1rios ainda encontram dificuldades para compreender todos os passos necess\u00e1rios para garantir o acesso e a manuten\u00e7\u00e3o desse aux\u00edlio essencial.<\/p>\n\n\n\n<h2 class=\"wp-block-heading\">Como se inscrever no Bolsa Fam\u00edlia?<\/h2>\n\n\n\n<p>Para participar do <strong>Bolsa Fam\u00edlia<\/strong>, \u00e9 fundamental que a fam\u00edlia realize a inscri\u00e7\u00e3o no <strong>Cadastro \u00danico<\/strong> (Cad\u00danico). Esse cadastro re\u00fane dados sobre fam\u00edlias de baixa renda e serve para o governo identificar quem tem direito ao benef\u00edcio.<\/p>\n\n\n\n<p>O respons\u00e1vel familiar deve comparecer ao <strong>CRAS <\/strong>mais pr\u00f3ximo munido de documentos como RG, CPF, comprovante de resid\u00eancia, certid\u00e3o de nascimento ou casamento e carteira de trabalho de todos os membros do n\u00facleo familiar.<\/p>\n\n\n\n<h2 class=\"wp-block-heading\">Por que atualizar o Cad\u00danico \u00e9 vital?<\/h2>\n\n\n\n<p>Manter os dados sempre atualizados no <strong>Cad\u00danico <\/strong>garante a continuidade do benef\u00edcio e evita bloqueios desnecess\u00e1rios. Essa atualiza\u00e7\u00e3o precisa ser feita a cada dois anos ou sempre que houver mudan\u00e7as importantes na renda ou composi\u00e7\u00e3o familiar.<\/p>\n\n\n<div class=\"wp-block-image\">\n<figure class=\"aligncenter size-large\"><img loading=\"lazy\" decoding=\"async\" width=\"1024\" height=\"576\" src=\"https:\/\/www.em.com.br\/emfoco\/wp-content\/uploads\/2025\/11\/empreendedora_1761374992371-1024x576.jpg\" alt=\"Mulheres ganham acesso f\u00e1cil a financiamento para empreender\" class=\"wp-image-125201\" srcset=\"https:\/\/www.em.com.br\/emfoco\/wp-content\/uploads\/2025\/11\/empreendedora_1761374992371-1024x576.jpg 1024w, https:\/\/www.em.com.br\/emfoco\/wp-content\/uploads\/2025\/11\/empreendedora_1761374992371-300x169.jpg 300w, https:\/\/www.em.com.br\/emfoco\/wp-content\/uploads\/2025\/11\/empreendedora_1761374992371-768x432.jpg 768w, https:\/\/www.em.com.br\/emfoco\/wp-content\/uploads\/2025\/11\/empreendedora_1761374992371-750x422.jpg 750w, https:\/\/www.em.com.br\/emfoco\/wp-content\/uploads\/2025\/11\/empreendedora_1761374992371-1140x641.jpg 1140w, https:\/\/www.em.com.br\/emfoco\/wp-content\/uploads\/2025\/11\/empreendedora_1761374992371.jpg 1280w\" sizes=\"auto, (max-width: 1024px) 100vw, 1024px\" \/><figcaption class=\"wp-element-caption\">Bloqueio financeiro explicado com passos simples para proteger seu dinheiro &#8211; Cr\u00e9ditos: depositphotos.com \/ HayDmitriy<\/figcaption><\/figure><\/div>\n\n\n<p>N\u00e3o atualizar as informa\u00e7\u00f5es pode resultar na suspens\u00e3o do benef\u00edcio, por isso \u00e9 importante ficar atento aos prazos e avisos recebidos pelo aplicativo ou pelos \u00f3rg\u00e3os oficiais.<\/p>\n\n\n\n<h2 class=\"wp-block-heading\">Como \u00e9 calculado o valor do benef\u00edcio?<\/h2>\n\n\n\n<p>O valor do <strong>Bolsa Fam\u00edlia<\/strong> varia conforme o n\u00famero de membros na fam\u00edlia e as caracter\u00edsticas de cada um, como idade, presen\u00e7a de crian\u00e7as, gestantes ou lactantes, e a renda total declarada no cadastro.<\/p>\n\n\n\n<p>\u00c9 importante entender a forma como o benef\u00edcio \u00e9 calculado, pois podem ser inclu\u00eddos adicionais conforme o perfil de cada fam\u00edlia, aumentando ou reduzindo o valor final. Al\u00e9m disso, fam\u00edlias em situa\u00e7\u00e3o de extrema vulnerabilidade podem contar com benef\u00edcios complementares, de acordo com as pol\u00edticas sociais vigentes.<\/p>\n\n\n\n<p>Leia mais: <a href=\"https:\/\/www.em.com.br\/emfoco\/2025\/11\/15\/separe-4-documentos-e-garanta-o-dinheiro-do-bolsa-familia-hoje\/\" target=\"_blank\" rel=\"noreferrer noopener\">Separe 4 documentos e garanta o dinheiro do Bolsa Fam\u00edlia hoje<\/a><\/p>\n\n\n\n<h2 class=\"wp-block-heading\">Quais condicionalidades devo cumprir?<\/h2>\n\n\n\n<p>O cumprimento das condicionalidades \u00e9 obrigat\u00f3rio para continuar recebendo o <strong>Bolsa Fam\u00edlia<\/strong>. Elas abrangem \u00e1reas essenciais, como frequ\u00eancia escolar e regulariza\u00e7\u00e3o das vacina\u00e7\u00f5es.<\/p>\n\n\n\n<p>Confira as condicionalidades mais importantes para que sua fam\u00edlia continue inserida no programa:<\/p>\n\n\n\n<ul class=\"wp-block-list\">\n<li>Garantir frequ\u00eancia escolar m\u00ednima de crian\u00e7as e adolescentes<\/li>\n\n\n\n<li>Manter a carteira de vacina\u00e7\u00e3o das crian\u00e7as atualizada<\/li>\n\n\n\n<li>Acompanhar o pr\u00e9-natal de gestantes<\/li>\n\n\n\n<li>Participar de a\u00e7\u00f5es de sa\u00fade indicadas pela assist\u00eancia social<\/li>\n<\/ul>\n\n\n\n<h2 class=\"wp-block-heading\">Como descobrir as datas de pagamento?<\/h2>\n\n\n\n<p>O calend\u00e1rio anual de pagamentos do <strong>Bolsa Fam\u00edlia<\/strong> utiliza o \u00faltimo d\u00edgito do <strong>NIS <\/strong>para organizar as datas em que o valor estar\u00e1 dispon\u00edvel para cada fam\u00edlia.<\/p>\n\n\n\n<p>Recomendamos que cada benefici\u00e1rio consulte o calend\u00e1rio oficial para n\u00e3o perder a data de recebimento, pois os valores n\u00e3o s\u00e3o depositados para todos no mesmo dia. O calend\u00e1rio atual pode ser acessado pelo aplicativo oficial ou no site do <strong><a href=\"https:\/\/www.gov.br\/mds\/pt-br\" target=\"_blank\" rel=\"noreferrer noopener\">Minist\u00e9rio do Desenvolvimento Social<\/a><\/strong>.<\/p>\n\n\n\n<h2 class=\"wp-block-heading\">Como evitar bloqueios no Bolsa Fam\u00edlia?<\/h2>\n\n\n<div class=\"wp-block-image\">\n<figure class=\"aligncenter size-large\"><img loading=\"lazy\" decoding=\"async\" width=\"1024\" height=\"576\" src=\"https:\/\/www.em.com.br\/emfoco\/wp-content\/uploads\/2025\/06\/bolsa-familia_1748976725057-1024x576.jpg\" alt=\"Bolsa fam\u00edlia come\u00e7a a ser pago na pr\u00f3xima semana para todos os NIS\" class=\"wp-image-54998\" srcset=\"https:\/\/www.em.com.br\/emfoco\/wp-content\/uploads\/2025\/06\/bolsa-familia_1748976725057-1024x576.jpg 1024w, https:\/\/www.em.com.br\/emfoco\/wp-content\/uploads\/2025\/06\/bolsa-familia_1748976725057-300x169.jpg 300w, https:\/\/www.em.com.br\/emfoco\/wp-content\/uploads\/2025\/06\/bolsa-familia_1748976725057-768x432.jpg 768w, https:\/\/www.em.com.br\/emfoco\/wp-content\/uploads\/2025\/06\/bolsa-familia_1748976725057-750x422.jpg 750w, https:\/\/www.em.com.br\/emfoco\/wp-content\/uploads\/2025\/06\/bolsa-familia_1748976725057-1140x641.jpg 1140w, https:\/\/www.em.com.br\/emfoco\/wp-content\/uploads\/2025\/06\/bolsa-familia_1748976725057.jpg 1280w\" sizes=\"auto, (max-width: 1024px) 100vw, 1024px\" \/><figcaption class=\"wp-element-caption\">Bloqueio financeiro explicado com passos simples para proteger seu dinheiro &#8211; Cr\u00e9ditos: depositphotos.com \/ serezniy<\/figcaption><\/figure><\/div>\n\n\n<p>Para evitar bloqueios, \u00e9 indispens\u00e1vel manter o cadastro em dia e cumprir com todas as exig\u00eancias do programa. O descumprimento pode fazer o benef\u00edcio ser suspenso temporariamente ou at\u00e9 mesmo cancelado.<\/p>\n\n\n\n<p>Se acontecer algum bloqueio, dirija-se rapidamente ao <strong>CRAS <\/strong>do seu munic\u00edpio para regularizar a situa\u00e7\u00e3o e receber orienta\u00e7\u00f5es espec\u00edficas sobre a sua fam\u00edlia.<\/p>\n\n\n\n<p>Leia mais: <a href=\"https:\/\/www.em.com.br\/emfoco\/2025\/11\/16\/saiba-como-o-bolsa-familia-te-da-os-r-150-a-mais-na-parcela\/\" target=\"_blank\" rel=\"noreferrer noopener\">Saiba como o Bolsa Fam\u00edlia te d\u00e1 os R$ 150 a mais na parcela<\/a><\/p>\n\n\n\n<h2 class=\"wp-block-heading\">Como entender avisos no aplicativo oficial?<\/h2>\n\n\n\n<p>O aplicativo do <strong>Bolsa Fam\u00edlia<\/strong> vem facilitando o controle e a informa\u00e7\u00e3o do programa, permitindo que os benefici\u00e1rios acompanhem pagamentos e recebam avisos importantes.<\/p>\n\n\n\n<p>As notifica\u00e7\u00f5es podem alertar sobre atualiza\u00e7\u00f5es necess\u00e1rias, poss\u00edveis bloqueios e pend\u00eancias, por isso \u00e9 fundamental interpretar corretamente as mensagens recebidas para tomar as provid\u00eancias certas.<\/p>\n\n\n\n<p>Ao entender todos esses pontos, desde a inscri\u00e7\u00e3o at\u00e9 a gest\u00e3o cotidiana do benef\u00edcio, as fam\u00edlias podem aproveitar de forma segura e cont\u00ednua o suporte ofertado pelo <strong>Bolsa Fam\u00edlia<\/strong>, promovendo uma melhor qualidade de vida e acesso a direitos sociais essenciais.<\/p>\n","protected":false},"excerpt":{"rendered":"<p>O Bolsa Fam\u00edlia, considerado um dos principais programas sociais do Brasil, oferece apoio financeiro para fam\u00edlias em situa\u00e7\u00e3o de pobreza e extrema pobreza, mas muitos benefici\u00e1rios ainda encontram dificuldades para compreender todos os passos necess\u00e1rios para garantir o acesso e a manuten\u00e7\u00e3o desse aux\u00edlio essencial. Como se inscrever no Bolsa Fam\u00edlia? Para participar do Bolsa [&hellip;]<\/p>\n","protected":false},"author":20,"featured_media":90629,"comment_status":"open","ping_status":"open","sticky":false,"template":"","format":"standard","meta":{"jnews-multi-image_gallery":[],"jnews_single_post":{"format":"standard"},"jnews_primary_category":[],"jnews_social_meta":[],"jnews_override_counter":[],"footnotes":""},"categories":[28,1],"tags":[209,345,658],"class_list":["post-128564","post","type-post","status-publish","format-standard","has-post-thumbnail","hentry","category-economia","category-noticias","tag-bolsa-familia","tag-nis","tag-pagamentos"],"yoast_head":"<!-- This site is optimized with the Yoast SEO plugin v23.8 - https:\/\/yoast.com\/wordpress\/plugins\/seo\/ -->\n<title>Erro comum que suspende o Bolsa Fam\u00edlia e saiba os passos para n\u00e3o perder o seu dinheiro - Estado de Minas - Em foco<\/title>\n<meta name=\"description\" content=\"Entenda o bloqueio e aprenda cinco passos decisivos para proteger seu dinheiro de perdas e garantir seguran\u00e7a financeira.\" \/>\n<meta name=\"robots\" content=\"index, follow, max-snippet:-1, max-image-preview:large, max-video-preview:-1\" \/>\n<link rel=\"canonical\" href=\"https:\/\/www.em.com.br\/emfoco\/2025\/11\/18\/entenda-o-bloqueio-e-saiba-5-passos-para-nao-perder-o-seu-dinheiro\/\" \/>\n<meta property=\"og:locale\" content=\"pt_BR\" \/>\n<meta property=\"og:type\" content=\"article\" \/>\n<meta property=\"og:title\" content=\"Erro comum que suspende o Bolsa Fam\u00edlia e saiba os passos para n\u00e3o perder o seu dinheiro - Estado de Minas - Em foco\" \/>\n<meta property=\"og:description\" content=\"Entenda o bloqueio e aprenda cinco passos decisivos para proteger seu dinheiro de perdas e garantir seguran\u00e7a financeira.\" \/>\n<meta property=\"og:url\" content=\"https:\/\/www.em.com.br\/emfoco\/2025\/11\/18\/entenda-o-bloqueio-e-saiba-5-passos-para-nao-perder-o-seu-dinheiro\/\" \/>\n<meta property=\"og:site_name\" content=\"Estado de Minas - Em foco\" \/>\n<meta property=\"article:published_time\" content=\"2025-11-18T14:45:00+00:00\" \/>\n<meta property=\"article:modified_time\" content=\"2025-11-18T02:23:26+00:00\" \/>\n<meta property=\"og:image\" content=\"https:\/\/www.em.com.br\/emfoco\/wp-content\/uploads\/2025\/08\/Reais-dinheiro_1754978571159.jpg\" \/>\n\t<meta property=\"og:image:width\" content=\"1280\" \/>\n\t<meta property=\"og:image:height\" content=\"720\" \/>\n\t<meta property=\"og:image:type\" content=\"image\/jpeg\" \/>\n<meta name=\"author\" content=\"Ingrid Diniz\" \/>\n<meta name=\"twitter:card\" content=\"summary_large_image\" \/>\n<meta name=\"twitter:label1\" content=\"Escrito por\" \/>\n\t<meta name=\"twitter:data1\" content=\"Ingrid Diniz\" \/>\n\t<meta name=\"twitter:label2\" content=\"Est. tempo de leitura\" \/>\n\t<meta name=\"twitter:data2\" content=\"5 minutos\" \/>\n<!-- \/ Yoast SEO plugin. -->","yoast_head_json":{"title":"Erro comum que suspende o Bolsa Fam\u00edlia e saiba os passos para n\u00e3o perder o seu dinheiro - Estado de Minas - Em foco","description":"Entenda o bloqueio e aprenda cinco passos decisivos para proteger seu dinheiro de perdas e garantir seguran\u00e7a financeira.","robots":{"index":"index","follow":"follow","max-snippet":"max-snippet:-1","max-image-preview":"max-image-preview:large","max-video-preview":"max-video-preview:-1"},"canonical":"https:\/\/www.em.com.br\/emfoco\/2025\/11\/18\/entenda-o-bloqueio-e-saiba-5-passos-para-nao-perder-o-seu-dinheiro\/","og_locale":"pt_BR","og_type":"article","og_title":"Erro comum que suspende o Bolsa Fam\u00edlia e saiba os passos para n\u00e3o perder o seu dinheiro - Estado de Minas - Em foco","og_description":"Entenda o bloqueio e aprenda cinco passos decisivos para proteger seu dinheiro de perdas e garantir seguran\u00e7a financeira.","og_url":"https:\/\/www.em.com.br\/emfoco\/2025\/11\/18\/entenda-o-bloqueio-e-saiba-5-passos-para-nao-perder-o-seu-dinheiro\/","og_site_name":"Estado de Minas - Em foco","article_published_time":"2025-11-18T14:45:00+00:00","article_modified_time":"2025-11-18T02:23:26+00:00","og_image":[{"width":1280,"height":720,"url":"https:\/\/www.em.com.br\/emfoco\/wp-content\/uploads\/2025\/08\/Reais-dinheiro_1754978571159.jpg","type":"image\/jpeg"}],"author":"Ingrid Diniz","twitter_card":"summary_large_image","twitter_misc":{"Escrito por":"Ingrid Diniz","Est. tempo de leitura":"5 minutos"},"schema":{"@context":"https:\/\/schema.org","@graph":[{"@type":"WebPage","@id":"https:\/\/www.em.com.br\/emfoco\/2025\/11\/18\/entenda-o-bloqueio-e-saiba-5-passos-para-nao-perder-o-seu-dinheiro\/","url":"https:\/\/www.em.com.br\/emfoco\/2025\/11\/18\/entenda-o-bloqueio-e-saiba-5-passos-para-nao-perder-o-seu-dinheiro\/","name":"Erro comum que suspende o Bolsa Fam\u00edlia e saiba os passos para n\u00e3o perder o seu dinheiro - Estado de Minas - Em foco","isPartOf":{"@id":"https:\/\/www.em.com.br\/emfoco\/#website"},"primaryImageOfPage":{"@id":"https:\/\/www.em.com.br\/emfoco\/2025\/11\/18\/entenda-o-bloqueio-e-saiba-5-passos-para-nao-perder-o-seu-dinheiro\/#primaryimage"},"image":{"@id":"https:\/\/www.em.com.br\/emfoco\/2025\/11\/18\/entenda-o-bloqueio-e-saiba-5-passos-para-nao-perder-o-seu-dinheiro\/#primaryimage"},"thumbnailUrl":"https:\/\/www.em.com.br\/emfoco\/wp-content\/uploads\/2025\/08\/Reais-dinheiro_1754978571159.jpg","datePublished":"2025-11-18T14:45:00+00:00","dateModified":"2025-11-18T02:23:26+00:00","author":{"@id":"https:\/\/www.em.com.br\/emfoco\/#\/schema\/person\/649e610b4eb8fff87ff394e54fe17b2b"},"description":"Entenda o bloqueio e aprenda cinco passos decisivos para proteger seu dinheiro de perdas e garantir seguran\u00e7a financeira.","breadcrumb":{"@id":"https:\/\/www.em.com.br\/emfoco\/2025\/11\/18\/entenda-o-bloqueio-e-saiba-5-passos-para-nao-perder-o-seu-dinheiro\/#breadcrumb"},"inLanguage":"pt-BR","potentialAction":[{"@type":"ReadAction","target":["https:\/\/www.em.com.br\/emfoco\/2025\/11\/18\/entenda-o-bloqueio-e-saiba-5-passos-para-nao-perder-o-seu-dinheiro\/"]}]},{"@type":"ImageObject","inLanguage":"pt-BR","@id":"https:\/\/www.em.com.br\/emfoco\/2025\/11\/18\/entenda-o-bloqueio-e-saiba-5-passos-para-nao-perder-o-seu-dinheiro\/#primaryimage","url":"https:\/\/www.em.com.br\/emfoco\/wp-content\/uploads\/2025\/08\/Reais-dinheiro_1754978571159.jpg","contentUrl":"https:\/\/www.em.com.br\/emfoco\/wp-content\/uploads\/2025\/08\/Reais-dinheiro_1754978571159.jpg","width":1280,"height":720,"caption":"Identidade como base das mudan\u00e7as em 2026 - Cr\u00e9ditos: depositphotos.com \/ Krakenimages.com"},{"@type":"BreadcrumbList","@id":"https:\/\/www.em.com.br\/emfoco\/2025\/11\/18\/entenda-o-bloqueio-e-saiba-5-passos-para-nao-perder-o-seu-dinheiro\/#breadcrumb","itemListElement":[{"@type":"ListItem","position":1,"name":"In\u00edcio","item":"https:\/\/www.em.com.br\/emfoco\/"},{"@type":"ListItem","position":2,"name":"Erro comum que suspende o Bolsa Fam\u00edlia e saiba os passos para n\u00e3o perder o seu dinheiro"}]},{"@type":"WebSite","@id":"https:\/\/www.em.com.br\/emfoco\/#website","url":"https:\/\/www.em.com.br\/emfoco\/","name":"Estado de Minas - Em foco","description":"Acompanhe as \u00faltimas not\u00edcias e fique bem informado sobre tudo o que acontece em Minas Gerais, Brasil e no mundo.","potentialAction":[{"@type":"SearchAction","target":{"@type":"EntryPoint","urlTemplate":"https:\/\/www.em.com.br\/emfoco\/?s={search_term_string}"},"query-input":{"@type":"PropertyValueSpecification","valueRequired":true,"valueName":"search_term_string"}}],"inLanguage":"pt-BR"},{"@type":"Person","@id":"https:\/\/www.em.com.br\/emfoco\/#\/schema\/person\/649e610b4eb8fff87ff394e54fe17b2b","name":"Ingrid Diniz","image":{"@type":"ImageObject","inLanguage":"pt-BR","@id":"https:\/\/www.em.com.br\/emfoco\/#\/schema\/person\/image\/","url":"https:\/\/secure.gravatar.com\/avatar\/a3baa1449ec5c39b4c42babc9d4f3951?s=96&d=mm&r=g","contentUrl":"https:\/\/secure.gravatar.com\/avatar\/a3baa1449ec5c39b4c42babc9d4f3951?s=96&d=mm&r=g","caption":"Ingrid Diniz"},"sameAs":["https:\/\/www.em.com.br\/"],"url":"https:\/\/www.em.com.br\/emfoco\/author\/ingridmyth\/"}]}},"_links":{"self":[{"href":"https:\/\/www.em.com.br\/emfoco\/wp-json\/wp\/v2\/posts\/128564","targetHints":{"allow":["GET"]}}],"collection":[{"href":"https:\/\/www.em.com.br\/emfoco\/wp-json\/wp\/v2\/posts"}],"about":[{"href":"https:\/\/www.em.com.br\/emfoco\/wp-json\/wp\/v2\/types\/post"}],"author":[{"embeddable":true,"href":"https:\/\/www.em.com.br\/emfoco\/wp-json\/wp\/v2\/users\/20"}],"replies":[{"embeddable":true,"href":"https:\/\/www.em.com.br\/emfoco\/wp-json\/wp\/v2\/comments?post=128564"}],"version-history":[{"count":3,"href":"https:\/\/www.em.com.br\/emfoco\/wp-json\/wp\/v2\/posts\/128564\/revisions"}],"predecessor-version":[{"id":128911,"href":"https:\/\/www.em.com.br\/emfoco\/wp-json\/wp\/v2\/posts\/128564\/revisions\/128911"}],"wp:featuredmedia":[{"embeddable":true,"href":"https:\/\/www.em.com.br\/emfoco\/wp-json\/wp\/v2\/media\/90629"}],"wp:attachment":[{"href":"https:\/\/www.em.com.br\/emfoco\/wp-json\/wp\/v2\/media?parent=128564"}],"wp:term":[{"taxonomy":"category","embeddable":true,"href":"https:\/\/www.em.com.br\/emfoco\/wp-json\/wp\/v2\/categories?post=128564"},{"taxonomy":"post_tag","embeddable":true,"href":"https:\/\/www.em.com.br\/emfoco\/wp-json\/wp\/v2\/tags?post=128564"}],"curies":[{"name":"wp","href":"https:\/\/api.w.org\/{rel}","templated":true}]}}