{"id":128491,"date":"2025-11-18T16:45:00","date_gmt":"2025-11-18T19:45:00","guid":{"rendered":"https:\/\/www.em.com.br\/emfoco\/?p=128491"},"modified":"2025-11-17T15:10:24","modified_gmt":"2025-11-17T18:10:24","slug":"diga-adeus-as-meias-desarrumadas-com-a-invencao-que-virou-queridinha-nas-casas-modernas","status":"publish","type":"post","link":"https:\/\/www.em.com.br\/emfoco\/2025\/11\/18\/diga-adeus-as-meias-desarrumadas-com-a-invencao-que-virou-queridinha-nas-casas-modernas\/","title":{"rendered":"Diga adeus \u00e0s meias desarrumadas com a inven\u00e7\u00e3o que virou queridinha nas casas modernas"},"content":{"rendered":"\n<p>No cotidiano das resid\u00eancias, a desordem dos pares de meias nos arm\u00e1rios \u00e9 um problema comum que afeta tanto a organiza\u00e7\u00e3o quanto a est\u00e9tica e funcionalidade dos quartos. Essa situa\u00e7\u00e3o, frequente em muitos lares, levou ao desenvolvimento do&nbsp;<strong>organizador vertical para meias<\/strong>, solu\u00e7\u00e3o inovadora que conserva os pares vis\u00edveis e ordenados sem ocupar espa\u00e7o extra.<\/p>\n\n\n\n<h2 class=\"wp-block-heading\">Como funciona o organizador vertical para meias?<\/h2>\n\n\n\n<p>Esse sistema inovador \u00e9 formado por pequenos compartimentos ou bolsos individuais, permitindo separar as meias por tamanho, cor ou frequ\u00eancia de uso. Os organizadores podem ser fixados atr\u00e1s de portas, dentro de <a href=\"https:\/\/www.em.com.br\/emfoco\/2025\/09\/11\/dicas-para-evitar-mofo-em-armarios-e-gavetas-em-casa\/\" target=\"_blank\" rel=\"noreferrer noopener\">arm\u00e1rios<\/a>, na lavanderia ou at\u00e9 mesmo no interior de gavetas.<\/p>\n\n\n\n<figure class=\"wp-block-image size-large\"><img loading=\"lazy\" decoding=\"async\" width=\"1024\" height=\"576\" src=\"https:\/\/www.em.com.br\/emfoco\/wp-content\/uploads\/2025\/11\/meias_1763405227829-1024x576.jpg\" alt=\"\" class=\"wp-image-128659\" srcset=\"https:\/\/www.em.com.br\/emfoco\/wp-content\/uploads\/2025\/11\/meias_1763405227829-1024x576.jpg 1024w, https:\/\/www.em.com.br\/emfoco\/wp-content\/uploads\/2025\/11\/meias_1763405227829-300x169.jpg 300w, https:\/\/www.em.com.br\/emfoco\/wp-content\/uploads\/2025\/11\/meias_1763405227829-768x432.jpg 768w, https:\/\/www.em.com.br\/emfoco\/wp-content\/uploads\/2025\/11\/meias_1763405227829-750x422.jpg 750w, https:\/\/www.em.com.br\/emfoco\/wp-content\/uploads\/2025\/11\/meias_1763405227829-1140x641.jpg 1140w, https:\/\/www.em.com.br\/emfoco\/wp-content\/uploads\/2025\/11\/meias_1763405227829.jpg 1280w\" sizes=\"auto, (max-width: 1024px) 100vw, 1024px\" \/><figcaption class=\"wp-element-caption\">Organizador vertical vira solu\u00e7\u00e3o pr\u00e1tica para meias &#8211; Cr\u00e9ditos: depositphotos.com \/ ruzanna<\/figcaption><\/figure>\n\n\n\n<p>Muitos modelos, flex\u00edveis e expans\u00edveis, adaptam-se facilmente a espa\u00e7os compactos, como apartamentos pequenos ou arm\u00e1rios sem prateleiras, sendo pr\u00e1ticos para variados ambientes.<\/p>\n\n\n\n<h2 class=\"wp-block-heading\">Quais vantagens o organizador vertical para meias oferece?<\/h2>\n\n\n\n<p>O design minimalista e o uso de materiais como <a href=\"https:\/\/www.enroladotecidos.com.br\/oxford?srsltid=AfmBOoofpDQshHBJqcRW8WhaudZt4c3yC-c_2T5wQ0ok8tgtajgoXcPa\" target=\"_blank\" rel=\"noreferrer noopener\">tecido oxford<\/a>, acr\u00edlico ou feltro d\u00e3o ao organizador funcionalidade aliada ao aspecto decorativo. Diferente das caixas ou cestos tradicionais, esses organizadores permitem uma vis\u00e3o completa das pe\u00e7as, facilitando a identifica\u00e7\u00e3o dos pares e reduzindo a bagun\u00e7a visual.<\/p>\n\n\n\n<p>Al\u00e9m disso, para tornar o uso ainda mais pr\u00e1tico, muitos modelos apresentam fun\u00e7\u00f5es extras que otimizam o armazenamento. Veja algumas dessas vantagens:<\/p>\n\n\n\n<ul class=\"wp-block-list\">\n<li>Op\u00e7\u00f5es com etiquetas, z\u00edperes ou bolsos transparentes;<\/li>\n\n\n\n<li>Facilidade na hora de localizar e combinar pares;<\/li>\n\n\n\n<li>Organiza\u00e7\u00e3o que economiza espa\u00e7o nas gavetas.<\/li>\n<\/ul>\n\n\n\n<figure class=\"wp-block-image size-large\"><img loading=\"lazy\" decoding=\"async\" width=\"1024\" height=\"576\" src=\"https:\/\/www.em.com.br\/emfoco\/wp-content\/uploads\/2025\/11\/Gemini_Generated_Image_k80bs1k80bs1k80b-1-1024x576.png\" alt=\"\" class=\"wp-image-128663\" srcset=\"https:\/\/www.em.com.br\/emfoco\/wp-content\/uploads\/2025\/11\/Gemini_Generated_Image_k80bs1k80bs1k80b-1-1024x576.png 1024w, https:\/\/www.em.com.br\/emfoco\/wp-content\/uploads\/2025\/11\/Gemini_Generated_Image_k80bs1k80bs1k80b-1-300x169.png 300w, https:\/\/www.em.com.br\/emfoco\/wp-content\/uploads\/2025\/11\/Gemini_Generated_Image_k80bs1k80bs1k80b-1-768x432.png 768w, https:\/\/www.em.com.br\/emfoco\/wp-content\/uploads\/2025\/11\/Gemini_Generated_Image_k80bs1k80bs1k80b-1-750x422.png 750w, https:\/\/www.em.com.br\/emfoco\/wp-content\/uploads\/2025\/11\/Gemini_Generated_Image_k80bs1k80bs1k80b-1-1140x641.png 1140w, https:\/\/www.em.com.br\/emfoco\/wp-content\/uploads\/2025\/11\/Gemini_Generated_Image_k80bs1k80bs1k80b-1.png 1280w\" sizes=\"auto, (max-width: 1024px) 100vw, 1024px\" \/><figcaption class=\"wp-element-caption\">O detalhe que muda tudo na hora de arrumar meias<\/figcaption><\/figure>\n\n\n\n<h2 class=\"wp-block-heading\">Por que o organizador vertical para meias est\u00e1 em alta nas resid\u00eancias?<\/h2>\n\n\n\n<p>A crescente popularidade desses organizadores \u00e9 resultado da busca por solu\u00e7\u00f5es que unam efici\u00eancia e otimiza\u00e7\u00e3o do espa\u00e7o. Isso faz deste item um aliado fundamental na rotina dom\u00e9stica moderna.<\/p>\n\n\n\n<p>Al\u00e9m da praticidade, o produto tamb\u00e9m agrada quem valoriza a est\u00e9tica organizada, proporcionando limpeza visual e versatilidade de uso para outros acess\u00f3rios al\u00e9m das meias.<\/p>\n\n\n\n<h2 class=\"wp-block-heading\">Como o organizador vertical impacta o cotidiano das fam\u00edlias?<\/h2>\n\n\n\n<p>Esses organizadores s\u00e3o parte de uma tend\u00eancia recomendada por especialistas, pois manter um ambiente organizado afeta significativamente o bem-estar das pessoas. A ordem no vestu\u00e1rio e nos acess\u00f3rios promove praticidade e facilita o dia a dia.<\/p>\n\n\n\n<p>\u00c0 medida que os lares se tornam mais compactos, cresce a necessidade de solu\u00e7\u00f5es vers\u00e1teis e pr\u00e1ticas. O organizador vertical, encontrado em lojas online como&nbsp;<strong>Amazon<\/strong>, contribui diretamente para um cotidiano mais eficiente e agrad\u00e1vel, tornando o gerenciamento das tarefas dom\u00e9sticas muito mais simples.<\/p>\n\n\n\n<p><\/p>\n","protected":false},"excerpt":{"rendered":"<p>No cotidiano das resid\u00eancias, a desordem dos pares de meias nos arm\u00e1rios \u00e9 um problema comum que afeta tanto a organiza\u00e7\u00e3o quanto a est\u00e9tica e funcionalidade dos quartos. Essa situa\u00e7\u00e3o, frequente em muitos lares, levou ao desenvolvimento do&nbsp;organizador vertical para meias, solu\u00e7\u00e3o inovadora que conserva os pares vis\u00edveis e ordenados sem ocupar espa\u00e7o extra. Como [&hellip;]<\/p>\n","protected":false},"author":11,"featured_media":128661,"comment_status":"open","ping_status":"open","sticky":false,"template":"","format":"standard","meta":{"jnews-multi-image_gallery":[],"jnews_single_post":{"format":"standard"},"jnews_primary_category":[],"jnews_social_meta":[],"jnews_override_counter":[],"footnotes":""},"categories":[8819,1],"tags":[14677,12880,4478],"class_list":["post-128491","post","type-post","status-publish","format-standard","has-post-thumbnail","hentry","category-curiosidades","category-noticias","tag-armario","tag-meias","tag-organizacao"],"yoast_head":"<!-- This site is optimized with the Yoast SEO plugin v23.8 - https:\/\/yoast.com\/wordpress\/plugins\/seo\/ -->\n<title>Diga adeus \u00e0s meias desarrumadas com a inven\u00e7\u00e3o que virou queridinha nas casas modernas - Estado de Minas - Em foco<\/title>\n<meta name=\"description\" content=\"O organizador vertical facilita a rotina ao manter pares de meias vis\u00edveis, economizando espa\u00e7o e trazendo mais ordem para quartos e arm\u00e1rios.\" \/>\n<meta name=\"robots\" content=\"index, follow, max-snippet:-1, max-image-preview:large, max-video-preview:-1\" \/>\n<link rel=\"canonical\" href=\"https:\/\/www.em.com.br\/emfoco\/2025\/11\/18\/diga-adeus-as-meias-desarrumadas-com-a-invencao-que-virou-queridinha-nas-casas-modernas\/\" \/>\n<meta property=\"og:locale\" content=\"pt_BR\" \/>\n<meta property=\"og:type\" content=\"article\" \/>\n<meta property=\"og:title\" content=\"Diga adeus \u00e0s meias desarrumadas com a inven\u00e7\u00e3o que virou queridinha nas casas modernas - Estado de Minas - Em foco\" \/>\n<meta property=\"og:description\" content=\"O organizador vertical facilita a rotina ao manter pares de meias vis\u00edveis, economizando espa\u00e7o e trazendo mais ordem para quartos e arm\u00e1rios.\" \/>\n<meta property=\"og:url\" content=\"https:\/\/www.em.com.br\/emfoco\/2025\/11\/18\/diga-adeus-as-meias-desarrumadas-com-a-invencao-que-virou-queridinha-nas-casas-modernas\/\" \/>\n<meta property=\"og:site_name\" content=\"Estado de Minas - Em foco\" \/>\n<meta property=\"article:published_time\" content=\"2025-11-18T19:45:00+00:00\" \/>\n<meta property=\"article:modified_time\" content=\"2025-11-17T18:10:24+00:00\" \/>\n<meta property=\"og:image\" content=\"https:\/\/www.em.com.br\/emfoco\/wp-content\/uploads\/2025\/11\/mosaico_1763405391243.jpg\" \/>\n\t<meta property=\"og:image:width\" content=\"1280\" \/>\n\t<meta property=\"og:image:height\" content=\"720\" \/>\n\t<meta property=\"og:image:type\" content=\"image\/jpeg\" \/>\n<meta name=\"author\" content=\"Andre\u0301 Rangel\u00a0\" \/>\n<meta name=\"twitter:card\" content=\"summary_large_image\" \/>\n<meta name=\"twitter:label1\" content=\"Escrito por\" \/>\n\t<meta name=\"twitter:data1\" content=\"Andre\u0301 Rangel\u00a0\" \/>\n\t<meta name=\"twitter:label2\" content=\"Est. tempo de leitura\" \/>\n\t<meta name=\"twitter:data2\" content=\"3 minutos\" \/>\n<!-- \/ Yoast SEO plugin. -->","yoast_head_json":{"title":"Diga adeus \u00e0s meias desarrumadas com a inven\u00e7\u00e3o que virou queridinha nas casas modernas - Estado de Minas - Em foco","description":"O organizador vertical facilita a rotina ao manter pares de meias vis\u00edveis, economizando espa\u00e7o e trazendo mais ordem para quartos e arm\u00e1rios.","robots":{"index":"index","follow":"follow","max-snippet":"max-snippet:-1","max-image-preview":"max-image-preview:large","max-video-preview":"max-video-preview:-1"},"canonical":"https:\/\/www.em.com.br\/emfoco\/2025\/11\/18\/diga-adeus-as-meias-desarrumadas-com-a-invencao-que-virou-queridinha-nas-casas-modernas\/","og_locale":"pt_BR","og_type":"article","og_title":"Diga adeus \u00e0s meias desarrumadas com a inven\u00e7\u00e3o que virou queridinha nas casas modernas - Estado de Minas - Em foco","og_description":"O organizador vertical facilita a rotina ao manter pares de meias vis\u00edveis, economizando espa\u00e7o e trazendo mais ordem para quartos e arm\u00e1rios.","og_url":"https:\/\/www.em.com.br\/emfoco\/2025\/11\/18\/diga-adeus-as-meias-desarrumadas-com-a-invencao-que-virou-queridinha-nas-casas-modernas\/","og_site_name":"Estado de Minas - Em foco","article_published_time":"2025-11-18T19:45:00+00:00","article_modified_time":"2025-11-17T18:10:24+00:00","og_image":[{"width":1280,"height":720,"url":"https:\/\/www.em.com.br\/emfoco\/wp-content\/uploads\/2025\/11\/mosaico_1763405391243.jpg","type":"image\/jpeg"}],"author":"Andre\u0301 Rangel\u00a0","twitter_card":"summary_large_image","twitter_misc":{"Escrito por":"Andre\u0301 Rangel\u00a0","Est. tempo de leitura":"3 minutos"},"schema":{"@context":"https:\/\/schema.org","@graph":[{"@type":"WebPage","@id":"https:\/\/www.em.com.br\/emfoco\/2025\/11\/18\/diga-adeus-as-meias-desarrumadas-com-a-invencao-que-virou-queridinha-nas-casas-modernas\/","url":"https:\/\/www.em.com.br\/emfoco\/2025\/11\/18\/diga-adeus-as-meias-desarrumadas-com-a-invencao-que-virou-queridinha-nas-casas-modernas\/","name":"Diga adeus \u00e0s meias desarrumadas com a inven\u00e7\u00e3o que virou queridinha nas casas modernas - Estado de Minas - Em foco","isPartOf":{"@id":"https:\/\/www.em.com.br\/emfoco\/#website"},"primaryImageOfPage":{"@id":"https:\/\/www.em.com.br\/emfoco\/2025\/11\/18\/diga-adeus-as-meias-desarrumadas-com-a-invencao-que-virou-queridinha-nas-casas-modernas\/#primaryimage"},"image":{"@id":"https:\/\/www.em.com.br\/emfoco\/2025\/11\/18\/diga-adeus-as-meias-desarrumadas-com-a-invencao-que-virou-queridinha-nas-casas-modernas\/#primaryimage"},"thumbnailUrl":"https:\/\/www.em.com.br\/emfoco\/wp-content\/uploads\/2025\/11\/mosaico_1763405391243.jpg","datePublished":"2025-11-18T19:45:00+00:00","dateModified":"2025-11-17T18:10:24+00:00","author":{"@id":"https:\/\/www.em.com.br\/emfoco\/#\/schema\/person\/60eda09c1fedf0d6891f4cef4b60b8b8"},"description":"O organizador vertical facilita a rotina ao manter pares de meias vis\u00edveis, economizando espa\u00e7o e trazendo mais ordem para quartos e arm\u00e1rios.","breadcrumb":{"@id":"https:\/\/www.em.com.br\/emfoco\/2025\/11\/18\/diga-adeus-as-meias-desarrumadas-com-a-invencao-que-virou-queridinha-nas-casas-modernas\/#breadcrumb"},"inLanguage":"pt-BR","potentialAction":[{"@type":"ReadAction","target":["https:\/\/www.em.com.br\/emfoco\/2025\/11\/18\/diga-adeus-as-meias-desarrumadas-com-a-invencao-que-virou-queridinha-nas-casas-modernas\/"]}]},{"@type":"ImageObject","inLanguage":"pt-BR","@id":"https:\/\/www.em.com.br\/emfoco\/2025\/11\/18\/diga-adeus-as-meias-desarrumadas-com-a-invencao-que-virou-queridinha-nas-casas-modernas\/#primaryimage","url":"https:\/\/www.em.com.br\/emfoco\/wp-content\/uploads\/2025\/11\/mosaico_1763405391243.jpg","contentUrl":"https:\/\/www.em.com.br\/emfoco\/wp-content\/uploads\/2025\/11\/mosaico_1763405391243.jpg","width":1280,"height":720,"caption":"O item simples que transforma a organiza\u00e7\u00e3o do arm\u00e1rio - Cr\u00e9ditos: depositphotos.com \/ lovunka"},{"@type":"BreadcrumbList","@id":"https:\/\/www.em.com.br\/emfoco\/2025\/11\/18\/diga-adeus-as-meias-desarrumadas-com-a-invencao-que-virou-queridinha-nas-casas-modernas\/#breadcrumb","itemListElement":[{"@type":"ListItem","position":1,"name":"In\u00edcio","item":"https:\/\/www.em.com.br\/emfoco\/"},{"@type":"ListItem","position":2,"name":"Diga adeus \u00e0s meias desarrumadas com a inven\u00e7\u00e3o que virou queridinha nas casas modernas"}]},{"@type":"WebSite","@id":"https:\/\/www.em.com.br\/emfoco\/#website","url":"https:\/\/www.em.com.br\/emfoco\/","name":"Estado de Minas - Em foco","description":"Acompanhe as \u00faltimas not\u00edcias e fique bem informado sobre tudo o que acontece em Minas Gerais, Brasil e no mundo.","potentialAction":[{"@type":"SearchAction","target":{"@type":"EntryPoint","urlTemplate":"https:\/\/www.em.com.br\/emfoco\/?s={search_term_string}"},"query-input":{"@type":"PropertyValueSpecification","valueRequired":true,"valueName":"search_term_string"}}],"inLanguage":"pt-BR"},{"@type":"Person","@id":"https:\/\/www.em.com.br\/emfoco\/#\/schema\/person\/60eda09c1fedf0d6891f4cef4b60b8b8","name":"Andre\u0301 Rangel\u00a0","image":{"@type":"ImageObject","inLanguage":"pt-BR","@id":"https:\/\/www.em.com.br\/emfoco\/#\/schema\/person\/image\/","url":"https:\/\/secure.gravatar.com\/avatar\/6234dc814c77c8ef6d8bba622c787efc?s=96&d=mm&r=g","contentUrl":"https:\/\/secure.gravatar.com\/avatar\/6234dc814c77c8ef6d8bba622c787efc?s=96&d=mm&r=g","caption":"Andre\u0301 Rangel\u00a0"},"url":"https:\/\/www.em.com.br\/emfoco\/author\/luizmyth\/"}]}},"_links":{"self":[{"href":"https:\/\/www.em.com.br\/emfoco\/wp-json\/wp\/v2\/posts\/128491","targetHints":{"allow":["GET"]}}],"collection":[{"href":"https:\/\/www.em.com.br\/emfoco\/wp-json\/wp\/v2\/posts"}],"about":[{"href":"https:\/\/www.em.com.br\/emfoco\/wp-json\/wp\/v2\/types\/post"}],"author":[{"embeddable":true,"href":"https:\/\/www.em.com.br\/emfoco\/wp-json\/wp\/v2\/users\/11"}],"replies":[{"embeddable":true,"href":"https:\/\/www.em.com.br\/emfoco\/wp-json\/wp\/v2\/comments?post=128491"}],"version-history":[{"count":5,"href":"https:\/\/www.em.com.br\/emfoco\/wp-json\/wp\/v2\/posts\/128491\/revisions"}],"predecessor-version":[{"id":128688,"href":"https:\/\/www.em.com.br\/emfoco\/wp-json\/wp\/v2\/posts\/128491\/revisions\/128688"}],"wp:featuredmedia":[{"embeddable":true,"href":"https:\/\/www.em.com.br\/emfoco\/wp-json\/wp\/v2\/media\/128661"}],"wp:attachment":[{"href":"https:\/\/www.em.com.br\/emfoco\/wp-json\/wp\/v2\/media?parent=128491"}],"wp:term":[{"taxonomy":"category","embeddable":true,"href":"https:\/\/www.em.com.br\/emfoco\/wp-json\/wp\/v2\/categories?post=128491"},{"taxonomy":"post_tag","embeddable":true,"href":"https:\/\/www.em.com.br\/emfoco\/wp-json\/wp\/v2\/tags?post=128491"}],"curies":[{"name":"wp","href":"https:\/\/api.w.org\/{rel}","templated":true}]}}