{"id":128482,"date":"2025-11-18T10:05:00","date_gmt":"2025-11-18T13:05:00","guid":{"rendered":"https:\/\/www.em.com.br\/emfoco\/?p=128482"},"modified":"2025-11-17T14:10:28","modified_gmt":"2025-11-17T17:10:28","slug":"rede-de-farmacia-undada-em-1950-enfrenta-um-dos-maiores-desafios-e-esta-a-beira-do-colapso","status":"publish","type":"post","link":"https:\/\/www.em.com.br\/emfoco\/2025\/11\/18\/rede-de-farmacia-undada-em-1950-enfrenta-um-dos-maiores-desafios-e-esta-a-beira-do-colapso\/","title":{"rendered":"Rede de farm\u00e1cia undada em 1950, enfrenta um dos maiores desafios e est\u00e1 \u00e0 beira do colapso"},"content":{"rendered":"\n<p>O setor farmac\u00eautico brasileiro enfrenta adversidades financeiras intensas, destacando-se o caso de uma das redes mais reconhecidas do sul do pa\u00eds, que busca evitar o colapso enquanto se reorganiza em meio a d\u00edvidas milion\u00e1rias e queda no faturamento. Entre as estrat\u00e9gias para evitar a fal\u00eancia, est\u00e1 o recente pedido de recupera\u00e7\u00e3o judicial.<\/p>\n\n\n\n<h2 class=\"wp-block-heading\">Quais fatores explicam a crise da rede de farm\u00e1cias?<\/h2>\n\n\n\n<p>Recentemente, a\u00a0<strong><a href=\"https:\/\/maxxieconomica.com\/\" target=\"_blank\" rel=\"noreferrer noopener\">Maxxi Econ\u00f4mica<\/a><\/strong>, uma rede de farm\u00e1cias sediada em\u00a0<strong>Canoas<\/strong>,\u00a0<strong>Rio Grande do Sul<\/strong>, formalizou seu pedido de recupera\u00e7\u00e3o judicial devido a uma d\u00edvida superior a R$ 71 milh\u00f5es. Os principais credores s\u00e3o bancos, fornecedores e funcion\u00e1rios, evidenciando a gravidade da situa\u00e7\u00e3o.<\/p>\n\n\n\n<p>Entre as causas elencadas est\u00e3o a pandemia, que reduziu significativamente a clientela e aumentou os custos dos produtos farmac\u00eauticos, e as hist\u00f3ricas enchentes de&nbsp;<strong>2024<\/strong>, prejudicando o funcionamento das lojas e o fluxo de caixa.<\/p>\n\n\n\n<figure class=\"wp-block-image\"><img decoding=\"async\" src=\"https:\/\/www.em.com.br\/emfoco\/wp-content\/uploads\/2025\/06\/farmacia-_1749140417351-1024x576.jpg\" alt=\"\"\/><figcaption class=\"wp-element-caption\">Tr\u00eas fatores que jogaram a rede de farm\u00e1cias na crise &#8211; Cr\u00e9ditos: depositphotos.com \/ alfexe<\/figcaption><\/figure>\n\n\n\n<h2 class=\"wp-block-heading\">Como a recupera\u00e7\u00e3o judicial pode ajudar a evitar fal\u00eancia?<\/h2>\n\n\n\n<p>O processo de recupera\u00e7\u00e3o judicial funciona como um instrumento legal para empresas com dificuldades financeiras negociarem com credores a fim de manter-se ativas e evitar a fal\u00eancia. Esse mecanismo proporciona tempo e condi\u00e7\u00f5es para que a empresa reorganize sua gest\u00e3o e honre suas obriga\u00e7\u00f5es.<\/p>\n\n\n\n<p>As principais vantagens dessa medida incluem a possibilidade de melhorar a governan\u00e7a e renegociar pagamentos cr\u00edticos, conforme detalhado na lista a seguir:<\/p>\n\n\n\n<ul class=\"wp-block-list\">\n<li>Negocia\u00e7\u00e3o das d\u00edvidas junto aos credores para aliviar o fluxo financeiro<\/li>\n\n\n\n<li>Reorganiza\u00e7\u00e3o interna com foco na gest\u00e3o financeira<\/li>\n\n\n\n<li>Preserva\u00e7\u00e3o de empregos e continuidade das opera\u00e7\u00f5es<\/li>\n<\/ul>\n\n\n\n<h2 class=\"wp-block-heading\">Como as mudan\u00e7as econ\u00f4micas afetam as farm\u00e1cias f\u00edsicas atualmente?<\/h2>\n\n\n\n<p>Desde sua funda\u00e7\u00e3o em\u00a0<strong>1950<\/strong>, a\u00a0<strong>Maxxi Econ\u00f4mica<\/strong>\u00a0se consolidou como uma das <a href=\"https:\/\/www.em.com.br\/emfoco\/2025\/06\/21\/se-voce-mora-nessas-cidades-pode-ser-afetado-pelo-fechamento-de-mais-de-20-redes-de-farmacias\/\" target=\"_blank\" rel=\"noreferrer noopener\">farm\u00e1cias <\/a>mais respeitadas no\u00a0<strong>Rio Grande do Sul<\/strong>. No auge, contava com cerca de 200 unidades e 1.500 colaboradores.<\/p>\n\n\n\n<p>Hoje, a rede opera aproximadamente 60 lojas e cerca de 620 funcion\u00e1rios, refletindo tanto dificuldades financeiras quanto as mudan\u00e7as no comportamento de consumo e na prefer\u00eancia por canais digitais em detrimento das lojas f\u00edsicas.<\/p>\n\n\n\n<h2 class=\"wp-block-heading\">Quais tend\u00eancias globais influenciam o setor farmac\u00eautico?<\/h2>\n\n\n\n<p>A situa\u00e7\u00e3o da&nbsp;<strong>Maxxi Econ\u00f4mica<\/strong>&nbsp;reflete uma din\u00e2mica mundial. Em diferentes pa\u00edses, como nos&nbsp;<strong>Estados Unidos<\/strong>, grandes redes farmac\u00eauticas tamb\u00e9m revisam suas opera\u00e7\u00f5es frente a desafios similares. Na&nbsp;<strong>China<\/strong>, o modelo tradicional quase desapareceu, sinalizando a necessidade de adapta\u00e7\u00e3o.<\/p>\n\n\n\n<p>Diante desse cen\u00e1rio, as tend\u00eancias globais apontam para a integra\u00e7\u00e3o de tecnologias digitais, o fortalecimento do e-commerce e inova\u00e7\u00e3o nos servi\u00e7os farmac\u00eauticos como estrat\u00e9gias essenciais para a sobreviv\u00eancia das empresas do setor.<\/p>\n\n\n\n<p><\/p>\n","protected":false},"excerpt":{"rendered":"<p>O setor farmac\u00eautico brasileiro enfrenta adversidades financeiras intensas, destacando-se o caso de uma das redes mais reconhecidas do sul do pa\u00eds, que busca evitar o colapso enquanto se reorganiza em meio a d\u00edvidas milion\u00e1rias e queda no faturamento. Entre as estrat\u00e9gias para evitar a fal\u00eancia, est\u00e1 o recente pedido de recupera\u00e7\u00e3o judicial. Quais fatores explicam [&hellip;]<\/p>\n","protected":false},"author":11,"featured_media":56147,"comment_status":"open","ping_status":"open","sticky":false,"template":"","format":"standard","meta":{"jnews-multi-image_gallery":[],"jnews_single_post":{"format":"standard"},"jnews_primary_category":[],"jnews_social_meta":[],"jnews_override_counter":[],"footnotes":""},"categories":[28,1],"tags":[4996,925,5478,9932],"class_list":["post-128482","post","type-post","status-publish","format-standard","has-post-thumbnail","hentry","category-economia","category-noticias","tag-crise","tag-dividas","tag-falencia","tag-farmacia"],"yoast_head":"<!-- This site is optimized with the Yoast SEO plugin v23.8 - https:\/\/yoast.com\/wordpress\/plugins\/seo\/ -->\n<title>Rede de farm\u00e1cia undada em 1950, enfrenta um dos maiores desafios e est\u00e1 \u00e0 beira do colapso - Estado de Minas - Em foco<\/title>\n<meta name=\"description\" content=\"Endividada e com menos lojas, a Maxxi tenta sobreviver enquanto mudan\u00e7as no consumo pressionam ainda mais as farm\u00e1cias f\u00edsicas do pa\u00eds.\" \/>\n<meta name=\"robots\" content=\"index, follow, max-snippet:-1, max-image-preview:large, max-video-preview:-1\" \/>\n<link rel=\"canonical\" href=\"https:\/\/www.em.com.br\/emfoco\/2025\/11\/18\/rede-de-farmacia-undada-em-1950-enfrenta-um-dos-maiores-desafios-e-esta-a-beira-do-colapso\/\" \/>\n<meta property=\"og:locale\" content=\"pt_BR\" \/>\n<meta property=\"og:type\" content=\"article\" \/>\n<meta property=\"og:title\" content=\"Rede de farm\u00e1cia undada em 1950, enfrenta um dos maiores desafios e est\u00e1 \u00e0 beira do colapso - Estado de Minas - Em foco\" \/>\n<meta property=\"og:description\" content=\"Endividada e com menos lojas, a Maxxi tenta sobreviver enquanto mudan\u00e7as no consumo pressionam ainda mais as farm\u00e1cias f\u00edsicas do pa\u00eds.\" \/>\n<meta property=\"og:url\" content=\"https:\/\/www.em.com.br\/emfoco\/2025\/11\/18\/rede-de-farmacia-undada-em-1950-enfrenta-um-dos-maiores-desafios-e-esta-a-beira-do-colapso\/\" \/>\n<meta property=\"og:site_name\" content=\"Estado de Minas - Em foco\" \/>\n<meta property=\"article:published_time\" content=\"2025-11-18T13:05:00+00:00\" \/>\n<meta property=\"article:modified_time\" content=\"2025-11-17T17:10:28+00:00\" \/>\n<meta property=\"og:image\" content=\"https:\/\/www.em.com.br\/emfoco\/wp-content\/uploads\/2025\/06\/farmacia-_1749140465151.jpg\" \/>\n\t<meta property=\"og:image:width\" content=\"1280\" \/>\n\t<meta property=\"og:image:height\" content=\"720\" \/>\n\t<meta property=\"og:image:type\" content=\"image\/jpeg\" \/>\n<meta name=\"author\" content=\"Andre\u0301 Rangel\u00a0\" \/>\n<meta name=\"twitter:card\" content=\"summary_large_image\" \/>\n<meta name=\"twitter:label1\" content=\"Escrito por\" \/>\n\t<meta name=\"twitter:data1\" content=\"Andre\u0301 Rangel\u00a0\" \/>\n\t<meta name=\"twitter:label2\" content=\"Est. tempo de leitura\" \/>\n\t<meta name=\"twitter:data2\" content=\"3 minutos\" \/>\n<!-- \/ Yoast SEO plugin. -->","yoast_head_json":{"title":"Rede de farm\u00e1cia undada em 1950, enfrenta um dos maiores desafios e est\u00e1 \u00e0 beira do colapso - Estado de Minas - Em foco","description":"Endividada e com menos lojas, a Maxxi tenta sobreviver enquanto mudan\u00e7as no consumo pressionam ainda mais as farm\u00e1cias f\u00edsicas do pa\u00eds.","robots":{"index":"index","follow":"follow","max-snippet":"max-snippet:-1","max-image-preview":"max-image-preview:large","max-video-preview":"max-video-preview:-1"},"canonical":"https:\/\/www.em.com.br\/emfoco\/2025\/11\/18\/rede-de-farmacia-undada-em-1950-enfrenta-um-dos-maiores-desafios-e-esta-a-beira-do-colapso\/","og_locale":"pt_BR","og_type":"article","og_title":"Rede de farm\u00e1cia undada em 1950, enfrenta um dos maiores desafios e est\u00e1 \u00e0 beira do colapso - Estado de Minas - Em foco","og_description":"Endividada e com menos lojas, a Maxxi tenta sobreviver enquanto mudan\u00e7as no consumo pressionam ainda mais as farm\u00e1cias f\u00edsicas do pa\u00eds.","og_url":"https:\/\/www.em.com.br\/emfoco\/2025\/11\/18\/rede-de-farmacia-undada-em-1950-enfrenta-um-dos-maiores-desafios-e-esta-a-beira-do-colapso\/","og_site_name":"Estado de Minas - Em foco","article_published_time":"2025-11-18T13:05:00+00:00","article_modified_time":"2025-11-17T17:10:28+00:00","og_image":[{"width":1280,"height":720,"url":"https:\/\/www.em.com.br\/emfoco\/wp-content\/uploads\/2025\/06\/farmacia-_1749140465151.jpg","type":"image\/jpeg"}],"author":"Andre\u0301 Rangel\u00a0","twitter_card":"summary_large_image","twitter_misc":{"Escrito por":"Andre\u0301 Rangel\u00a0","Est. tempo de leitura":"3 minutos"},"schema":{"@context":"https:\/\/schema.org","@graph":[{"@type":"WebPage","@id":"https:\/\/www.em.com.br\/emfoco\/2025\/11\/18\/rede-de-farmacia-undada-em-1950-enfrenta-um-dos-maiores-desafios-e-esta-a-beira-do-colapso\/","url":"https:\/\/www.em.com.br\/emfoco\/2025\/11\/18\/rede-de-farmacia-undada-em-1950-enfrenta-um-dos-maiores-desafios-e-esta-a-beira-do-colapso\/","name":"Rede de farm\u00e1cia undada em 1950, enfrenta um dos maiores desafios e est\u00e1 \u00e0 beira do colapso - Estado de Minas - Em foco","isPartOf":{"@id":"https:\/\/www.em.com.br\/emfoco\/#website"},"primaryImageOfPage":{"@id":"https:\/\/www.em.com.br\/emfoco\/2025\/11\/18\/rede-de-farmacia-undada-em-1950-enfrenta-um-dos-maiores-desafios-e-esta-a-beira-do-colapso\/#primaryimage"},"image":{"@id":"https:\/\/www.em.com.br\/emfoco\/2025\/11\/18\/rede-de-farmacia-undada-em-1950-enfrenta-um-dos-maiores-desafios-e-esta-a-beira-do-colapso\/#primaryimage"},"thumbnailUrl":"https:\/\/www.em.com.br\/emfoco\/wp-content\/uploads\/2025\/06\/farmacia-_1749140465151.jpg","datePublished":"2025-11-18T13:05:00+00:00","dateModified":"2025-11-17T17:10:28+00:00","author":{"@id":"https:\/\/www.em.com.br\/emfoco\/#\/schema\/person\/60eda09c1fedf0d6891f4cef4b60b8b8"},"description":"Endividada e com menos lojas, a Maxxi tenta sobreviver enquanto mudan\u00e7as no consumo pressionam ainda mais as farm\u00e1cias f\u00edsicas do pa\u00eds.","breadcrumb":{"@id":"https:\/\/www.em.com.br\/emfoco\/2025\/11\/18\/rede-de-farmacia-undada-em-1950-enfrenta-um-dos-maiores-desafios-e-esta-a-beira-do-colapso\/#breadcrumb"},"inLanguage":"pt-BR","potentialAction":[{"@type":"ReadAction","target":["https:\/\/www.em.com.br\/emfoco\/2025\/11\/18\/rede-de-farmacia-undada-em-1950-enfrenta-um-dos-maiores-desafios-e-esta-a-beira-do-colapso\/"]}]},{"@type":"ImageObject","inLanguage":"pt-BR","@id":"https:\/\/www.em.com.br\/emfoco\/2025\/11\/18\/rede-de-farmacia-undada-em-1950-enfrenta-um-dos-maiores-desafios-e-esta-a-beira-do-colapso\/#primaryimage","url":"https:\/\/www.em.com.br\/emfoco\/wp-content\/uploads\/2025\/06\/farmacia-_1749140465151.jpg","contentUrl":"https:\/\/www.em.com.br\/emfoco\/wp-content\/uploads\/2025\/06\/farmacia-_1749140465151.jpg","width":1280,"height":720,"caption":"Gigante farmac\u00eautica reduz 1.200 lojas - Cr\u00e9ditos: depositphotos.com \/ gemphoto"},{"@type":"BreadcrumbList","@id":"https:\/\/www.em.com.br\/emfoco\/2025\/11\/18\/rede-de-farmacia-undada-em-1950-enfrenta-um-dos-maiores-desafios-e-esta-a-beira-do-colapso\/#breadcrumb","itemListElement":[{"@type":"ListItem","position":1,"name":"In\u00edcio","item":"https:\/\/www.em.com.br\/emfoco\/"},{"@type":"ListItem","position":2,"name":"Rede de farm\u00e1cia undada em 1950, enfrenta um dos maiores desafios e est\u00e1 \u00e0 beira do colapso"}]},{"@type":"WebSite","@id":"https:\/\/www.em.com.br\/emfoco\/#website","url":"https:\/\/www.em.com.br\/emfoco\/","name":"Estado de Minas - Em foco","description":"Acompanhe as \u00faltimas not\u00edcias e fique bem informado sobre tudo o que acontece em Minas Gerais, Brasil e no mundo.","potentialAction":[{"@type":"SearchAction","target":{"@type":"EntryPoint","urlTemplate":"https:\/\/www.em.com.br\/emfoco\/?s={search_term_string}"},"query-input":{"@type":"PropertyValueSpecification","valueRequired":true,"valueName":"search_term_string"}}],"inLanguage":"pt-BR"},{"@type":"Person","@id":"https:\/\/www.em.com.br\/emfoco\/#\/schema\/person\/60eda09c1fedf0d6891f4cef4b60b8b8","name":"Andre\u0301 Rangel\u00a0","image":{"@type":"ImageObject","inLanguage":"pt-BR","@id":"https:\/\/www.em.com.br\/emfoco\/#\/schema\/person\/image\/","url":"https:\/\/secure.gravatar.com\/avatar\/6234dc814c77c8ef6d8bba622c787efc?s=96&d=mm&r=g","contentUrl":"https:\/\/secure.gravatar.com\/avatar\/6234dc814c77c8ef6d8bba622c787efc?s=96&d=mm&r=g","caption":"Andre\u0301 Rangel\u00a0"},"url":"https:\/\/www.em.com.br\/emfoco\/author\/luizmyth\/"}]}},"_links":{"self":[{"href":"https:\/\/www.em.com.br\/emfoco\/wp-json\/wp\/v2\/posts\/128482","targetHints":{"allow":["GET"]}}],"collection":[{"href":"https:\/\/www.em.com.br\/emfoco\/wp-json\/wp\/v2\/posts"}],"about":[{"href":"https:\/\/www.em.com.br\/emfoco\/wp-json\/wp\/v2\/types\/post"}],"author":[{"embeddable":true,"href":"https:\/\/www.em.com.br\/emfoco\/wp-json\/wp\/v2\/users\/11"}],"replies":[{"embeddable":true,"href":"https:\/\/www.em.com.br\/emfoco\/wp-json\/wp\/v2\/comments?post=128482"}],"version-history":[{"count":5,"href":"https:\/\/www.em.com.br\/emfoco\/wp-json\/wp\/v2\/posts\/128482\/revisions"}],"predecessor-version":[{"id":128571,"href":"https:\/\/www.em.com.br\/emfoco\/wp-json\/wp\/v2\/posts\/128482\/revisions\/128571"}],"wp:featuredmedia":[{"embeddable":true,"href":"https:\/\/www.em.com.br\/emfoco\/wp-json\/wp\/v2\/media\/56147"}],"wp:attachment":[{"href":"https:\/\/www.em.com.br\/emfoco\/wp-json\/wp\/v2\/media?parent=128482"}],"wp:term":[{"taxonomy":"category","embeddable":true,"href":"https:\/\/www.em.com.br\/emfoco\/wp-json\/wp\/v2\/categories?post=128482"},{"taxonomy":"post_tag","embeddable":true,"href":"https:\/\/www.em.com.br\/emfoco\/wp-json\/wp\/v2\/tags?post=128482"}],"curies":[{"name":"wp","href":"https:\/\/api.w.org\/{rel}","templated":true}]}}