{"id":128475,"date":"2025-11-18T17:45:00","date_gmt":"2025-11-18T20:45:00","guid":{"rendered":"https:\/\/www.em.com.br\/emfoco\/?p=128475"},"modified":"2025-11-17T15:10:33","modified_gmt":"2025-11-17T18:10:33","slug":"novo-projeto-de-lei-impede-praticas-abusivas-contra-pessoas-acima-de-60-anos-em-emprestimos-e-financiamentos-garantindo-mais-seguranca","status":"publish","type":"post","link":"https:\/\/www.em.com.br\/emfoco\/2025\/11\/18\/novo-projeto-de-lei-impede-praticas-abusivas-contra-pessoas-acima-de-60-anos-em-emprestimos-e-financiamentos-garantindo-mais-seguranca\/","title":{"rendered":"Novo projeto de lei impede pr\u00e1ticas abusivas contra pessoas acima de 60 anos em empr\u00e9stimos e financiamentos, garantindo mais seguran\u00e7a"},"content":{"rendered":"\n<p>O <strong>Projeto de Lei 4802\/2023<\/strong>, aprovado recentemente pela <strong>Comiss\u00e3o de Assuntos Econ\u00f4micos do Senado<\/strong>, representa um avan\u00e7o significativo para enfrentar as dificuldades enfrentadas por idosos em opera\u00e7\u00f5es de cr\u00e9dito, refor\u00e7ando as diretrizes do <strong>Estatuto do Idoso<\/strong> e buscando proibir pr\u00e1ticas abusivas, como taxas de juros desproporcionais e exig\u00eancias desnecess\u00e1rias, que dificultam o acesso ao cr\u00e9dito para pessoas com mais de 60 anos.<\/p>\n\n\n\n<h2 class=\"wp-block-heading\">O que muda no acesso ao cr\u00e9dito pelos idosos com o novo projeto de lei<\/h2>\n\n\n\n<p>O <a href=\"https:\/\/www25.senado.leg.br\/web\/atividade\/materias\/-\/materia\/160322\" target=\"_blank\" rel=\"noreferrer noopener\">projeto <\/a>estabelece que institui\u00e7\u00f5es financeiras dever\u00e3o garantir tratamento igualit\u00e1rio entre clientes idosos e n\u00e3o idosos em opera\u00e7\u00f5es de cr\u00e9dito. Isso significa que pr\u00e1ticas como juros punitivos e exig\u00eancia de garantias n\u00e3o aplicadas a outros grupos et\u00e1rios passam a ser proibidas.<\/p>\n\n\n\n<p>Al\u00e9m de proibir essas a\u00e7\u00f5es, a proposta refor\u00e7a o <a href=\"https:\/\/www.planalto.gov.br\/ccivil_03\/leis\/2003\/l10.741.htm\" target=\"_blank\" rel=\"noreferrer noopener\">Estatuto do Idoso<\/a> ao detalhar quais pr\u00e1ticas devem ser consideradas abusivas. Essa medida aumenta a seguran\u00e7a jur\u00eddica, dificultando discrimina\u00e7\u00f5es e facilitando o acesso justo ao cr\u00e9dito.<\/p>\n\n\n\n<figure class=\"wp-block-image\"><img decoding=\"async\" src=\"https:\/\/www.em.com.br\/emfoco\/wp-content\/uploads\/2025\/03\/idosos-com-dinheiro_1741098418131-1024x576.jpg\" alt=\"\"\/><figcaption class=\"wp-element-caption\">Novo projeto garante cr\u00e9dito igual para idosos no pa\u00eds &#8211; Cr\u00e9ditos: depositphotos.com \/ AndrewLozovyi<\/figcaption><\/figure>\n\n\n\n<h2 class=\"wp-block-heading\">Quais mudan\u00e7as o projeto prop\u00f5e para operacionalizar a igualdade no cr\u00e9dito<\/h2>\n\n\n\n<p>As principais altera\u00e7\u00f5es operacionais envolvem o alinhamento das condi\u00e7\u00f5es de financiamento e crit\u00e9rios de cr\u00e9dito para todos os clientes, independentemente da idade. Isso visa garantir transpar\u00eancia e acesso igualit\u00e1rio \u00e0s oportunidades financeiras.<\/p>\n\n\n\n<p>A seguir, confira os principais pontos modificados pelo projeto:<\/p>\n\n\n\n<ul class=\"wp-block-list\">\n<li>Proibi\u00e7\u00e3o da cobran\u00e7a de taxas e juros diferenciados e punitivos para idosos<\/li>\n\n\n\n<li>Veda\u00e7\u00e3o de exig\u00eancias de garantias ou fian\u00e7as espec\u00edficas a clientes acima de 60 anos<\/li>\n\n\n\n<li>Transpar\u00eancia nos crit\u00e9rios para concess\u00e3o de cr\u00e9dito<\/li>\n\n\n\n<li>Refor\u00e7o \u00e0 aplica\u00e7\u00e3o do Estatuto do Idoso em opera\u00e7\u00f5es banc\u00e1rias<\/li>\n<\/ul>\n\n\n\n<h2 class=\"wp-block-heading\">A proposta realmente favorece a inclus\u00e3o financeira dos idosos<\/h2>\n\n\n\n<p>O projeto de lei tem potencial para promover maior inclus\u00e3o financeira dos <a href=\"https:\/\/www.em.com.br\/emfoco\/2025\/11\/12\/o-direito-pouco-conhecido-que-pode-reduzir-despesas-dos-idosos\/\" target=\"_blank\" rel=\"noreferrer noopener\">idosos <\/a>ao aumentar a transpar\u00eancia e impedir pr\u00e1ticas abusivas. Especialistas acreditam que essa legisla\u00e7\u00e3o pode reduzir obst\u00e1culos injustificados e expandir oportunidades de cr\u00e9dito seguro para pessoas da terceira idade.<\/p>\n\n\n\n<p>Esta iniciativa tamb\u00e9m incentiva institui\u00e7\u00f5es financeiras a revisarem suas pol\u00edticas internas. Assim, amplia-se a justi\u00e7a e a inclus\u00e3o no sistema econ\u00f4mico para diferentes perfis de consumidores.<\/p>\n\n\n\n<h2 class=\"wp-block-heading\">Quais s\u00e3o os pr\u00f3ximos tr\u00e2mites do Projeto de Lei 4802\/2023<\/h2>\n\n\n\n<p>Ap\u00f3s a aprova\u00e7\u00e3o recente na Comiss\u00e3o de Assuntos Econ\u00f4micos, o projeto segue agora para a <strong>C\u00e2mara dos Deputados<\/strong>, onde ser\u00e1 analisado e debatido antes de poss\u00edvel aprova\u00e7\u00e3o e san\u00e7\u00e3o final.<\/p>\n\n\n\n<p>Durante os debates no Senado, liderados por figuras como&nbsp;<strong>Ciro Nogueira<\/strong>,&nbsp;<strong>La\u00e9rcio Oliveira<\/strong>&nbsp;e&nbsp;<strong>Damares Alves<\/strong>, ficou destacada a urg\u00eancia para que as normas garantam prote\u00e7\u00e3o plena e igualdade a idosos em transa\u00e7\u00f5es financeiras, promovendo um sistema mais justo e transparente.<\/p>\n\n\n\n<p><\/p>\n","protected":false},"excerpt":{"rendered":"<p>O Projeto de Lei 4802\/2023, aprovado recentemente pela Comiss\u00e3o de Assuntos Econ\u00f4micos do Senado, representa um avan\u00e7o significativo para enfrentar as dificuldades enfrentadas por idosos em opera\u00e7\u00f5es de cr\u00e9dito, refor\u00e7ando as diretrizes do Estatuto do Idoso e buscando proibir pr\u00e1ticas abusivas, como taxas de juros desproporcionais e exig\u00eancias desnecess\u00e1rias, que dificultam o acesso ao cr\u00e9dito [&hellip;]<\/p>\n","protected":false},"author":11,"featured_media":128665,"comment_status":"open","ping_status":"open","sticky":false,"template":"","format":"standard","meta":{"jnews-multi-image_gallery":[],"jnews_single_post":{"format":"standard"},"jnews_primary_category":[],"jnews_social_meta":[],"jnews_override_counter":[],"footnotes":""},"categories":[28,1],"tags":[2291,490,487,992],"class_list":["post-128475","post","type-post","status-publish","format-standard","has-post-thumbnail","hentry","category-economia","category-noticias","tag-bancos","tag-idoso","tag-lei","tag-projeto-de-lei"],"yoast_head":"<!-- This site is optimized with the Yoast SEO plugin v23.8 - https:\/\/yoast.com\/wordpress\/plugins\/seo\/ -->\n<title>Novo projeto de lei impede pr\u00e1ticas abusivas contra pessoas acima de 60 anos em empr\u00e9stimos e financiamentos, garantindo mais seguran\u00e7a - Estado de Minas - Em foco<\/title>\n<meta name=\"description\" content=\"Com novas regras, idosos ganham prote\u00e7\u00e3o maior em empr\u00e9stimos e condi\u00e7\u00f5es igualit\u00e1rias, fortalecendo inclus\u00e3o financeira no pa\u00eds.\" \/>\n<meta name=\"robots\" content=\"index, follow, max-snippet:-1, max-image-preview:large, max-video-preview:-1\" \/>\n<link rel=\"canonical\" href=\"https:\/\/www.em.com.br\/emfoco\/2025\/11\/18\/novo-projeto-de-lei-impede-praticas-abusivas-contra-pessoas-acima-de-60-anos-em-emprestimos-e-financiamentos-garantindo-mais-seguranca\/\" \/>\n<meta property=\"og:locale\" content=\"pt_BR\" \/>\n<meta property=\"og:type\" content=\"article\" \/>\n<meta property=\"og:title\" content=\"Novo projeto de lei impede pr\u00e1ticas abusivas contra pessoas acima de 60 anos em empr\u00e9stimos e financiamentos, garantindo mais seguran\u00e7a - Estado de Minas - Em foco\" \/>\n<meta property=\"og:description\" content=\"Com novas regras, idosos ganham prote\u00e7\u00e3o maior em empr\u00e9stimos e condi\u00e7\u00f5es igualit\u00e1rias, fortalecendo inclus\u00e3o financeira no pa\u00eds.\" \/>\n<meta property=\"og:url\" content=\"https:\/\/www.em.com.br\/emfoco\/2025\/11\/18\/novo-projeto-de-lei-impede-praticas-abusivas-contra-pessoas-acima-de-60-anos-em-emprestimos-e-financiamentos-garantindo-mais-seguranca\/\" \/>\n<meta property=\"og:site_name\" content=\"Estado de Minas - Em foco\" \/>\n<meta property=\"article:published_time\" content=\"2025-11-18T20:45:00+00:00\" \/>\n<meta property=\"article:modified_time\" content=\"2025-11-17T18:10:33+00:00\" \/>\n<meta property=\"og:image\" content=\"https:\/\/www.em.com.br\/emfoco\/wp-content\/uploads\/2025\/11\/Gemini_Generated_Image_wgp9wtwgp9wtwgp9-1.png\" \/>\n\t<meta property=\"og:image:width\" content=\"1280\" \/>\n\t<meta property=\"og:image:height\" content=\"720\" \/>\n\t<meta property=\"og:image:type\" content=\"image\/png\" \/>\n<meta name=\"author\" content=\"Andre\u0301 Rangel\u00a0\" \/>\n<meta name=\"twitter:card\" content=\"summary_large_image\" \/>\n<meta name=\"twitter:label1\" content=\"Escrito por\" \/>\n\t<meta name=\"twitter:data1\" content=\"Andre\u0301 Rangel\u00a0\" \/>\n\t<meta name=\"twitter:label2\" content=\"Est. tempo de leitura\" \/>\n\t<meta name=\"twitter:data2\" content=\"3 minutos\" \/>\n<!-- \/ Yoast SEO plugin. -->","yoast_head_json":{"title":"Novo projeto de lei impede pr\u00e1ticas abusivas contra pessoas acima de 60 anos em empr\u00e9stimos e financiamentos, garantindo mais seguran\u00e7a - Estado de Minas - Em foco","description":"Com novas regras, idosos ganham prote\u00e7\u00e3o maior em empr\u00e9stimos e condi\u00e7\u00f5es igualit\u00e1rias, fortalecendo inclus\u00e3o financeira no pa\u00eds.","robots":{"index":"index","follow":"follow","max-snippet":"max-snippet:-1","max-image-preview":"max-image-preview:large","max-video-preview":"max-video-preview:-1"},"canonical":"https:\/\/www.em.com.br\/emfoco\/2025\/11\/18\/novo-projeto-de-lei-impede-praticas-abusivas-contra-pessoas-acima-de-60-anos-em-emprestimos-e-financiamentos-garantindo-mais-seguranca\/","og_locale":"pt_BR","og_type":"article","og_title":"Novo projeto de lei impede pr\u00e1ticas abusivas contra pessoas acima de 60 anos em empr\u00e9stimos e financiamentos, garantindo mais seguran\u00e7a - Estado de Minas - Em foco","og_description":"Com novas regras, idosos ganham prote\u00e7\u00e3o maior em empr\u00e9stimos e condi\u00e7\u00f5es igualit\u00e1rias, fortalecendo inclus\u00e3o financeira no pa\u00eds.","og_url":"https:\/\/www.em.com.br\/emfoco\/2025\/11\/18\/novo-projeto-de-lei-impede-praticas-abusivas-contra-pessoas-acima-de-60-anos-em-emprestimos-e-financiamentos-garantindo-mais-seguranca\/","og_site_name":"Estado de Minas - Em foco","article_published_time":"2025-11-18T20:45:00+00:00","article_modified_time":"2025-11-17T18:10:33+00:00","og_image":[{"width":1280,"height":720,"url":"https:\/\/www.em.com.br\/emfoco\/wp-content\/uploads\/2025\/11\/Gemini_Generated_Image_wgp9wtwgp9wtwgp9-1.png","type":"image\/png"}],"author":"Andre\u0301 Rangel\u00a0","twitter_card":"summary_large_image","twitter_misc":{"Escrito por":"Andre\u0301 Rangel\u00a0","Est. tempo de leitura":"3 minutos"},"schema":{"@context":"https:\/\/schema.org","@graph":[{"@type":"WebPage","@id":"https:\/\/www.em.com.br\/emfoco\/2025\/11\/18\/novo-projeto-de-lei-impede-praticas-abusivas-contra-pessoas-acima-de-60-anos-em-emprestimos-e-financiamentos-garantindo-mais-seguranca\/","url":"https:\/\/www.em.com.br\/emfoco\/2025\/11\/18\/novo-projeto-de-lei-impede-praticas-abusivas-contra-pessoas-acima-de-60-anos-em-emprestimos-e-financiamentos-garantindo-mais-seguranca\/","name":"Novo projeto de lei impede pr\u00e1ticas abusivas contra pessoas acima de 60 anos em empr\u00e9stimos e financiamentos, garantindo mais seguran\u00e7a - Estado de Minas - Em foco","isPartOf":{"@id":"https:\/\/www.em.com.br\/emfoco\/#website"},"primaryImageOfPage":{"@id":"https:\/\/www.em.com.br\/emfoco\/2025\/11\/18\/novo-projeto-de-lei-impede-praticas-abusivas-contra-pessoas-acima-de-60-anos-em-emprestimos-e-financiamentos-garantindo-mais-seguranca\/#primaryimage"},"image":{"@id":"https:\/\/www.em.com.br\/emfoco\/2025\/11\/18\/novo-projeto-de-lei-impede-praticas-abusivas-contra-pessoas-acima-de-60-anos-em-emprestimos-e-financiamentos-garantindo-mais-seguranca\/#primaryimage"},"thumbnailUrl":"https:\/\/www.em.com.br\/emfoco\/wp-content\/uploads\/2025\/11\/Gemini_Generated_Image_wgp9wtwgp9wtwgp9-1.png","datePublished":"2025-11-18T20:45:00+00:00","dateModified":"2025-11-17T18:10:33+00:00","author":{"@id":"https:\/\/www.em.com.br\/emfoco\/#\/schema\/person\/60eda09c1fedf0d6891f4cef4b60b8b8"},"description":"Com novas regras, idosos ganham prote\u00e7\u00e3o maior em empr\u00e9stimos e condi\u00e7\u00f5es igualit\u00e1rias, fortalecendo inclus\u00e3o financeira no pa\u00eds.","breadcrumb":{"@id":"https:\/\/www.em.com.br\/emfoco\/2025\/11\/18\/novo-projeto-de-lei-impede-praticas-abusivas-contra-pessoas-acima-de-60-anos-em-emprestimos-e-financiamentos-garantindo-mais-seguranca\/#breadcrumb"},"inLanguage":"pt-BR","potentialAction":[{"@type":"ReadAction","target":["https:\/\/www.em.com.br\/emfoco\/2025\/11\/18\/novo-projeto-de-lei-impede-praticas-abusivas-contra-pessoas-acima-de-60-anos-em-emprestimos-e-financiamentos-garantindo-mais-seguranca\/"]}]},{"@type":"ImageObject","inLanguage":"pt-BR","@id":"https:\/\/www.em.com.br\/emfoco\/2025\/11\/18\/novo-projeto-de-lei-impede-praticas-abusivas-contra-pessoas-acima-de-60-anos-em-emprestimos-e-financiamentos-garantindo-mais-seguranca\/#primaryimage","url":"https:\/\/www.em.com.br\/emfoco\/wp-content\/uploads\/2025\/11\/Gemini_Generated_Image_wgp9wtwgp9wtwgp9-1.png","contentUrl":"https:\/\/www.em.com.br\/emfoco\/wp-content\/uploads\/2025\/11\/Gemini_Generated_Image_wgp9wtwgp9wtwgp9-1.png","width":1280,"height":720,"caption":"Lei pode acabar com juros abusivos cobrados de idosos"},{"@type":"BreadcrumbList","@id":"https:\/\/www.em.com.br\/emfoco\/2025\/11\/18\/novo-projeto-de-lei-impede-praticas-abusivas-contra-pessoas-acima-de-60-anos-em-emprestimos-e-financiamentos-garantindo-mais-seguranca\/#breadcrumb","itemListElement":[{"@type":"ListItem","position":1,"name":"In\u00edcio","item":"https:\/\/www.em.com.br\/emfoco\/"},{"@type":"ListItem","position":2,"name":"Novo projeto de lei impede pr\u00e1ticas abusivas contra pessoas acima de 60 anos em empr\u00e9stimos e financiamentos, garantindo mais seguran\u00e7a"}]},{"@type":"WebSite","@id":"https:\/\/www.em.com.br\/emfoco\/#website","url":"https:\/\/www.em.com.br\/emfoco\/","name":"Estado de Minas - Em foco","description":"Acompanhe as \u00faltimas not\u00edcias e fique bem informado sobre tudo o que acontece em Minas Gerais, Brasil e no mundo.","potentialAction":[{"@type":"SearchAction","target":{"@type":"EntryPoint","urlTemplate":"https:\/\/www.em.com.br\/emfoco\/?s={search_term_string}"},"query-input":{"@type":"PropertyValueSpecification","valueRequired":true,"valueName":"search_term_string"}}],"inLanguage":"pt-BR"},{"@type":"Person","@id":"https:\/\/www.em.com.br\/emfoco\/#\/schema\/person\/60eda09c1fedf0d6891f4cef4b60b8b8","name":"Andre\u0301 Rangel\u00a0","image":{"@type":"ImageObject","inLanguage":"pt-BR","@id":"https:\/\/www.em.com.br\/emfoco\/#\/schema\/person\/image\/","url":"https:\/\/secure.gravatar.com\/avatar\/6234dc814c77c8ef6d8bba622c787efc?s=96&d=mm&r=g","contentUrl":"https:\/\/secure.gravatar.com\/avatar\/6234dc814c77c8ef6d8bba622c787efc?s=96&d=mm&r=g","caption":"Andre\u0301 Rangel\u00a0"},"url":"https:\/\/www.em.com.br\/emfoco\/author\/luizmyth\/"}]}},"_links":{"self":[{"href":"https:\/\/www.em.com.br\/emfoco\/wp-json\/wp\/v2\/posts\/128475","targetHints":{"allow":["GET"]}}],"collection":[{"href":"https:\/\/www.em.com.br\/emfoco\/wp-json\/wp\/v2\/posts"}],"about":[{"href":"https:\/\/www.em.com.br\/emfoco\/wp-json\/wp\/v2\/types\/post"}],"author":[{"embeddable":true,"href":"https:\/\/www.em.com.br\/emfoco\/wp-json\/wp\/v2\/users\/11"}],"replies":[{"embeddable":true,"href":"https:\/\/www.em.com.br\/emfoco\/wp-json\/wp\/v2\/comments?post=128475"}],"version-history":[{"count":3,"href":"https:\/\/www.em.com.br\/emfoco\/wp-json\/wp\/v2\/posts\/128475\/revisions"}],"predecessor-version":[{"id":128666,"href":"https:\/\/www.em.com.br\/emfoco\/wp-json\/wp\/v2\/posts\/128475\/revisions\/128666"}],"wp:featuredmedia":[{"embeddable":true,"href":"https:\/\/www.em.com.br\/emfoco\/wp-json\/wp\/v2\/media\/128665"}],"wp:attachment":[{"href":"https:\/\/www.em.com.br\/emfoco\/wp-json\/wp\/v2\/media?parent=128475"}],"wp:term":[{"taxonomy":"category","embeddable":true,"href":"https:\/\/www.em.com.br\/emfoco\/wp-json\/wp\/v2\/categories?post=128475"},{"taxonomy":"post_tag","embeddable":true,"href":"https:\/\/www.em.com.br\/emfoco\/wp-json\/wp\/v2\/tags?post=128475"}],"curies":[{"name":"wp","href":"https:\/\/api.w.org\/{rel}","templated":true}]}}