{"id":128427,"date":"2025-11-18T06:25:38","date_gmt":"2025-11-18T09:25:38","guid":{"rendered":"https:\/\/www.em.com.br\/emfoco\/?p=128427"},"modified":"2025-11-17T14:39:08","modified_gmt":"2025-11-17T17:39:08","slug":"a-raiz-doce-que-protege-seu-estomago-contra-ulceras-e-alivia-a-queimacao","status":"publish","type":"post","link":"https:\/\/www.em.com.br\/emfoco\/2025\/11\/18\/a-raiz-doce-que-protege-seu-estomago-contra-ulceras-e-alivia-a-queimacao\/","title":{"rendered":"A raiz doce que protege seu est\u00f4mago contra \u00falceras e alivia a queima\u00e7\u00e3o"},"content":{"rendered":"\n<p>O <strong>alca\u00e7uz<\/strong> \u00e9 uma planta reconhecida mundialmente pelo seu sabor adocicado e propriedades ben\u00e9ficas, sendo utilizado em diversas culturas, desde a medicina tradicional chinesa at\u00e9 aplica\u00e7\u00f5es contempor\u00e2neas voltadas ao <strong>bem-estar<\/strong> e \u00e0 sa\u00fade.<\/p>\n\n\n\n<h2 class=\"wp-block-heading\">Quais s\u00e3o os principais benef\u00edcios do alca\u00e7uz para a sa\u00fade humana<\/h2>\n\n\n\n<p>O alca\u00e7uz possui compostos que agem de maneira significativa no organismo, sendo as propriedades <strong>anti-inflamat\u00f3rias<\/strong> e <strong>antioxidantes<\/strong> os seus destaques. Esses efeitos favorecem o controle de inflama\u00e7\u00f5es cr\u00f4nicas e aumentam a prote\u00e7\u00e3o celular contra agentes nocivos do cotidiano.<\/p>\n\n\n\n<p>Al\u00e9m disso, estudos recentes apontam que o consumo moderado de alca\u00e7uz pode auxiliar no fortalecimento do sistema <strong>imunol\u00f3gico.<\/strong> Isso amplia as possibilidades de uso da planta para diversas condi\u00e7\u00f5es, sempre respeitando o limite seguro de <strong>ingest\u00e3o.<\/strong><\/p>\n\n\n<div class=\"wp-block-image\">\n<figure class=\"aligncenter size-large\"><img loading=\"lazy\" decoding=\"async\" width=\"1024\" height=\"576\" src=\"https:\/\/www.em.com.br\/emfoco\/wp-content\/uploads\/2025\/04\/alcacuz_1745509374481-1024x576.jpg\" alt=\"\" class=\"wp-image-41469\" srcset=\"https:\/\/www.em.com.br\/emfoco\/wp-content\/uploads\/2025\/04\/alcacuz_1745509374481-1024x576.jpg 1024w, https:\/\/www.em.com.br\/emfoco\/wp-content\/uploads\/2025\/04\/alcacuz_1745509374481-300x169.jpg 300w, https:\/\/www.em.com.br\/emfoco\/wp-content\/uploads\/2025\/04\/alcacuz_1745509374481-768x432.jpg 768w, https:\/\/www.em.com.br\/emfoco\/wp-content\/uploads\/2025\/04\/alcacuz_1745509374481-750x422.jpg 750w, https:\/\/www.em.com.br\/emfoco\/wp-content\/uploads\/2025\/04\/alcacuz_1745509374481-1140x642.jpg 1140w, https:\/\/www.em.com.br\/emfoco\/wp-content\/uploads\/2025\/04\/alcacuz_1745509374481.jpg 1279w\" sizes=\"auto, (max-width: 1024px) 100vw, 1024px\" \/><figcaption class=\"wp-element-caption\">Alca\u00e7uz tamb\u00e9m chamado de regaliz &#8211; Cr\u00e9ditos: depositphotos.com \/ spafra<\/figcaption><\/figure><\/div>\n\n\n<p>Leia tamb\u00e9m:&nbsp;<a href=\"https:\/\/www.em.com.br\/emfoco\/2025\/10\/13\/essa-planta-medicinal-pouco-conhecida-e-a-mais-poderosa-que-voce-pode-cultivar\/\" target=\"_blank\" rel=\"noopener\">Essa planta medicinal pouco conhecida \u00e9 a mais poderosa que voc\u00ea pode cultivar<\/a><\/p>\n\n\n\n<h2 class=\"wp-block-heading\">Alca\u00e7uz realmente ajuda na sa\u00fade digestiva<\/h2>\n\n\n\n<p>Seu efeito protetor sobre o trato digestivo \u00e9 amplamente valorizado, especialmente no tratamento auxiliar de <strong>\u00falceras<\/strong> g\u00e1stricas. A capacidade do alca\u00e7uz em formar uma barreira protetora no est\u00f4mago alivia a <strong>irrita\u00e7\u00e3o<\/strong> e favorece a regenera\u00e7\u00e3o do tecido.<\/p>\n\n\n\n<p>Em casos de desconfortos digestivos, como <strong>azia<\/strong> leve e sensa\u00e7\u00e3o de queima\u00e7\u00e3o, o alca\u00e7uz pode ser uma alternativa natural, desde que seja utilizado com orienta\u00e7\u00e3o profissional. Por isso, muitas pessoas recorrem a essa planta para apoiar a <strong>digest\u00e3o<\/strong> e o equil\u00edbrio g\u00e1strico.<\/p>\n\n\n\n<h2 class=\"wp-block-heading\">Quais s\u00e3o os potenciais riscos do consumo excessivo de alca\u00e7uz<\/h2>\n\n\n\n<p>Apesar das vantagens, \u00e9 fundamental compreender que o excesso de alca\u00e7uz pode trazer riscos \u00e0 sa\u00fade. Consumir grandes quantidades eleva os n\u00edveis de <strong>glicirrizina,<\/strong> o que pode causar quadros indesej\u00e1veis, especialmente em pessoas sens\u00edveis.<\/p>\n\n\n\n<p>Ao considerar o uso do alca\u00e7uz, fique atento aos efeitos colaterais mais relatados, que incluem, entre outros:<\/p>\n\n\n\n<ul class=\"wp-block-list\">\n<li><strong>Hipertens\u00e3o<\/strong> arterial<\/li>\n\n\n\n<li><strong>Reten\u00e7\u00e3o<\/strong> de l\u00edquidos<\/li>\n\n\n\n<li><strong>Altera\u00e7\u00f5es<\/strong> nos n\u00edveis eletrol\u00edticos<\/li>\n\n\n\n<li><strong>Risco<\/strong> aumentado para pessoas com doen\u00e7as card\u00edacas<\/li>\n<\/ul>\n\n\n\n<p>Veja abaixo um v\u00eddeo do canal <a class=\"yt-simple-endpoint style-scope yt-formatted-string\" spellcheck=\"false\" href=\"https:\/\/www.youtube.com\/@naizalima.\" target=\"_blank\" rel=\"noopener\">Naiza Lima<\/a> falando mais sobre essa planta:<\/p>\n\n\n\n<figure class=\"wp-block-embed is-type-video is-provider-youtube wp-block-embed-youtube wp-embed-aspect-16-9 wp-has-aspect-ratio\"><div class=\"wp-block-embed__wrapper\">\n<div class=\"jeg_video_container jeg_video_content\"><iframe loading=\"lazy\" title=\"\ud83d\udd34 Os Principais Benef\u00edcios do Alca\u00e7uz (Licorice) - MTC \ud83d\udd34\" width=\"500\" height=\"281\" src=\"https:\/\/www.youtube.com\/embed\/j2MCPFaAvbY?feature=oembed\" frameborder=\"0\" allow=\"accelerometer; autoplay; clipboard-write; encrypted-media; gyroscope; picture-in-picture; web-share\" referrerpolicy=\"strict-origin-when-cross-origin\" allowfullscreen><\/iframe><\/div>\n<\/div><\/figure>\n\n\n\n<h2 class=\"wp-block-heading\">O alca\u00e7uz pode ser inclu\u00eddo de forma segura em h\u00e1bitos saud\u00e1veis<\/h2>\n\n\n\n<p>Com orienta\u00e7\u00e3o adequada, o alca\u00e7uz pode ser incorporado \u00e0 rotina de quem busca benef\u00edcios digestivos, <strong>anti-inflamat\u00f3rios<\/strong> e <strong>imunol\u00f3gicos.<\/strong> Contudo, sempre \u00e9 importante respeitar as dosagens recomendadas e considerar contraindica\u00e7\u00f5es individuais para garantir o uso seguro e efetivo.<\/p>\n\n\n\n<p>Em suma, o alca\u00e7uz pode ser um aliado valioso \u00e0 <strong>sa\u00fade,<\/strong> mas requer modera\u00e7\u00e3o e acompanhamento profissional para evitar efeitos adversos e potencializar seus benef\u00edcios no dia a dia.<\/p>\n","protected":false},"excerpt":{"rendered":"<p>O alca\u00e7uz \u00e9 uma planta reconhecida mundialmente pelo seu sabor adocicado e propriedades ben\u00e9ficas, sendo utilizado em diversas culturas, desde a medicina tradicional chinesa at\u00e9 aplica\u00e7\u00f5es contempor\u00e2neas voltadas ao bem-estar e \u00e0 sa\u00fade. Quais s\u00e3o os principais benef\u00edcios do alca\u00e7uz para a sa\u00fade humana O alca\u00e7uz possui compostos que agem de maneira significativa no organismo, [&hellip;]<\/p>\n","protected":false},"author":9,"featured_media":128455,"comment_status":"open","ping_status":"open","sticky":false,"template":"","format":"standard","meta":{"jnews-multi-image_gallery":[],"jnews_single_post":{"format":"standard"},"jnews_primary_category":[],"jnews_social_meta":[],"jnews_override_counter":[],"footnotes":""},"categories":[8691,8819,1,9053],"tags":[18944,712,8026],"class_list":["post-128427","post","type-post","status-publish","format-standard","has-post-thumbnail","hentry","category-bem-estar","category-curiosidades","category-noticias","category-saude","tag-alcacuz","tag-autocuidado","tag-planta-medicinal"],"yoast_head":"<!-- This site is optimized with the Yoast SEO plugin v23.8 - https:\/\/yoast.com\/wordpress\/plugins\/seo\/ -->\n<title>A raiz doce que protege seu est\u00f4mago contra \u00falceras e alivia a queima\u00e7\u00e3o - Estado de Minas - Em foco<\/title>\n<meta name=\"description\" content=\"Uma raiz doce \u00e9 aliada da digest\u00e3o e combate inflama\u00e7\u00f5es. O consumo excessivo, no entanto, pode causar press\u00e3o alta e reten\u00e7\u00e3o de l\u00edquidos.\" \/>\n<meta name=\"robots\" content=\"index, follow, max-snippet:-1, max-image-preview:large, max-video-preview:-1\" \/>\n<link rel=\"canonical\" href=\"https:\/\/www.em.com.br\/emfoco\/2025\/11\/18\/a-raiz-doce-que-protege-seu-estomago-contra-ulceras-e-alivia-a-queimacao\/\" \/>\n<meta property=\"og:locale\" content=\"pt_BR\" \/>\n<meta property=\"og:type\" content=\"article\" \/>\n<meta property=\"og:title\" content=\"A raiz doce que protege seu est\u00f4mago contra \u00falceras e alivia a queima\u00e7\u00e3o - Estado de Minas - Em foco\" \/>\n<meta property=\"og:description\" content=\"Uma raiz doce \u00e9 aliada da digest\u00e3o e combate inflama\u00e7\u00f5es. O consumo excessivo, no entanto, pode causar press\u00e3o alta e reten\u00e7\u00e3o de l\u00edquidos.\" \/>\n<meta property=\"og:url\" content=\"https:\/\/www.em.com.br\/emfoco\/2025\/11\/18\/a-raiz-doce-que-protege-seu-estomago-contra-ulceras-e-alivia-a-queimacao\/\" \/>\n<meta property=\"og:site_name\" content=\"Estado de Minas - Em foco\" \/>\n<meta property=\"article:published_time\" content=\"2025-11-18T09:25:38+00:00\" \/>\n<meta property=\"article:modified_time\" content=\"2025-11-17T17:39:08+00:00\" \/>\n<meta property=\"og:image\" content=\"https:\/\/www.em.com.br\/emfoco\/wp-content\/uploads\/2025\/11\/Glycyrrhiza-glabra_1763387366448.jpg\" \/>\n\t<meta property=\"og:image:width\" content=\"1280\" \/>\n\t<meta property=\"og:image:height\" content=\"720\" \/>\n\t<meta property=\"og:image:type\" content=\"image\/jpeg\" \/>\n<meta name=\"author\" content=\"Daniely Cardoso\" \/>\n<meta name=\"twitter:card\" content=\"summary_large_image\" \/>\n<meta name=\"twitter:label1\" content=\"Escrito por\" \/>\n\t<meta name=\"twitter:data1\" content=\"Daniely Cardoso\" \/>\n\t<meta name=\"twitter:label2\" content=\"Est. tempo de leitura\" \/>\n\t<meta name=\"twitter:data2\" content=\"3 minutos\" \/>\n<!-- \/ Yoast SEO plugin. -->","yoast_head_json":{"title":"A raiz doce que protege seu est\u00f4mago contra \u00falceras e alivia a queima\u00e7\u00e3o - Estado de Minas - Em foco","description":"Uma raiz doce \u00e9 aliada da digest\u00e3o e combate inflama\u00e7\u00f5es. O consumo excessivo, no entanto, pode causar press\u00e3o alta e reten\u00e7\u00e3o de l\u00edquidos.","robots":{"index":"index","follow":"follow","max-snippet":"max-snippet:-1","max-image-preview":"max-image-preview:large","max-video-preview":"max-video-preview:-1"},"canonical":"https:\/\/www.em.com.br\/emfoco\/2025\/11\/18\/a-raiz-doce-que-protege-seu-estomago-contra-ulceras-e-alivia-a-queimacao\/","og_locale":"pt_BR","og_type":"article","og_title":"A raiz doce que protege seu est\u00f4mago contra \u00falceras e alivia a queima\u00e7\u00e3o - Estado de Minas - Em foco","og_description":"Uma raiz doce \u00e9 aliada da digest\u00e3o e combate inflama\u00e7\u00f5es. O consumo excessivo, no entanto, pode causar press\u00e3o alta e reten\u00e7\u00e3o de l\u00edquidos.","og_url":"https:\/\/www.em.com.br\/emfoco\/2025\/11\/18\/a-raiz-doce-que-protege-seu-estomago-contra-ulceras-e-alivia-a-queimacao\/","og_site_name":"Estado de Minas - Em foco","article_published_time":"2025-11-18T09:25:38+00:00","article_modified_time":"2025-11-17T17:39:08+00:00","og_image":[{"width":1280,"height":720,"url":"https:\/\/www.em.com.br\/emfoco\/wp-content\/uploads\/2025\/11\/Glycyrrhiza-glabra_1763387366448.jpg","type":"image\/jpeg"}],"author":"Daniely Cardoso","twitter_card":"summary_large_image","twitter_misc":{"Escrito por":"Daniely Cardoso","Est. tempo de leitura":"3 minutos"},"schema":{"@context":"https:\/\/schema.org","@graph":[{"@type":"WebPage","@id":"https:\/\/www.em.com.br\/emfoco\/2025\/11\/18\/a-raiz-doce-que-protege-seu-estomago-contra-ulceras-e-alivia-a-queimacao\/","url":"https:\/\/www.em.com.br\/emfoco\/2025\/11\/18\/a-raiz-doce-que-protege-seu-estomago-contra-ulceras-e-alivia-a-queimacao\/","name":"A raiz doce que protege seu est\u00f4mago contra \u00falceras e alivia a queima\u00e7\u00e3o - Estado de Minas - Em foco","isPartOf":{"@id":"https:\/\/www.em.com.br\/emfoco\/#website"},"primaryImageOfPage":{"@id":"https:\/\/www.em.com.br\/emfoco\/2025\/11\/18\/a-raiz-doce-que-protege-seu-estomago-contra-ulceras-e-alivia-a-queimacao\/#primaryimage"},"image":{"@id":"https:\/\/www.em.com.br\/emfoco\/2025\/11\/18\/a-raiz-doce-que-protege-seu-estomago-contra-ulceras-e-alivia-a-queimacao\/#primaryimage"},"thumbnailUrl":"https:\/\/www.em.com.br\/emfoco\/wp-content\/uploads\/2025\/11\/Glycyrrhiza-glabra_1763387366448.jpg","datePublished":"2025-11-18T09:25:38+00:00","dateModified":"2025-11-17T17:39:08+00:00","author":{"@id":"https:\/\/www.em.com.br\/emfoco\/#\/schema\/person\/0a8186d72f2c3a5c6276d90b41f271a0"},"description":"Uma raiz doce \u00e9 aliada da digest\u00e3o e combate inflama\u00e7\u00f5es. O consumo excessivo, no entanto, pode causar press\u00e3o alta e reten\u00e7\u00e3o de l\u00edquidos.","breadcrumb":{"@id":"https:\/\/www.em.com.br\/emfoco\/2025\/11\/18\/a-raiz-doce-que-protege-seu-estomago-contra-ulceras-e-alivia-a-queimacao\/#breadcrumb"},"inLanguage":"pt-BR","potentialAction":[{"@type":"ReadAction","target":["https:\/\/www.em.com.br\/emfoco\/2025\/11\/18\/a-raiz-doce-que-protege-seu-estomago-contra-ulceras-e-alivia-a-queimacao\/"]}]},{"@type":"ImageObject","inLanguage":"pt-BR","@id":"https:\/\/www.em.com.br\/emfoco\/2025\/11\/18\/a-raiz-doce-que-protege-seu-estomago-contra-ulceras-e-alivia-a-queimacao\/#primaryimage","url":"https:\/\/www.em.com.br\/emfoco\/wp-content\/uploads\/2025\/11\/Glycyrrhiza-glabra_1763387366448.jpg","contentUrl":"https:\/\/www.em.com.br\/emfoco\/wp-content\/uploads\/2025\/11\/Glycyrrhiza-glabra_1763387366448.jpg","width":1280,"height":720,"caption":"O alca\u00e7uz \u00e9 uma planta reconhecida mundialmente - Cr\u00e9ditos: depositphotos.com \/ CUNDO"},{"@type":"BreadcrumbList","@id":"https:\/\/www.em.com.br\/emfoco\/2025\/11\/18\/a-raiz-doce-que-protege-seu-estomago-contra-ulceras-e-alivia-a-queimacao\/#breadcrumb","itemListElement":[{"@type":"ListItem","position":1,"name":"In\u00edcio","item":"https:\/\/www.em.com.br\/emfoco\/"},{"@type":"ListItem","position":2,"name":"A raiz doce que protege seu est\u00f4mago contra \u00falceras e alivia a queima\u00e7\u00e3o"}]},{"@type":"WebSite","@id":"https:\/\/www.em.com.br\/emfoco\/#website","url":"https:\/\/www.em.com.br\/emfoco\/","name":"Estado de Minas - Em foco","description":"Acompanhe as \u00faltimas not\u00edcias e fique bem informado sobre tudo o que acontece em Minas Gerais, Brasil e no mundo.","potentialAction":[{"@type":"SearchAction","target":{"@type":"EntryPoint","urlTemplate":"https:\/\/www.em.com.br\/emfoco\/?s={search_term_string}"},"query-input":{"@type":"PropertyValueSpecification","valueRequired":true,"valueName":"search_term_string"}}],"inLanguage":"pt-BR"},{"@type":"Person","@id":"https:\/\/www.em.com.br\/emfoco\/#\/schema\/person\/0a8186d72f2c3a5c6276d90b41f271a0","name":"Daniely Cardoso","image":{"@type":"ImageObject","inLanguage":"pt-BR","@id":"https:\/\/www.em.com.br\/emfoco\/#\/schema\/person\/image\/","url":"https:\/\/secure.gravatar.com\/avatar\/4b80ddbd124d1f071b626d52d62e5dff?s=96&d=mm&r=g","contentUrl":"https:\/\/secure.gravatar.com\/avatar\/4b80ddbd124d1f071b626d52d62e5dff?s=96&d=mm&r=g","caption":"Daniely Cardoso"},"url":"https:\/\/www.em.com.br\/emfoco\/author\/danielymyth\/"}]}},"_links":{"self":[{"href":"https:\/\/www.em.com.br\/emfoco\/wp-json\/wp\/v2\/posts\/128427","targetHints":{"allow":["GET"]}}],"collection":[{"href":"https:\/\/www.em.com.br\/emfoco\/wp-json\/wp\/v2\/posts"}],"about":[{"href":"https:\/\/www.em.com.br\/emfoco\/wp-json\/wp\/v2\/types\/post"}],"author":[{"embeddable":true,"href":"https:\/\/www.em.com.br\/emfoco\/wp-json\/wp\/v2\/users\/9"}],"replies":[{"embeddable":true,"href":"https:\/\/www.em.com.br\/emfoco\/wp-json\/wp\/v2\/comments?post=128427"}],"version-history":[{"count":3,"href":"https:\/\/www.em.com.br\/emfoco\/wp-json\/wp\/v2\/posts\/128427\/revisions"}],"predecessor-version":[{"id":128638,"href":"https:\/\/www.em.com.br\/emfoco\/wp-json\/wp\/v2\/posts\/128427\/revisions\/128638"}],"wp:featuredmedia":[{"embeddable":true,"href":"https:\/\/www.em.com.br\/emfoco\/wp-json\/wp\/v2\/media\/128455"}],"wp:attachment":[{"href":"https:\/\/www.em.com.br\/emfoco\/wp-json\/wp\/v2\/media?parent=128427"}],"wp:term":[{"taxonomy":"category","embeddable":true,"href":"https:\/\/www.em.com.br\/emfoco\/wp-json\/wp\/v2\/categories?post=128427"},{"taxonomy":"post_tag","embeddable":true,"href":"https:\/\/www.em.com.br\/emfoco\/wp-json\/wp\/v2\/tags?post=128427"}],"curies":[{"name":"wp","href":"https:\/\/api.w.org\/{rel}","templated":true}]}}