{"id":128417,"date":"2025-11-22T16:45:00","date_gmt":"2025-11-22T19:45:00","guid":{"rendered":"https:\/\/www.em.com.br\/emfoco\/?p=128417"},"modified":"2025-11-21T18:23:15","modified_gmt":"2025-11-21T21:23:15","slug":"nao-jogue-fora-suas-chaleiras-antigas-elas-se-tornaram-um-objeto-decorativo-para-a-casa","status":"publish","type":"post","link":"https:\/\/www.em.com.br\/emfoco\/2025\/11\/22\/nao-jogue-fora-suas-chaleiras-antigas-elas-se-tornaram-um-objeto-decorativo-para-a-casa\/","title":{"rendered":"N\u00e3o jogue fora suas chaleiras antigas, elas se tornaram um objeto decorativo para a casa"},"content":{"rendered":"\n<p>As chaleiras antigas, objetos comuns em cozinhas de outros tempos, ganharam um novo papel na decora\u00e7\u00e3o contempor\u00e2nea, tornando-se itens vers\u00e1teis e despojados que agregam charme e nostalgia aos ambientes. Feitas de materiais como alum\u00ednio, ferro, cobre ou chapa, essas pe\u00e7as evocam as cozinhas de outrora e s\u00e3o perfeitas para estilos decorativos como r\u00fastico, boho, cottage, vintage e at\u00e9 industrial, promovendo tamb\u00e9m um olhar sustent\u00e1vel ao reutilizar itens antigos com criatividade.<\/p>\n\n\n\n<h2 class=\"wp-block-heading\">Como usar chaleiras antigas na decora\u00e7\u00e3o da casa<\/h2>\n\n\n\n<p>Integrar as chaleiras antigas na <a href=\"https:\/\/www.em.com.br\/emfoco\/2025\/11\/20\/arrase-na-decoracao-do-natal-com-essas-dicas-de-tendencias-para-cores-texturas-e-luzes\/\" target=\"_blank\" rel=\"noreferrer noopener\">decora\u00e7\u00e3o <\/a>n\u00e3o exige muito esfor\u00e7o, mas sim criatividade para explorar as m\u00faltiplas possibilidades que essas pe\u00e7as oferecem. Muitas pessoas se apaixonam pelo toque retr\u00f4 e pela autenticidade proporcionados por elas.<\/p>\n\n\n\n<p>Elas s\u00e3o \u00f3timas como jarr\u00f5es para flores, macetas r\u00fasticas ou at\u00e9 centros de mesa vintage. Cada uma dessas op\u00e7\u00f5es contribui de forma \u00fanica para a atmosfera do ambiente, promovendo personalidade e aconchego ao lar. Al\u00e9m disso, \u00e9 poss\u00edvel usar chaleiras como organizadores de utens\u00edlios, porta-talheres ou at\u00e9 lumin\u00e1rias, refor\u00e7ando o aspecto multifuncional dessas pe\u00e7as.<\/p>\n\n\n\n<h2 class=\"wp-block-heading\">Quais s\u00e3o as op\u00e7\u00f5es de flores e arranjos para chaleiras antigas<\/h2>\n\n\n\n<p>Uma forma encantadora de valorizar as chaleiras antigas \u00e9 transform\u00e1-las em jarr\u00f5es para arranjos de flores. A mistura de texturas entre metal e folhagem resulta em composi\u00e7\u00f5es originais e cheias de vida.<\/p>\n\n\n\n<p>Confira algumas op\u00e7\u00f5es de flores e combina\u00e7\u00f5es ideais para esse uso:<\/p>\n\n\n\n<ul class=\"wp-block-list\">\n<li>Eucalipto e <a href=\"https:\/\/minhasplantas.com.br\/plantas\/lavanda\/\" target=\"_blank\" rel=\"noreferrer noopener\">lavanda <\/a>para um aroma leve e visual delicado<\/li>\n\n\n\n<li>Mix de flores do campo para um toque natural<\/li>\n\n\n\n<li>Folhagens tropicais para ambientes modernos<\/li>\n\n\n\n<li>Girass\u00f3is ou margaridas para ambientes mais alegres e vibrantes<\/li>\n<\/ul>\n\n\n\n<figure class=\"wp-block-image size-large\"><img loading=\"lazy\" decoding=\"async\" width=\"1024\" height=\"576\" src=\"https:\/\/www.em.com.br\/emfoco\/wp-content\/uploads\/2025\/11\/Gemini_Generated_Image_ux1ou8ux1ou8ux1o-1-1024x576.png\" alt=\"\" class=\"wp-image-130277\" srcset=\"https:\/\/www.em.com.br\/emfoco\/wp-content\/uploads\/2025\/11\/Gemini_Generated_Image_ux1ou8ux1ou8ux1o-1-1024x576.png 1024w, https:\/\/www.em.com.br\/emfoco\/wp-content\/uploads\/2025\/11\/Gemini_Generated_Image_ux1ou8ux1ou8ux1o-1-300x169.png 300w, https:\/\/www.em.com.br\/emfoco\/wp-content\/uploads\/2025\/11\/Gemini_Generated_Image_ux1ou8ux1ou8ux1o-1-768x432.png 768w, https:\/\/www.em.com.br\/emfoco\/wp-content\/uploads\/2025\/11\/Gemini_Generated_Image_ux1ou8ux1ou8ux1o-1-750x422.png 750w, https:\/\/www.em.com.br\/emfoco\/wp-content\/uploads\/2025\/11\/Gemini_Generated_Image_ux1ou8ux1ou8ux1o-1-1140x641.png 1140w, https:\/\/www.em.com.br\/emfoco\/wp-content\/uploads\/2025\/11\/Gemini_Generated_Image_ux1ou8ux1ou8ux1o-1.png 1280w\" sizes=\"auto, (max-width: 1024px) 100vw, 1024px\" \/><figcaption class=\"wp-element-caption\">A chaleira mais charmosa para elevar seu ambiente<\/figcaption><\/figure>\n\n\n\n<h2 class=\"wp-block-heading\">Como reutilizar chaleiras antigas como vasos de plantas<\/h2>\n\n\n\n<p>As chaleiras antigas tamb\u00e9m podem ser reaproveitadas como macetas para suculentas, potus ou ervas arom\u00e1ticas. Basta adicionar pedras na base para garantir boa drenagem e charme r\u00fastico ao arranjo.<\/p>\n\n\n\n<p>Essas pe\u00e7as s\u00e3o ideais para decorar cozinhas, varandas ou salas de estar, trazendo verde e autenticidade para os espa\u00e7os sem perder a funcionalidade. Uma dica extra \u00e9 usar chaleiras suspensas ou fixadas em prateleiras, criando jardins verticais diferenciados.<\/p>\n\n\n\n<h2 class=\"wp-block-heading\">Chaleiras antigas servem como centros de mesa vintage?<\/h2>\n\n\n\n<p>Sem d\u00favida, as chaleiras antigas brilham usadas como centros de mesa em eventos ou reuni\u00f5es familiares. Recheadas com velas ou decora\u00e7\u00f5es tem\u00e1ticas de esta\u00e7\u00e3o, tornam-se pe\u00e7as centrais com muito estilo.<\/p>\n\n\n\n<p>Este uso al\u00e9m de ser visualmente marcante, acrescenta identidade pr\u00f3pria ao ambiente, tornando momentos especiais ainda mais memor\u00e1veis. Personalize com pequenos objetos decorativos como la\u00e7os de juta, rendas ou cercados de madeira para potencializar o efeito vintage.<\/p>\n\n\n\n<h2 class=\"wp-block-heading\">Como conservar e personalizar chaleiras antigas para a decora\u00e7\u00e3o<\/h2>\n\n\n\n<p>Manter as chaleiras bem cuidadas \u00e9 essencial para preservar seu charme e integridade. A limpeza deve ser feita com \u00e1gua morna e detergente, valorizando o desgaste natural t\u00edpico do estilo vintage.<\/p>\n\n\n\n<p>Para quem deseja personalizar, \u00e9 poss\u00edvel aplicar uma camada fina de verniz fosco ou pintar em cores como branco, preto ou cinza para um toque contempor\u00e2neo. Quem aprecia o visual mais r\u00fastico pode mant\u00ea-las em seu estado original, apenas limpas, real\u00e7ando a beleza atemporal. Outra sugest\u00e3o \u00e9 aplicar est\u00eanceis ou colagens para um toque art\u00edstico e exclusivo.<\/p>\n\n\n\n<p>A revitaliza\u00e7\u00e3o de chaleiras antigas na decora\u00e7\u00e3o moderna \u00e9 um belo exemplo de como elementos do passado podem ser incorporados ao presente, promovendo estilo, nostalgia e sustentabilidade. Essas pe\u00e7as convidam ao di\u00e1logo entre o novo e o antigo, mostrando que a decora\u00e7\u00e3o pode ser pr\u00e1tica e visualmente rica ao mesmo tempo. Al\u00e9m disso, chaleiras podem ser encontradas em brech\u00f3s, antiqu\u00e1rios ou mesmo herdadas de familiares, carregando ainda mais significado afetivo e mem\u00f3ria para a decora\u00e7\u00e3o do lar.<\/p>\n","protected":false},"excerpt":{"rendered":"<p>As chaleiras antigas, objetos comuns em cozinhas de outros tempos, ganharam um novo papel na decora\u00e7\u00e3o contempor\u00e2nea, tornando-se itens vers\u00e1teis e despojados que agregam charme e nostalgia aos ambientes. Feitas de materiais como alum\u00ednio, ferro, cobre ou chapa, essas pe\u00e7as evocam as cozinhas de outrora e s\u00e3o perfeitas para estilos decorativos como r\u00fastico, boho, cottage, [&hellip;]<\/p>\n","protected":false},"author":11,"featured_media":130276,"comment_status":"open","ping_status":"open","sticky":false,"template":"","format":"standard","meta":{"jnews-multi-image_gallery":[],"jnews_single_post":{"format":"standard"},"jnews_primary_category":[],"jnews_social_meta":[],"jnews_override_counter":[],"footnotes":""},"categories":[8819,1],"tags":[19141],"class_list":["post-128417","post","type-post","status-publish","format-standard","has-post-thumbnail","hentry","category-curiosidades","category-noticias","tag-chaleiras"],"yoast_head":"<!-- This site is optimized with the Yoast SEO plugin v23.8 - https:\/\/yoast.com\/wordpress\/plugins\/seo\/ -->\n<title>N\u00e3o jogue fora suas chaleiras antigas, elas se tornaram um objeto decorativo para a casa - Estado de Minas - Em foco<\/title>\n<meta name=\"description\" content=\"Sustent\u00e1veis e cheias de estilo, as chaleiras antigas est\u00e3o renovando casas com um toque retr\u00f4. Uma tend\u00eancia que surpreende pela versatilidade.\" \/>\n<meta name=\"robots\" content=\"index, follow, max-snippet:-1, max-image-preview:large, max-video-preview:-1\" \/>\n<link rel=\"canonical\" href=\"https:\/\/www.em.com.br\/emfoco\/2025\/11\/22\/nao-jogue-fora-suas-chaleiras-antigas-elas-se-tornaram-um-objeto-decorativo-para-a-casa\/\" \/>\n<meta property=\"og:locale\" content=\"pt_BR\" \/>\n<meta property=\"og:type\" content=\"article\" \/>\n<meta property=\"og:title\" content=\"N\u00e3o jogue fora suas chaleiras antigas, elas se tornaram um objeto decorativo para a casa - Estado de Minas - Em foco\" \/>\n<meta property=\"og:description\" content=\"Sustent\u00e1veis e cheias de estilo, as chaleiras antigas est\u00e3o renovando casas com um toque retr\u00f4. Uma tend\u00eancia que surpreende pela versatilidade.\" \/>\n<meta property=\"og:url\" content=\"https:\/\/www.em.com.br\/emfoco\/2025\/11\/22\/nao-jogue-fora-suas-chaleiras-antigas-elas-se-tornaram-um-objeto-decorativo-para-a-casa\/\" \/>\n<meta property=\"og:site_name\" content=\"Estado de Minas - Em foco\" \/>\n<meta property=\"article:published_time\" content=\"2025-11-22T19:45:00+00:00\" \/>\n<meta property=\"article:modified_time\" content=\"2025-11-21T21:23:15+00:00\" \/>\n<meta property=\"og:image\" content=\"https:\/\/www.em.com.br\/emfoco\/wp-content\/uploads\/2025\/11\/chaleiras-_1763694906220.jpg\" \/>\n\t<meta property=\"og:image:width\" content=\"1280\" \/>\n\t<meta property=\"og:image:height\" content=\"720\" \/>\n\t<meta property=\"og:image:type\" content=\"image\/jpeg\" \/>\n<meta name=\"author\" content=\"Andre\u0301 Rangel\u00a0\" \/>\n<meta name=\"twitter:card\" content=\"summary_large_image\" \/>\n<meta name=\"twitter:label1\" content=\"Escrito por\" \/>\n\t<meta name=\"twitter:data1\" content=\"Andre\u0301 Rangel\u00a0\" \/>\n\t<meta name=\"twitter:label2\" content=\"Est. tempo de leitura\" \/>\n\t<meta name=\"twitter:data2\" content=\"4 minutos\" \/>\n<!-- \/ Yoast SEO plugin. -->","yoast_head_json":{"title":"N\u00e3o jogue fora suas chaleiras antigas, elas se tornaram um objeto decorativo para a casa - Estado de Minas - Em foco","description":"Sustent\u00e1veis e cheias de estilo, as chaleiras antigas est\u00e3o renovando casas com um toque retr\u00f4. Uma tend\u00eancia que surpreende pela versatilidade.","robots":{"index":"index","follow":"follow","max-snippet":"max-snippet:-1","max-image-preview":"max-image-preview:large","max-video-preview":"max-video-preview:-1"},"canonical":"https:\/\/www.em.com.br\/emfoco\/2025\/11\/22\/nao-jogue-fora-suas-chaleiras-antigas-elas-se-tornaram-um-objeto-decorativo-para-a-casa\/","og_locale":"pt_BR","og_type":"article","og_title":"N\u00e3o jogue fora suas chaleiras antigas, elas se tornaram um objeto decorativo para a casa - Estado de Minas - Em foco","og_description":"Sustent\u00e1veis e cheias de estilo, as chaleiras antigas est\u00e3o renovando casas com um toque retr\u00f4. Uma tend\u00eancia que surpreende pela versatilidade.","og_url":"https:\/\/www.em.com.br\/emfoco\/2025\/11\/22\/nao-jogue-fora-suas-chaleiras-antigas-elas-se-tornaram-um-objeto-decorativo-para-a-casa\/","og_site_name":"Estado de Minas - Em foco","article_published_time":"2025-11-22T19:45:00+00:00","article_modified_time":"2025-11-21T21:23:15+00:00","og_image":[{"width":1280,"height":720,"url":"https:\/\/www.em.com.br\/emfoco\/wp-content\/uploads\/2025\/11\/chaleiras-_1763694906220.jpg","type":"image\/jpeg"}],"author":"Andre\u0301 Rangel\u00a0","twitter_card":"summary_large_image","twitter_misc":{"Escrito por":"Andre\u0301 Rangel\u00a0","Est. tempo de leitura":"4 minutos"},"schema":{"@context":"https:\/\/schema.org","@graph":[{"@type":"WebPage","@id":"https:\/\/www.em.com.br\/emfoco\/2025\/11\/22\/nao-jogue-fora-suas-chaleiras-antigas-elas-se-tornaram-um-objeto-decorativo-para-a-casa\/","url":"https:\/\/www.em.com.br\/emfoco\/2025\/11\/22\/nao-jogue-fora-suas-chaleiras-antigas-elas-se-tornaram-um-objeto-decorativo-para-a-casa\/","name":"N\u00e3o jogue fora suas chaleiras antigas, elas se tornaram um objeto decorativo para a casa - Estado de Minas - Em foco","isPartOf":{"@id":"https:\/\/www.em.com.br\/emfoco\/#website"},"primaryImageOfPage":{"@id":"https:\/\/www.em.com.br\/emfoco\/2025\/11\/22\/nao-jogue-fora-suas-chaleiras-antigas-elas-se-tornaram-um-objeto-decorativo-para-a-casa\/#primaryimage"},"image":{"@id":"https:\/\/www.em.com.br\/emfoco\/2025\/11\/22\/nao-jogue-fora-suas-chaleiras-antigas-elas-se-tornaram-um-objeto-decorativo-para-a-casa\/#primaryimage"},"thumbnailUrl":"https:\/\/www.em.com.br\/emfoco\/wp-content\/uploads\/2025\/11\/chaleiras-_1763694906220.jpg","datePublished":"2025-11-22T19:45:00+00:00","dateModified":"2025-11-21T21:23:15+00:00","author":{"@id":"https:\/\/www.em.com.br\/emfoco\/#\/schema\/person\/60eda09c1fedf0d6891f4cef4b60b8b8"},"description":"Sustent\u00e1veis e cheias de estilo, as chaleiras antigas est\u00e3o renovando casas com um toque retr\u00f4. Uma tend\u00eancia que surpreende pela versatilidade.","breadcrumb":{"@id":"https:\/\/www.em.com.br\/emfoco\/2025\/11\/22\/nao-jogue-fora-suas-chaleiras-antigas-elas-se-tornaram-um-objeto-decorativo-para-a-casa\/#breadcrumb"},"inLanguage":"pt-BR","potentialAction":[{"@type":"ReadAction","target":["https:\/\/www.em.com.br\/emfoco\/2025\/11\/22\/nao-jogue-fora-suas-chaleiras-antigas-elas-se-tornaram-um-objeto-decorativo-para-a-casa\/"]}]},{"@type":"ImageObject","inLanguage":"pt-BR","@id":"https:\/\/www.em.com.br\/emfoco\/2025\/11\/22\/nao-jogue-fora-suas-chaleiras-antigas-elas-se-tornaram-um-objeto-decorativo-para-a-casa\/#primaryimage","url":"https:\/\/www.em.com.br\/emfoco\/wp-content\/uploads\/2025\/11\/chaleiras-_1763694906220.jpg","contentUrl":"https:\/\/www.em.com.br\/emfoco\/wp-content\/uploads\/2025\/11\/chaleiras-_1763694906220.jpg","width":1280,"height":720,"caption":"A pe\u00e7a esquecida que vira estrela na decora\u00e7\u00e3o - Cr\u00e9ditos: depositphotos.com \/ InnaReznik"},{"@type":"BreadcrumbList","@id":"https:\/\/www.em.com.br\/emfoco\/2025\/11\/22\/nao-jogue-fora-suas-chaleiras-antigas-elas-se-tornaram-um-objeto-decorativo-para-a-casa\/#breadcrumb","itemListElement":[{"@type":"ListItem","position":1,"name":"In\u00edcio","item":"https:\/\/www.em.com.br\/emfoco\/"},{"@type":"ListItem","position":2,"name":"N\u00e3o jogue fora suas chaleiras antigas, elas se tornaram um objeto decorativo para a casa"}]},{"@type":"WebSite","@id":"https:\/\/www.em.com.br\/emfoco\/#website","url":"https:\/\/www.em.com.br\/emfoco\/","name":"Estado de Minas - Em foco","description":"Acompanhe as \u00faltimas not\u00edcias e fique bem informado sobre tudo o que acontece em Minas Gerais, Brasil e no mundo.","potentialAction":[{"@type":"SearchAction","target":{"@type":"EntryPoint","urlTemplate":"https:\/\/www.em.com.br\/emfoco\/?s={search_term_string}"},"query-input":{"@type":"PropertyValueSpecification","valueRequired":true,"valueName":"search_term_string"}}],"inLanguage":"pt-BR"},{"@type":"Person","@id":"https:\/\/www.em.com.br\/emfoco\/#\/schema\/person\/60eda09c1fedf0d6891f4cef4b60b8b8","name":"Andre\u0301 Rangel\u00a0","image":{"@type":"ImageObject","inLanguage":"pt-BR","@id":"https:\/\/www.em.com.br\/emfoco\/#\/schema\/person\/image\/","url":"https:\/\/secure.gravatar.com\/avatar\/6234dc814c77c8ef6d8bba622c787efc?s=96&d=mm&r=g","contentUrl":"https:\/\/secure.gravatar.com\/avatar\/6234dc814c77c8ef6d8bba622c787efc?s=96&d=mm&r=g","caption":"Andre\u0301 Rangel\u00a0"},"url":"https:\/\/www.em.com.br\/emfoco\/author\/luizmyth\/"}]}},"_links":{"self":[{"href":"https:\/\/www.em.com.br\/emfoco\/wp-json\/wp\/v2\/posts\/128417","targetHints":{"allow":["GET"]}}],"collection":[{"href":"https:\/\/www.em.com.br\/emfoco\/wp-json\/wp\/v2\/posts"}],"about":[{"href":"https:\/\/www.em.com.br\/emfoco\/wp-json\/wp\/v2\/types\/post"}],"author":[{"embeddable":true,"href":"https:\/\/www.em.com.br\/emfoco\/wp-json\/wp\/v2\/users\/11"}],"replies":[{"embeddable":true,"href":"https:\/\/www.em.com.br\/emfoco\/wp-json\/wp\/v2\/comments?post=128417"}],"version-history":[{"count":3,"href":"https:\/\/www.em.com.br\/emfoco\/wp-json\/wp\/v2\/posts\/128417\/revisions"}],"predecessor-version":[{"id":130278,"href":"https:\/\/www.em.com.br\/emfoco\/wp-json\/wp\/v2\/posts\/128417\/revisions\/130278"}],"wp:featuredmedia":[{"embeddable":true,"href":"https:\/\/www.em.com.br\/emfoco\/wp-json\/wp\/v2\/media\/130276"}],"wp:attachment":[{"href":"https:\/\/www.em.com.br\/emfoco\/wp-json\/wp\/v2\/media?parent=128417"}],"wp:term":[{"taxonomy":"category","embeddable":true,"href":"https:\/\/www.em.com.br\/emfoco\/wp-json\/wp\/v2\/categories?post=128417"},{"taxonomy":"post_tag","embeddable":true,"href":"https:\/\/www.em.com.br\/emfoco\/wp-json\/wp\/v2\/tags?post=128417"}],"curies":[{"name":"wp","href":"https:\/\/api.w.org\/{rel}","templated":true}]}}