{"id":128355,"date":"2025-11-22T19:25:00","date_gmt":"2025-11-22T22:25:00","guid":{"rendered":"https:\/\/www.em.com.br\/emfoco\/?p=128355"},"modified":"2025-11-21T18:26:09","modified_gmt":"2025-11-21T21:26:09","slug":"como-preparar-a-buganvilia-em-novembro-para-atingir-seu-auge-na-primavera-e-no-verao","status":"publish","type":"post","link":"https:\/\/www.em.com.br\/emfoco\/2025\/11\/22\/como-preparar-a-buganvilia-em-novembro-para-atingir-seu-auge-na-primavera-e-no-verao\/","title":{"rendered":"Como preparar a buganv\u00edlia em novembro para atingir seu auge na primavera e no ver\u00e3o"},"content":{"rendered":"\n<p>A&nbsp;<strong>buganv\u00edlia<\/strong>, conhecida cientificamente como&nbsp;<em>Bougainvillea<\/em>, \u00e9 uma planta trepadeira admirada por suas cores vibrantes, trazendo vida e alegria a jardins, terra\u00e7os e espa\u00e7os externos, especialmente em regi\u00f5es com climas quentes e temperados no final da primavera e in\u00edcio do ver\u00e3o.<\/p>\n\n\n\n<h2 class=\"wp-block-heading\">Como cultivar buganv\u00edlias adequadamente no Brasil em novembro<\/h2>\n\n\n\n<p>Cultivar\u00a0<a href=\"https:\/\/br.pinterest.com\/alandim2\/bougainvillea\/\" target=\"_blank\" rel=\"noreferrer noopener\"><strong>buganv\u00edlias<\/strong>\u00a0<\/a>durante novembro requer pequenas adapta\u00e7\u00f5es devido \u00e0 diversidade clim\u00e1tica do pa\u00eds, que possui regi\u00f5es com temperaturas normalmente variando entre 20\u00b0C e 35\u00b0C, especialmente no Sudeste, Centro-Oeste e Nordeste. O sol forte e, em algumas \u00e1reas, chuvas frequentes, tornam fundamental ajustar a frequ\u00eancia de irriga\u00e7\u00e3o e, em regi\u00f5es onde o calor \u00e9 mais intenso, fornecer sombra parcial durante as horas mais quentes do dia pode ser ben\u00e9fico.<\/p>\n\n\n\n<p>Nesse per\u00edodo, as plantas costumam apresentar crescimento expressivo e florescem com exuber\u00e2ncia, atraindo olhares de quem aprecia jardinagem. O acompanhamento frequente \u00e9 essencial para garantir os melhores resultados, pois algumas regi\u00f5es do Brasil podem apresentar altas precipita\u00e7\u00f5es, enquanto outras tendem \u00e0 seca.<\/p>\n\n\n\n<h2 class=\"wp-block-heading\">Quais s\u00e3o os principais cuidados com a buganv\u00edlia no Brasil em novembro<\/h2>\n\n\n\n<p>Durante novembro, ajustar a rega das\u00a0<strong>buganv\u00edlias<\/strong>\u00a0\u00e9 essencial, devido ao aumento das temperaturas e poss\u00edveis varia\u00e7\u00f5es de chuvas. Recomenda-se regar uma vez por semana em regi\u00f5es mais \u00famidas, ou at\u00e9 duas vezes por semana em regi\u00f5es secas, ou quando cultivadas em <a href=\"https:\/\/www.em.com.br\/emfoco\/2025\/11\/18\/como-plantar-pitangas-em-vasos-e-ter-frutas-frescas-mesmo-em-pequenos-espacos\/\" target=\"_blank\" rel=\"noreferrer noopener\">vasos<\/a>, sempre verificando se a camada superior da terra est\u00e1 seca antes de regar novamente.<\/p>\n\n\n\n<figure class=\"wp-block-image size-large\"><img loading=\"lazy\" decoding=\"async\" width=\"1024\" height=\"576\" src=\"https:\/\/www.em.com.br\/emfoco\/wp-content\/uploads\/2025\/11\/buganvilia_1763695162644-1024x576.jpg\" alt=\"\" class=\"wp-image-130280\" srcset=\"https:\/\/www.em.com.br\/emfoco\/wp-content\/uploads\/2025\/11\/buganvilia_1763695162644-1024x576.jpg 1024w, https:\/\/www.em.com.br\/emfoco\/wp-content\/uploads\/2025\/11\/buganvilia_1763695162644-300x169.jpg 300w, https:\/\/www.em.com.br\/emfoco\/wp-content\/uploads\/2025\/11\/buganvilia_1763695162644-768x432.jpg 768w, https:\/\/www.em.com.br\/emfoco\/wp-content\/uploads\/2025\/11\/buganvilia_1763695162644-750x422.jpg 750w, https:\/\/www.em.com.br\/emfoco\/wp-content\/uploads\/2025\/11\/buganvilia_1763695162644-1140x641.jpg 1140w, https:\/\/www.em.com.br\/emfoco\/wp-content\/uploads\/2025\/11\/buganvilia_1763695162644.jpg 1280w\" sizes=\"auto, (max-width: 1024px) 100vw, 1024px\" \/><figcaption class=\"wp-element-caption\">A queridinha da jardinagem que explode no calor &#8211; Cr\u00e9ditos: depositphotos.com \/ jirousek.zoo-foto.cz<\/figcaption><\/figure>\n\n\n\n<p>Para manter a planta saud\u00e1vel e otimizar seus cuidados neste per\u00edodo, considere as seguintes recomenda\u00e7\u00f5es:<\/p>\n\n\n\n<ul class=\"wp-block-list\">\n<li>Evite molhar folhas e flores para prevenir doen\u00e7as f\u00fangicas, principalmente em regi\u00f5es de clima \u00famido.<\/li>\n\n\n\n<li>Utilize cobertura morta para manter a umidade e evitar ervas daninhas, especialmente em locais quentes e secos.<\/li>\n\n\n\n<li>Fa\u00e7a podas leves para remover ramos secos e direcionar o crescimento.<\/li>\n<\/ul>\n\n\n\n<h2 class=\"wp-block-heading\">Como fornecer aduba\u00e7\u00e3o e luz solar adequadas<\/h2>\n\n\n\n<p>As&nbsp;<strong>buganv\u00edlias<\/strong>&nbsp;apreciam aduba\u00e7\u00e3o moderada durante os meses de desenvolvimento, sendo recomend\u00e1vel aplicar um adubo equilibrado a cada quatro semanas. Evite excesso de nutrientes, pois isso pode prejudicar a sa\u00fade da planta. No Brasil, adubos org\u00e2nicos ou NPK balanceado s\u00e3o bastante utilizados por jardineiros amadores e profissionais.<\/p>\n\n\n\n<p>Deixe-as em locais com alta exposi\u00e7\u00e3o solar, j\u00e1 que a luz solar direta \u00e9 essencial para uma flora\u00e7\u00e3o vigorosa, seja em jardins, muros, cercas ou terra\u00e7os. Em algumas regi\u00f5es muito quentes, uma leve sombra no per\u00edodo da tarde pode ajudar a evitar o ressecamento excessivo.<\/p>\n\n\n\n<h2 class=\"wp-block-heading\">Quais s\u00e3o as cores e esp\u00e9cies mais populares de buganv\u00edlia<\/h2>\n\n\n\n<p>O universo das&nbsp;<strong>buganv\u00edlias<\/strong>&nbsp;apresenta ampla variedade, com cerca de 300 esp\u00e9cies e diferentes tons e formas. As cores mais comuns v\u00e3o do roxo e vermelho ao rosa, laranja e branco, incluindo op\u00e7\u00f5es com flores simples ou dobradas.<\/p>\n\n\n\n<p>Entre as esp\u00e9cies populares que proporcionam paisagismo diverso e marcante est\u00e3o Raspberry Ice, Purple Queen, Golden Jackpot e Rainbow Gold, cada uma com seu charme. No Brasil, a Bougainvillea glabra e a Bougainvillea spectabilis s\u00e3o especialmente cultivadas e muito bem adaptadas ao clima do pa\u00eds, sendo frequentemente vistas em ambientes urbanos e rurais.<\/p>\n\n\n\n<p>Em resumo, cuidar de uma&nbsp;<strong>buganv\u00edlia<\/strong> em novembro demanda aten\u00e7\u00e3o \u00e0 rega ajustada ao clima da regi\u00e3o, exposi\u00e7\u00e3o solar abundante e aduba\u00e7\u00e3o moderada, al\u00e9m de podas e manejo preventivo. Com esses cuidados, a planta pode enriquecer qualquer espa\u00e7o com sua vivacidade e cores impressionantes.<\/p>\n","protected":false},"excerpt":{"rendered":"<p>A&nbsp;buganv\u00edlia, conhecida cientificamente como&nbsp;Bougainvillea, \u00e9 uma planta trepadeira admirada por suas cores vibrantes, trazendo vida e alegria a jardins, terra\u00e7os e espa\u00e7os externos, especialmente em regi\u00f5es com climas quentes e temperados no final da primavera e in\u00edcio do ver\u00e3o. Como cultivar buganv\u00edlias adequadamente no Brasil em novembro Cultivar\u00a0buganv\u00edlias\u00a0durante novembro requer pequenas adapta\u00e7\u00f5es devido \u00e0 diversidade [&hellip;]<\/p>\n","protected":false},"author":11,"featured_media":130279,"comment_status":"open","ping_status":"open","sticky":false,"template":"","format":"standard","meta":{"jnews-multi-image_gallery":[],"jnews_single_post":{"format":"standard"},"jnews_primary_category":[],"jnews_social_meta":[],"jnews_override_counter":[],"footnotes":""},"categories":[8819,1],"tags":[19158,3357,3324],"class_list":["post-128355","post","type-post","status-publish","format-standard","has-post-thumbnail","hentry","category-curiosidades","category-noticias","tag-buganvilias","tag-flores","tag-plantas"],"yoast_head":"<!-- This site is optimized with the Yoast SEO plugin v23.8 - https:\/\/yoast.com\/wordpress\/plugins\/seo\/ -->\n<title>Como preparar a buganv\u00edlia em novembro para atingir seu auge na primavera e no ver\u00e3o - Estado de Minas - Em foco<\/title>\n<meta name=\"description\" content=\"Para manter buganv\u00edlias exuberantes em novembro, \u00e9 preciso aten\u00e7\u00e3o \u00e0 \u00e1gua, luz e aduba\u00e7\u00e3o. Elas iluminam jardins com cores intensas.\" \/>\n<meta name=\"robots\" content=\"index, follow, max-snippet:-1, max-image-preview:large, max-video-preview:-1\" \/>\n<link rel=\"canonical\" href=\"https:\/\/www.em.com.br\/emfoco\/2025\/11\/22\/como-preparar-a-buganvilia-em-novembro-para-atingir-seu-auge-na-primavera-e-no-verao\/\" \/>\n<meta property=\"og:locale\" content=\"pt_BR\" \/>\n<meta property=\"og:type\" content=\"article\" \/>\n<meta property=\"og:title\" content=\"Como preparar a buganv\u00edlia em novembro para atingir seu auge na primavera e no ver\u00e3o - Estado de Minas - Em foco\" \/>\n<meta property=\"og:description\" content=\"Para manter buganv\u00edlias exuberantes em novembro, \u00e9 preciso aten\u00e7\u00e3o \u00e0 \u00e1gua, luz e aduba\u00e7\u00e3o. Elas iluminam jardins com cores intensas.\" \/>\n<meta property=\"og:url\" content=\"https:\/\/www.em.com.br\/emfoco\/2025\/11\/22\/como-preparar-a-buganvilia-em-novembro-para-atingir-seu-auge-na-primavera-e-no-verao\/\" \/>\n<meta property=\"og:site_name\" content=\"Estado de Minas - Em foco\" \/>\n<meta property=\"article:published_time\" content=\"2025-11-22T22:25:00+00:00\" \/>\n<meta property=\"article:modified_time\" content=\"2025-11-21T21:26:09+00:00\" \/>\n<meta property=\"og:image\" content=\"https:\/\/www.em.com.br\/emfoco\/wp-content\/uploads\/2025\/11\/buganvilia_1763695126582.jpg\" \/>\n\t<meta property=\"og:image:width\" content=\"1280\" \/>\n\t<meta property=\"og:image:height\" content=\"720\" \/>\n\t<meta property=\"og:image:type\" content=\"image\/jpeg\" \/>\n<meta name=\"author\" content=\"Andre\u0301 Rangel\u00a0\" \/>\n<meta name=\"twitter:card\" content=\"summary_large_image\" \/>\n<meta name=\"twitter:label1\" content=\"Escrito por\" \/>\n\t<meta name=\"twitter:data1\" content=\"Andre\u0301 Rangel\u00a0\" \/>\n\t<meta name=\"twitter:label2\" content=\"Est. tempo de leitura\" \/>\n\t<meta name=\"twitter:data2\" content=\"4 minutos\" \/>\n<!-- \/ Yoast SEO plugin. -->","yoast_head_json":{"title":"Como preparar a buganv\u00edlia em novembro para atingir seu auge na primavera e no ver\u00e3o - Estado de Minas - Em foco","description":"Para manter buganv\u00edlias exuberantes em novembro, \u00e9 preciso aten\u00e7\u00e3o \u00e0 \u00e1gua, luz e aduba\u00e7\u00e3o. Elas iluminam jardins com cores intensas.","robots":{"index":"index","follow":"follow","max-snippet":"max-snippet:-1","max-image-preview":"max-image-preview:large","max-video-preview":"max-video-preview:-1"},"canonical":"https:\/\/www.em.com.br\/emfoco\/2025\/11\/22\/como-preparar-a-buganvilia-em-novembro-para-atingir-seu-auge-na-primavera-e-no-verao\/","og_locale":"pt_BR","og_type":"article","og_title":"Como preparar a buganv\u00edlia em novembro para atingir seu auge na primavera e no ver\u00e3o - Estado de Minas - Em foco","og_description":"Para manter buganv\u00edlias exuberantes em novembro, \u00e9 preciso aten\u00e7\u00e3o \u00e0 \u00e1gua, luz e aduba\u00e7\u00e3o. Elas iluminam jardins com cores intensas.","og_url":"https:\/\/www.em.com.br\/emfoco\/2025\/11\/22\/como-preparar-a-buganvilia-em-novembro-para-atingir-seu-auge-na-primavera-e-no-verao\/","og_site_name":"Estado de Minas - Em foco","article_published_time":"2025-11-22T22:25:00+00:00","article_modified_time":"2025-11-21T21:26:09+00:00","og_image":[{"width":1280,"height":720,"url":"https:\/\/www.em.com.br\/emfoco\/wp-content\/uploads\/2025\/11\/buganvilia_1763695126582.jpg","type":"image\/jpeg"}],"author":"Andre\u0301 Rangel\u00a0","twitter_card":"summary_large_image","twitter_misc":{"Escrito por":"Andre\u0301 Rangel\u00a0","Est. tempo de leitura":"4 minutos"},"schema":{"@context":"https:\/\/schema.org","@graph":[{"@type":"WebPage","@id":"https:\/\/www.em.com.br\/emfoco\/2025\/11\/22\/como-preparar-a-buganvilia-em-novembro-para-atingir-seu-auge-na-primavera-e-no-verao\/","url":"https:\/\/www.em.com.br\/emfoco\/2025\/11\/22\/como-preparar-a-buganvilia-em-novembro-para-atingir-seu-auge-na-primavera-e-no-verao\/","name":"Como preparar a buganv\u00edlia em novembro para atingir seu auge na primavera e no ver\u00e3o - Estado de Minas - Em foco","isPartOf":{"@id":"https:\/\/www.em.com.br\/emfoco\/#website"},"primaryImageOfPage":{"@id":"https:\/\/www.em.com.br\/emfoco\/2025\/11\/22\/como-preparar-a-buganvilia-em-novembro-para-atingir-seu-auge-na-primavera-e-no-verao\/#primaryimage"},"image":{"@id":"https:\/\/www.em.com.br\/emfoco\/2025\/11\/22\/como-preparar-a-buganvilia-em-novembro-para-atingir-seu-auge-na-primavera-e-no-verao\/#primaryimage"},"thumbnailUrl":"https:\/\/www.em.com.br\/emfoco\/wp-content\/uploads\/2025\/11\/buganvilia_1763695126582.jpg","datePublished":"2025-11-22T22:25:00+00:00","dateModified":"2025-11-21T21:26:09+00:00","author":{"@id":"https:\/\/www.em.com.br\/emfoco\/#\/schema\/person\/60eda09c1fedf0d6891f4cef4b60b8b8"},"description":"Para manter buganv\u00edlias exuberantes em novembro, \u00e9 preciso aten\u00e7\u00e3o \u00e0 \u00e1gua, luz e aduba\u00e7\u00e3o. Elas iluminam jardins com cores intensas.","breadcrumb":{"@id":"https:\/\/www.em.com.br\/emfoco\/2025\/11\/22\/como-preparar-a-buganvilia-em-novembro-para-atingir-seu-auge-na-primavera-e-no-verao\/#breadcrumb"},"inLanguage":"pt-BR","potentialAction":[{"@type":"ReadAction","target":["https:\/\/www.em.com.br\/emfoco\/2025\/11\/22\/como-preparar-a-buganvilia-em-novembro-para-atingir-seu-auge-na-primavera-e-no-verao\/"]}]},{"@type":"ImageObject","inLanguage":"pt-BR","@id":"https:\/\/www.em.com.br\/emfoco\/2025\/11\/22\/como-preparar-a-buganvilia-em-novembro-para-atingir-seu-auge-na-primavera-e-no-verao\/#primaryimage","url":"https:\/\/www.em.com.br\/emfoco\/wp-content\/uploads\/2025\/11\/buganvilia_1763695126582.jpg","contentUrl":"https:\/\/www.em.com.br\/emfoco\/wp-content\/uploads\/2025\/11\/buganvilia_1763695126582.jpg","width":1280,"height":720,"caption":"A planta vibrante que transforma qualquer jardim - Cr\u00e9ditos: depositphotos.com \/ monysasi"},{"@type":"BreadcrumbList","@id":"https:\/\/www.em.com.br\/emfoco\/2025\/11\/22\/como-preparar-a-buganvilia-em-novembro-para-atingir-seu-auge-na-primavera-e-no-verao\/#breadcrumb","itemListElement":[{"@type":"ListItem","position":1,"name":"In\u00edcio","item":"https:\/\/www.em.com.br\/emfoco\/"},{"@type":"ListItem","position":2,"name":"Como preparar a buganv\u00edlia em novembro para atingir seu auge na primavera e no ver\u00e3o"}]},{"@type":"WebSite","@id":"https:\/\/www.em.com.br\/emfoco\/#website","url":"https:\/\/www.em.com.br\/emfoco\/","name":"Estado de Minas - Em foco","description":"Acompanhe as \u00faltimas not\u00edcias e fique bem informado sobre tudo o que acontece em Minas Gerais, Brasil e no mundo.","potentialAction":[{"@type":"SearchAction","target":{"@type":"EntryPoint","urlTemplate":"https:\/\/www.em.com.br\/emfoco\/?s={search_term_string}"},"query-input":{"@type":"PropertyValueSpecification","valueRequired":true,"valueName":"search_term_string"}}],"inLanguage":"pt-BR"},{"@type":"Person","@id":"https:\/\/www.em.com.br\/emfoco\/#\/schema\/person\/60eda09c1fedf0d6891f4cef4b60b8b8","name":"Andre\u0301 Rangel\u00a0","image":{"@type":"ImageObject","inLanguage":"pt-BR","@id":"https:\/\/www.em.com.br\/emfoco\/#\/schema\/person\/image\/","url":"https:\/\/secure.gravatar.com\/avatar\/6234dc814c77c8ef6d8bba622c787efc?s=96&d=mm&r=g","contentUrl":"https:\/\/secure.gravatar.com\/avatar\/6234dc814c77c8ef6d8bba622c787efc?s=96&d=mm&r=g","caption":"Andre\u0301 Rangel\u00a0"},"url":"https:\/\/www.em.com.br\/emfoco\/author\/luizmyth\/"}]}},"_links":{"self":[{"href":"https:\/\/www.em.com.br\/emfoco\/wp-json\/wp\/v2\/posts\/128355","targetHints":{"allow":["GET"]}}],"collection":[{"href":"https:\/\/www.em.com.br\/emfoco\/wp-json\/wp\/v2\/posts"}],"about":[{"href":"https:\/\/www.em.com.br\/emfoco\/wp-json\/wp\/v2\/types\/post"}],"author":[{"embeddable":true,"href":"https:\/\/www.em.com.br\/emfoco\/wp-json\/wp\/v2\/users\/11"}],"replies":[{"embeddable":true,"href":"https:\/\/www.em.com.br\/emfoco\/wp-json\/wp\/v2\/comments?post=128355"}],"version-history":[{"count":3,"href":"https:\/\/www.em.com.br\/emfoco\/wp-json\/wp\/v2\/posts\/128355\/revisions"}],"predecessor-version":[{"id":130281,"href":"https:\/\/www.em.com.br\/emfoco\/wp-json\/wp\/v2\/posts\/128355\/revisions\/130281"}],"wp:featuredmedia":[{"embeddable":true,"href":"https:\/\/www.em.com.br\/emfoco\/wp-json\/wp\/v2\/media\/130279"}],"wp:attachment":[{"href":"https:\/\/www.em.com.br\/emfoco\/wp-json\/wp\/v2\/media?parent=128355"}],"wp:term":[{"taxonomy":"category","embeddable":true,"href":"https:\/\/www.em.com.br\/emfoco\/wp-json\/wp\/v2\/categories?post=128355"},{"taxonomy":"post_tag","embeddable":true,"href":"https:\/\/www.em.com.br\/emfoco\/wp-json\/wp\/v2\/tags?post=128355"}],"curies":[{"name":"wp","href":"https:\/\/api.w.org\/{rel}","templated":true}]}}