{"id":128351,"date":"2025-11-22T16:05:00","date_gmt":"2025-11-22T19:05:00","guid":{"rendered":"https:\/\/www.em.com.br\/emfoco\/?p=128351"},"modified":"2025-11-21T18:23:04","modified_gmt":"2025-11-21T21:23:04","slug":"o-nome-curto-e-romano-que-esta-bombando-na-argentina-e-surpreende-por-sua-conexao-com-harry-potter","status":"publish","type":"post","link":"https:\/\/www.em.com.br\/emfoco\/2025\/11\/22\/o-nome-curto-e-romano-que-esta-bombando-na-argentina-e-surpreende-por-sua-conexao-com-harry-potter\/","title":{"rendered":"O nome curto e romano que est\u00e1 bombando na Argentina e surpreende por sua conex\u00e3o com Harry Potter"},"content":{"rendered":"\n<p><strong>Albus<\/strong>&nbsp;\u00e9 um nome not\u00e1vel por sua rica hist\u00f3ria e simbolismo cultural. De origem latina, ele significa &#8220;branco&#8221;, &#8220;luminoso&#8221; ou &#8220;brilhante&#8221;, sendo usado na Roma Antiga para descrever pureza e nobreza. O nome evoca um brilho suave e calmante, diferente de &#8220;Candidus&#8221;, que implicava um branco radiante. Em termos culturais e hist\u00f3ricos, &#8220;Albus&#8221; aparecia tanto para descrever fen\u00f4menos naturais quanto para distinguir linhagens e fam\u00edlias patr\u00edcias importantes.<\/p>\n\n\n\n<h2 class=\"wp-block-heading\">O uso do nome Albus na hist\u00f3ria romana<\/h2>\n\n\n\n<p>O nome\u00a0<strong>Aulus Postumius Albus<\/strong>, respeitado c\u00f4nsul do s\u00e9culo V a.C., \u00e9 um exemplo de como o <a href=\"https:\/\/www.em.com.br\/emfoco\/2025\/07\/06\/veja-o-que-o-seu-sobrenome-diz-sobre-seus-antepassados\/\" target=\"_blank\" rel=\"noreferrer noopener\">sobrenome <\/a>era utilizado na Roma Antiga. Ele ganhou destaque por seu papel crucial na primeira guerra contra os latinos e como l\u00edder durante o in\u00edcio da Rep\u00fablica.<\/p>\n\n\n\n<p>Essa conex\u00e3o com figuras hist\u00f3ricas destaca a import\u00e2ncia cultural de &#8220;Albus&#8221; como s\u00edmbolo de lideran\u00e7a e clareza. Essas caracter\u00edsticas ajudaram o nome a atravessar s\u00e9culos de hist\u00f3ria.<\/p>\n\n\n\n<h2 class=\"wp-block-heading\">Por que o nome Albus se tornou t\u00e3o popular na Argentina<\/h2>\n\n\n\n<p>Na Argentina,&nbsp;<strong>Albus<\/strong>&nbsp;est\u00e1 entre os nomes mais populares para beb\u00eas, sinalizando uma tend\u00eancia moderna de resgatar nomes de origem romana. Sua sonoridade breve e aura serena conquistam muitos pais atualmente.<\/p>\n\n\n\n<figure class=\"wp-block-image\"><img decoding=\"async\" src=\"https:\/\/www.em.com.br\/emfoco\/wp-content\/uploads\/2025\/05\/bebes_1748617542915-1024x576.jpg\" alt=\"\"\/><figcaption class=\"wp-element-caption\">Lindos nomes de beb\u00ea &#8211; Cr\u00e9ditos: depositphotos.com \/ oksanka_2<\/figcaption><\/figure>\n\n\n\n<p>Entre os principais motivos para essa popularidade, vale destacar:<\/p>\n\n\n\n<ul class=\"wp-block-list\">\n<li>Conex\u00e3o com tradi\u00e7\u00f5es hist\u00f3ricas que transmitem prest\u00edgio e profundidade cultural<\/li>\n\n\n\n<li>Influ\u00eancia de personagens famosos na m\u00eddia contempor\u00e2nea<\/li>\n\n\n\n<li>Facilidade de pron\u00fancia e significado positivo associado \u00e0 luz e pureza<\/li>\n<\/ul>\n\n\n\n<h2 class=\"wp-block-heading\">Entenda a rela\u00e7\u00e3o entre Albus e Harry Potter<\/h2>\n\n\n\n<p>Na cultura popular recente, o nome\u00a0<a href=\"https:\/\/harrypotter.fandom.com\/wiki\/Albus_Dumbledore\" target=\"_blank\" rel=\"noreferrer noopener\"><strong>Albus Dumbledore<\/strong>\u00a0<\/a>se tornou conhecido mundialmente gra\u00e7as \u00e0 s\u00e9rie &#8220;Harry Potter&#8221;, criada por\u00a0<strong>J.K. Rowling<\/strong>. Esse personagem \u00e9 s\u00edmbolo de sabedoria, lideran\u00e7a e integridade, caracter\u00edsticas que valorizam ainda mais o nome.<\/p>\n\n\n\n<p>A forte presen\u00e7a do personagem na literatura e no cinema aumentou a procura por este nome, tornando-o ainda mais relevante e admirado pelas novas gera\u00e7\u00f5es.<\/p>\n\n\n\n<h2 class=\"wp-block-heading\">Como tradi\u00e7\u00e3o e tend\u00eancias de moda influenciam a escolha de nomes atualmente<\/h2>\n\n\n\n<p>A escolha de nomes para beb\u00eas envolve tradi\u00e7\u00e3o, tend\u00eancias e influ\u00eancias culturais modernas. Nomes como &#8220;Albus&#8221; vivem um renascimento pela profundidade hist\u00f3rico-cultural que oferecem.<\/p>\n\n\n\n<p>Quando tend\u00eancias midi\u00e1ticas e narrativas modernas se unem \u00e0 tradi\u00e7\u00e3o, nomes como &#8220;Albus&#8221; tornam-se op\u00e7\u00f5es simultaneamente cl\u00e1ssicas e contempor\u00e2neas.<\/p>\n\n\n\n<p>Embora&nbsp;<strong>Albus<\/strong>&nbsp;tenha ra\u00edzes na hist\u00f3ria antiga, seu uso em novas narrativas demonstra como nomes podem atravessar eras, ganhando novos sentidos e mantendo import\u00e2ncia nas culturas em mudan\u00e7a. Em tempos de globaliza\u00e7\u00e3o cultural, essa adaptabilidade refor\u00e7a a relev\u00e2ncia cont\u00ednua de nomes hist\u00f3ricos.<\/p>\n","protected":false},"excerpt":{"rendered":"<p>Albus&nbsp;\u00e9 um nome not\u00e1vel por sua rica hist\u00f3ria e simbolismo cultural. De origem latina, ele significa &#8220;branco&#8221;, &#8220;luminoso&#8221; ou &#8220;brilhante&#8221;, sendo usado na Roma Antiga para descrever pureza e nobreza. O nome evoca um brilho suave e calmante, diferente de &#8220;Candidus&#8221;, que implicava um branco radiante. Em termos culturais e hist\u00f3ricos, &#8220;Albus&#8221; aparecia tanto para [&hellip;]<\/p>\n","protected":false},"author":11,"featured_media":43929,"comment_status":"open","ping_status":"open","sticky":false,"template":"","format":"standard","meta":{"jnews-multi-image_gallery":[],"jnews_single_post":{"format":"standard"},"jnews_primary_category":[],"jnews_social_meta":[],"jnews_override_counter":[],"footnotes":""},"categories":[8819,1],"tags":[7359,3151,2134],"class_list":["post-128351","post","type-post","status-publish","format-standard","has-post-thumbnail","hentry","category-curiosidades","category-noticias","tag-bebe","tag-harry-potter","tag-nome"],"yoast_head":"<!-- This site is optimized with the Yoast SEO plugin v23.8 - https:\/\/yoast.com\/wordpress\/plugins\/seo\/ -->\n<title>O nome curto e romano que est\u00e1 bombando na Argentina e surpreende por sua conex\u00e3o com Harry Potter - Estado de Minas - Em foco<\/title>\n<meta name=\"description\" content=\"Com hist\u00f3ria antiga e for\u00e7a renovada, Albus virou tend\u00eancia entre pais argentinos. O nome carrega luz, serenidade e um charme que surpreende.\" \/>\n<meta name=\"robots\" content=\"index, follow, max-snippet:-1, max-image-preview:large, max-video-preview:-1\" \/>\n<link rel=\"canonical\" href=\"https:\/\/www.em.com.br\/emfoco\/2025\/11\/22\/o-nome-curto-e-romano-que-esta-bombando-na-argentina-e-surpreende-por-sua-conexao-com-harry-potter\/\" \/>\n<meta property=\"og:locale\" content=\"pt_BR\" \/>\n<meta property=\"og:type\" content=\"article\" \/>\n<meta property=\"og:title\" content=\"O nome curto e romano que est\u00e1 bombando na Argentina e surpreende por sua conex\u00e3o com Harry Potter - Estado de Minas - Em foco\" \/>\n<meta property=\"og:description\" content=\"Com hist\u00f3ria antiga e for\u00e7a renovada, Albus virou tend\u00eancia entre pais argentinos. O nome carrega luz, serenidade e um charme que surpreende.\" \/>\n<meta property=\"og:url\" content=\"https:\/\/www.em.com.br\/emfoco\/2025\/11\/22\/o-nome-curto-e-romano-que-esta-bombando-na-argentina-e-surpreende-por-sua-conexao-com-harry-potter\/\" \/>\n<meta property=\"og:site_name\" content=\"Estado de Minas - Em foco\" \/>\n<meta property=\"article:published_time\" content=\"2025-11-22T19:05:00+00:00\" \/>\n<meta property=\"article:modified_time\" content=\"2025-11-21T21:23:04+00:00\" \/>\n<meta property=\"og:image\" content=\"https:\/\/www.em.com.br\/emfoco\/wp-content\/uploads\/2025\/05\/pe-bebe_1746216391575.jpg\" \/>\n\t<meta property=\"og:image:width\" content=\"1280\" \/>\n\t<meta property=\"og:image:height\" content=\"720\" \/>\n\t<meta property=\"og:image:type\" content=\"image\/jpeg\" \/>\n<meta name=\"author\" content=\"Andre\u0301 Rangel\u00a0\" \/>\n<meta name=\"twitter:card\" content=\"summary_large_image\" \/>\n<meta name=\"twitter:label1\" content=\"Escrito por\" \/>\n\t<meta name=\"twitter:data1\" content=\"Andre\u0301 Rangel\u00a0\" \/>\n\t<meta name=\"twitter:label2\" content=\"Est. tempo de leitura\" \/>\n\t<meta name=\"twitter:data2\" content=\"3 minutos\" \/>\n<!-- \/ Yoast SEO plugin. -->","yoast_head_json":{"title":"O nome curto e romano que est\u00e1 bombando na Argentina e surpreende por sua conex\u00e3o com Harry Potter - Estado de Minas - Em foco","description":"Com hist\u00f3ria antiga e for\u00e7a renovada, Albus virou tend\u00eancia entre pais argentinos. O nome carrega luz, serenidade e um charme que surpreende.","robots":{"index":"index","follow":"follow","max-snippet":"max-snippet:-1","max-image-preview":"max-image-preview:large","max-video-preview":"max-video-preview:-1"},"canonical":"https:\/\/www.em.com.br\/emfoco\/2025\/11\/22\/o-nome-curto-e-romano-que-esta-bombando-na-argentina-e-surpreende-por-sua-conexao-com-harry-potter\/","og_locale":"pt_BR","og_type":"article","og_title":"O nome curto e romano que est\u00e1 bombando na Argentina e surpreende por sua conex\u00e3o com Harry Potter - Estado de Minas - Em foco","og_description":"Com hist\u00f3ria antiga e for\u00e7a renovada, Albus virou tend\u00eancia entre pais argentinos. O nome carrega luz, serenidade e um charme que surpreende.","og_url":"https:\/\/www.em.com.br\/emfoco\/2025\/11\/22\/o-nome-curto-e-romano-que-esta-bombando-na-argentina-e-surpreende-por-sua-conexao-com-harry-potter\/","og_site_name":"Estado de Minas - Em foco","article_published_time":"2025-11-22T19:05:00+00:00","article_modified_time":"2025-11-21T21:23:04+00:00","og_image":[{"width":1280,"height":720,"url":"https:\/\/www.em.com.br\/emfoco\/wp-content\/uploads\/2025\/05\/pe-bebe_1746216391575.jpg","type":"image\/jpeg"}],"author":"Andre\u0301 Rangel\u00a0","twitter_card":"summary_large_image","twitter_misc":{"Escrito por":"Andre\u0301 Rangel\u00a0","Est. tempo de leitura":"3 minutos"},"schema":{"@context":"https:\/\/schema.org","@graph":[{"@type":"WebPage","@id":"https:\/\/www.em.com.br\/emfoco\/2025\/11\/22\/o-nome-curto-e-romano-que-esta-bombando-na-argentina-e-surpreende-por-sua-conexao-com-harry-potter\/","url":"https:\/\/www.em.com.br\/emfoco\/2025\/11\/22\/o-nome-curto-e-romano-que-esta-bombando-na-argentina-e-surpreende-por-sua-conexao-com-harry-potter\/","name":"O nome curto e romano que est\u00e1 bombando na Argentina e surpreende por sua conex\u00e3o com Harry Potter - Estado de Minas - Em foco","isPartOf":{"@id":"https:\/\/www.em.com.br\/emfoco\/#website"},"primaryImageOfPage":{"@id":"https:\/\/www.em.com.br\/emfoco\/2025\/11\/22\/o-nome-curto-e-romano-que-esta-bombando-na-argentina-e-surpreende-por-sua-conexao-com-harry-potter\/#primaryimage"},"image":{"@id":"https:\/\/www.em.com.br\/emfoco\/2025\/11\/22\/o-nome-curto-e-romano-que-esta-bombando-na-argentina-e-surpreende-por-sua-conexao-com-harry-potter\/#primaryimage"},"thumbnailUrl":"https:\/\/www.em.com.br\/emfoco\/wp-content\/uploads\/2025\/05\/pe-bebe_1746216391575.jpg","datePublished":"2025-11-22T19:05:00+00:00","dateModified":"2025-11-21T21:23:04+00:00","author":{"@id":"https:\/\/www.em.com.br\/emfoco\/#\/schema\/person\/60eda09c1fedf0d6891f4cef4b60b8b8"},"description":"Com hist\u00f3ria antiga e for\u00e7a renovada, Albus virou tend\u00eancia entre pais argentinos. O nome carrega luz, serenidade e um charme que surpreende.","breadcrumb":{"@id":"https:\/\/www.em.com.br\/emfoco\/2025\/11\/22\/o-nome-curto-e-romano-que-esta-bombando-na-argentina-e-surpreende-por-sua-conexao-com-harry-potter\/#breadcrumb"},"inLanguage":"pt-BR","potentialAction":[{"@type":"ReadAction","target":["https:\/\/www.em.com.br\/emfoco\/2025\/11\/22\/o-nome-curto-e-romano-que-esta-bombando-na-argentina-e-surpreende-por-sua-conexao-com-harry-potter\/"]}]},{"@type":"ImageObject","inLanguage":"pt-BR","@id":"https:\/\/www.em.com.br\/emfoco\/2025\/11\/22\/o-nome-curto-e-romano-que-esta-bombando-na-argentina-e-surpreende-por-sua-conexao-com-harry-potter\/#primaryimage","url":"https:\/\/www.em.com.br\/emfoco\/wp-content\/uploads\/2025\/05\/pe-bebe_1746216391575.jpg","contentUrl":"https:\/\/www.em.com.br\/emfoco\/wp-content\/uploads\/2025\/05\/pe-bebe_1746216391575.jpg","width":1280,"height":720,"caption":"O motivo por tr\u00e1s da febre do nome Albus - Cr\u00e9ditos: depositphotos.com \/ AllaSerebrina"},{"@type":"BreadcrumbList","@id":"https:\/\/www.em.com.br\/emfoco\/2025\/11\/22\/o-nome-curto-e-romano-que-esta-bombando-na-argentina-e-surpreende-por-sua-conexao-com-harry-potter\/#breadcrumb","itemListElement":[{"@type":"ListItem","position":1,"name":"In\u00edcio","item":"https:\/\/www.em.com.br\/emfoco\/"},{"@type":"ListItem","position":2,"name":"O nome curto e romano que est\u00e1 bombando na Argentina e surpreende por sua conex\u00e3o com Harry Potter"}]},{"@type":"WebSite","@id":"https:\/\/www.em.com.br\/emfoco\/#website","url":"https:\/\/www.em.com.br\/emfoco\/","name":"Estado de Minas - Em foco","description":"Acompanhe as \u00faltimas not\u00edcias e fique bem informado sobre tudo o que acontece em Minas Gerais, Brasil e no mundo.","potentialAction":[{"@type":"SearchAction","target":{"@type":"EntryPoint","urlTemplate":"https:\/\/www.em.com.br\/emfoco\/?s={search_term_string}"},"query-input":{"@type":"PropertyValueSpecification","valueRequired":true,"valueName":"search_term_string"}}],"inLanguage":"pt-BR"},{"@type":"Person","@id":"https:\/\/www.em.com.br\/emfoco\/#\/schema\/person\/60eda09c1fedf0d6891f4cef4b60b8b8","name":"Andre\u0301 Rangel\u00a0","image":{"@type":"ImageObject","inLanguage":"pt-BR","@id":"https:\/\/www.em.com.br\/emfoco\/#\/schema\/person\/image\/","url":"https:\/\/secure.gravatar.com\/avatar\/6234dc814c77c8ef6d8bba622c787efc?s=96&d=mm&r=g","contentUrl":"https:\/\/secure.gravatar.com\/avatar\/6234dc814c77c8ef6d8bba622c787efc?s=96&d=mm&r=g","caption":"Andre\u0301 Rangel\u00a0"},"url":"https:\/\/www.em.com.br\/emfoco\/author\/luizmyth\/"}]}},"_links":{"self":[{"href":"https:\/\/www.em.com.br\/emfoco\/wp-json\/wp\/v2\/posts\/128351","targetHints":{"allow":["GET"]}}],"collection":[{"href":"https:\/\/www.em.com.br\/emfoco\/wp-json\/wp\/v2\/posts"}],"about":[{"href":"https:\/\/www.em.com.br\/emfoco\/wp-json\/wp\/v2\/types\/post"}],"author":[{"embeddable":true,"href":"https:\/\/www.em.com.br\/emfoco\/wp-json\/wp\/v2\/users\/11"}],"replies":[{"embeddable":true,"href":"https:\/\/www.em.com.br\/emfoco\/wp-json\/wp\/v2\/comments?post=128351"}],"version-history":[{"count":2,"href":"https:\/\/www.em.com.br\/emfoco\/wp-json\/wp\/v2\/posts\/128351\/revisions"}],"predecessor-version":[{"id":130275,"href":"https:\/\/www.em.com.br\/emfoco\/wp-json\/wp\/v2\/posts\/128351\/revisions\/130275"}],"wp:featuredmedia":[{"embeddable":true,"href":"https:\/\/www.em.com.br\/emfoco\/wp-json\/wp\/v2\/media\/43929"}],"wp:attachment":[{"href":"https:\/\/www.em.com.br\/emfoco\/wp-json\/wp\/v2\/media?parent=128351"}],"wp:term":[{"taxonomy":"category","embeddable":true,"href":"https:\/\/www.em.com.br\/emfoco\/wp-json\/wp\/v2\/categories?post=128351"},{"taxonomy":"post_tag","embeddable":true,"href":"https:\/\/www.em.com.br\/emfoco\/wp-json\/wp\/v2\/tags?post=128351"}],"curies":[{"name":"wp","href":"https:\/\/api.w.org\/{rel}","templated":true}]}}