{"id":128349,"date":"2025-11-22T12:45:00","date_gmt":"2025-11-22T15:45:00","guid":{"rendered":"https:\/\/www.em.com.br\/emfoco\/?p=128349"},"modified":"2025-11-21T18:22:24","modified_gmt":"2025-11-21T21:22:24","slug":"esqueca-a-pochete-o-acessorio-que-chega-para-dominar-o-natal-e-deixar-seu-visual-mais-sofisticado","status":"publish","type":"post","link":"https:\/\/www.em.com.br\/emfoco\/2025\/11\/22\/esqueca-a-pochete-o-acessorio-que-chega-para-dominar-o-natal-e-deixar-seu-visual-mais-sofisticado\/","title":{"rendered":"Esque\u00e7a a pochete, o acess\u00f3rio que chega para dominar o Natal e deixar seu visual mais sofisticado"},"content":{"rendered":"\n<p>As festas de final de ano renovam tend\u00eancias de moda e a grande aposta para 2025 \u00e9 a&nbsp;<strong>mini bag<\/strong>, acess\u00f3rio pequeno e estiloso que acrescenta sofistica\u00e7\u00e3o e charme ao look festivo moderno, sem abrir m\u00e3o da praticidade t\u00e3o desejada nessa \u00e9poca.<\/p>\n\n\n\n<h2 class=\"wp-block-heading\">Por que as mini bags est\u00e3o em alta neste final de ano<\/h2>\n\n\n\n<p>Durante as celebra\u00e7\u00f5es de\u00a0<strong><a href=\"https:\/\/www.em.com.br\/emfoco\/2025\/11\/20\/e-permitido-colocar-decoracoes-de-natal-na-varanda-veja-o-que-diz-a-lei\/\" target=\"_blank\" rel=\"noreferrer noopener\">Natal<\/a><\/strong>, os looks costumam ser mais elaborados, com vestidos de cetim, camisas brilhantes e tecidos metalizados predominando nas cores tradicionais da data. Esses elementos pedem acess\u00f3rios compactos e pr\u00e1ticos, e a\u00a0<strong>mini bag<\/strong>\u00a0aparece como uma escolha vers\u00e1til e elegante.<\/p>\n\n\n\n<p>Gra\u00e7as ao seu tamanho discreto, ela acomoda os itens essenciais \u2013 celular, cart\u00f5es e batom \u2013 sem perder o glamour. Sua presen\u00e7a se destaca tanto em reuni\u00f5es familiares quanto em festas sofisticadas.<\/p>\n\n\n\n<h2 class=\"wp-block-heading\">Veja como as mini bags aliam estilo e praticidade<\/h2>\n\n\n\n<p>As&nbsp;<strong>mini bags<\/strong>&nbsp;unem estilo e versatilidade, sendo ideais para compor produ\u00e7\u00f5es natalinas sofisticadas sem exageros. Elas funcionam como o ponto final do look, valorizando a est\u00e9tica sem sobrecarregar o visual.<\/p>\n\n\n\n<p>As diferentes op\u00e7\u00f5es de correntes, materiais r\u00edgidos e brilhos permitem adaptar a escolha ao seu estilo. Confira algumas dicas para combinar mini bags e real\u00e7ar seu visual natalino:<\/p>\n\n\n\n<figure class=\"wp-block-image size-large\"><img loading=\"lazy\" decoding=\"async\" width=\"1024\" height=\"576\" src=\"https:\/\/www.em.com.br\/emfoco\/wp-content\/uploads\/2025\/11\/mini-bags_1763693558101-1024x576.jpg\" alt=\"\" class=\"wp-image-130261\" srcset=\"https:\/\/www.em.com.br\/emfoco\/wp-content\/uploads\/2025\/11\/mini-bags_1763693558101-1024x576.jpg 1024w, https:\/\/www.em.com.br\/emfoco\/wp-content\/uploads\/2025\/11\/mini-bags_1763693558101-300x169.jpg 300w, https:\/\/www.em.com.br\/emfoco\/wp-content\/uploads\/2025\/11\/mini-bags_1763693558101-768x432.jpg 768w, https:\/\/www.em.com.br\/emfoco\/wp-content\/uploads\/2025\/11\/mini-bags_1763693558101-750x422.jpg 750w, https:\/\/www.em.com.br\/emfoco\/wp-content\/uploads\/2025\/11\/mini-bags_1763693558101-1140x641.jpg 1140w, https:\/\/www.em.com.br\/emfoco\/wp-content\/uploads\/2025\/11\/mini-bags_1763693558101.jpg 1280w\" sizes=\"auto, (max-width: 1024px) 100vw, 1024px\" \/><figcaption class=\"wp-element-caption\">A mini bag que virou tend\u00eancia nos looks de Natal &#8211; Cr\u00e9ditos: depositphotos.com \/ Cristalov<\/figcaption><\/figure>\n\n\n\n<ul class=\"wp-block-list\">\n<li>Visual glamouroso: aposte em mini bag satinada ou discreta.<\/li>\n\n\n\n<li>Trajes minimalistas: escolha mini bags com brilho ou correntes chamativas.<\/li>\n\n\n\n<li>Roupas vermelhas ou verdes: modelos dourados s\u00e3o ideais.<\/li>\n\n\n\n<li>Looks brancos ou nude: mini bag prateada ou perolada vai bem.<\/li>\n\n\n\n<li>Para um toque moderno: mini bags r\u00edgidas ou acolchoadas s\u00e3o \u00f3timas op\u00e7\u00f5es.<\/li>\n<\/ul>\n\n\n\n<h2 class=\"wp-block-heading\">Como escolher a melhor mini bag para o seu look natalino<\/h2>\n\n\n\n<p>Escolher a <a href=\"https:\/\/www.luzdalua.com.br\/bolsas\/mini-bag?srsltid=AfmBOopIHMdIC4zadbpt53KdxIRuaW7eyh8hzyx4Za9JO0O8yh_YtbRK\" target=\"_blank\" rel=\"noreferrer noopener\">mini bag<\/a> ideal envolve avaliar o equil\u00edbrio entre o acess\u00f3rio e a roupa escolhida. Modelos mais discretos suavizam roupas j\u00e1 chamativas, enquanto vers\u00f5es de destaque elevam trajes simples.<\/p>\n\n\n\n<p>Vale observar as tend\u00eancias e materiais em alta: correntes marcantes e acabamentos metalizados est\u00e3o entre as apostas para quem deseja ousar no visual sem abrir m\u00e3o da sofistica\u00e7\u00e3o proporcionada pela&nbsp;<strong>mini bag<\/strong>.<\/p>\n\n\n\n<h2 class=\"wp-block-heading\">Quais s\u00e3o os modelos de mini bags mais usados nas festas de fim de ano<\/h2>\n\n\n\n<p>V\u00e1rios modelos de&nbsp;<strong>mini bags<\/strong>&nbsp;conquistaram espa\u00e7o em eventos familiares e festejos luxuosos. Seus diferentes acabamentos e formatos agradam a todos os estilos e necessidades.<\/p>\n\n\n\n<p>Veja abaixo os principais modelos em alta nesta esta\u00e7\u00e3o e como eles podem valorizar as suas composi\u00e7\u00f5es:<\/p>\n\n\n\n<ul class=\"wp-block-list\">\n<li><strong>Mini bags<\/strong>&nbsp;com corrente met\u00e1lica: dispon\u00edveis em tons dourados ou prateados, trazem glamour a trajes em vermelho, preto, branco ou verde.<\/li>\n\n\n\n<li><strong>Mini bags<\/strong>&nbsp;r\u00edgidas tipo cofre: estrutura dura e detalhes metalizados, ideais para ambientes sofisticados.<\/li>\n\n\n\n<li><strong>Mini bags<\/strong>&nbsp;brilhantes: com glitter, pedraria ou lantejoulas, transformam o visual b\u00e1sico em destaque.<\/li>\n\n\n\n<li><strong>Mini bags<\/strong>&nbsp;acolchoadas: continuam em alta no tamanho menor, aliando conforto \u00e0 eleg\u00e2ncia.<\/li>\n<\/ul>\n\n\n\n<p>A perspectiva inovadora das mini bags no universo fashion natalino mostra que estilo e funcionalidade podem caminhar juntos. Seja qual for sua escolha, elas prometem ser o acess\u00f3rio-chave para surpreender e deixar seu look ainda mais sofisticado nas festas de final de ano.<\/p>\n","protected":false},"excerpt":{"rendered":"<p>As festas de final de ano renovam tend\u00eancias de moda e a grande aposta para 2025 \u00e9 a&nbsp;mini bag, acess\u00f3rio pequeno e estiloso que acrescenta sofistica\u00e7\u00e3o e charme ao look festivo moderno, sem abrir m\u00e3o da praticidade t\u00e3o desejada nessa \u00e9poca. Por que as mini bags est\u00e3o em alta neste final de ano Durante as [&hellip;]<\/p>\n","protected":false},"author":11,"featured_media":130263,"comment_status":"open","ping_status":"open","sticky":false,"template":"","format":"standard","meta":{"jnews-multi-image_gallery":[],"jnews_single_post":{"format":"standard"},"jnews_primary_category":[],"jnews_social_meta":[],"jnews_override_counter":[],"footnotes":""},"categories":[8819,1],"tags":[19140,4977,743],"class_list":["post-128349","post","type-post","status-publish","format-standard","has-post-thumbnail","hentry","category-curiosidades","category-noticias","tag-minibag","tag-moda","tag-natal"],"yoast_head":"<!-- This site is optimized with the Yoast SEO plugin v23.8 - https:\/\/yoast.com\/wordpress\/plugins\/seo\/ -->\n<title>Esque\u00e7a a pochete, o acess\u00f3rio que chega para dominar o Natal e deixar seu visual mais sofisticado - Estado de Minas - Em foco<\/title>\n<meta name=\"description\" content=\"Pequenas e marcantes, as minibags s\u00e3o o toque final perfeito para o Natal. V\u00e1rias vers\u00f5es est\u00e3o em alta e roubando a cena nas festas.\" \/>\n<meta name=\"robots\" content=\"index, follow, max-snippet:-1, max-image-preview:large, max-video-preview:-1\" \/>\n<link rel=\"canonical\" href=\"https:\/\/www.em.com.br\/emfoco\/2025\/11\/22\/esqueca-a-pochete-o-acessorio-que-chega-para-dominar-o-natal-e-deixar-seu-visual-mais-sofisticado\/\" \/>\n<meta property=\"og:locale\" content=\"pt_BR\" \/>\n<meta property=\"og:type\" content=\"article\" \/>\n<meta property=\"og:title\" content=\"Esque\u00e7a a pochete, o acess\u00f3rio que chega para dominar o Natal e deixar seu visual mais sofisticado - Estado de Minas - Em foco\" \/>\n<meta property=\"og:description\" content=\"Pequenas e marcantes, as minibags s\u00e3o o toque final perfeito para o Natal. V\u00e1rias vers\u00f5es est\u00e3o em alta e roubando a cena nas festas.\" \/>\n<meta property=\"og:url\" content=\"https:\/\/www.em.com.br\/emfoco\/2025\/11\/22\/esqueca-a-pochete-o-acessorio-que-chega-para-dominar-o-natal-e-deixar-seu-visual-mais-sofisticado\/\" \/>\n<meta property=\"og:site_name\" content=\"Estado de Minas - Em foco\" \/>\n<meta property=\"article:published_time\" content=\"2025-11-22T15:45:00+00:00\" \/>\n<meta property=\"article:modified_time\" content=\"2025-11-21T21:22:24+00:00\" \/>\n<meta property=\"og:image\" content=\"https:\/\/www.em.com.br\/emfoco\/wp-content\/uploads\/2025\/11\/Gemini_Generated_Image_8yq0g88yq0g88yq0-1.png\" \/>\n\t<meta property=\"og:image:width\" content=\"1280\" \/>\n\t<meta property=\"og:image:height\" content=\"720\" \/>\n\t<meta property=\"og:image:type\" content=\"image\/png\" \/>\n<meta name=\"author\" content=\"Andre\u0301 Rangel\u00a0\" \/>\n<meta name=\"twitter:card\" content=\"summary_large_image\" \/>\n<meta name=\"twitter:label1\" content=\"Escrito por\" \/>\n\t<meta name=\"twitter:data1\" content=\"Andre\u0301 Rangel\u00a0\" \/>\n\t<meta name=\"twitter:label2\" content=\"Est. tempo de leitura\" \/>\n\t<meta name=\"twitter:data2\" content=\"4 minutos\" \/>\n<!-- \/ Yoast SEO plugin. -->","yoast_head_json":{"title":"Esque\u00e7a a pochete, o acess\u00f3rio que chega para dominar o Natal e deixar seu visual mais sofisticado - Estado de Minas - Em foco","description":"Pequenas e marcantes, as minibags s\u00e3o o toque final perfeito para o Natal. V\u00e1rias vers\u00f5es est\u00e3o em alta e roubando a cena nas festas.","robots":{"index":"index","follow":"follow","max-snippet":"max-snippet:-1","max-image-preview":"max-image-preview:large","max-video-preview":"max-video-preview:-1"},"canonical":"https:\/\/www.em.com.br\/emfoco\/2025\/11\/22\/esqueca-a-pochete-o-acessorio-que-chega-para-dominar-o-natal-e-deixar-seu-visual-mais-sofisticado\/","og_locale":"pt_BR","og_type":"article","og_title":"Esque\u00e7a a pochete, o acess\u00f3rio que chega para dominar o Natal e deixar seu visual mais sofisticado - Estado de Minas - Em foco","og_description":"Pequenas e marcantes, as minibags s\u00e3o o toque final perfeito para o Natal. V\u00e1rias vers\u00f5es est\u00e3o em alta e roubando a cena nas festas.","og_url":"https:\/\/www.em.com.br\/emfoco\/2025\/11\/22\/esqueca-a-pochete-o-acessorio-que-chega-para-dominar-o-natal-e-deixar-seu-visual-mais-sofisticado\/","og_site_name":"Estado de Minas - Em foco","article_published_time":"2025-11-22T15:45:00+00:00","article_modified_time":"2025-11-21T21:22:24+00:00","og_image":[{"width":1280,"height":720,"url":"https:\/\/www.em.com.br\/emfoco\/wp-content\/uploads\/2025\/11\/Gemini_Generated_Image_8yq0g88yq0g88yq0-1.png","type":"image\/png"}],"author":"Andre\u0301 Rangel\u00a0","twitter_card":"summary_large_image","twitter_misc":{"Escrito por":"Andre\u0301 Rangel\u00a0","Est. tempo de leitura":"4 minutos"},"schema":{"@context":"https:\/\/schema.org","@graph":[{"@type":"WebPage","@id":"https:\/\/www.em.com.br\/emfoco\/2025\/11\/22\/esqueca-a-pochete-o-acessorio-que-chega-para-dominar-o-natal-e-deixar-seu-visual-mais-sofisticado\/","url":"https:\/\/www.em.com.br\/emfoco\/2025\/11\/22\/esqueca-a-pochete-o-acessorio-que-chega-para-dominar-o-natal-e-deixar-seu-visual-mais-sofisticado\/","name":"Esque\u00e7a a pochete, o acess\u00f3rio que chega para dominar o Natal e deixar seu visual mais sofisticado - Estado de Minas - Em foco","isPartOf":{"@id":"https:\/\/www.em.com.br\/emfoco\/#website"},"primaryImageOfPage":{"@id":"https:\/\/www.em.com.br\/emfoco\/2025\/11\/22\/esqueca-a-pochete-o-acessorio-que-chega-para-dominar-o-natal-e-deixar-seu-visual-mais-sofisticado\/#primaryimage"},"image":{"@id":"https:\/\/www.em.com.br\/emfoco\/2025\/11\/22\/esqueca-a-pochete-o-acessorio-que-chega-para-dominar-o-natal-e-deixar-seu-visual-mais-sofisticado\/#primaryimage"},"thumbnailUrl":"https:\/\/www.em.com.br\/emfoco\/wp-content\/uploads\/2025\/11\/Gemini_Generated_Image_8yq0g88yq0g88yq0-1.png","datePublished":"2025-11-22T15:45:00+00:00","dateModified":"2025-11-21T21:22:24+00:00","author":{"@id":"https:\/\/www.em.com.br\/emfoco\/#\/schema\/person\/60eda09c1fedf0d6891f4cef4b60b8b8"},"description":"Pequenas e marcantes, as minibags s\u00e3o o toque final perfeito para o Natal. V\u00e1rias vers\u00f5es est\u00e3o em alta e roubando a cena nas festas.","breadcrumb":{"@id":"https:\/\/www.em.com.br\/emfoco\/2025\/11\/22\/esqueca-a-pochete-o-acessorio-que-chega-para-dominar-o-natal-e-deixar-seu-visual-mais-sofisticado\/#breadcrumb"},"inLanguage":"pt-BR","potentialAction":[{"@type":"ReadAction","target":["https:\/\/www.em.com.br\/emfoco\/2025\/11\/22\/esqueca-a-pochete-o-acessorio-que-chega-para-dominar-o-natal-e-deixar-seu-visual-mais-sofisticado\/"]}]},{"@type":"ImageObject","inLanguage":"pt-BR","@id":"https:\/\/www.em.com.br\/emfoco\/2025\/11\/22\/esqueca-a-pochete-o-acessorio-que-chega-para-dominar-o-natal-e-deixar-seu-visual-mais-sofisticado\/#primaryimage","url":"https:\/\/www.em.com.br\/emfoco\/wp-content\/uploads\/2025\/11\/Gemini_Generated_Image_8yq0g88yq0g88yq0-1.png","contentUrl":"https:\/\/www.em.com.br\/emfoco\/wp-content\/uploads\/2025\/11\/Gemini_Generated_Image_8yq0g88yq0g88yq0-1.png","width":1280,"height":720,"caption":"O detalhe no look que deixa seu Natal mais elegante"},{"@type":"BreadcrumbList","@id":"https:\/\/www.em.com.br\/emfoco\/2025\/11\/22\/esqueca-a-pochete-o-acessorio-que-chega-para-dominar-o-natal-e-deixar-seu-visual-mais-sofisticado\/#breadcrumb","itemListElement":[{"@type":"ListItem","position":1,"name":"In\u00edcio","item":"https:\/\/www.em.com.br\/emfoco\/"},{"@type":"ListItem","position":2,"name":"Esque\u00e7a a pochete, o acess\u00f3rio que chega para dominar o Natal e deixar seu visual mais sofisticado"}]},{"@type":"WebSite","@id":"https:\/\/www.em.com.br\/emfoco\/#website","url":"https:\/\/www.em.com.br\/emfoco\/","name":"Estado de Minas - Em foco","description":"Acompanhe as \u00faltimas not\u00edcias e fique bem informado sobre tudo o que acontece em Minas Gerais, Brasil e no mundo.","potentialAction":[{"@type":"SearchAction","target":{"@type":"EntryPoint","urlTemplate":"https:\/\/www.em.com.br\/emfoco\/?s={search_term_string}"},"query-input":{"@type":"PropertyValueSpecification","valueRequired":true,"valueName":"search_term_string"}}],"inLanguage":"pt-BR"},{"@type":"Person","@id":"https:\/\/www.em.com.br\/emfoco\/#\/schema\/person\/60eda09c1fedf0d6891f4cef4b60b8b8","name":"Andre\u0301 Rangel\u00a0","image":{"@type":"ImageObject","inLanguage":"pt-BR","@id":"https:\/\/www.em.com.br\/emfoco\/#\/schema\/person\/image\/","url":"https:\/\/secure.gravatar.com\/avatar\/6234dc814c77c8ef6d8bba622c787efc?s=96&d=mm&r=g","contentUrl":"https:\/\/secure.gravatar.com\/avatar\/6234dc814c77c8ef6d8bba622c787efc?s=96&d=mm&r=g","caption":"Andre\u0301 Rangel\u00a0"},"url":"https:\/\/www.em.com.br\/emfoco\/author\/luizmyth\/"}]}},"_links":{"self":[{"href":"https:\/\/www.em.com.br\/emfoco\/wp-json\/wp\/v2\/posts\/128349","targetHints":{"allow":["GET"]}}],"collection":[{"href":"https:\/\/www.em.com.br\/emfoco\/wp-json\/wp\/v2\/posts"}],"about":[{"href":"https:\/\/www.em.com.br\/emfoco\/wp-json\/wp\/v2\/types\/post"}],"author":[{"embeddable":true,"href":"https:\/\/www.em.com.br\/emfoco\/wp-json\/wp\/v2\/users\/11"}],"replies":[{"embeddable":true,"href":"https:\/\/www.em.com.br\/emfoco\/wp-json\/wp\/v2\/comments?post=128349"}],"version-history":[{"count":3,"href":"https:\/\/www.em.com.br\/emfoco\/wp-json\/wp\/v2\/posts\/128349\/revisions"}],"predecessor-version":[{"id":130264,"href":"https:\/\/www.em.com.br\/emfoco\/wp-json\/wp\/v2\/posts\/128349\/revisions\/130264"}],"wp:featuredmedia":[{"embeddable":true,"href":"https:\/\/www.em.com.br\/emfoco\/wp-json\/wp\/v2\/media\/130263"}],"wp:attachment":[{"href":"https:\/\/www.em.com.br\/emfoco\/wp-json\/wp\/v2\/media?parent=128349"}],"wp:term":[{"taxonomy":"category","embeddable":true,"href":"https:\/\/www.em.com.br\/emfoco\/wp-json\/wp\/v2\/categories?post=128349"},{"taxonomy":"post_tag","embeddable":true,"href":"https:\/\/www.em.com.br\/emfoco\/wp-json\/wp\/v2\/tags?post=128349"}],"curies":[{"name":"wp","href":"https:\/\/api.w.org\/{rel}","templated":true}]}}