{"id":128341,"date":"2025-11-21T21:35:00","date_gmt":"2025-11-22T00:35:00","guid":{"rendered":"https:\/\/www.em.com.br\/emfoco\/?p=128341"},"modified":"2025-11-20T21:13:32","modified_gmt":"2025-11-21T00:13:32","slug":"traidos-pelos-parceiros-unidos-pelo-destino-uma-historia-de-amor-que-renasceu-apos-dois-casamentos-destruidos","status":"publish","type":"post","link":"https:\/\/www.em.com.br\/emfoco\/2025\/11\/21\/traidos-pelos-parceiros-unidos-pelo-destino-uma-historia-de-amor-que-renasceu-apos-dois-casamentos-destruidos\/","title":{"rendered":"Tra\u00eddos pelos parceiros, unidos pelo destino; uma hist\u00f3ria de amor que renasceu ap\u00f3s dois casamentos destru\u00eddos"},"content":{"rendered":"\n<p>A vida \u00e9 uma teia intricada de acontecimentos imprevis\u00edveis, onde hist\u00f3rias de amor e trai\u00e7\u00e3o se cruzam e, em meio ao caos, a ordem pode surgir de onde menos se espera. Foi nesse cen\u00e1rio que&nbsp;<strong>Alicia e Mauricio<\/strong>&nbsp;se encontraram ap\u00f3s o fim de seus casamentos, ambos abalados pela infidelidade dos c\u00f4njuges, e deram in\u00edcio a uma surpreendente jornada de reconstru\u00e7\u00e3o conjunta.<\/p>\n\n\n\n<h2 class=\"wp-block-heading\">Como Alicia e Mauricio se encontraram depois da trai\u00e7\u00e3o?<\/h2>\n\n\n\n<p>No bairro de&nbsp;<strong>Villa Urquiza<\/strong>, por volta de&nbsp;<strong>1990<\/strong>,&nbsp;<strong>Alicia<\/strong>&nbsp;vivia uma rotina tranquila ao lado do marido,&nbsp;<strong>H\u00e9ctor<\/strong>, um oftalmologista dedicado \u00e0 fam\u00edlia e ao consult\u00f3rio. Em outro lar,&nbsp;<strong>Celia<\/strong>, cliente do consult\u00f3rio de H\u00e9ctor, levava um casamento sem grandes emo\u00e7\u00f5es com&nbsp;<strong>Mauricio<\/strong>, dono de uma loja de ferragens. Todas as rela\u00e7\u00f5es pareciam est\u00e1veis at\u00e9 que o romance entre Celia e H\u00e9ctor mudou tudo.<\/p>\n\n\n\n<p>A devastadora descoberta da <a href=\"https:\/\/www.conjur.com.br\/2023-jun-18\/processo-familiar-infidelidade-financeira-casamento-uniao-estavel\/\" target=\"_blank\" rel=\"noreferrer noopener\">infidelidade <\/a>levou Alicia a tentar entender o que tinha acontecido. Ao buscar respostas, ela se deparou com Mauricio, que tamb\u00e9m sofria com a trai\u00e7\u00e3o. Unidos pela dor comum, eles come\u00e7aram a encontrar apoio um no outro, dando os primeiros passos rumo a uma poss\u00edvel supera\u00e7\u00e3o.<\/p>\n\n\n\n<h2 class=\"wp-block-heading\">De que forma a rela\u00e7\u00e3o de Alicia e Mauricio evoluiu ao longo do tempo?<\/h2>\n\n\n\n<p>O in\u00edcio da conex\u00e3o entre Alicia e Mauricio foi discreto, com visitas casuais \u00e0 loja de ferragens. O conv\u00edvio trouxe cumplicidade, que, pouco a pouco, fortaleceu la\u00e7os e consolou cora\u00e7\u00f5es feridos. Cada novo encontro foi transformando as m\u00e1goas em compreens\u00e3o e respeito m\u00fatuo.<\/p>\n\n\n\n<figure class=\"wp-block-image\"><img decoding=\"async\" src=\"https:\/\/www.em.com.br\/emfoco\/wp-content\/uploads\/2025\/08\/casa_1754751887465-1024x576.jpg\" alt=\"\"\/><figcaption class=\"wp-element-caption\">O amor que curou feridas e reacendeu esperan\u00e7a &#8211; Cr\u00e9ditos: depositphotos.com \/ ArturVerkhovetskiy<\/figcaption><\/figure>\n\n\n\n<p>\u00c0 medida que a <a href=\"https:\/\/www.em.com.br\/emfoco\/2025\/09\/11\/saiba-identificar-se-suas-amizades-estao-comecando-a-ficar-toxicas\/\" target=\"_blank\" rel=\"noreferrer noopener\">amizade <\/a>aprofundava, o apoio emocional se transformou em sentimentos mais intensos. Para ilustrar essa transforma\u00e7\u00e3o, confira abaixo alguns momentos que marcaram o in\u00edcio desse novo relacionamento:<\/p>\n\n\n\n<ul class=\"wp-block-list\">\n<li>Visitas casuais que se tornaram frequentes<\/li>\n\n\n\n<li>Conversas que evidenciavam compreens\u00e3o e empatia<\/li>\n\n\n\n<li>Amizade transformada em amor surpreendente<\/li>\n<\/ul>\n\n\n\n<h2 class=\"wp-block-heading\">Quais foram os impactos das escolhas de Alicia e Mauricio ap\u00f3s enfrentarem o caos?<\/h2>\n\n\n\n<p>Decididos a viver com leveza e sem carregar as dores do passado, Alicia e Mauricio passaram a dar novo sentido \u00e0s suas vidas. Enquanto eles nutriam uma rela\u00e7\u00e3o cotidiana,&nbsp;<strong>H\u00e9ctor<\/strong>&nbsp;e&nbsp;<strong>Celia<\/strong>&nbsp;seguiram rumos pr\u00f3prios, tamb\u00e9m buscando sua forma de felicidade ap\u00f3s o ocorrido.<\/p>\n\n\n\n<p>Os filhos dos dois casais, inicialmente confusos com as mudan\u00e7as, aprenderam a lidar com a nova configura\u00e7\u00e3o familiar. A aceita\u00e7\u00e3o surgiu com o tempo, e as reuni\u00f5es familiares, antes tensas, se tornaram oportunidades de conviv\u00eancia serena e respeitosa.<\/p>\n\n\n\n<h2 class=\"wp-block-heading\">O que a hist\u00f3ria de Alicia e Mauricio ensina sobre o amor e o recome\u00e7o?<\/h2>\n\n\n\n<p>Ao construir um novo cap\u00edtulo juntos, Alicia e Mauricio mostraram que o amor \u00e9 capaz de curar e transformar, ainda que surja em meio \u00e0 dor. Eles optaram por viver em simplicidade, compartilhando um lar repleto de significado e carinho.<\/p>\n\n\n\n<p>A conviv\u00eancia com H\u00e9ctor e Celia tamb\u00e9m ganhou leveza, demonstrando a capacidade de supera\u00e7\u00e3o e aceita\u00e7\u00e3o no ciclo da vida. A narrativa dos reencontros revela como das maiores adversidades podem brotar ensinamentos profundos sobre resili\u00eancia, perd\u00e3o e o poder de recome\u00e7ar.<\/p>\n","protected":false},"excerpt":{"rendered":"<p>A vida \u00e9 uma teia intricada de acontecimentos imprevis\u00edveis, onde hist\u00f3rias de amor e trai\u00e7\u00e3o se cruzam e, em meio ao caos, a ordem pode surgir de onde menos se espera. Foi nesse cen\u00e1rio que&nbsp;Alicia e Mauricio&nbsp;se encontraram ap\u00f3s o fim de seus casamentos, ambos abalados pela infidelidade dos c\u00f4njuges, e deram in\u00edcio a uma [&hellip;]<\/p>\n","protected":false},"author":11,"featured_media":101176,"comment_status":"open","ping_status":"open","sticky":false,"template":"","format":"standard","meta":{"jnews-multi-image_gallery":[],"jnews_single_post":{"format":"standard"},"jnews_primary_category":[],"jnews_social_meta":[],"jnews_override_counter":[],"footnotes":""},"categories":[8819,1],"tags":[506,7400,4880],"class_list":["post-128341","post","type-post","status-publish","format-standard","has-post-thumbnail","hentry","category-curiosidades","category-noticias","tag-amor","tag-recomeco","tag-vida"],"yoast_head":"<!-- This site is optimized with the Yoast SEO plugin v23.8 - https:\/\/yoast.com\/wordpress\/plugins\/seo\/ -->\n<title>Tra\u00eddos pelos parceiros, unidos pelo destino; uma hist\u00f3ria de amor que renasceu ap\u00f3s dois casamentos destru\u00eddos - Estado de Minas - Em foco<\/title>\n<meta name=\"description\" content=\"A jornada de Alicia e Mauricio revela como o amor pode transformar o caos em cura. A conviv\u00eancia trouxe leveza, aceita\u00e7\u00e3o e um novo cap\u00edtulo.\" \/>\n<meta name=\"robots\" content=\"index, follow, max-snippet:-1, max-image-preview:large, max-video-preview:-1\" \/>\n<link rel=\"canonical\" href=\"https:\/\/www.em.com.br\/emfoco\/2025\/11\/21\/traidos-pelos-parceiros-unidos-pelo-destino-uma-historia-de-amor-que-renasceu-apos-dois-casamentos-destruidos\/\" \/>\n<meta property=\"og:locale\" content=\"pt_BR\" \/>\n<meta property=\"og:type\" content=\"article\" \/>\n<meta property=\"og:title\" content=\"Tra\u00eddos pelos parceiros, unidos pelo destino; uma hist\u00f3ria de amor que renasceu ap\u00f3s dois casamentos destru\u00eddos - Estado de Minas - Em foco\" \/>\n<meta property=\"og:description\" content=\"A jornada de Alicia e Mauricio revela como o amor pode transformar o caos em cura. A conviv\u00eancia trouxe leveza, aceita\u00e7\u00e3o e um novo cap\u00edtulo.\" \/>\n<meta property=\"og:url\" content=\"https:\/\/www.em.com.br\/emfoco\/2025\/11\/21\/traidos-pelos-parceiros-unidos-pelo-destino-uma-historia-de-amor-que-renasceu-apos-dois-casamentos-destruidos\/\" \/>\n<meta property=\"og:site_name\" content=\"Estado de Minas - Em foco\" \/>\n<meta property=\"article:published_time\" content=\"2025-11-22T00:35:00+00:00\" \/>\n<meta property=\"article:modified_time\" content=\"2025-11-21T00:13:32+00:00\" \/>\n<meta property=\"og:image\" content=\"https:\/\/www.em.com.br\/emfoco\/wp-content\/uploads\/2025\/09\/viagem-romantica-brasil_1757087881016.jpg\" \/>\n\t<meta property=\"og:image:width\" content=\"1280\" \/>\n\t<meta property=\"og:image:height\" content=\"720\" \/>\n\t<meta property=\"og:image:type\" content=\"image\/jpeg\" \/>\n<meta name=\"author\" content=\"Andre\u0301 Rangel\u00a0\" \/>\n<meta name=\"twitter:card\" content=\"summary_large_image\" \/>\n<meta name=\"twitter:label1\" content=\"Escrito por\" \/>\n\t<meta name=\"twitter:data1\" content=\"Andre\u0301 Rangel\u00a0\" \/>\n\t<meta name=\"twitter:label2\" content=\"Est. tempo de leitura\" \/>\n\t<meta name=\"twitter:data2\" content=\"4 minutos\" \/>\n<!-- \/ Yoast SEO plugin. -->","yoast_head_json":{"title":"Tra\u00eddos pelos parceiros, unidos pelo destino; uma hist\u00f3ria de amor que renasceu ap\u00f3s dois casamentos destru\u00eddos - Estado de Minas - Em foco","description":"A jornada de Alicia e Mauricio revela como o amor pode transformar o caos em cura. A conviv\u00eancia trouxe leveza, aceita\u00e7\u00e3o e um novo cap\u00edtulo.","robots":{"index":"index","follow":"follow","max-snippet":"max-snippet:-1","max-image-preview":"max-image-preview:large","max-video-preview":"max-video-preview:-1"},"canonical":"https:\/\/www.em.com.br\/emfoco\/2025\/11\/21\/traidos-pelos-parceiros-unidos-pelo-destino-uma-historia-de-amor-que-renasceu-apos-dois-casamentos-destruidos\/","og_locale":"pt_BR","og_type":"article","og_title":"Tra\u00eddos pelos parceiros, unidos pelo destino; uma hist\u00f3ria de amor que renasceu ap\u00f3s dois casamentos destru\u00eddos - Estado de Minas - Em foco","og_description":"A jornada de Alicia e Mauricio revela como o amor pode transformar o caos em cura. A conviv\u00eancia trouxe leveza, aceita\u00e7\u00e3o e um novo cap\u00edtulo.","og_url":"https:\/\/www.em.com.br\/emfoco\/2025\/11\/21\/traidos-pelos-parceiros-unidos-pelo-destino-uma-historia-de-amor-que-renasceu-apos-dois-casamentos-destruidos\/","og_site_name":"Estado de Minas - Em foco","article_published_time":"2025-11-22T00:35:00+00:00","article_modified_time":"2025-11-21T00:13:32+00:00","og_image":[{"width":1280,"height":720,"url":"https:\/\/www.em.com.br\/emfoco\/wp-content\/uploads\/2025\/09\/viagem-romantica-brasil_1757087881016.jpg","type":"image\/jpeg"}],"author":"Andre\u0301 Rangel\u00a0","twitter_card":"summary_large_image","twitter_misc":{"Escrito por":"Andre\u0301 Rangel\u00a0","Est. tempo de leitura":"4 minutos"},"schema":{"@context":"https:\/\/schema.org","@graph":[{"@type":"WebPage","@id":"https:\/\/www.em.com.br\/emfoco\/2025\/11\/21\/traidos-pelos-parceiros-unidos-pelo-destino-uma-historia-de-amor-que-renasceu-apos-dois-casamentos-destruidos\/","url":"https:\/\/www.em.com.br\/emfoco\/2025\/11\/21\/traidos-pelos-parceiros-unidos-pelo-destino-uma-historia-de-amor-que-renasceu-apos-dois-casamentos-destruidos\/","name":"Tra\u00eddos pelos parceiros, unidos pelo destino; uma hist\u00f3ria de amor que renasceu ap\u00f3s dois casamentos destru\u00eddos - Estado de Minas - Em foco","isPartOf":{"@id":"https:\/\/www.em.com.br\/emfoco\/#website"},"primaryImageOfPage":{"@id":"https:\/\/www.em.com.br\/emfoco\/2025\/11\/21\/traidos-pelos-parceiros-unidos-pelo-destino-uma-historia-de-amor-que-renasceu-apos-dois-casamentos-destruidos\/#primaryimage"},"image":{"@id":"https:\/\/www.em.com.br\/emfoco\/2025\/11\/21\/traidos-pelos-parceiros-unidos-pelo-destino-uma-historia-de-amor-que-renasceu-apos-dois-casamentos-destruidos\/#primaryimage"},"thumbnailUrl":"https:\/\/www.em.com.br\/emfoco\/wp-content\/uploads\/2025\/09\/viagem-romantica-brasil_1757087881016.jpg","datePublished":"2025-11-22T00:35:00+00:00","dateModified":"2025-11-21T00:13:32+00:00","author":{"@id":"https:\/\/www.em.com.br\/emfoco\/#\/schema\/person\/60eda09c1fedf0d6891f4cef4b60b8b8"},"description":"A jornada de Alicia e Mauricio revela como o amor pode transformar o caos em cura. A conviv\u00eancia trouxe leveza, aceita\u00e7\u00e3o e um novo cap\u00edtulo.","breadcrumb":{"@id":"https:\/\/www.em.com.br\/emfoco\/2025\/11\/21\/traidos-pelos-parceiros-unidos-pelo-destino-uma-historia-de-amor-que-renasceu-apos-dois-casamentos-destruidos\/#breadcrumb"},"inLanguage":"pt-BR","potentialAction":[{"@type":"ReadAction","target":["https:\/\/www.em.com.br\/emfoco\/2025\/11\/21\/traidos-pelos-parceiros-unidos-pelo-destino-uma-historia-de-amor-que-renasceu-apos-dois-casamentos-destruidos\/"]}]},{"@type":"ImageObject","inLanguage":"pt-BR","@id":"https:\/\/www.em.com.br\/emfoco\/2025\/11\/21\/traidos-pelos-parceiros-unidos-pelo-destino-uma-historia-de-amor-que-renasceu-apos-dois-casamentos-destruidos\/#primaryimage","url":"https:\/\/www.em.com.br\/emfoco\/wp-content\/uploads\/2025\/09\/viagem-romantica-brasil_1757087881016.jpg","contentUrl":"https:\/\/www.em.com.br\/emfoco\/wp-content\/uploads\/2025\/09\/viagem-romantica-brasil_1757087881016.jpg","width":1280,"height":720,"caption":"O c\u00e9u prepara o m\u00eas mais intenso no amor para um signo - Cr\u00e9ditos: depositphotos.com \/ gustavofrazao"},{"@type":"BreadcrumbList","@id":"https:\/\/www.em.com.br\/emfoco\/2025\/11\/21\/traidos-pelos-parceiros-unidos-pelo-destino-uma-historia-de-amor-que-renasceu-apos-dois-casamentos-destruidos\/#breadcrumb","itemListElement":[{"@type":"ListItem","position":1,"name":"In\u00edcio","item":"https:\/\/www.em.com.br\/emfoco\/"},{"@type":"ListItem","position":2,"name":"Tra\u00eddos pelos parceiros, unidos pelo destino; uma hist\u00f3ria de amor que renasceu ap\u00f3s dois casamentos destru\u00eddos"}]},{"@type":"WebSite","@id":"https:\/\/www.em.com.br\/emfoco\/#website","url":"https:\/\/www.em.com.br\/emfoco\/","name":"Estado de Minas - Em foco","description":"Acompanhe as \u00faltimas not\u00edcias e fique bem informado sobre tudo o que acontece em Minas Gerais, Brasil e no mundo.","potentialAction":[{"@type":"SearchAction","target":{"@type":"EntryPoint","urlTemplate":"https:\/\/www.em.com.br\/emfoco\/?s={search_term_string}"},"query-input":{"@type":"PropertyValueSpecification","valueRequired":true,"valueName":"search_term_string"}}],"inLanguage":"pt-BR"},{"@type":"Person","@id":"https:\/\/www.em.com.br\/emfoco\/#\/schema\/person\/60eda09c1fedf0d6891f4cef4b60b8b8","name":"Andre\u0301 Rangel\u00a0","image":{"@type":"ImageObject","inLanguage":"pt-BR","@id":"https:\/\/www.em.com.br\/emfoco\/#\/schema\/person\/image\/","url":"https:\/\/secure.gravatar.com\/avatar\/6234dc814c77c8ef6d8bba622c787efc?s=96&d=mm&r=g","contentUrl":"https:\/\/secure.gravatar.com\/avatar\/6234dc814c77c8ef6d8bba622c787efc?s=96&d=mm&r=g","caption":"Andre\u0301 Rangel\u00a0"},"url":"https:\/\/www.em.com.br\/emfoco\/author\/luizmyth\/"}]}},"_links":{"self":[{"href":"https:\/\/www.em.com.br\/emfoco\/wp-json\/wp\/v2\/posts\/128341","targetHints":{"allow":["GET"]}}],"collection":[{"href":"https:\/\/www.em.com.br\/emfoco\/wp-json\/wp\/v2\/posts"}],"about":[{"href":"https:\/\/www.em.com.br\/emfoco\/wp-json\/wp\/v2\/types\/post"}],"author":[{"embeddable":true,"href":"https:\/\/www.em.com.br\/emfoco\/wp-json\/wp\/v2\/users\/11"}],"replies":[{"embeddable":true,"href":"https:\/\/www.em.com.br\/emfoco\/wp-json\/wp\/v2\/comments?post=128341"}],"version-history":[{"count":3,"href":"https:\/\/www.em.com.br\/emfoco\/wp-json\/wp\/v2\/posts\/128341\/revisions"}],"predecessor-version":[{"id":130178,"href":"https:\/\/www.em.com.br\/emfoco\/wp-json\/wp\/v2\/posts\/128341\/revisions\/130178"}],"wp:featuredmedia":[{"embeddable":true,"href":"https:\/\/www.em.com.br\/emfoco\/wp-json\/wp\/v2\/media\/101176"}],"wp:attachment":[{"href":"https:\/\/www.em.com.br\/emfoco\/wp-json\/wp\/v2\/media?parent=128341"}],"wp:term":[{"taxonomy":"category","embeddable":true,"href":"https:\/\/www.em.com.br\/emfoco\/wp-json\/wp\/v2\/categories?post=128341"},{"taxonomy":"post_tag","embeddable":true,"href":"https:\/\/www.em.com.br\/emfoco\/wp-json\/wp\/v2\/tags?post=128341"}],"curies":[{"name":"wp","href":"https:\/\/api.w.org\/{rel}","templated":true}]}}