{"id":128325,"date":"2025-11-20T21:35:00","date_gmt":"2025-11-21T00:35:00","guid":{"rendered":"https:\/\/www.em.com.br\/emfoco\/?p=128325"},"modified":"2025-11-19T20:32:00","modified_gmt":"2025-11-19T23:32:00","slug":"governo-atualiza-mapa-de-pragas-quarentenarias-no-brasil-e-reforca-medidas-de-protecao","status":"publish","type":"post","link":"https:\/\/www.em.com.br\/emfoco\/2025\/11\/20\/governo-atualiza-mapa-de-pragas-quarentenarias-no-brasil-e-reforca-medidas-de-protecao\/","title":{"rendered":"Governo atualiza mapa de pragas quarenten\u00e1rias no Brasil e refor\u00e7a medidas de prote\u00e7\u00e3o"},"content":{"rendered":"\n<p>A&nbsp;<strong>Portaria SDA\/Mapa n\u00ba 1.443\/2025<\/strong>&nbsp;publicada pelo&nbsp;<strong>Minist\u00e9rio da Agricultura e Pecu\u00e1ria (Mapa)<\/strong>&nbsp;estabelece mudan\u00e7as relevantes nas regras para controle de pragas quarenten\u00e1rias no Brasil, exigindo monitoramento fitossanit\u00e1rio rigoroso para proteger as culturas agr\u00edcolas e a seguran\u00e7a alimentar no pa\u00eds.<\/p>\n\n\n\n<h2 class=\"wp-block-heading\">Principais mudan\u00e7as para produtores e regi\u00f5es ap\u00f3s a nova portaria<\/h2>\n\n\n\n<p>As novas determina\u00e7\u00f5es afetam diretamente os produtores e munic\u00edpios, tornando o controle de pragas mais rigoroso em \u00e1reas vulner\u00e1veis do Brasil. Um exemplo \u00e9 a inclus\u00e3o da cidade de&nbsp;<strong>Almeirim<\/strong>, no&nbsp;<strong>Par\u00e1<\/strong>, para a cultura da mandioca, e do estado do&nbsp;<strong>Rio Grande do Norte<\/strong>&nbsp;para pragas em videiras.<\/p>\n\n\n\n<p>Diante dessas atualiza\u00e7\u00f5es, os produtores passar\u00e3o a adotar novos procedimentos, que exigir\u00e3o maior responsabilidade. Entre os principais efeitos da portaria nas regi\u00f5es afetadas, destacam-se os seguintes pontos:<\/p>\n\n\n\n<ul class=\"wp-block-list\">\n<li>Intensifica\u00e7\u00e3o da fiscaliza\u00e7\u00e3o do tr\u00e2nsito de vegetais e produ\u00e7\u00e3o local<\/li>\n\n\n\n<li>Revis\u00e3o de protocolos de monitoramento e controle fitossanit\u00e1rio<\/li>\n\n\n\n<li>Amplia\u00e7\u00e3o do suporte t\u00e9cnico e da conscientiza\u00e7\u00e3o no campo<\/li>\n<\/ul>\n\n\n\n<h2 class=\"wp-block-heading\">Como as pragas podem impactar as plantas e a produ\u00e7\u00e3o agr\u00edcola<\/h2>\n\n\n\n<p><a href=\"https:\/\/www.em.com.br\/emfoco\/2025\/10\/31\/receitas-caseiras-para-deixar-suas-plantas-livre-das-pragas\/\" target=\"_blank\" rel=\"noreferrer noopener\">Pragas <\/a>quarenten\u00e1rias provocam graves danos \u00e0s plantas, prejudicando a produtividade e podendo levar \u00e0 perda total de lavouras. Muitos produtores acabam recorrendo ao uso mais intenso de defensivos, comprometendo a qualidade dos produtos agr\u00edcolas.<\/p>\n\n\n\n<figure class=\"wp-block-image size-large\"><img loading=\"lazy\" decoding=\"async\" width=\"1024\" height=\"576\" src=\"https:\/\/www.em.com.br\/emfoco\/wp-content\/uploads\/2025\/11\/Gemini_Generated_Image_se291fse291fse29-1-1-1024x576.png\" alt=\"\" class=\"wp-image-129785\" srcset=\"https:\/\/www.em.com.br\/emfoco\/wp-content\/uploads\/2025\/11\/Gemini_Generated_Image_se291fse291fse29-1-1-1024x576.png 1024w, https:\/\/www.em.com.br\/emfoco\/wp-content\/uploads\/2025\/11\/Gemini_Generated_Image_se291fse291fse29-1-1-300x169.png 300w, https:\/\/www.em.com.br\/emfoco\/wp-content\/uploads\/2025\/11\/Gemini_Generated_Image_se291fse291fse29-1-1-768x432.png 768w, https:\/\/www.em.com.br\/emfoco\/wp-content\/uploads\/2025\/11\/Gemini_Generated_Image_se291fse291fse29-1-1-750x422.png 750w, https:\/\/www.em.com.br\/emfoco\/wp-content\/uploads\/2025\/11\/Gemini_Generated_Image_se291fse291fse29-1-1-1140x641.png 1140w, https:\/\/www.em.com.br\/emfoco\/wp-content\/uploads\/2025\/11\/Gemini_Generated_Image_se291fse291fse29-1-1.png 1280w\" sizes=\"auto, (max-width: 1024px) 100vw, 1024px\" \/><figcaption class=\"wp-element-caption\">Portaria 1.443\/2025 revoluciona o controle fitossanit\u00e1rio no Brasil<\/figcaption><\/figure>\n\n\n\n<p>No&nbsp;<strong>Brasil<\/strong>, culturas como mandioca, videira, soja, citros e milho s\u00e3o especialmente vulner\u00e1veis, exigindo a\u00e7\u00f5es r\u00e1pidas e manejo integrado, principalmente em \u00e1reas mais suscet\u00edveis.<\/p>\n\n\n\n<h2 class=\"wp-block-heading\">Por que a vigil\u00e2ncia fitossanit\u00e1ria \u00e9 fundamental na agricultura brasileira<\/h2>\n\n\n\n<p>A vigil\u00e2ncia fitossanit\u00e1ria envolve monitoramento cont\u00ednuo e medidas preventivas rigorosas contra pragas e doen\u00e7as. O&nbsp;<strong>coordenador-geral de Prote\u00e7\u00e3o de Plantas, Ricardo Hilman<\/strong>&nbsp;destaca que a portaria fortalece as estrat\u00e9gias de controle do tr\u00e2nsito de vegetais, fortalecendo as medidas j\u00e1 existentes.<\/p>\n\n\n\n<p>Essas mudan\u00e7as buscam garantir a produ\u00e7\u00e3o agr\u00edcola segura, proteger agricultores e consumidores e evitar preju\u00edzos econ\u00f4micos e sanit\u00e1rios relevantes.<\/p>\n\n\n\n<h2 class=\"wp-block-heading\">Quais s\u00e3o os desafios do combate \u00e0s pragas quarenten\u00e1rias<\/h2>\n\n\n\n<p>O controle efetivo das pragas demanda atualiza\u00e7\u00e3o constante de informa\u00e7\u00f5es t\u00e9cnicas, al\u00e9m de flexibilidade para ajustar t\u00e1ticas de manejo e controle. O engajamento dos produtores rurais e o apoio dos \u00f3rg\u00e3os p\u00fablicos tamb\u00e9m s\u00e3o diferenciais importantes.<\/p>\n\n\n\n<p>Nesse sentido, uma comunica\u00e7\u00e3o eficiente e o trabalho conjunto entre produtores, t\u00e9cnicos e o governo federal colaboram para a sustentabilidade agr\u00edcola. A<a href=\"https:\/\/www.in.gov.br\/web\/dou\/-\/portaria-sda\/mapa-n-1.443-de-5-de-novembro-de-2025-667752801\" target=\"_blank\" rel=\"noreferrer noopener\">&nbsp;<strong>Portaria SDA\/Mapa n\u00ba 1.443\/2025<\/strong><\/a>&nbsp;refor\u00e7a a integra\u00e7\u00e3o de esfor\u00e7os como um dos pilares para a prote\u00e7\u00e3o econ\u00f4mica do setor.<\/p>\n\n\n\n<h2 class=\"wp-block-heading\">Tabela: principais culturas e pragas quarenten\u00e1rias no Brasil<\/h2>\n\n\n\n<figure class=\"wp-block-table\"><table class=\"has-fixed-layout\"><tbody><tr><th>Cultura<\/th><th>Praga Quarenten\u00e1ria<\/th><th>Regi\u00e3o Afetada (Exemplo)<\/th><th>Impactos<\/th><th>Medidas de Controle<\/th><\/tr><tr><td>Mandioca<\/td><td>Mosca-da-mandioca (<em>Neosilba pendula<\/em>)<\/td><td>Almeirim (PA)<\/td><td>Diminui\u00e7\u00e3o na produ\u00e7\u00e3o e qualidade dos tub\u00e9rculos<\/td><td>Monitoramento frequente, restri\u00e7\u00e3o ao tr\u00e2nsito de mudas, manejo integrado<\/td><\/tr><tr><td>Videira<\/td><td>Pulg\u00e3o-da-videira (<em>Daktulosphaira vitifoliae<\/em>)<\/td><td>Rio Grande do Norte<\/td><td>Queda de folhas, perda da produtividade e morte de plantas<\/td><td>Uso de mudas certificadas, inspe\u00e7\u00e3o e elimina\u00e7\u00e3o de focos<\/td><\/tr><tr><td>Soja<\/td><td>Ferrugem-asi\u00e1tica (<em>Phakopsora pachyrhizi<\/em>)<\/td><td>Mato Grosso, Paran\u00e1, Goi\u00e1s<\/td><td>Queda precoce das folhas e grandes perdas produtivas<\/td><td>Aplica\u00e7\u00e3o de fungicidas, vazio sanit\u00e1rio, cultivares resistentes<\/td><\/tr><tr><td>Citros<\/td><td>Greening (<em>Candidatus Liberibacter<\/em>&nbsp;spp.)<\/td><td>S\u00e3o Paulo, Minas Gerais<\/td><td>Frutos deformados e queda de produtividade<\/td><td>Elimina\u00e7\u00e3o de plantas infectadas, controle do vetor (<em>Diaphorina citri<\/em>)<\/td><\/tr><tr><td>Milho<\/td><td>Lagarta-do-cartucho (<em>Spodoptera frugiperda<\/em>)<\/td><td>Centro-oeste, Sudeste<\/td><td>Desfolhamento, perda de espigas e produ\u00e7\u00e3o<\/td><td>Monitoramento intensivo, manejo qu\u00edmico e biol\u00f3gico<\/td><\/tr><\/tbody><\/table><\/figure>\n\n\n\n<p>Essas culturas e pragas representam os principais desafios fitossanit\u00e1rios no&nbsp;<strong>Brasil<\/strong>&nbsp;atualmente. O conhecimento atualizado sobre as amea\u00e7as e a ado\u00e7\u00e3o das medidas da nova portaria s\u00e3o essenciais para garantir sa\u00fade e produtividade das lavouras brasileiras.<\/p>\n","protected":false},"excerpt":{"rendered":"<p>A&nbsp;Portaria SDA\/Mapa n\u00ba 1.443\/2025&nbsp;publicada pelo&nbsp;Minist\u00e9rio da Agricultura e Pecu\u00e1ria (Mapa)&nbsp;estabelece mudan\u00e7as relevantes nas regras para controle de pragas quarenten\u00e1rias no Brasil, exigindo monitoramento fitossanit\u00e1rio rigoroso para proteger as culturas agr\u00edcolas e a seguran\u00e7a alimentar no pa\u00eds. Principais mudan\u00e7as para produtores e regi\u00f5es ap\u00f3s a nova portaria As novas determina\u00e7\u00f5es afetam diretamente os produtores e munic\u00edpios, [&hellip;]<\/p>\n","protected":false},"author":11,"featured_media":129788,"comment_status":"open","ping_status":"open","sticky":false,"template":"","format":"standard","meta":{"jnews-multi-image_gallery":[],"jnews_single_post":{"format":"standard"},"jnews_primary_category":[],"jnews_social_meta":[],"jnews_override_counter":[],"footnotes":""},"categories":[8819,1],"tags":[2746,6029,12686],"class_list":["post-128325","post","type-post","status-publish","format-standard","has-post-thumbnail","hentry","category-curiosidades","category-noticias","tag-agricultura","tag-pragas","tag-pragas-de-jardim"],"yoast_head":"<!-- This site is optimized with the Yoast SEO plugin v23.8 - https:\/\/yoast.com\/wordpress\/plugins\/seo\/ -->\n<title>Governo atualiza mapa de pragas quarenten\u00e1rias no Brasil e refor\u00e7a medidas de prote\u00e7\u00e3o - Estado de Minas - Em foco<\/title>\n<meta name=\"description\" content=\"ortaria 1.443\/2025 revoluciona o controle fitossanit\u00e1rio no Brasil: novas regras, \u00e1reas sob alerta e rigor in\u00e9dito para proteger a produ\u00e7\u00e3o agr\u00edcola!\" \/>\n<meta name=\"robots\" content=\"index, follow, max-snippet:-1, max-image-preview:large, max-video-preview:-1\" \/>\n<link rel=\"canonical\" href=\"https:\/\/www.em.com.br\/emfoco\/2025\/11\/20\/governo-atualiza-mapa-de-pragas-quarentenarias-no-brasil-e-reforca-medidas-de-protecao\/\" \/>\n<meta property=\"og:locale\" content=\"pt_BR\" \/>\n<meta property=\"og:type\" content=\"article\" \/>\n<meta property=\"og:title\" content=\"Governo atualiza mapa de pragas quarenten\u00e1rias no Brasil e refor\u00e7a medidas de prote\u00e7\u00e3o - Estado de Minas - Em foco\" \/>\n<meta property=\"og:description\" content=\"ortaria 1.443\/2025 revoluciona o controle fitossanit\u00e1rio no Brasil: novas regras, \u00e1reas sob alerta e rigor in\u00e9dito para proteger a produ\u00e7\u00e3o agr\u00edcola!\" \/>\n<meta property=\"og:url\" content=\"https:\/\/www.em.com.br\/emfoco\/2025\/11\/20\/governo-atualiza-mapa-de-pragas-quarentenarias-no-brasil-e-reforca-medidas-de-protecao\/\" \/>\n<meta property=\"og:site_name\" content=\"Estado de Minas - Em foco\" \/>\n<meta property=\"article:published_time\" content=\"2025-11-21T00:35:00+00:00\" \/>\n<meta property=\"article:modified_time\" content=\"2025-11-19T23:32:00+00:00\" \/>\n<meta property=\"og:image\" content=\"https:\/\/www.em.com.br\/emfoco\/wp-content\/uploads\/2025\/11\/Gemini_Generated_Image_se291fse291fse29-1.png\" \/>\n\t<meta property=\"og:image:width\" content=\"1280\" \/>\n\t<meta property=\"og:image:height\" content=\"720\" \/>\n\t<meta property=\"og:image:type\" content=\"image\/png\" \/>\n<meta name=\"author\" content=\"Andre\u0301 Rangel\u00a0\" \/>\n<meta name=\"twitter:card\" content=\"summary_large_image\" \/>\n<meta name=\"twitter:label1\" content=\"Escrito por\" \/>\n\t<meta name=\"twitter:data1\" content=\"Andre\u0301 Rangel\u00a0\" \/>\n\t<meta name=\"twitter:label2\" content=\"Est. tempo de leitura\" \/>\n\t<meta name=\"twitter:data2\" content=\"4 minutos\" \/>\n<!-- \/ Yoast SEO plugin. -->","yoast_head_json":{"title":"Governo atualiza mapa de pragas quarenten\u00e1rias no Brasil e refor\u00e7a medidas de prote\u00e7\u00e3o - Estado de Minas - Em foco","description":"ortaria 1.443\/2025 revoluciona o controle fitossanit\u00e1rio no Brasil: novas regras, \u00e1reas sob alerta e rigor in\u00e9dito para proteger a produ\u00e7\u00e3o agr\u00edcola!","robots":{"index":"index","follow":"follow","max-snippet":"max-snippet:-1","max-image-preview":"max-image-preview:large","max-video-preview":"max-video-preview:-1"},"canonical":"https:\/\/www.em.com.br\/emfoco\/2025\/11\/20\/governo-atualiza-mapa-de-pragas-quarentenarias-no-brasil-e-reforca-medidas-de-protecao\/","og_locale":"pt_BR","og_type":"article","og_title":"Governo atualiza mapa de pragas quarenten\u00e1rias no Brasil e refor\u00e7a medidas de prote\u00e7\u00e3o - Estado de Minas - Em foco","og_description":"ortaria 1.443\/2025 revoluciona o controle fitossanit\u00e1rio no Brasil: novas regras, \u00e1reas sob alerta e rigor in\u00e9dito para proteger a produ\u00e7\u00e3o agr\u00edcola!","og_url":"https:\/\/www.em.com.br\/emfoco\/2025\/11\/20\/governo-atualiza-mapa-de-pragas-quarentenarias-no-brasil-e-reforca-medidas-de-protecao\/","og_site_name":"Estado de Minas - Em foco","article_published_time":"2025-11-21T00:35:00+00:00","article_modified_time":"2025-11-19T23:32:00+00:00","og_image":[{"width":1280,"height":720,"url":"https:\/\/www.em.com.br\/emfoco\/wp-content\/uploads\/2025\/11\/Gemini_Generated_Image_se291fse291fse29-1.png","type":"image\/png"}],"author":"Andre\u0301 Rangel\u00a0","twitter_card":"summary_large_image","twitter_misc":{"Escrito por":"Andre\u0301 Rangel\u00a0","Est. tempo de leitura":"4 minutos"},"schema":{"@context":"https:\/\/schema.org","@graph":[{"@type":"WebPage","@id":"https:\/\/www.em.com.br\/emfoco\/2025\/11\/20\/governo-atualiza-mapa-de-pragas-quarentenarias-no-brasil-e-reforca-medidas-de-protecao\/","url":"https:\/\/www.em.com.br\/emfoco\/2025\/11\/20\/governo-atualiza-mapa-de-pragas-quarentenarias-no-brasil-e-reforca-medidas-de-protecao\/","name":"Governo atualiza mapa de pragas quarenten\u00e1rias no Brasil e refor\u00e7a medidas de prote\u00e7\u00e3o - Estado de Minas - Em foco","isPartOf":{"@id":"https:\/\/www.em.com.br\/emfoco\/#website"},"primaryImageOfPage":{"@id":"https:\/\/www.em.com.br\/emfoco\/2025\/11\/20\/governo-atualiza-mapa-de-pragas-quarentenarias-no-brasil-e-reforca-medidas-de-protecao\/#primaryimage"},"image":{"@id":"https:\/\/www.em.com.br\/emfoco\/2025\/11\/20\/governo-atualiza-mapa-de-pragas-quarentenarias-no-brasil-e-reforca-medidas-de-protecao\/#primaryimage"},"thumbnailUrl":"https:\/\/www.em.com.br\/emfoco\/wp-content\/uploads\/2025\/11\/Gemini_Generated_Image_se291fse291fse29-1.png","datePublished":"2025-11-21T00:35:00+00:00","dateModified":"2025-11-19T23:32:00+00:00","author":{"@id":"https:\/\/www.em.com.br\/emfoco\/#\/schema\/person\/60eda09c1fedf0d6891f4cef4b60b8b8"},"description":"ortaria 1.443\/2025 revoluciona o controle fitossanit\u00e1rio no Brasil: novas regras, \u00e1reas sob alerta e rigor in\u00e9dito para proteger a produ\u00e7\u00e3o agr\u00edcola!","breadcrumb":{"@id":"https:\/\/www.em.com.br\/emfoco\/2025\/11\/20\/governo-atualiza-mapa-de-pragas-quarentenarias-no-brasil-e-reforca-medidas-de-protecao\/#breadcrumb"},"inLanguage":"pt-BR","potentialAction":[{"@type":"ReadAction","target":["https:\/\/www.em.com.br\/emfoco\/2025\/11\/20\/governo-atualiza-mapa-de-pragas-quarentenarias-no-brasil-e-reforca-medidas-de-protecao\/"]}]},{"@type":"ImageObject","inLanguage":"pt-BR","@id":"https:\/\/www.em.com.br\/emfoco\/2025\/11\/20\/governo-atualiza-mapa-de-pragas-quarentenarias-no-brasil-e-reforca-medidas-de-protecao\/#primaryimage","url":"https:\/\/www.em.com.br\/emfoco\/wp-content\/uploads\/2025\/11\/Gemini_Generated_Image_se291fse291fse29-1.png","contentUrl":"https:\/\/www.em.com.br\/emfoco\/wp-content\/uploads\/2025\/11\/Gemini_Generated_Image_se291fse291fse29-1.png","width":1280,"height":720,"caption":"gricultura em alerta: conhe\u00e7a os novos protocolos de fiscaliza\u00e7\u00e3o"},{"@type":"BreadcrumbList","@id":"https:\/\/www.em.com.br\/emfoco\/2025\/11\/20\/governo-atualiza-mapa-de-pragas-quarentenarias-no-brasil-e-reforca-medidas-de-protecao\/#breadcrumb","itemListElement":[{"@type":"ListItem","position":1,"name":"In\u00edcio","item":"https:\/\/www.em.com.br\/emfoco\/"},{"@type":"ListItem","position":2,"name":"Governo atualiza mapa de pragas quarenten\u00e1rias no Brasil e refor\u00e7a medidas de prote\u00e7\u00e3o"}]},{"@type":"WebSite","@id":"https:\/\/www.em.com.br\/emfoco\/#website","url":"https:\/\/www.em.com.br\/emfoco\/","name":"Estado de Minas - Em foco","description":"Acompanhe as \u00faltimas not\u00edcias e fique bem informado sobre tudo o que acontece em Minas Gerais, Brasil e no mundo.","potentialAction":[{"@type":"SearchAction","target":{"@type":"EntryPoint","urlTemplate":"https:\/\/www.em.com.br\/emfoco\/?s={search_term_string}"},"query-input":{"@type":"PropertyValueSpecification","valueRequired":true,"valueName":"search_term_string"}}],"inLanguage":"pt-BR"},{"@type":"Person","@id":"https:\/\/www.em.com.br\/emfoco\/#\/schema\/person\/60eda09c1fedf0d6891f4cef4b60b8b8","name":"Andre\u0301 Rangel\u00a0","image":{"@type":"ImageObject","inLanguage":"pt-BR","@id":"https:\/\/www.em.com.br\/emfoco\/#\/schema\/person\/image\/","url":"https:\/\/secure.gravatar.com\/avatar\/6234dc814c77c8ef6d8bba622c787efc?s=96&d=mm&r=g","contentUrl":"https:\/\/secure.gravatar.com\/avatar\/6234dc814c77c8ef6d8bba622c787efc?s=96&d=mm&r=g","caption":"Andre\u0301 Rangel\u00a0"},"url":"https:\/\/www.em.com.br\/emfoco\/author\/luizmyth\/"}]}},"_links":{"self":[{"href":"https:\/\/www.em.com.br\/emfoco\/wp-json\/wp\/v2\/posts\/128325","targetHints":{"allow":["GET"]}}],"collection":[{"href":"https:\/\/www.em.com.br\/emfoco\/wp-json\/wp\/v2\/posts"}],"about":[{"href":"https:\/\/www.em.com.br\/emfoco\/wp-json\/wp\/v2\/types\/post"}],"author":[{"embeddable":true,"href":"https:\/\/www.em.com.br\/emfoco\/wp-json\/wp\/v2\/users\/11"}],"replies":[{"embeddable":true,"href":"https:\/\/www.em.com.br\/emfoco\/wp-json\/wp\/v2\/comments?post=128325"}],"version-history":[{"count":3,"href":"https:\/\/www.em.com.br\/emfoco\/wp-json\/wp\/v2\/posts\/128325\/revisions"}],"predecessor-version":[{"id":129789,"href":"https:\/\/www.em.com.br\/emfoco\/wp-json\/wp\/v2\/posts\/128325\/revisions\/129789"}],"wp:featuredmedia":[{"embeddable":true,"href":"https:\/\/www.em.com.br\/emfoco\/wp-json\/wp\/v2\/media\/129788"}],"wp:attachment":[{"href":"https:\/\/www.em.com.br\/emfoco\/wp-json\/wp\/v2\/media?parent=128325"}],"wp:term":[{"taxonomy":"category","embeddable":true,"href":"https:\/\/www.em.com.br\/emfoco\/wp-json\/wp\/v2\/categories?post=128325"},{"taxonomy":"post_tag","embeddable":true,"href":"https:\/\/www.em.com.br\/emfoco\/wp-json\/wp\/v2\/tags?post=128325"}],"curies":[{"name":"wp","href":"https:\/\/api.w.org\/{rel}","templated":true}]}}