{"id":128323,"date":"2025-11-20T19:25:00","date_gmt":"2025-11-20T22:25:00","guid":{"rendered":"https:\/\/www.em.com.br\/emfoco\/?p=128323"},"modified":"2025-11-19T20:30:38","modified_gmt":"2025-11-19T23:30:38","slug":"voce-esta-lavando-roupas-de-maneira-errada-especialista-que-a-escolha-do-produto-certo-vai-eliminar-as-bacterias-e-deixar-suas-roupas-realmente-limpas","status":"publish","type":"post","link":"https:\/\/www.em.com.br\/emfoco\/2025\/11\/20\/voce-esta-lavando-roupas-de-maneira-errada-especialista-que-a-escolha-do-produto-certo-vai-eliminar-as-bacterias-e-deixar-suas-roupas-realmente-limpas\/","title":{"rendered":"Voc\u00ea est\u00e1 lavando roupas de maneira errada, especialista que a escolha do produto certo vai eliminar as bact\u00e9rias e deixar suas roupas realmente limpas"},"content":{"rendered":"\n<p>Ao lavar roupas, um dos desafios que muitos enfrentam \u00e9 o persistente odor desagrad\u00e1vel, mesmo ap\u00f3s a lavagem. Esse problema costuma ser causado pela presen\u00e7a de bact\u00e9rias nas fibras dos tecidos, e segundo&nbsp;<strong>Nathan Kilah<\/strong>, especialista em qu\u00edmica da&nbsp;<strong>Universidade da Tasm\u00e2nia<\/strong>, a escolha incorreta do produto de limpeza pode ser a origem principal desse fen\u00f4meno t\u00e3o comum em resid\u00eancias.<\/p>\n\n\n\n<h2 class=\"wp-block-heading\">Por que o uso do detergente l\u00edquido pode favorecer odores e ac\u00famulo de bact\u00e9rias<\/h2>\n\n\n\n<p>O<a href=\"https:\/\/www.em.com.br\/emfoco\/2025\/11\/04\/faca-voce-mesmo-seu-proprio-detergente-caseiro-para-lavar-roupas\/\" target=\"_blank\" rel=\"noreferrer noopener\"> detergente l\u00edquido<\/a>, apesar de apresentar vantagens, tem a limita\u00e7\u00e3o de n\u00e3o conter per\u00f3xido. Isso \u00e9 fundamental, pois o per\u00f3xido atua na elimina\u00e7\u00e3o de micr\u00f3bios, e sua aus\u00eancia pode facilitar a forma\u00e7\u00e3o de mofo nas m\u00e1quinas de lavar.<\/p>\n\n\n\n<p>De acordo com&nbsp;<strong>Nathan Kilah<\/strong>, esse d\u00e9ficit na desinfec\u00e7\u00e3o leva \u00e0 transfer\u00eancia de bact\u00e9rias entre diferentes pe\u00e7as de roupa durante a lavagem, dificultando a remo\u00e7\u00e3o de odores inc\u00f4modos.<\/p>\n\n\n\n<h2 class=\"wp-block-heading\">Quais s\u00e3o os benef\u00edcios pr\u00e1ticos do detergente em p\u00f3<\/h2>\n\n\n\n<p>O detergente em p\u00f3 possui vantagens relevantes, principalmente por contar com branqueadores \u00e0 base de per\u00f3xido. Dessa forma, al\u00e9m de <a href=\"https:\/\/www.ype.ind.br\/ype-explica\/como-tirar-mancha-de-roupa-quiz\" target=\"_blank\" rel=\"noreferrer noopener\">remover manchas<\/a>, tamb\u00e9m consegue eliminar micr\u00f3bios que causam odores e problemas de higiene.<\/p>\n\n\n\n<figure class=\"wp-block-image\"><img decoding=\"async\" src=\"https:\/\/www.em.com.br\/emfoco\/wp-content\/uploads\/2025\/05\/roupas-limpas_1746667853170-1024x576.jpg\" alt=\"\"\/><figcaption class=\"wp-element-caption\">T\u00e9cnica para deixar sua roupa perfumada &#8211; Cr\u00e9ditos: depositphotos.com \/ EdZbarzhyvetsky<\/figcaption><\/figure>\n\n\n\n<p>Outro ponto positivo \u00e9 o fator ambiental, j\u00e1 que geralmente vem em embalagens recicl\u00e1veis. Entre os principais diferenciais do detergente em p\u00f3, destacam-se:<\/p>\n\n\n\n<ul class=\"wp-block-list\">\n<li>Cont\u00e9m agentes branqueadores eficientes contra manchas e microrganismos<\/li>\n\n\n\n<li>Mais econ\u00f4mico, com embalagens de papel\u00e3o recicl\u00e1vel<\/li>\n\n\n\n<li>Ideal para roupas muito sujas, como de trabalho ou atividades ao ar livre<\/li>\n<\/ul>\n\n\n\n<h2 class=\"wp-block-heading\">Detergente l\u00edquido oferece facilidade para manchas espec\u00edficas e roupas delicadas<\/h2>\n\n\n\n<p>Embora o detergente l\u00edquido n\u00e3o elimine micr\u00f3bios t\u00e3o bem quanto o em p\u00f3, apresenta solu\u00e7\u00f5es eficientes contra gordura e \u00f3leo, dissolvendo-se rapidamente, mesmo em \u00e1gua fria.<\/p>\n\n\n\n<p>\u00c9 uma \u00f3tima op\u00e7\u00e3o para pr\u00e9-tratamento de manchas, gra\u00e7as \u00e0 facilidade de aplica\u00e7\u00e3o direta no local afetado, e pode ser usado de forma precisa. Isso \u00e9 especialmente \u00fatil para quem lava pe\u00e7as delicadas.<\/p>\n\n\n\n<ul class=\"wp-block-list\">\n<li>Ideal para pr\u00e9-tratamento de sujeiras localizadas<\/li>\n\n\n\n<li>Evita res\u00edduos devido \u00e0 f\u00e1cil dissolu\u00e7\u00e3o<\/li>\n\n\n\n<li>Permite ajuste preciso de quantidade utilizada<\/li>\n<\/ul>\n\n\n\n<h2 class=\"wp-block-heading\">Como fazer a escolha entre detergente l\u00edquido ou em p\u00f3 para cada lavagem<\/h2>\n\n\n\n<p>A decis\u00e3o pela melhor op\u00e7\u00e3o deve levar em conta tanto as caracter\u00edsticas do produto como as necessidades espec\u00edficas de cada lavagem. Para roupas muito sujas ou que precisam de limpeza profunda, o detergente em p\u00f3 costuma ser mais eficiente.<\/p>\n\n\n\n<p>J\u00e1 para cargas menores, pe\u00e7as delicadas ou limpeza localizada, o detergente l\u00edquido pode ser mais pr\u00e1tico. Al\u00e9m disso, vale considerar o impacto ambiental de cada embalagem ao fazer sua escolha.<\/p>\n\n\n\n<p>Utilizar esse conhecimento de forma consciente permite adotar pr\u00e1ticas que favore\u00e7am tecidos mais limpos e uma maior conserva\u00e7\u00e3o da m\u00e1quina de lavar. Isso contribui n\u00e3o s\u00f3 para a higiene das roupas, mas tamb\u00e9m para a sustentabilidade e durabilidade do equipamento dom\u00e9stico.<\/p>\n","protected":false},"excerpt":{"rendered":"<p>Ao lavar roupas, um dos desafios que muitos enfrentam \u00e9 o persistente odor desagrad\u00e1vel, mesmo ap\u00f3s a lavagem. Esse problema costuma ser causado pela presen\u00e7a de bact\u00e9rias nas fibras dos tecidos, e segundo&nbsp;Nathan Kilah, especialista em qu\u00edmica da&nbsp;Universidade da Tasm\u00e2nia, a escolha incorreta do produto de limpeza pode ser a origem principal desse fen\u00f4meno t\u00e3o [&hellip;]<\/p>\n","protected":false},"author":11,"featured_media":129779,"comment_status":"open","ping_status":"open","sticky":false,"template":"","format":"standard","meta":{"jnews-multi-image_gallery":[],"jnews_single_post":{"format":"standard"},"jnews_primary_category":[],"jnews_social_meta":[],"jnews_override_counter":[],"footnotes":""},"categories":[8819,1],"tags":[19070,13274,9446],"class_list":["post-128323","post","type-post","status-publish","format-standard","has-post-thumbnail","hentry","category-curiosidades","category-noticias","tag-detergente-liquido","tag-lavagem","tag-roupa"],"yoast_head":"<!-- This site is optimized with the Yoast SEO plugin v23.8 - https:\/\/yoast.com\/wordpress\/plugins\/seo\/ -->\n<title>Voc\u00ea est\u00e1 lavando roupas de maneira errada, especialista que a escolha do produto certo vai eliminar as bact\u00e9rias e deixar suas roupas realmente limpas - Estado de Minas - Em foco<\/title>\n<meta name=\"description\" content=\"Chega de roupas com cheiro ruim! Especialistas revelam o erro comum na escolha do detergente e como evit\u00e1-lo para um resultado impec\u00e1vel.\" \/>\n<meta name=\"robots\" content=\"index, follow, max-snippet:-1, max-image-preview:large, max-video-preview:-1\" \/>\n<link rel=\"canonical\" href=\"https:\/\/www.em.com.br\/emfoco\/2025\/11\/20\/voce-esta-lavando-roupas-de-maneira-errada-especialista-que-a-escolha-do-produto-certo-vai-eliminar-as-bacterias-e-deixar-suas-roupas-realmente-limpas\/\" \/>\n<meta property=\"og:locale\" content=\"pt_BR\" \/>\n<meta property=\"og:type\" content=\"article\" \/>\n<meta property=\"og:title\" content=\"Voc\u00ea est\u00e1 lavando roupas de maneira errada, especialista que a escolha do produto certo vai eliminar as bact\u00e9rias e deixar suas roupas realmente limpas - Estado de Minas - Em foco\" \/>\n<meta property=\"og:description\" content=\"Chega de roupas com cheiro ruim! Especialistas revelam o erro comum na escolha do detergente e como evit\u00e1-lo para um resultado impec\u00e1vel.\" \/>\n<meta property=\"og:url\" content=\"https:\/\/www.em.com.br\/emfoco\/2025\/11\/20\/voce-esta-lavando-roupas-de-maneira-errada-especialista-que-a-escolha-do-produto-certo-vai-eliminar-as-bacterias-e-deixar-suas-roupas-realmente-limpas\/\" \/>\n<meta property=\"og:site_name\" content=\"Estado de Minas - Em foco\" \/>\n<meta property=\"article:published_time\" content=\"2025-11-20T22:25:00+00:00\" \/>\n<meta property=\"article:modified_time\" content=\"2025-11-19T23:30:38+00:00\" \/>\n<meta property=\"og:image\" content=\"https:\/\/www.em.com.br\/emfoco\/wp-content\/uploads\/2025\/11\/lavar-roupa_1763597559306.jpg\" \/>\n\t<meta property=\"og:image:width\" content=\"1280\" \/>\n\t<meta property=\"og:image:height\" content=\"720\" \/>\n\t<meta property=\"og:image:type\" content=\"image\/jpeg\" \/>\n<meta name=\"author\" content=\"Andre\u0301 Rangel\u00a0\" \/>\n<meta name=\"twitter:card\" content=\"summary_large_image\" \/>\n<meta name=\"twitter:label1\" content=\"Escrito por\" \/>\n\t<meta name=\"twitter:data1\" content=\"Andre\u0301 Rangel\u00a0\" \/>\n\t<meta name=\"twitter:label2\" content=\"Est. tempo de leitura\" \/>\n\t<meta name=\"twitter:data2\" content=\"3 minutos\" \/>\n<!-- \/ Yoast SEO plugin. -->","yoast_head_json":{"title":"Voc\u00ea est\u00e1 lavando roupas de maneira errada, especialista que a escolha do produto certo vai eliminar as bact\u00e9rias e deixar suas roupas realmente limpas - Estado de Minas - Em foco","description":"Chega de roupas com cheiro ruim! Especialistas revelam o erro comum na escolha do detergente e como evit\u00e1-lo para um resultado impec\u00e1vel.","robots":{"index":"index","follow":"follow","max-snippet":"max-snippet:-1","max-image-preview":"max-image-preview:large","max-video-preview":"max-video-preview:-1"},"canonical":"https:\/\/www.em.com.br\/emfoco\/2025\/11\/20\/voce-esta-lavando-roupas-de-maneira-errada-especialista-que-a-escolha-do-produto-certo-vai-eliminar-as-bacterias-e-deixar-suas-roupas-realmente-limpas\/","og_locale":"pt_BR","og_type":"article","og_title":"Voc\u00ea est\u00e1 lavando roupas de maneira errada, especialista que a escolha do produto certo vai eliminar as bact\u00e9rias e deixar suas roupas realmente limpas - Estado de Minas - Em foco","og_description":"Chega de roupas com cheiro ruim! Especialistas revelam o erro comum na escolha do detergente e como evit\u00e1-lo para um resultado impec\u00e1vel.","og_url":"https:\/\/www.em.com.br\/emfoco\/2025\/11\/20\/voce-esta-lavando-roupas-de-maneira-errada-especialista-que-a-escolha-do-produto-certo-vai-eliminar-as-bacterias-e-deixar-suas-roupas-realmente-limpas\/","og_site_name":"Estado de Minas - Em foco","article_published_time":"2025-11-20T22:25:00+00:00","article_modified_time":"2025-11-19T23:30:38+00:00","og_image":[{"width":1280,"height":720,"url":"https:\/\/www.em.com.br\/emfoco\/wp-content\/uploads\/2025\/11\/lavar-roupa_1763597559306.jpg","type":"image\/jpeg"}],"author":"Andre\u0301 Rangel\u00a0","twitter_card":"summary_large_image","twitter_misc":{"Escrito por":"Andre\u0301 Rangel\u00a0","Est. tempo de leitura":"3 minutos"},"schema":{"@context":"https:\/\/schema.org","@graph":[{"@type":"WebPage","@id":"https:\/\/www.em.com.br\/emfoco\/2025\/11\/20\/voce-esta-lavando-roupas-de-maneira-errada-especialista-que-a-escolha-do-produto-certo-vai-eliminar-as-bacterias-e-deixar-suas-roupas-realmente-limpas\/","url":"https:\/\/www.em.com.br\/emfoco\/2025\/11\/20\/voce-esta-lavando-roupas-de-maneira-errada-especialista-que-a-escolha-do-produto-certo-vai-eliminar-as-bacterias-e-deixar-suas-roupas-realmente-limpas\/","name":"Voc\u00ea est\u00e1 lavando roupas de maneira errada, especialista que a escolha do produto certo vai eliminar as bact\u00e9rias e deixar suas roupas realmente limpas - Estado de Minas - Em foco","isPartOf":{"@id":"https:\/\/www.em.com.br\/emfoco\/#website"},"primaryImageOfPage":{"@id":"https:\/\/www.em.com.br\/emfoco\/2025\/11\/20\/voce-esta-lavando-roupas-de-maneira-errada-especialista-que-a-escolha-do-produto-certo-vai-eliminar-as-bacterias-e-deixar-suas-roupas-realmente-limpas\/#primaryimage"},"image":{"@id":"https:\/\/www.em.com.br\/emfoco\/2025\/11\/20\/voce-esta-lavando-roupas-de-maneira-errada-especialista-que-a-escolha-do-produto-certo-vai-eliminar-as-bacterias-e-deixar-suas-roupas-realmente-limpas\/#primaryimage"},"thumbnailUrl":"https:\/\/www.em.com.br\/emfoco\/wp-content\/uploads\/2025\/11\/lavar-roupa_1763597559306.jpg","datePublished":"2025-11-20T22:25:00+00:00","dateModified":"2025-11-19T23:30:38+00:00","author":{"@id":"https:\/\/www.em.com.br\/emfoco\/#\/schema\/person\/60eda09c1fedf0d6891f4cef4b60b8b8"},"description":"Chega de roupas com cheiro ruim! Especialistas revelam o erro comum na escolha do detergente e como evit\u00e1-lo para um resultado impec\u00e1vel.","breadcrumb":{"@id":"https:\/\/www.em.com.br\/emfoco\/2025\/11\/20\/voce-esta-lavando-roupas-de-maneira-errada-especialista-que-a-escolha-do-produto-certo-vai-eliminar-as-bacterias-e-deixar-suas-roupas-realmente-limpas\/#breadcrumb"},"inLanguage":"pt-BR","potentialAction":[{"@type":"ReadAction","target":["https:\/\/www.em.com.br\/emfoco\/2025\/11\/20\/voce-esta-lavando-roupas-de-maneira-errada-especialista-que-a-escolha-do-produto-certo-vai-eliminar-as-bacterias-e-deixar-suas-roupas-realmente-limpas\/"]}]},{"@type":"ImageObject","inLanguage":"pt-BR","@id":"https:\/\/www.em.com.br\/emfoco\/2025\/11\/20\/voce-esta-lavando-roupas-de-maneira-errada-especialista-que-a-escolha-do-produto-certo-vai-eliminar-as-bacterias-e-deixar-suas-roupas-realmente-limpas\/#primaryimage","url":"https:\/\/www.em.com.br\/emfoco\/wp-content\/uploads\/2025\/11\/lavar-roupa_1763597559306.jpg","contentUrl":"https:\/\/www.em.com.br\/emfoco\/wp-content\/uploads\/2025\/11\/lavar-roupa_1763597559306.jpg","width":1280,"height":720,"caption":"Pare de sofrer com roupas sujas- Cr\u00e9ditos: depositphotos.com \/ kittima05"},{"@type":"BreadcrumbList","@id":"https:\/\/www.em.com.br\/emfoco\/2025\/11\/20\/voce-esta-lavando-roupas-de-maneira-errada-especialista-que-a-escolha-do-produto-certo-vai-eliminar-as-bacterias-e-deixar-suas-roupas-realmente-limpas\/#breadcrumb","itemListElement":[{"@type":"ListItem","position":1,"name":"In\u00edcio","item":"https:\/\/www.em.com.br\/emfoco\/"},{"@type":"ListItem","position":2,"name":"Voc\u00ea est\u00e1 lavando roupas de maneira errada, especialista que a escolha do produto certo vai eliminar as bact\u00e9rias e deixar suas roupas realmente limpas"}]},{"@type":"WebSite","@id":"https:\/\/www.em.com.br\/emfoco\/#website","url":"https:\/\/www.em.com.br\/emfoco\/","name":"Estado de Minas - Em foco","description":"Acompanhe as \u00faltimas not\u00edcias e fique bem informado sobre tudo o que acontece em Minas Gerais, Brasil e no mundo.","potentialAction":[{"@type":"SearchAction","target":{"@type":"EntryPoint","urlTemplate":"https:\/\/www.em.com.br\/emfoco\/?s={search_term_string}"},"query-input":{"@type":"PropertyValueSpecification","valueRequired":true,"valueName":"search_term_string"}}],"inLanguage":"pt-BR"},{"@type":"Person","@id":"https:\/\/www.em.com.br\/emfoco\/#\/schema\/person\/60eda09c1fedf0d6891f4cef4b60b8b8","name":"Andre\u0301 Rangel\u00a0","image":{"@type":"ImageObject","inLanguage":"pt-BR","@id":"https:\/\/www.em.com.br\/emfoco\/#\/schema\/person\/image\/","url":"https:\/\/secure.gravatar.com\/avatar\/6234dc814c77c8ef6d8bba622c787efc?s=96&d=mm&r=g","contentUrl":"https:\/\/secure.gravatar.com\/avatar\/6234dc814c77c8ef6d8bba622c787efc?s=96&d=mm&r=g","caption":"Andre\u0301 Rangel\u00a0"},"url":"https:\/\/www.em.com.br\/emfoco\/author\/luizmyth\/"}]}},"_links":{"self":[{"href":"https:\/\/www.em.com.br\/emfoco\/wp-json\/wp\/v2\/posts\/128323","targetHints":{"allow":["GET"]}}],"collection":[{"href":"https:\/\/www.em.com.br\/emfoco\/wp-json\/wp\/v2\/posts"}],"about":[{"href":"https:\/\/www.em.com.br\/emfoco\/wp-json\/wp\/v2\/types\/post"}],"author":[{"embeddable":true,"href":"https:\/\/www.em.com.br\/emfoco\/wp-json\/wp\/v2\/users\/11"}],"replies":[{"embeddable":true,"href":"https:\/\/www.em.com.br\/emfoco\/wp-json\/wp\/v2\/comments?post=128323"}],"version-history":[{"count":3,"href":"https:\/\/www.em.com.br\/emfoco\/wp-json\/wp\/v2\/posts\/128323\/revisions"}],"predecessor-version":[{"id":129780,"href":"https:\/\/www.em.com.br\/emfoco\/wp-json\/wp\/v2\/posts\/128323\/revisions\/129780"}],"wp:featuredmedia":[{"embeddable":true,"href":"https:\/\/www.em.com.br\/emfoco\/wp-json\/wp\/v2\/media\/129779"}],"wp:attachment":[{"href":"https:\/\/www.em.com.br\/emfoco\/wp-json\/wp\/v2\/media?parent=128323"}],"wp:term":[{"taxonomy":"category","embeddable":true,"href":"https:\/\/www.em.com.br\/emfoco\/wp-json\/wp\/v2\/categories?post=128323"},{"taxonomy":"post_tag","embeddable":true,"href":"https:\/\/www.em.com.br\/emfoco\/wp-json\/wp\/v2\/tags?post=128323"}],"curies":[{"name":"wp","href":"https:\/\/api.w.org\/{rel}","templated":true}]}}