{"id":128101,"date":"2025-11-17T11:00:00","date_gmt":"2025-11-17T14:00:00","guid":{"rendered":"https:\/\/www.em.com.br\/emfoco\/?p=128101"},"modified":"2025-11-16T20:56:32","modified_gmt":"2025-11-16T23:56:32","slug":"adeus-aos-chinelos-a-nova-tendencia-em-calcados-para-o-verao-de-2026-e-muito-mais-confortavel","status":"publish","type":"post","link":"https:\/\/www.em.com.br\/emfoco\/2025\/11\/17\/adeus-aos-chinelos-a-nova-tendencia-em-calcados-para-o-verao-de-2026-e-muito-mais-confortavel\/","title":{"rendered":"Adeus aos chinelos, a nova tend\u00eancia em cal\u00e7ados para o ver\u00e3o de 2026 \u00e9 muito mais confort\u00e1vel"},"content":{"rendered":"\n<p>Em 2026, as tend\u00eancias de moda para o ver\u00e3o est\u00e3o sendo transformadas por um novo estilo de cal\u00e7ado que promete substituir os tradicionais chinelos. As sand\u00e1lias com tiras ganham destaque pelo apelo est\u00e9tico e principalmente pela inova\u00e7\u00e3o no design, funcionalidade e sustentabilidade, proporcionando conforto e praticidade indispens\u00e1veis para o dia a dia.<\/p>\n\n\n\n<h2 class=\"wp-block-heading\">Quais s\u00e3o os avan\u00e7os das sand\u00e1lias de tiras em 2026<\/h2>\n\n\n\n<p>Os avan\u00e7os das sand\u00e1lias de tiras em 2026 se evidenciam tanto no design inovador quanto na tecnologia empregada em sua constru\u00e7\u00e3o. Esses cal\u00e7ados s\u00e3o conhecidos por proporcionarem uma experi\u00eancia de uso mais confort\u00e1vel, evitando atritos comuns dos cal\u00e7ados convencionais.<\/p>\n\n\n\n<p>Gra\u00e7as \u00e0 utiliza\u00e7\u00e3o de materiais de alta qualidade e um ajuste seguro ao redor do p\u00e9, essas sand\u00e1lias garantem estabilidade e conforto em diversas ocasi\u00f5es, desde um passeio casual at\u00e9 caminhadas mais longas.<\/p>\n\n\n\n<iframe loading=\"lazy\" src=\"https:\/\/assets.pinterest.com\/ext\/embed.html?id=626563366952072972\" height=\"714\" width=\"345\" frameborder=\"0\" scrolling=\"no\" ><\/iframe>\n\n\n\n<h2 class=\"wp-block-heading\">Como as sand\u00e1lias de goma inovam em design e sustentabilidade<\/h2>\n\n\n\n<p>As sand\u00e1lias de goma de&nbsp;<strong>2026<\/strong>&nbsp;apresentam solas antiderrapantes e leves, al\u00e9m de trazerem uma estrutura criada a partir de materiais reciclados, alinhando-se \u00e0 crescente preocupa\u00e7\u00e3o ambiental. O desenvolvimento dos modelos tamb\u00e9m ampliou as op\u00e7\u00f5es est\u00e9ticas dispon\u00edveis.<\/p>\n\n\n\n<p>Confira a seguir algumas das principais caracter\u00edsticas dessas sand\u00e1lias, que refor\u00e7am sua praticidade e apelo sustent\u00e1vel:<\/p>\n\n\n\n<ul class=\"wp-block-list\">\n<li>Extremamente leves e \u00e0 prova d&#8217;\u00e1gua<\/li>\n\n\n\n<li>Disponibilidade em cores neutras e marcantes<\/li>\n\n\n\n<li>Sola com excelente ader\u00eancia e seguran\u00e7a<\/li>\n\n\n\n<li>Confeccionadas com materiais sustent\u00e1veis e duradouros<\/li>\n<\/ul>\n\n\n\n<iframe loading=\"lazy\" src=\"https:\/\/assets.pinterest.com\/ext\/embed.html?id=635289091226316386\" height=\"714\" width=\"345\" frameborder=\"0\" scrolling=\"no\" ><\/iframe>\n\n\n\n<h2 class=\"wp-block-heading\">Por que cresce a prefer\u00eancia pelas sand\u00e1lias com tiras<\/h2>\n\n\n\n<p>O aumento da procura pelas sand\u00e1lias com tiras reflete a versatilidade que esses cal\u00e7ados oferecem, encaixando-se em composi\u00e7\u00f5es que v\u00e3o do look casual ao elegante. Al\u00e9m disso, o design ergon\u00f4mico de muitos modelos promove uma caminhada mais natural e reduz o cansa\u00e7o durante o uso prolongado.<\/p>\n\n\n\n<p>Outro fator relevante \u00e9 a facilidade de limpeza e manuten\u00e7\u00e3o desses produtos, o que agrega ainda mais praticidade para o dia a dia urbano.<\/p>\n\n\n\n<iframe loading=\"lazy\" src=\"https:\/\/assets.pinterest.com\/ext\/embed.html?id=626563366951950510\" height=\"714\" width=\"345\" frameborder=\"0\" scrolling=\"no\" ><\/iframe>\n\n\n\n<h2 class=\"wp-block-heading\">Para quais situa\u00e7\u00f5es as sand\u00e1lias de goma s\u00e3o recomendadas<\/h2>\n\n\n\n<p>As sand\u00e1lias de goma s\u00e3o indicadas para v\u00e1rios ambientes, como a praia, as cidades movimentadas ou o conforto do lar. Elas se destacam por combinar personaliza\u00e7\u00e3o, estilo e sustentabilidade, permitindo integrar harmoniosamente qualquer guarda-roupa.<\/p>\n\n\n\n<p>Essas sand\u00e1lias se consolidam como uma solu\u00e7\u00e3o funcional e inovadora na moda atual, representando muito mais do que um simples cal\u00e7ado casual, e espelhando o desejo contempor\u00e2neo por praticidade e responsabilidade ambiental.<\/p>\n\n\n\n<p>Em resumo, as sand\u00e1lias com tiras transformaram-se em um item essencial para o kit de estilo no ver\u00e3o, sintetizando conforto, inova\u00e7\u00e3o e respeito ambiental, em sintonia com as tend\u00eancias modernas de moda funcional e consciente.<\/p>\n","protected":false},"excerpt":{"rendered":"<p>Em 2026, as tend\u00eancias de moda para o ver\u00e3o est\u00e3o sendo transformadas por um novo estilo de cal\u00e7ado que promete substituir os tradicionais chinelos. As sand\u00e1lias com tiras ganham destaque pelo apelo est\u00e9tico e principalmente pela inova\u00e7\u00e3o no design, funcionalidade e sustentabilidade, proporcionando conforto e praticidade indispens\u00e1veis para o dia a dia. Quais s\u00e3o os [&hellip;]<\/p>\n","protected":false},"author":11,"featured_media":124924,"comment_status":"open","ping_status":"open","sticky":false,"template":"","format":"standard","meta":{"jnews-multi-image_gallery":[],"jnews_single_post":{"format":"standard"},"jnews_primary_category":[],"jnews_social_meta":[],"jnews_override_counter":[],"footnotes":""},"categories":[8819,1],"tags":[4977,391,8381,1920,18034,1827],"class_list":["post-128101","post","type-post","status-publish","format-standard","has-post-thumbnail","hentry","category-curiosidades","category-noticias","tag-moda","tag-praia","tag-sandalias","tag-tendencia","tag-tendencia-2026-2","tag-verao"],"yoast_head":"<!-- This site is optimized with the Yoast SEO plugin v23.8 - https:\/\/yoast.com\/wordpress\/plugins\/seo\/ -->\n<title>Adeus aos chinelos, a nova tend\u00eancia em cal\u00e7ados para o ver\u00e3o de 2026 \u00e9 muito mais confort\u00e1vel - Estado de Minas - Em foco<\/title>\n<meta name=\"description\" content=\"As sand\u00e1lias com tiras prometem dominar o ver\u00e3o 2026 com conforto, leveza e design sustent\u00e1vel que unem estilo, praticidade e bem-estar.\" \/>\n<meta name=\"robots\" content=\"index, follow, max-snippet:-1, max-image-preview:large, max-video-preview:-1\" \/>\n<link rel=\"canonical\" href=\"https:\/\/www.em.com.br\/emfoco\/2025\/11\/17\/adeus-aos-chinelos-a-nova-tendencia-em-calcados-para-o-verao-de-2026-e-muito-mais-confortavel\/\" \/>\n<meta property=\"og:locale\" content=\"pt_BR\" \/>\n<meta property=\"og:type\" content=\"article\" \/>\n<meta property=\"og:title\" content=\"Adeus aos chinelos, a nova tend\u00eancia em cal\u00e7ados para o ver\u00e3o de 2026 \u00e9 muito mais confort\u00e1vel - Estado de Minas - Em foco\" \/>\n<meta property=\"og:description\" content=\"As sand\u00e1lias com tiras prometem dominar o ver\u00e3o 2026 com conforto, leveza e design sustent\u00e1vel que unem estilo, praticidade e bem-estar.\" \/>\n<meta property=\"og:url\" content=\"https:\/\/www.em.com.br\/emfoco\/2025\/11\/17\/adeus-aos-chinelos-a-nova-tendencia-em-calcados-para-o-verao-de-2026-e-muito-mais-confortavel\/\" \/>\n<meta property=\"og:site_name\" content=\"Estado de Minas - Em foco\" \/>\n<meta property=\"article:published_time\" content=\"2025-11-17T14:00:00+00:00\" \/>\n<meta property=\"article:modified_time\" content=\"2025-11-16T23:56:32+00:00\" \/>\n<meta property=\"og:image\" content=\"https:\/\/www.em.com.br\/emfoco\/wp-content\/uploads\/2025\/11\/Gemini_Generated_Image_4e0ru44e0ru44e0r-1.png\" \/>\n\t<meta property=\"og:image:width\" content=\"1280\" \/>\n\t<meta property=\"og:image:height\" content=\"720\" \/>\n\t<meta property=\"og:image:type\" content=\"image\/png\" \/>\n<meta name=\"author\" content=\"Andre\u0301 Rangel\u00a0\" \/>\n<meta name=\"twitter:card\" content=\"summary_large_image\" \/>\n<meta name=\"twitter:label1\" content=\"Escrito por\" \/>\n\t<meta name=\"twitter:data1\" content=\"Andre\u0301 Rangel\u00a0\" \/>\n\t<meta name=\"twitter:label2\" content=\"Est. tempo de leitura\" \/>\n\t<meta name=\"twitter:data2\" content=\"3 minutos\" \/>\n<!-- \/ Yoast SEO plugin. -->","yoast_head_json":{"title":"Adeus aos chinelos, a nova tend\u00eancia em cal\u00e7ados para o ver\u00e3o de 2026 \u00e9 muito mais confort\u00e1vel - Estado de Minas - Em foco","description":"As sand\u00e1lias com tiras prometem dominar o ver\u00e3o 2026 com conforto, leveza e design sustent\u00e1vel que unem estilo, praticidade e bem-estar.","robots":{"index":"index","follow":"follow","max-snippet":"max-snippet:-1","max-image-preview":"max-image-preview:large","max-video-preview":"max-video-preview:-1"},"canonical":"https:\/\/www.em.com.br\/emfoco\/2025\/11\/17\/adeus-aos-chinelos-a-nova-tendencia-em-calcados-para-o-verao-de-2026-e-muito-mais-confortavel\/","og_locale":"pt_BR","og_type":"article","og_title":"Adeus aos chinelos, a nova tend\u00eancia em cal\u00e7ados para o ver\u00e3o de 2026 \u00e9 muito mais confort\u00e1vel - Estado de Minas - Em foco","og_description":"As sand\u00e1lias com tiras prometem dominar o ver\u00e3o 2026 com conforto, leveza e design sustent\u00e1vel que unem estilo, praticidade e bem-estar.","og_url":"https:\/\/www.em.com.br\/emfoco\/2025\/11\/17\/adeus-aos-chinelos-a-nova-tendencia-em-calcados-para-o-verao-de-2026-e-muito-mais-confortavel\/","og_site_name":"Estado de Minas - Em foco","article_published_time":"2025-11-17T14:00:00+00:00","article_modified_time":"2025-11-16T23:56:32+00:00","og_image":[{"width":1280,"height":720,"url":"https:\/\/www.em.com.br\/emfoco\/wp-content\/uploads\/2025\/11\/Gemini_Generated_Image_4e0ru44e0ru44e0r-1.png","type":"image\/png"}],"author":"Andre\u0301 Rangel\u00a0","twitter_card":"summary_large_image","twitter_misc":{"Escrito por":"Andre\u0301 Rangel\u00a0","Est. tempo de leitura":"3 minutos"},"schema":{"@context":"https:\/\/schema.org","@graph":[{"@type":"WebPage","@id":"https:\/\/www.em.com.br\/emfoco\/2025\/11\/17\/adeus-aos-chinelos-a-nova-tendencia-em-calcados-para-o-verao-de-2026-e-muito-mais-confortavel\/","url":"https:\/\/www.em.com.br\/emfoco\/2025\/11\/17\/adeus-aos-chinelos-a-nova-tendencia-em-calcados-para-o-verao-de-2026-e-muito-mais-confortavel\/","name":"Adeus aos chinelos, a nova tend\u00eancia em cal\u00e7ados para o ver\u00e3o de 2026 \u00e9 muito mais confort\u00e1vel - Estado de Minas - Em foco","isPartOf":{"@id":"https:\/\/www.em.com.br\/emfoco\/#website"},"primaryImageOfPage":{"@id":"https:\/\/www.em.com.br\/emfoco\/2025\/11\/17\/adeus-aos-chinelos-a-nova-tendencia-em-calcados-para-o-verao-de-2026-e-muito-mais-confortavel\/#primaryimage"},"image":{"@id":"https:\/\/www.em.com.br\/emfoco\/2025\/11\/17\/adeus-aos-chinelos-a-nova-tendencia-em-calcados-para-o-verao-de-2026-e-muito-mais-confortavel\/#primaryimage"},"thumbnailUrl":"https:\/\/www.em.com.br\/emfoco\/wp-content\/uploads\/2025\/11\/Gemini_Generated_Image_4e0ru44e0ru44e0r-1.png","datePublished":"2025-11-17T14:00:00+00:00","dateModified":"2025-11-16T23:56:32+00:00","author":{"@id":"https:\/\/www.em.com.br\/emfoco\/#\/schema\/person\/60eda09c1fedf0d6891f4cef4b60b8b8"},"description":"As sand\u00e1lias com tiras prometem dominar o ver\u00e3o 2026 com conforto, leveza e design sustent\u00e1vel que unem estilo, praticidade e bem-estar.","breadcrumb":{"@id":"https:\/\/www.em.com.br\/emfoco\/2025\/11\/17\/adeus-aos-chinelos-a-nova-tendencia-em-calcados-para-o-verao-de-2026-e-muito-mais-confortavel\/#breadcrumb"},"inLanguage":"pt-BR","potentialAction":[{"@type":"ReadAction","target":["https:\/\/www.em.com.br\/emfoco\/2025\/11\/17\/adeus-aos-chinelos-a-nova-tendencia-em-calcados-para-o-verao-de-2026-e-muito-mais-confortavel\/"]}]},{"@type":"ImageObject","inLanguage":"pt-BR","@id":"https:\/\/www.em.com.br\/emfoco\/2025\/11\/17\/adeus-aos-chinelos-a-nova-tendencia-em-calcados-para-o-verao-de-2026-e-muito-mais-confortavel\/#primaryimage","url":"https:\/\/www.em.com.br\/emfoco\/wp-content\/uploads\/2025\/11\/Gemini_Generated_Image_4e0ru44e0ru44e0r-1.png","contentUrl":"https:\/\/www.em.com.br\/emfoco\/wp-content\/uploads\/2025\/11\/Gemini_Generated_Image_4e0ru44e0ru44e0r-1.png","width":1280,"height":720,"caption":"O diferencial dessas novas sand\u00e1lias est\u00e1 no seu design esportivo e material de goma"},{"@type":"BreadcrumbList","@id":"https:\/\/www.em.com.br\/emfoco\/2025\/11\/17\/adeus-aos-chinelos-a-nova-tendencia-em-calcados-para-o-verao-de-2026-e-muito-mais-confortavel\/#breadcrumb","itemListElement":[{"@type":"ListItem","position":1,"name":"In\u00edcio","item":"https:\/\/www.em.com.br\/emfoco\/"},{"@type":"ListItem","position":2,"name":"Adeus aos chinelos, a nova tend\u00eancia em cal\u00e7ados para o ver\u00e3o de 2026 \u00e9 muito mais confort\u00e1vel"}]},{"@type":"WebSite","@id":"https:\/\/www.em.com.br\/emfoco\/#website","url":"https:\/\/www.em.com.br\/emfoco\/","name":"Estado de Minas - Em foco","description":"Acompanhe as \u00faltimas not\u00edcias e fique bem informado sobre tudo o que acontece em Minas Gerais, Brasil e no mundo.","potentialAction":[{"@type":"SearchAction","target":{"@type":"EntryPoint","urlTemplate":"https:\/\/www.em.com.br\/emfoco\/?s={search_term_string}"},"query-input":{"@type":"PropertyValueSpecification","valueRequired":true,"valueName":"search_term_string"}}],"inLanguage":"pt-BR"},{"@type":"Person","@id":"https:\/\/www.em.com.br\/emfoco\/#\/schema\/person\/60eda09c1fedf0d6891f4cef4b60b8b8","name":"Andre\u0301 Rangel\u00a0","image":{"@type":"ImageObject","inLanguage":"pt-BR","@id":"https:\/\/www.em.com.br\/emfoco\/#\/schema\/person\/image\/","url":"https:\/\/secure.gravatar.com\/avatar\/6234dc814c77c8ef6d8bba622c787efc?s=96&d=mm&r=g","contentUrl":"https:\/\/secure.gravatar.com\/avatar\/6234dc814c77c8ef6d8bba622c787efc?s=96&d=mm&r=g","caption":"Andre\u0301 Rangel\u00a0"},"url":"https:\/\/www.em.com.br\/emfoco\/author\/luizmyth\/"}]}},"_links":{"self":[{"href":"https:\/\/www.em.com.br\/emfoco\/wp-json\/wp\/v2\/posts\/128101","targetHints":{"allow":["GET"]}}],"collection":[{"href":"https:\/\/www.em.com.br\/emfoco\/wp-json\/wp\/v2\/posts"}],"about":[{"href":"https:\/\/www.em.com.br\/emfoco\/wp-json\/wp\/v2\/types\/post"}],"author":[{"embeddable":true,"href":"https:\/\/www.em.com.br\/emfoco\/wp-json\/wp\/v2\/users\/11"}],"replies":[{"embeddable":true,"href":"https:\/\/www.em.com.br\/emfoco\/wp-json\/wp\/v2\/comments?post=128101"}],"version-history":[{"count":2,"href":"https:\/\/www.em.com.br\/emfoco\/wp-json\/wp\/v2\/posts\/128101\/revisions"}],"predecessor-version":[{"id":128104,"href":"https:\/\/www.em.com.br\/emfoco\/wp-json\/wp\/v2\/posts\/128101\/revisions\/128104"}],"wp:featuredmedia":[{"embeddable":true,"href":"https:\/\/www.em.com.br\/emfoco\/wp-json\/wp\/v2\/media\/124924"}],"wp:attachment":[{"href":"https:\/\/www.em.com.br\/emfoco\/wp-json\/wp\/v2\/media?parent=128101"}],"wp:term":[{"taxonomy":"category","embeddable":true,"href":"https:\/\/www.em.com.br\/emfoco\/wp-json\/wp\/v2\/categories?post=128101"},{"taxonomy":"post_tag","embeddable":true,"href":"https:\/\/www.em.com.br\/emfoco\/wp-json\/wp\/v2\/tags?post=128101"}],"curies":[{"name":"wp","href":"https:\/\/api.w.org\/{rel}","templated":true}]}}