{"id":128043,"date":"2025-11-17T21:35:00","date_gmt":"2025-11-18T00:35:00","guid":{"rendered":"https:\/\/www.em.com.br\/emfoco\/?p=128043"},"modified":"2025-11-14T23:19:50","modified_gmt":"2025-11-15T02:19:50","slug":"o-que-os-especialistas-dizem-sobre-tomar-proteina-em-po-todos-os-dias","status":"publish","type":"post","link":"https:\/\/www.em.com.br\/emfoco\/2025\/11\/17\/o-que-os-especialistas-dizem-sobre-tomar-proteina-em-po-todos-os-dias\/","title":{"rendered":"O que os especialistas dizem sobre tomar prote\u00edna em p\u00f3 todos os dias"},"content":{"rendered":"\n<p>A <strong>prote\u00edna em p\u00f3<\/strong> se tornou parte da rotina de quem busca fortalecimento muscular, mas ainda gera d\u00favidas sobre seguran\u00e7a no consumo di\u00e1rio. Especialistas esclarecem quando ela \u00e9 \u00fatil, seus riscos e como escolher a melhor op\u00e7\u00e3o para cada necessidade.<\/p>\n\n\n\n<h2 class=\"wp-block-heading\">O que realmente \u00e9 a prote\u00edna em p\u00f3 e como ela funciona?<\/h2>\n\n\n\n<p>Esse suplemento \u00e9 feito a partir de fontes <strong>animais ou vegetais<\/strong>, como soro, soja ou ervilha. Dependendo da marca, pode conter ado\u00e7antes ou aditivos, influenciando textura e digest\u00e3o. Sua fun\u00e7\u00e3o \u00e9 complementar a ingest\u00e3o proteica de forma pr\u00e1tica.<\/p>\n\n\n\n<p>Apesar de \u00fatil para quem tem dificuldade em atingir metas nutricionais, a <strong><a href=\"https:\/\/www.hcor.com.br\/imprensa\/noticias\/suplementos-alimentares-para-que-servem-e-quando-tomar\/\" target=\"_blank\" rel=\"noreferrer noopener\">suplementa\u00e7\u00e3o <\/a><\/strong>n\u00e3o substitui refei\u00e7\u00f5es completas. Nutricionistas explicam que o produto deve ser encarado como apoio, especialmente quando a rotina \u00e9 corrida ou os objetivos exigem alta ingest\u00e3o proteica.<\/p>\n\n\n\n<figure class=\"wp-block-image size-large\"><img loading=\"lazy\" decoding=\"async\" width=\"1024\" height=\"576\" src=\"https:\/\/www.em.com.br\/emfoco\/wp-content\/uploads\/2025\/11\/Proteina-em-po_1763173144826-1024x576.jpg\" alt=\"O que os especialistas dizem sobre tomar prote\u00edna em p\u00f3 todos os dias\" class=\"wp-image-128079\" srcset=\"https:\/\/www.em.com.br\/emfoco\/wp-content\/uploads\/2025\/11\/Proteina-em-po_1763173144826-1024x576.jpg 1024w, https:\/\/www.em.com.br\/emfoco\/wp-content\/uploads\/2025\/11\/Proteina-em-po_1763173144826-300x169.jpg 300w, https:\/\/www.em.com.br\/emfoco\/wp-content\/uploads\/2025\/11\/Proteina-em-po_1763173144826-768x432.jpg 768w, https:\/\/www.em.com.br\/emfoco\/wp-content\/uploads\/2025\/11\/Proteina-em-po_1763173144826-750x422.jpg 750w, https:\/\/www.em.com.br\/emfoco\/wp-content\/uploads\/2025\/11\/Proteina-em-po_1763173144826-1140x641.jpg 1140w, https:\/\/www.em.com.br\/emfoco\/wp-content\/uploads\/2025\/11\/Proteina-em-po_1763173144826.jpg 1280w\" sizes=\"auto, (max-width: 1024px) 100vw, 1024px\" \/><figcaption class=\"wp-element-caption\">Suplementos proteicos complementam a dieta sem substituir refei\u00e7\u00f5es completas &#8211; Cr\u00e9ditos: depositphotos.com \/ VitalikRadko<\/figcaption><\/figure>\n\n\n\n<p><em>Leia mais: <strong><a href=\"https:\/\/www.em.com.br\/emfoco\/2025\/11\/05\/suplementos-alimentares-sao-proibidos-de-serem-vendidos-por-falsificacao-e-serem-um-risco-para-a-sua-saude\/\" target=\"_blank\" rel=\"noreferrer noopener\">Suplementos alimentares s\u00e3o proibidos de serem vendidos por falsifica\u00e7\u00e3o e serem um risco para a sua sa\u00fade<\/a><\/strong><\/em><\/p>\n\n\n\n<h2 class=\"wp-block-heading\">Quem realmente precisa consumir prote\u00edna em p\u00f3?<\/h2>\n\n\n\n<p>Segundo especialistas, incluindo a nutricionista <strong>Isabel Balady<\/strong>, a suplementa\u00e7\u00e3o n\u00e3o \u00e9 obrigat\u00f3ria para todos. Ela \u00e9 indicada para grupos com necessidades espec\u00edficas. Para visualizar melhor esses perfis, observe a lista abaixo:<\/p>\n\n\n\n<ul class=\"wp-block-list\">\n<li>Atletas ou praticantes de treinos intensos.<\/li>\n\n\n\n<li>Adultos mais velhos que buscam evitar perda muscular.<\/li>\n\n\n\n<li>Vegetarianos, veganos ou pessoas em recupera\u00e7\u00e3o f\u00edsica.<\/li>\n<\/ul>\n\n\n\n<h2 class=\"wp-block-heading\">\u00c9 poss\u00edvel exagerar no consumo e ter efeitos colaterais?<\/h2>\n\n\n\n<p>Embora seja segura nas doses recomendadas, a ingest\u00e3o excessiva pode causar <strong>efeitos adversos<\/strong>. Segundo a nutricionista <strong>Kacie Vavrek<\/strong>, exagerar pode reduzir a ingest\u00e3o de outros nutrientes importantes, afetando o equil\u00edbrio alimentar di\u00e1rio.<\/p>\n\n\n\n<p>A nutricionista <strong>Balady <\/strong>alerta que alguns produtos podem gerar <strong>desconfortos digestivos<\/strong> por conter lactose ou ado\u00e7antes. J\u00e1 o nutricionista <strong>Jaime Gnau<\/strong> refor\u00e7a que pessoas com doen\u00e7as renais devem evitar altos n\u00edveis de prote\u00edna, devido ao risco de sobrecarga.<\/p>\n\n\n\n<figure class=\"wp-block-image size-large\"><img loading=\"lazy\" decoding=\"async\" width=\"1024\" height=\"576\" src=\"https:\/\/www.em.com.br\/emfoco\/wp-content\/uploads\/2025\/11\/Proteina-em-po_1763173178546-1024x576.jpg\" alt=\"O que os especialistas dizem sobre tomar prote\u00edna em p\u00f3 todos os dias\" class=\"wp-image-128080\" srcset=\"https:\/\/www.em.com.br\/emfoco\/wp-content\/uploads\/2025\/11\/Proteina-em-po_1763173178546-1024x576.jpg 1024w, https:\/\/www.em.com.br\/emfoco\/wp-content\/uploads\/2025\/11\/Proteina-em-po_1763173178546-300x169.jpg 300w, https:\/\/www.em.com.br\/emfoco\/wp-content\/uploads\/2025\/11\/Proteina-em-po_1763173178546-768x432.jpg 768w, https:\/\/www.em.com.br\/emfoco\/wp-content\/uploads\/2025\/11\/Proteina-em-po_1763173178546-750x422.jpg 750w, https:\/\/www.em.com.br\/emfoco\/wp-content\/uploads\/2025\/11\/Proteina-em-po_1763173178546-1140x641.jpg 1140w, https:\/\/www.em.com.br\/emfoco\/wp-content\/uploads\/2025\/11\/Proteina-em-po_1763173178546.jpg 1280w\" sizes=\"auto, (max-width: 1024px) 100vw, 1024px\" \/><figcaption class=\"wp-element-caption\">Excesso pode deslocar nutrientes importantes da dieta di\u00e1ria &#8211; Cr\u00e9ditos: depositphotos.com \/ VitalikRadko<\/figcaption><\/figure>\n\n\n\n<h2 class=\"wp-block-heading\">Como escolher a prote\u00edna ideal para consumo di\u00e1rio?<\/h2>\n\n\n\n<p>Para evitar erros, especialistas recomendam analisar a <strong>lista de ingredientes<\/strong> com aten\u00e7\u00e3o. Isso ajuda a identificar f\u00f3rmulas limpas e adequadas para quem busca seguran\u00e7a no consumo cotidiano. Abaixo, seguem pontos essenciais para essa escolha:<\/p>\n\n\n\n<ul class=\"wp-block-list\">\n<li>Prefira produtos com poucos aditivos e a\u00e7\u00facares.<\/li>\n\n\n\n<li>Opte por prote\u00ednas com origem claramente identificada.<\/li>\n\n\n\n<li>Busque r\u00f3tulos simples e f\u00f3rmulas minimamente processadas.<\/li>\n<\/ul>\n","protected":false},"excerpt":{"rendered":"<p>A prote\u00edna em p\u00f3 se tornou parte da rotina de quem busca fortalecimento muscular, mas ainda gera d\u00favidas sobre seguran\u00e7a no consumo di\u00e1rio. Especialistas esclarecem quando ela \u00e9 \u00fatil, seus riscos e como escolher a melhor op\u00e7\u00e3o para cada necessidade. O que realmente \u00e9 a prote\u00edna em p\u00f3 e como ela funciona? Esse suplemento \u00e9 [&hellip;]<\/p>\n","protected":false},"author":13,"featured_media":128078,"comment_status":"open","ping_status":"open","sticky":false,"template":"","format":"standard","meta":{"jnews-multi-image_gallery":[],"jnews_single_post":{"format":"standard"},"jnews_primary_category":[],"jnews_social_meta":[],"jnews_override_counter":[],"footnotes":""},"categories":[9053],"tags":[15956,18916,6981],"class_list":["post-128043","post","type-post","status-publish","format-standard","has-post-thumbnail","hentry","category-saude","tag-proteina-em-po","tag-riscos-da-suplementacao","tag-suplementos"],"yoast_head":"<!-- This site is optimized with the Yoast SEO plugin v23.8 - https:\/\/yoast.com\/wordpress\/plugins\/seo\/ -->\n<title>O que os especialistas dizem sobre tomar prote\u00edna em p\u00f3 todos os dias - Estado de Minas - Em foco<\/title>\n<meta name=\"description\" content=\"Prote\u00edna em p\u00f3 pode ajudar no ganho muscular, mas o uso di\u00e1rio exige cuidado. Veja quem deve usar, riscos e como escolher a melhor f\u00f3rmula.\" \/>\n<meta name=\"robots\" content=\"index, follow, max-snippet:-1, max-image-preview:large, max-video-preview:-1\" \/>\n<link rel=\"canonical\" href=\"https:\/\/www.em.com.br\/emfoco\/2025\/11\/17\/o-que-os-especialistas-dizem-sobre-tomar-proteina-em-po-todos-os-dias\/\" \/>\n<meta property=\"og:locale\" content=\"pt_BR\" \/>\n<meta property=\"og:type\" content=\"article\" \/>\n<meta property=\"og:title\" content=\"O que os especialistas dizem sobre tomar prote\u00edna em p\u00f3 todos os dias - Estado de Minas - Em foco\" \/>\n<meta property=\"og:description\" content=\"Prote\u00edna em p\u00f3 pode ajudar no ganho muscular, mas o uso di\u00e1rio exige cuidado. Veja quem deve usar, riscos e como escolher a melhor f\u00f3rmula.\" \/>\n<meta property=\"og:url\" content=\"https:\/\/www.em.com.br\/emfoco\/2025\/11\/17\/o-que-os-especialistas-dizem-sobre-tomar-proteina-em-po-todos-os-dias\/\" \/>\n<meta property=\"og:site_name\" content=\"Estado de Minas - Em foco\" \/>\n<meta property=\"article:published_time\" content=\"2025-11-18T00:35:00+00:00\" \/>\n<meta property=\"article:modified_time\" content=\"2025-11-15T02:19:50+00:00\" \/>\n<meta property=\"og:image\" content=\"https:\/\/www.em.com.br\/emfoco\/wp-content\/uploads\/2025\/11\/Proteina-em-po_1763173124357.jpg\" \/>\n\t<meta property=\"og:image:width\" content=\"1280\" \/>\n\t<meta property=\"og:image:height\" content=\"720\" \/>\n\t<meta property=\"og:image:type\" content=\"image\/jpeg\" \/>\n<meta name=\"author\" content=\"Gabriel Martins\" \/>\n<meta name=\"twitter:card\" content=\"summary_large_image\" \/>\n<meta name=\"twitter:label1\" content=\"Escrito por\" \/>\n\t<meta name=\"twitter:data1\" content=\"Gabriel Martins\" \/>\n\t<meta name=\"twitter:label2\" content=\"Est. tempo de leitura\" \/>\n\t<meta name=\"twitter:data2\" content=\"3 minutos\" \/>\n<!-- \/ Yoast SEO plugin. -->","yoast_head_json":{"title":"O que os especialistas dizem sobre tomar prote\u00edna em p\u00f3 todos os dias - Estado de Minas - Em foco","description":"Prote\u00edna em p\u00f3 pode ajudar no ganho muscular, mas o uso di\u00e1rio exige cuidado. Veja quem deve usar, riscos e como escolher a melhor f\u00f3rmula.","robots":{"index":"index","follow":"follow","max-snippet":"max-snippet:-1","max-image-preview":"max-image-preview:large","max-video-preview":"max-video-preview:-1"},"canonical":"https:\/\/www.em.com.br\/emfoco\/2025\/11\/17\/o-que-os-especialistas-dizem-sobre-tomar-proteina-em-po-todos-os-dias\/","og_locale":"pt_BR","og_type":"article","og_title":"O que os especialistas dizem sobre tomar prote\u00edna em p\u00f3 todos os dias - Estado de Minas - Em foco","og_description":"Prote\u00edna em p\u00f3 pode ajudar no ganho muscular, mas o uso di\u00e1rio exige cuidado. Veja quem deve usar, riscos e como escolher a melhor f\u00f3rmula.","og_url":"https:\/\/www.em.com.br\/emfoco\/2025\/11\/17\/o-que-os-especialistas-dizem-sobre-tomar-proteina-em-po-todos-os-dias\/","og_site_name":"Estado de Minas - Em foco","article_published_time":"2025-11-18T00:35:00+00:00","article_modified_time":"2025-11-15T02:19:50+00:00","og_image":[{"width":1280,"height":720,"url":"https:\/\/www.em.com.br\/emfoco\/wp-content\/uploads\/2025\/11\/Proteina-em-po_1763173124357.jpg","type":"image\/jpeg"}],"author":"Gabriel Martins","twitter_card":"summary_large_image","twitter_misc":{"Escrito por":"Gabriel Martins","Est. tempo de leitura":"3 minutos"},"schema":{"@context":"https:\/\/schema.org","@graph":[{"@type":"WebPage","@id":"https:\/\/www.em.com.br\/emfoco\/2025\/11\/17\/o-que-os-especialistas-dizem-sobre-tomar-proteina-em-po-todos-os-dias\/","url":"https:\/\/www.em.com.br\/emfoco\/2025\/11\/17\/o-que-os-especialistas-dizem-sobre-tomar-proteina-em-po-todos-os-dias\/","name":"O que os especialistas dizem sobre tomar prote\u00edna em p\u00f3 todos os dias - Estado de Minas - Em foco","isPartOf":{"@id":"https:\/\/www.em.com.br\/emfoco\/#website"},"primaryImageOfPage":{"@id":"https:\/\/www.em.com.br\/emfoco\/2025\/11\/17\/o-que-os-especialistas-dizem-sobre-tomar-proteina-em-po-todos-os-dias\/#primaryimage"},"image":{"@id":"https:\/\/www.em.com.br\/emfoco\/2025\/11\/17\/o-que-os-especialistas-dizem-sobre-tomar-proteina-em-po-todos-os-dias\/#primaryimage"},"thumbnailUrl":"https:\/\/www.em.com.br\/emfoco\/wp-content\/uploads\/2025\/11\/Proteina-em-po_1763173124357.jpg","datePublished":"2025-11-18T00:35:00+00:00","dateModified":"2025-11-15T02:19:50+00:00","author":{"@id":"https:\/\/www.em.com.br\/emfoco\/#\/schema\/person\/1c9ddeab18b98abeffef834667bcf08a"},"description":"Prote\u00edna em p\u00f3 pode ajudar no ganho muscular, mas o uso di\u00e1rio exige cuidado. Veja quem deve usar, riscos e como escolher a melhor f\u00f3rmula.","breadcrumb":{"@id":"https:\/\/www.em.com.br\/emfoco\/2025\/11\/17\/o-que-os-especialistas-dizem-sobre-tomar-proteina-em-po-todos-os-dias\/#breadcrumb"},"inLanguage":"pt-BR","potentialAction":[{"@type":"ReadAction","target":["https:\/\/www.em.com.br\/emfoco\/2025\/11\/17\/o-que-os-especialistas-dizem-sobre-tomar-proteina-em-po-todos-os-dias\/"]}]},{"@type":"ImageObject","inLanguage":"pt-BR","@id":"https:\/\/www.em.com.br\/emfoco\/2025\/11\/17\/o-que-os-especialistas-dizem-sobre-tomar-proteina-em-po-todos-os-dias\/#primaryimage","url":"https:\/\/www.em.com.br\/emfoco\/wp-content\/uploads\/2025\/11\/Proteina-em-po_1763173124357.jpg","contentUrl":"https:\/\/www.em.com.br\/emfoco\/wp-content\/uploads\/2025\/11\/Proteina-em-po_1763173124357.jpg","width":1280,"height":720,"caption":"A prote\u00edna em p\u00f3 pode ajudar, mas exige uso consciente - Cr\u00e9ditos: depositphotos.com \/ norrabhudit@hotmail.com"},{"@type":"BreadcrumbList","@id":"https:\/\/www.em.com.br\/emfoco\/2025\/11\/17\/o-que-os-especialistas-dizem-sobre-tomar-proteina-em-po-todos-os-dias\/#breadcrumb","itemListElement":[{"@type":"ListItem","position":1,"name":"In\u00edcio","item":"https:\/\/www.em.com.br\/emfoco\/"},{"@type":"ListItem","position":2,"name":"O que os especialistas dizem sobre tomar prote\u00edna em p\u00f3 todos os dias"}]},{"@type":"WebSite","@id":"https:\/\/www.em.com.br\/emfoco\/#website","url":"https:\/\/www.em.com.br\/emfoco\/","name":"Estado de Minas - Em foco","description":"Acompanhe as \u00faltimas not\u00edcias e fique bem informado sobre tudo o que acontece em Minas Gerais, Brasil e no mundo.","potentialAction":[{"@type":"SearchAction","target":{"@type":"EntryPoint","urlTemplate":"https:\/\/www.em.com.br\/emfoco\/?s={search_term_string}"},"query-input":{"@type":"PropertyValueSpecification","valueRequired":true,"valueName":"search_term_string"}}],"inLanguage":"pt-BR"},{"@type":"Person","@id":"https:\/\/www.em.com.br\/emfoco\/#\/schema\/person\/1c9ddeab18b98abeffef834667bcf08a","name":"Gabriel Martins","image":{"@type":"ImageObject","inLanguage":"pt-BR","@id":"https:\/\/www.em.com.br\/emfoco\/#\/schema\/person\/image\/","url":"https:\/\/secure.gravatar.com\/avatar\/f0f1e2efdfd88f1ad2cb08c5c2731e50?s=96&d=mm&r=g","contentUrl":"https:\/\/secure.gravatar.com\/avatar\/f0f1e2efdfd88f1ad2cb08c5c2731e50?s=96&d=mm&r=g","caption":"Gabriel Martins"},"sameAs":["https:\/\/www.em.com.br\/emfoco\/"],"url":"https:\/\/www.em.com.br\/emfoco\/author\/gabrielmartinsmyth\/"}]}},"_links":{"self":[{"href":"https:\/\/www.em.com.br\/emfoco\/wp-json\/wp\/v2\/posts\/128043","targetHints":{"allow":["GET"]}}],"collection":[{"href":"https:\/\/www.em.com.br\/emfoco\/wp-json\/wp\/v2\/posts"}],"about":[{"href":"https:\/\/www.em.com.br\/emfoco\/wp-json\/wp\/v2\/types\/post"}],"author":[{"embeddable":true,"href":"https:\/\/www.em.com.br\/emfoco\/wp-json\/wp\/v2\/users\/13"}],"replies":[{"embeddable":true,"href":"https:\/\/www.em.com.br\/emfoco\/wp-json\/wp\/v2\/comments?post=128043"}],"version-history":[{"count":1,"href":"https:\/\/www.em.com.br\/emfoco\/wp-json\/wp\/v2\/posts\/128043\/revisions"}],"predecessor-version":[{"id":128081,"href":"https:\/\/www.em.com.br\/emfoco\/wp-json\/wp\/v2\/posts\/128043\/revisions\/128081"}],"wp:featuredmedia":[{"embeddable":true,"href":"https:\/\/www.em.com.br\/emfoco\/wp-json\/wp\/v2\/media\/128078"}],"wp:attachment":[{"href":"https:\/\/www.em.com.br\/emfoco\/wp-json\/wp\/v2\/media?parent=128043"}],"wp:term":[{"taxonomy":"category","embeddable":true,"href":"https:\/\/www.em.com.br\/emfoco\/wp-json\/wp\/v2\/categories?post=128043"},{"taxonomy":"post_tag","embeddable":true,"href":"https:\/\/www.em.com.br\/emfoco\/wp-json\/wp\/v2\/tags?post=128043"}],"curies":[{"name":"wp","href":"https:\/\/api.w.org\/{rel}","templated":true}]}}